{"id":50176,"date":"2020-12-10T19:37:09","date_gmt":"2020-12-10T22:37:09","guid":{"rendered":"http:\/\/www.noticiasradioreflejos.com.ar\/noticias\/?p=50176"},"modified":"2020-12-10T19:37:09","modified_gmt":"2020-12-10T22:37:09","slug":"inscripcion-cilo-lectivo-2021-de-la-escuela-tecnica-de-tornquist","status":"publish","type":"post","link":"https:\/\/www.noticiasradioreflejos.com.ar\/2021\/inscripcion-cilo-lectivo-2021-de-la-escuela-tecnica-de-tornquist\/","title":{"rendered":"Inscripci\u00f3n Ciclo Lectivo 2021 en la Escuela T\u00e9cnica de Tornquist"},"content":{"rendered":"<p>La Escuela de Educaci\u00f3n Secundaria T\u00e9cnica N\u00b01, comunica la apertura de la inscripci\u00f3n al ciclo lectivo 2021, pensando en la comodidad de las familias, se dispusieron dos sedes para llevar a cabo esta acci\u00f3n, cumpliendo con los protocolos establecidos por la DISPO. <!--more--><br \/>\nPara interesados de Tornquist Villa Serrana La Gruta y San Andr\u00e9s deben concurrir a la Instituci\u00f3n sito en ruta 76 y Av Moreno<br \/>\nPara aspirantes de Villa Ventana, Sierra de la Ventana y Saldungaray  deber\u00e1n realizar su inscripci\u00f3n en la EP N\u00b06  cuya direcci\u00f3n es Alberdi entre Roca y Malvinas de la localidad de Sierra de la Ventana.<br \/>\n Las inscripciones se cumplimentan en ambas sedes  seg\u00fan los d\u00edas y horarios que figuran en el calendario:<\/p>\n<p>14\/12 de 9.30 a 11 Hs. Documentos de ingresantes terminados en 0, 1 y 2<br \/>\n16\/12 de 9:30 a 11 Hs. Documentos de ingresantes terminados en 3, 4 y 5<br \/>\n18\/12 de 9:30 a 11 Hs. Documentos de ingresantes terminados en 6, 7, 8 y 9.<br \/>\nLa documentaci\u00f3n a presentar:<br \/>\n\uf0fc\tFicha personal, solicitud de inscripci\u00f3n y ficha de salud (Fotocopiadora Vallucci, Tweety, Daguerre en Tornquist \u2013 Supermercado Mel\u00edn en Sierra de la Ventana y Polirrubro Cipress en Saldungaray)<br \/>\n\uf0fc\tFotocopia DNI del interesado y de sus Padres y\/o Tutores<br \/>\n\uf0fc\tFotocopia Certificado de Nacimiento<br \/>\n\uf0fc\tCertificado de alumno regular<br \/>\n\uf0fc\tFotocopias de las vacunas<br \/>\n\uf0fc\tCarpeta Solapera con 1 folio<\/p>\n<p>Contacto: 2914132553 &#8211; 2916458760<\/p>\n","protected":false},"excerpt":{"rendered":"<p>La Escuela de Educaci\u00f3n Secundaria T\u00e9cnica N\u00b01, comunica la apertura de la inscripci\u00f3n al ciclo lectivo 2021, pensando en la comodidad de las familias, se dispusieron dos sedes para llevar a cabo esta acci\u00f3n, cumpliendo con los protocolos establecidos por la DISPO.<\/p>\n","protected":false},"author":3,"featured_media":4484,"comment_status":"closed","ping_status":"open","sticky":false,"template":"","format":"standard","meta":{"footnotes":""},"categories":[34],"tags":[],"class_list":["post-50176","post","type-post","status-publish","format-standard","has-post-thumbnail","hentry","category-educacion"],"yoast_head":"<!-- This site is optimized with the Yoast SEO plugin v25.9 - https:\/\/yoast.com\/wordpress\/plugins\/seo\/ -->\n<title>Inscripci\u00f3n Ciclo Lectivo 2021 en la Escuela T\u00e9cnica de Tornquist - Noticias Radio Reflejos<\/title>\n<meta name=\"robots\" content=\"index, follow, max-snippet:-1, max-image-preview:large, max-video-preview:-1\" \/>\n<link rel=\"canonical\" href=\"https:\/\/www.noticiasradioreflejos.com.ar\/2021\/inscripcion-cilo-lectivo-2021-de-la-escuela-tecnica-de-tornquist\/\" \/>\n<meta property=\"og:locale\" content=\"es_ES\" \/>\n<meta property=\"og:type\" content=\"article\" \/>\n<meta property=\"og:title\" content=\"Inscripci\u00f3n Ciclo Lectivo 2021 en la Escuela T\u00e9cnica de Tornquist - Noticias Radio Reflejos\" \/>\n<meta property=\"og:description\" content=\"La Escuela de Educaci\u00f3n Secundaria T\u00e9cnica N\u00b01, comunica la apertura de la inscripci\u00f3n al ciclo lectivo 2021, pensando en la comodidad de las familias, se dispusieron dos sedes para llevar a cabo esta acci\u00f3n, cumpliendo con los protocolos establecidos por la DISPO.\" \/>\n<meta property=\"og:url\" content=\"https:\/\/www.noticiasradioreflejos.com.ar\/2021\/inscripcion-cilo-lectivo-2021-de-la-escuela-tecnica-de-tornquist\/\" \/>\n<meta property=\"og:site_name\" content=\"Noticias Radio Reflejos\" \/>\n<meta property=\"article:published_time\" content=\"2020-12-10T22:37:09+00:00\" \/>\n<meta property=\"og:image\" content=\"https:\/\/www.noticiasradioreflejos.com.ar\/2021\/wp-content\/uploads\/2016\/12\/escuelatecnica_8.jpg\" \/>\n\t<meta property=\"og:image:width\" content=\"577\" \/>\n\t<meta property=\"og:image:height\" content=\"470\" \/>\n\t<meta property=\"og:image:type\" content=\"image\/jpeg\" \/>\n<meta name=\"author\" content=\"Arnaldo Botto\" \/>\n<meta name=\"twitter:card\" content=\"summary_large_image\" \/>\n<script type=\"application\/ld+json\" class=\"yoast-schema-graph\">{\"@context\":\"https:\/\/schema.org\",\"@graph\":[{\"@type\":\"WebPage\",\"@id\":\"https:\/\/www.noticiasradioreflejos.com.ar\/2021\/inscripcion-cilo-lectivo-2021-de-la-escuela-tecnica-de-tornquist\/\",\"url\":\"https:\/\/www.noticiasradioreflejos.com.ar\/2021\/inscripcion-cilo-lectivo-2021-de-la-escuela-tecnica-de-tornquist\/\",\"name\":\"Inscripci\u00f3n Ciclo Lectivo 2021 en la Escuela T\u00e9cnica de Tornquist - Noticias Radio Reflejos\",\"isPartOf\":{\"@id\":\"https:\/\/www.noticiasradioreflejos.com.ar\/2021\/#website\"},\"primaryImageOfPage\":{\"@id\":\"https:\/\/www.noticiasradioreflejos.com.ar\/2021\/inscripcion-cilo-lectivo-2021-de-la-escuela-tecnica-de-tornquist\/#primaryimage\"},\"image\":{\"@id\":\"https:\/\/www.noticiasradioreflejos.com.ar\/2021\/inscripcion-cilo-lectivo-2021-de-la-escuela-tecnica-de-tornquist\/#primaryimage\"},\"thumbnailUrl\":\"https:\/\/www.noticiasradioreflejos.com.ar\/2021\/wp-content\/uploads\/2016\/12\/escuelatecnica_8.jpg\",\"datePublished\":\"2020-12-10T22:37:09+00:00\",\"author\":{\"@id\":\"https:\/\/www.noticiasradioreflejos.com.ar\/2021\/#\/schema\/person\/ad82545263dcc5ec0996818884fd5fb1\"},\"breadcrumb\":{\"@id\":\"https:\/\/www.noticiasradioreflejos.com.ar\/2021\/inscripcion-cilo-lectivo-2021-de-la-escuela-tecnica-de-tornquist\/#breadcrumb\"},\"inLanguage\":\"es\",\"potentialAction\":[{\"@type\":\"ReadAction\",\"target\":[\"https:\/\/www.noticiasradioreflejos.com.ar\/2021\/inscripcion-cilo-lectivo-2021-de-la-escuela-tecnica-de-tornquist\/\"]}]},{\"@type\":\"ImageObject\",\"inLanguage\":\"es\",\"@id\":\"https:\/\/www.noticiasradioreflejos.com.ar\/2021\/inscripcion-cilo-lectivo-2021-de-la-escuela-tecnica-de-tornquist\/#primaryimage\",\"url\":\"https:\/\/www.noticiasradioreflejos.com.ar\/2021\/wp-content\/uploads\/2016\/12\/escuelatecnica_8.jpg\",\"contentUrl\":\"https:\/\/www.noticiasradioreflejos.com.ar\/2021\/wp-content\/uploads\/2016\/12\/escuelatecnica_8.jpg\",\"width\":577,\"height\":470},{\"@type\":\"BreadcrumbList\",\"@id\":\"https:\/\/www.noticiasradioreflejos.com.ar\/2021\/inscripcion-cilo-lectivo-2021-de-la-escuela-tecnica-de-tornquist\/#breadcrumb\",\"itemListElement\":[{\"@type\":\"ListItem\",\"position\":1,\"name\":\"Portada\",\"item\":\"https:\/\/www.noticiasradioreflejos.com.ar\/2021\/\"},{\"@type\":\"ListItem\",\"position\":2,\"name\":\"Inscripci\u00f3n Ciclo Lectivo 2021 en la Escuela T\u00e9cnica de Tornquist\"}]},{\"@type\":\"WebSite\",\"@id\":\"https:\/\/www.noticiasradioreflejos.com.ar\/2021\/#website\",\"url\":\"https:\/\/www.noticiasradioreflejos.com.ar\/2021\/\",\"name\":\"Noticias Radio Reflejos\",\"description\":\"Las noticias de mi comarca\",\"potentialAction\":[{\"@type\":\"SearchAction\",\"target\":{\"@type\":\"EntryPoint\",\"urlTemplate\":\"https:\/\/www.noticiasradioreflejos.com.ar\/2021\/?s={search_term_string}\"},\"query-input\":{\"@type\":\"PropertyValueSpecification\",\"valueRequired\":true,\"valueName\":\"search_term_string\"}}],\"inLanguage\":\"es\"},{\"@type\":\"Person\",\"@id\":\"https:\/\/www.noticiasradioreflejos.com.ar\/2021\/#\/schema\/person\/ad82545263dcc5ec0996818884fd5fb1\",\"name\":\"Arnaldo Botto\",\"image\":{\"@type\":\"ImageObject\",\"inLanguage\":\"es\",\"@id\":\"https:\/\/www.noticiasradioreflejos.com.ar\/2021\/#\/schema\/person\/image\/\",\"url\":\"https:\/\/secure.gravatar.com\/avatar\/55cb5e37c1efa326397366e6974cb338056df65cb50e7d64d1cf314e87504837?s=96&d=mm&r=g\",\"contentUrl\":\"https:\/\/secure.gravatar.com\/avatar\/55cb5e37c1efa326397366e6974cb338056df65cb50e7d64d1cf314e87504837?s=96&d=mm&r=g\",\"caption\":\"Arnaldo Botto\"},\"url\":\"https:\/\/www.noticiasradioreflejos.com.ar\/2021\/author\/arnaldo\/\"}]}<\/script>\n<!-- \/ Yoast SEO plugin. -->","yoast_head_json":{"title":"Inscripci\u00f3n Ciclo Lectivo 2021 en la Escuela T\u00e9cnica de Tornquist - Noticias Radio Reflejos","robots":{"index":"index","follow":"follow","max-snippet":"max-snippet:-1","max-image-preview":"max-image-preview:large","max-video-preview":"max-video-preview:-1"},"canonical":"https:\/\/www.noticiasradioreflejos.com.ar\/2021\/inscripcion-cilo-lectivo-2021-de-la-escuela-tecnica-de-tornquist\/","og_locale":"es_ES","og_type":"article","og_title":"Inscripci\u00f3n Ciclo Lectivo 2021 en la Escuela T\u00e9cnica de Tornquist - Noticias Radio Reflejos","og_description":"La Escuela de Educaci\u00f3n Secundaria T\u00e9cnica N\u00b01, comunica la apertura de la inscripci\u00f3n al ciclo lectivo 2021, pensando en la comodidad de las familias, se dispusieron dos sedes para llevar a cabo esta acci\u00f3n, cumpliendo con los protocolos establecidos por la DISPO.","og_url":"https:\/\/www.noticiasradioreflejos.com.ar\/2021\/inscripcion-cilo-lectivo-2021-de-la-escuela-tecnica-de-tornquist\/","og_site_name":"Noticias Radio Reflejos","article_published_time":"2020-12-10T22:37:09+00:00","og_image":[{"width":577,"height":470,"url":"https:\/\/www.noticiasradioreflejos.com.ar\/2021\/wp-content\/uploads\/2016\/12\/escuelatecnica_8.jpg","type":"image\/jpeg"}],"author":"Arnaldo Botto","twitter_card":"summary_large_image","schema":{"@context":"https:\/\/schema.org","@graph":[{"@type":"WebPage","@id":"https:\/\/www.noticiasradioreflejos.com.ar\/2021\/inscripcion-cilo-lectivo-2021-de-la-escuela-tecnica-de-tornquist\/","url":"https:\/\/www.noticiasradioreflejos.com.ar\/2021\/inscripcion-cilo-lectivo-2021-de-la-escuela-tecnica-de-tornquist\/","name":"Inscripci\u00f3n Ciclo Lectivo 2021 en la Escuela T\u00e9cnica de Tornquist - Noticias Radio Reflejos","isPartOf":{"@id":"https:\/\/www.noticiasradioreflejos.com.ar\/2021\/#website"},"primaryImageOfPage":{"@id":"https:\/\/www.noticiasradioreflejos.com.ar\/2021\/inscripcion-cilo-lectivo-2021-de-la-escuela-tecnica-de-tornquist\/#primaryimage"},"image":{"@id":"https:\/\/www.noticiasradioreflejos.com.ar\/2021\/inscripcion-cilo-lectivo-2021-de-la-escuela-tecnica-de-tornquist\/#primaryimage"},"thumbnailUrl":"https:\/\/www.noticiasradioreflejos.com.ar\/2021\/wp-content\/uploads\/2016\/12\/escuelatecnica_8.jpg","datePublished":"2020-12-10T22:37:09+00:00","author":{"@id":"https:\/\/www.noticiasradioreflejos.com.ar\/2021\/#\/schema\/person\/ad82545263dcc5ec0996818884fd5fb1"},"breadcrumb":{"@id":"https:\/\/www.noticiasradioreflejos.com.ar\/2021\/inscripcion-cilo-lectivo-2021-de-la-escuela-tecnica-de-tornquist\/#breadcrumb"},"inLanguage":"es","potentialAction":[{"@type":"ReadAction","target":["https:\/\/www.noticiasradioreflejos.com.ar\/2021\/inscripcion-cilo-lectivo-2021-de-la-escuela-tecnica-de-tornquist\/"]}]},{"@type":"ImageObject","inLanguage":"es","@id":"https:\/\/www.noticiasradioreflejos.com.ar\/2021\/inscripcion-cilo-lectivo-2021-de-la-escuela-tecnica-de-tornquist\/#primaryimage","url":"https:\/\/www.noticiasradioreflejos.com.ar\/2021\/wp-content\/uploads\/2016\/12\/escuelatecnica_8.jpg","contentUrl":"https:\/\/www.noticiasradioreflejos.com.ar\/2021\/wp-content\/uploads\/2016\/12\/escuelatecnica_8.jpg","width":577,"height":470},{"@type":"BreadcrumbList","@id":"https:\/\/www.noticiasradioreflejos.com.ar\/2021\/inscripcion-cilo-lectivo-2021-de-la-escuela-tecnica-de-tornquist\/#breadcrumb","itemListElement":[{"@type":"ListItem","position":1,"name":"Portada","item":"https:\/\/www.noticiasradioreflejos.com.ar\/2021\/"},{"@type":"ListItem","position":2,"name":"Inscripci\u00f3n Ciclo Lectivo 2021 en la Escuela T\u00e9cnica de Tornquist"}]},{"@type":"WebSite","@id":"https:\/\/www.noticiasradioreflejos.com.ar\/2021\/#website","url":"https:\/\/www.noticiasradioreflejos.com.ar\/2021\/","name":"Noticias Radio Reflejos","description":"Las noticias de mi comarca","potentialAction":[{"@type":"SearchAction","target":{"@type":"EntryPoint","urlTemplate":"https:\/\/www.noticiasradioreflejos.com.ar\/2021\/?s={search_term_string}"},"query-input":{"@type":"PropertyValueSpecification","valueRequired":true,"valueName":"search_term_string"}}],"inLanguage":"es"},{"@type":"Person","@id":"https:\/\/www.noticiasradioreflejos.com.ar\/2021\/#\/schema\/person\/ad82545263dcc5ec0996818884fd5fb1","name":"Arnaldo Botto","image":{"@type":"ImageObject","inLanguage":"es","@id":"https:\/\/www.noticiasradioreflejos.com.ar\/2021\/#\/schema\/person\/image\/","url":"https:\/\/secure.gravatar.com\/avatar\/55cb5e37c1efa326397366e6974cb338056df65cb50e7d64d1cf314e87504837?s=96&d=mm&r=g","contentUrl":"https:\/\/secure.gravatar.com\/avatar\/55cb5e37c1efa326397366e6974cb338056df65cb50e7d64d1cf314e87504837?s=96&d=mm&r=g","caption":"Arnaldo Botto"},"url":"https:\/\/www.noticiasradioreflejos.com.ar\/2021\/author\/arnaldo\/"}]}},"_links":{"self":[{"href":"https:\/\/www.noticiasradioreflejos.com.ar\/2021\/wp-json\/wp\/v2\/posts\/50176","targetHints":{"allow":["GET"]}}],"collection":[{"href":"https:\/\/www.noticiasradioreflejos.com.ar\/2021\/wp-json\/wp\/v2\/posts"}],"about":[{"href":"https:\/\/www.noticiasradioreflejos.com.ar\/2021\/wp-json\/wp\/v2\/types\/post"}],"author":[{"embeddable":true,"href":"https:\/\/www.noticiasradioreflejos.com.ar\/2021\/wp-json\/wp\/v2\/users\/3"}],"replies":[{"embeddable":true,"href":"https:\/\/www.noticiasradioreflejos.com.ar\/2021\/wp-json\/wp\/v2\/comments?post=50176"}],"version-history":[{"count":0,"href":"https:\/\/www.noticiasradioreflejos.com.ar\/2021\/wp-json\/wp\/v2\/posts\/50176\/revisions"}],"wp:featuredmedia":[{"embeddable":true,"href":"https:\/\/www.noticiasradioreflejos.com.ar\/2021\/wp-json\/wp\/v2\/media\/4484"}],"wp:attachment":[{"href":"https:\/\/www.noticiasradioreflejos.com.ar\/2021\/wp-json\/wp\/v2\/media?parent=50176"}],"wp:term":[{"taxonomy":"category","embeddable":true,"href":"https:\/\/www.noticiasradioreflejos.com.ar\/2021\/wp-json\/wp\/v2\/categories?post=50176"},{"taxonomy":"post_tag","embeddable":true,"href":"https:\/\/www.noticiasradioreflejos.com.ar\/2021\/wp-json\/wp\/v2\/tags?post=50176"}],"curies":[{"name":"wp","href":"https:\/\/api.w.org\/{rel}","templated":true}]}}