{"id":5016,"date":"2016-12-22T02:45:27","date_gmt":"2016-12-22T02:45:27","guid":{"rendered":"http:\/\/noticiasradioreflejos.com.ar\/noticias\/?p=5016"},"modified":"2016-12-22T02:45:27","modified_gmt":"2016-12-22T02:45:27","slug":"bordoni-recibio-un-aporte-del-ministerio-de-salud-de-la-provincia","status":"publish","type":"post","link":"https:\/\/www.noticiasradioreflejos.com.ar\/2021\/bordoni-recibio-un-aporte-del-ministerio-de-salud-de-la-provincia\/","title":{"rendered":"Bordoni recibi\u00f3 un aporte del Ministerio de Salud de la provincia"},"content":{"rendered":"<p>El intendente municipal, Sergio Bordoni; junto al Secretario de Salud, Walter Wallace y el Subsecretario del mismo \u00e1rea, Javier Tonelli; participaron de un acto encabezado por los ministros Zuma Ortiz y Joaqu\u00edn De la Torre.<!--more--><br \/>\nEl objetivo del encuentro fue la firma de aportes derivados del Sistema de Atenci\u00f3n Medica Organizada (SAMO) por un monto global de 13 millones de pesos, que fue repartido en los municipios de Arrecifes, Olavarr\u00eda, General Villegas, Florentino Ameghino, Patagones, Lober\u00eda, General Arenales, Lincoln, Gonz\u00e1lez Ch\u00e1vez, Belgrano, Brandsen, Lezama, y nuestro distrito.<br \/>\nLos aportes ser\u00e1n destinados a reparaciones edilicias y equipamiento m\u00e9dica para mejorar la atenci\u00f3n de la salud. En el caso de nuestro municipio, en particular, el monto asignado ser\u00e1 utilizado para la digitalizaci\u00f3n de rayos y mamograf\u00edas.<br \/>\nEl jefe comunal destac\u00f3 el gran compromiso asumido por la provincia y la importancia de trabajar unidos para mejorar la calidad de la atenci\u00f3n sanitaria.<br \/>\nPor su parte, la titular de la cartera de Salud, Zulma Ortiz, destac\u00f3 el trabajo realizado para incrementar el recupero de fondos que pueden ser volcados a la atenci\u00f3n sanitaria y convoc\u00f3 a todos los municipios a \u201ctrabajar juntos para mejorar la calidad de la cobertura de salud de todos los bonaerenses\u201d.<br \/>\n&nbsp;<\/p>\n","protected":false},"excerpt":{"rendered":"<p>El intendente municipal, Sergio Bordoni; junto al Secretario de Salud, Walter Wallace y el Subsecretario del mismo \u00e1rea, Javier Tonelli; participaron de un acto encabezado por los ministros Zuma Ortiz y Joaqu\u00edn De la Torre.<\/p>\n","protected":false},"author":3,"featured_media":0,"comment_status":"closed","ping_status":"open","sticky":false,"template":"","format":"standard","meta":{"footnotes":""},"categories":[28],"tags":[],"class_list":["post-5016","post","type-post","status-publish","format-standard","hentry","category-municipales"],"yoast_head":"<!-- This site is optimized with the Yoast SEO plugin v25.9 - https:\/\/yoast.com\/wordpress\/plugins\/seo\/ -->\n<title>Bordoni recibi\u00f3 un aporte del Ministerio de Salud de la provincia - Noticias Radio Reflejos<\/title>\n<meta name=\"robots\" content=\"index, follow, max-snippet:-1, max-image-preview:large, max-video-preview:-1\" \/>\n<link rel=\"canonical\" href=\"https:\/\/www.noticiasradioreflejos.com.ar\/2021\/bordoni-recibio-un-aporte-del-ministerio-de-salud-de-la-provincia\/\" \/>\n<meta property=\"og:locale\" content=\"es_ES\" \/>\n<meta property=\"og:type\" content=\"article\" \/>\n<meta property=\"og:title\" content=\"Bordoni recibi\u00f3 un aporte del Ministerio de Salud de la provincia - Noticias Radio Reflejos\" \/>\n<meta property=\"og:description\" content=\"El intendente municipal, Sergio Bordoni; junto al Secretario de Salud, Walter Wallace y el Subsecretario del mismo \u00e1rea, Javier Tonelli; participaron de un acto encabezado por los ministros Zuma Ortiz y Joaqu\u00edn De la Torre.\" \/>\n<meta property=\"og:url\" content=\"https:\/\/www.noticiasradioreflejos.com.ar\/2021\/bordoni-recibio-un-aporte-del-ministerio-de-salud-de-la-provincia\/\" \/>\n<meta property=\"og:site_name\" content=\"Noticias Radio Reflejos\" \/>\n<meta property=\"article:published_time\" content=\"2016-12-22T02:45:27+00:00\" \/>\n<meta property=\"og:image\" content=\"https:\/\/www.noticiasradioreflejos.com.ar\/2021\/wp-content\/uploads\/2021\/07\/logosol300x200.png\" \/>\n\t<meta property=\"og:image:width\" content=\"300\" \/>\n\t<meta property=\"og:image:height\" content=\"200\" \/>\n\t<meta property=\"og:image:type\" content=\"image\/png\" \/>\n<meta name=\"author\" content=\"Arnaldo Botto\" \/>\n<meta name=\"twitter:card\" content=\"summary_large_image\" \/>\n<script type=\"application\/ld+json\" class=\"yoast-schema-graph\">{\"@context\":\"https:\/\/schema.org\",\"@graph\":[{\"@type\":\"WebPage\",\"@id\":\"https:\/\/www.noticiasradioreflejos.com.ar\/2021\/bordoni-recibio-un-aporte-del-ministerio-de-salud-de-la-provincia\/\",\"url\":\"https:\/\/www.noticiasradioreflejos.com.ar\/2021\/bordoni-recibio-un-aporte-del-ministerio-de-salud-de-la-provincia\/\",\"name\":\"Bordoni recibi\u00f3 un aporte del Ministerio de Salud de la provincia - Noticias Radio Reflejos\",\"isPartOf\":{\"@id\":\"https:\/\/www.noticiasradioreflejos.com.ar\/2021\/#website\"},\"datePublished\":\"2016-12-22T02:45:27+00:00\",\"author\":{\"@id\":\"https:\/\/www.noticiasradioreflejos.com.ar\/2021\/#\/schema\/person\/ad82545263dcc5ec0996818884fd5fb1\"},\"breadcrumb\":{\"@id\":\"https:\/\/www.noticiasradioreflejos.com.ar\/2021\/bordoni-recibio-un-aporte-del-ministerio-de-salud-de-la-provincia\/#breadcrumb\"},\"inLanguage\":\"es\",\"potentialAction\":[{\"@type\":\"ReadAction\",\"target\":[\"https:\/\/www.noticiasradioreflejos.com.ar\/2021\/bordoni-recibio-un-aporte-del-ministerio-de-salud-de-la-provincia\/\"]}]},{\"@type\":\"BreadcrumbList\",\"@id\":\"https:\/\/www.noticiasradioreflejos.com.ar\/2021\/bordoni-recibio-un-aporte-del-ministerio-de-salud-de-la-provincia\/#breadcrumb\",\"itemListElement\":[{\"@type\":\"ListItem\",\"position\":1,\"name\":\"Portada\",\"item\":\"https:\/\/www.noticiasradioreflejos.com.ar\/2021\/\"},{\"@type\":\"ListItem\",\"position\":2,\"name\":\"Bordoni recibi\u00f3 un aporte del Ministerio de Salud de la provincia\"}]},{\"@type\":\"WebSite\",\"@id\":\"https:\/\/www.noticiasradioreflejos.com.ar\/2021\/#website\",\"url\":\"https:\/\/www.noticiasradioreflejos.com.ar\/2021\/\",\"name\":\"Noticias Radio Reflejos\",\"description\":\"Las noticias de mi comarca\",\"potentialAction\":[{\"@type\":\"SearchAction\",\"target\":{\"@type\":\"EntryPoint\",\"urlTemplate\":\"https:\/\/www.noticiasradioreflejos.com.ar\/2021\/?s={search_term_string}\"},\"query-input\":{\"@type\":\"PropertyValueSpecification\",\"valueRequired\":true,\"valueName\":\"search_term_string\"}}],\"inLanguage\":\"es\"},{\"@type\":\"Person\",\"@id\":\"https:\/\/www.noticiasradioreflejos.com.ar\/2021\/#\/schema\/person\/ad82545263dcc5ec0996818884fd5fb1\",\"name\":\"Arnaldo Botto\",\"image\":{\"@type\":\"ImageObject\",\"inLanguage\":\"es\",\"@id\":\"https:\/\/www.noticiasradioreflejos.com.ar\/2021\/#\/schema\/person\/image\/\",\"url\":\"https:\/\/secure.gravatar.com\/avatar\/55cb5e37c1efa326397366e6974cb338056df65cb50e7d64d1cf314e87504837?s=96&d=mm&r=g\",\"contentUrl\":\"https:\/\/secure.gravatar.com\/avatar\/55cb5e37c1efa326397366e6974cb338056df65cb50e7d64d1cf314e87504837?s=96&d=mm&r=g\",\"caption\":\"Arnaldo Botto\"},\"url\":\"https:\/\/www.noticiasradioreflejos.com.ar\/2021\/author\/arnaldo\/\"}]}<\/script>\n<!-- \/ Yoast SEO plugin. -->","yoast_head_json":{"title":"Bordoni recibi\u00f3 un aporte del Ministerio de Salud de la provincia - Noticias Radio Reflejos","robots":{"index":"index","follow":"follow","max-snippet":"max-snippet:-1","max-image-preview":"max-image-preview:large","max-video-preview":"max-video-preview:-1"},"canonical":"https:\/\/www.noticiasradioreflejos.com.ar\/2021\/bordoni-recibio-un-aporte-del-ministerio-de-salud-de-la-provincia\/","og_locale":"es_ES","og_type":"article","og_title":"Bordoni recibi\u00f3 un aporte del Ministerio de Salud de la provincia - Noticias Radio Reflejos","og_description":"El intendente municipal, Sergio Bordoni; junto al Secretario de Salud, Walter Wallace y el Subsecretario del mismo \u00e1rea, Javier Tonelli; participaron de un acto encabezado por los ministros Zuma Ortiz y Joaqu\u00edn De la Torre.","og_url":"https:\/\/www.noticiasradioreflejos.com.ar\/2021\/bordoni-recibio-un-aporte-del-ministerio-de-salud-de-la-provincia\/","og_site_name":"Noticias Radio Reflejos","article_published_time":"2016-12-22T02:45:27+00:00","og_image":[{"width":300,"height":200,"url":"https:\/\/www.noticiasradioreflejos.com.ar\/2021\/wp-content\/uploads\/2021\/07\/logosol300x200.png","type":"image\/png"}],"author":"Arnaldo Botto","twitter_card":"summary_large_image","schema":{"@context":"https:\/\/schema.org","@graph":[{"@type":"WebPage","@id":"https:\/\/www.noticiasradioreflejos.com.ar\/2021\/bordoni-recibio-un-aporte-del-ministerio-de-salud-de-la-provincia\/","url":"https:\/\/www.noticiasradioreflejos.com.ar\/2021\/bordoni-recibio-un-aporte-del-ministerio-de-salud-de-la-provincia\/","name":"Bordoni recibi\u00f3 un aporte del Ministerio de Salud de la provincia - Noticias Radio Reflejos","isPartOf":{"@id":"https:\/\/www.noticiasradioreflejos.com.ar\/2021\/#website"},"datePublished":"2016-12-22T02:45:27+00:00","author":{"@id":"https:\/\/www.noticiasradioreflejos.com.ar\/2021\/#\/schema\/person\/ad82545263dcc5ec0996818884fd5fb1"},"breadcrumb":{"@id":"https:\/\/www.noticiasradioreflejos.com.ar\/2021\/bordoni-recibio-un-aporte-del-ministerio-de-salud-de-la-provincia\/#breadcrumb"},"inLanguage":"es","potentialAction":[{"@type":"ReadAction","target":["https:\/\/www.noticiasradioreflejos.com.ar\/2021\/bordoni-recibio-un-aporte-del-ministerio-de-salud-de-la-provincia\/"]}]},{"@type":"BreadcrumbList","@id":"https:\/\/www.noticiasradioreflejos.com.ar\/2021\/bordoni-recibio-un-aporte-del-ministerio-de-salud-de-la-provincia\/#breadcrumb","itemListElement":[{"@type":"ListItem","position":1,"name":"Portada","item":"https:\/\/www.noticiasradioreflejos.com.ar\/2021\/"},{"@type":"ListItem","position":2,"name":"Bordoni recibi\u00f3 un aporte del Ministerio de Salud de la provincia"}]},{"@type":"WebSite","@id":"https:\/\/www.noticiasradioreflejos.com.ar\/2021\/#website","url":"https:\/\/www.noticiasradioreflejos.com.ar\/2021\/","name":"Noticias Radio Reflejos","description":"Las noticias de mi comarca","potentialAction":[{"@type":"SearchAction","target":{"@type":"EntryPoint","urlTemplate":"https:\/\/www.noticiasradioreflejos.com.ar\/2021\/?s={search_term_string}"},"query-input":{"@type":"PropertyValueSpecification","valueRequired":true,"valueName":"search_term_string"}}],"inLanguage":"es"},{"@type":"Person","@id":"https:\/\/www.noticiasradioreflejos.com.ar\/2021\/#\/schema\/person\/ad82545263dcc5ec0996818884fd5fb1","name":"Arnaldo Botto","image":{"@type":"ImageObject","inLanguage":"es","@id":"https:\/\/www.noticiasradioreflejos.com.ar\/2021\/#\/schema\/person\/image\/","url":"https:\/\/secure.gravatar.com\/avatar\/55cb5e37c1efa326397366e6974cb338056df65cb50e7d64d1cf314e87504837?s=96&d=mm&r=g","contentUrl":"https:\/\/secure.gravatar.com\/avatar\/55cb5e37c1efa326397366e6974cb338056df65cb50e7d64d1cf314e87504837?s=96&d=mm&r=g","caption":"Arnaldo Botto"},"url":"https:\/\/www.noticiasradioreflejos.com.ar\/2021\/author\/arnaldo\/"}]}},"_links":{"self":[{"href":"https:\/\/www.noticiasradioreflejos.com.ar\/2021\/wp-json\/wp\/v2\/posts\/5016","targetHints":{"allow":["GET"]}}],"collection":[{"href":"https:\/\/www.noticiasradioreflejos.com.ar\/2021\/wp-json\/wp\/v2\/posts"}],"about":[{"href":"https:\/\/www.noticiasradioreflejos.com.ar\/2021\/wp-json\/wp\/v2\/types\/post"}],"author":[{"embeddable":true,"href":"https:\/\/www.noticiasradioreflejos.com.ar\/2021\/wp-json\/wp\/v2\/users\/3"}],"replies":[{"embeddable":true,"href":"https:\/\/www.noticiasradioreflejos.com.ar\/2021\/wp-json\/wp\/v2\/comments?post=5016"}],"version-history":[{"count":0,"href":"https:\/\/www.noticiasradioreflejos.com.ar\/2021\/wp-json\/wp\/v2\/posts\/5016\/revisions"}],"wp:attachment":[{"href":"https:\/\/www.noticiasradioreflejos.com.ar\/2021\/wp-json\/wp\/v2\/media?parent=5016"}],"wp:term":[{"taxonomy":"category","embeddable":true,"href":"https:\/\/www.noticiasradioreflejos.com.ar\/2021\/wp-json\/wp\/v2\/categories?post=5016"},{"taxonomy":"post_tag","embeddable":true,"href":"https:\/\/www.noticiasradioreflejos.com.ar\/2021\/wp-json\/wp\/v2\/tags?post=5016"}],"curies":[{"name":"wp","href":"https:\/\/api.w.org\/{rel}","templated":true}]}}