{"id":50150,"date":"2020-12-10T11:56:00","date_gmt":"2020-12-10T14:56:00","guid":{"rendered":"http:\/\/www.noticiasradioreflejos.com.ar\/noticias\/?p=50150"},"modified":"2020-12-10T11:56:00","modified_gmt":"2020-12-10T14:56:00","slug":"informe-sesion-ordinaria-del-dia-01-12-20","status":"publish","type":"post","link":"https:\/\/www.noticiasradioreflejos.com.ar\/2021\/informe-sesion-ordinaria-del-dia-01-12-20\/","title":{"rendered":"Informe sesi\u00f3n ordinaria del d\u00eda 01-12-20"},"content":{"rendered":"<p>El Honorable Concejo Deliberante de Tornquist sesion\u00f3 en forma ordinaria para tratar:<\/p>\n<p>Comunicaciones Oficiales y Dict\u00e1menes de las Comisiones:<!--more--><\/p>\n<p>Expte. N\u00ba 4114-216\/17: \u00c1rea Regularizaci\u00f3n Dominial Municipal \u2013 Sistema de Adjudicaci\u00f3n de Inmueble Municipal.<br \/>\nSe solicita tratamiento sobre Tablas.<br \/>\nSe aprueba por unanimidad la Ordenanza con el N\u00ba 3281\/20 por la que se establece las siguientes modificaciones a la Ordenanza Municipal N\u00ba 3173\/19:<br \/>\n\u201cART\u00cdCULO 4\u00b0. DE LOS REQUISITOS PARA LA SELECCI\u00d3N DE POSTULANTES. Para acceder a una vivienda social, los postulantes deber\u00e1n reunir los siguientes requisitos b\u00e1sicos:<br \/>\na) Estar inscriptos en el Registro \u00danico y Permanente de Demanda Habitacional, inscripci\u00f3n que deber\u00e1 ser actualizada en forma anual, a partir del tercer a\u00f1o de la entrada en vigencia del mismo y suscribir oportunamente la declaraci\u00f3n jurada correspondiente.<br \/>\nb) Construir un grupo familiar de acuerdo a lo establecido en el Art\u00edculo 3\u00b0 incisos a) y b) del presente.<br \/>\nc) Poseer documento de identidad argentino conforme a la legislaci\u00f3n vigente en la materia.<br \/>\nd) No ser propietario de bienes inmuebles, como tampoco de otros bienes cuyo valor le permita adquirir una vivienda, ni el solicitante ni ning\u00fan miembro del grupo familiar conviviente.<br \/>\ne) No haber sido el solicitante ni ning\u00fan miembro del grupo familiar conviviente, adjudicatario, cesionario o beneficiario de un inmueble de car\u00e1cter social o de asistencia crediticia del Estado para adquirirlo, excepto, en los casos que se demuestre por medio fehaciente, la constituci\u00f3n de una nueva familia y la cesi\u00f3n de todas las acciones y derechos al n\u00facleo original que integraba, previa evaluaci\u00f3n de las circunstancias del caso por parte de la Municipalidad de Tornquist.<br \/>\nf) Tener capacidad de pago para afrontar las cuotas de la vivienda, conforme lo determine la autoridad de aplicaci\u00f3n.<br \/>\ng) Acreditar un m\u00ednimo de cinco (5) a\u00f1os de residencia en el Partido de Tornquist y tres (3) en la localidad (ambas de manera ininterrumpida) donde se encuentra emplazado el conjunto de viviendas a adjudicar, extremo que ser\u00e1 acreditado mediante certificado emitido por el \u00c1rea de Acci\u00f3n Social municipal.<br \/>\nLa ponderaci\u00f3n y valoraci\u00f3n de los requisitos de selecci\u00f3n, rese\u00f1ados en el presente art\u00edculo, ser\u00e1 a criterio exclusivo del municipio, quedando en cabeza del Poder Ejecutivo, su determinaci\u00f3n\u201d.-<\/p>\n<p>Expte. N\u00ba 330\/18: D.E. \u2013 Autoriza la firma del Convenio Espec\u00edfico de Colaboraci\u00f3n con el Departamento de Ingenier\u00eda de la Universidad Nacional del Sur. Numeraci\u00f3n domiciliaria de Parcelas \u2013 Sierra de la Ventana.<br \/>\nSe solicita tratamiento sobre Tablas.<br \/>\nSe aprueba por unanimidad la Ordenanza con el N\u00ba 3282\/20 por la que se convalida la firma del Acta de Renovaci\u00f3n del Convenio Espec\u00edfico de Colaboraci\u00f3n celebrado entre Departamento de Ingenier\u00eda de la Universidad Nacional del Sur; representada por el Sr. Director Decano Juan Carlos Schefer y el Municipio de Tornquist; representada por el Sr. Intendente Municipal Sergio Fabi\u00e1n Bordoni.-<br \/>\nDicho Convenio Espec\u00edfico fue sancionado mediante Ordenanza N\u00ba 3094\/18 y promulgado por Decreto N\u00ba 1148\/18, y tiene por finalidad llevar a cabo trabajos de asistencias t\u00e9cnicas en la asignaci\u00f3n de numeraci\u00f3n domiciliaria de parcelas ubicadas en la localidad de Sierra de la Ventana. Esta Ordenanza aprueba su renovaci\u00f3n por el lapso de 24 meses, mediante Acta de Renovaci\u00f3n determinada en su cl\u00e1usula d\u00e9cima tercera.-<\/p>\n<p>Expte. N\u00ba 017\/20: Secretaria de Obras y Servicios P\u00fablicos- Solicita al \u00e1rea de Asesor\u00eda Legal se expida sobre posibilidad de Baja de Deuda de Tasas Pdas. 11598 y 11600 de Villa Serrana La Gruta.<br \/>\nPasa a las Comisiones de Asuntos Municipales y Obras P\u00fablicas.<\/p>\n<p>Expte. N\u00ba 171\/20: N.P. Vecinos de Tornquist solicitan un espacio dentro del predio lindero al Basurero Municipal.<br \/>\nPasa a las Comisiones de Asuntos Municipales y Obras P\u00fablicas.<\/p>\n<p>Expte. N\u00ba 206\/20: D.E. C\u00f3digo Tributario Municipal 2021.<br \/>\nPasa a las Comisiones de Asuntos Municipales, Presupuesto y Hacienda e Interpretaci\u00f3n y Reglamento.<\/p>\n<p>Expte. N\u00ba 210\/20: D.E. Convalida la firma del Convenio Marco con el Ministerio de Obras P\u00fablicas \u201cArgentina Hace II\u201d.<br \/>\nSe solicita tratamiento sobre tablas de dicho Expte.<br \/>\nSe aprueba por unanimidad la Ordenanza con el N\u00ba 3284\/20 por la que se convalida la firma del Convenio Marco \u201cPlan Argentina Hace- II\u201d celebrado entre el Ministerio de Obras P\u00fablicas, representado por el Sr. Ministro de Obras P\u00fablicas Dr. Gabriel Nicol\u00e1s KATOPODIS y la Municipalidad de Tornquist representada por su Intendente Municipal Sr. Sergio Fabi\u00e1n Bordoni. Tanto el PLAN \u201cARGENTINA HACE I\u201d como el \u201cARGENTINA HACE II\u201d tienen por objeto contribuir al financiamiento de proyectos que importen la formulaci\u00f3n, elaboraci\u00f3n, reactivaci\u00f3n, continuaci\u00f3n y ejecuci\u00f3n de obras p\u00fablicas de car\u00e1cter local para aquellas provincias o municipios que as\u00ed lo requieran, como as\u00ed tambi\u00e9n a la asistencia efectuada a diversos entes con injerencia en la regi\u00f3n donde la ejecuci\u00f3n del proyecto resulte de inter\u00e9s. El Ministerio har\u00e1 aportes estimados en PESOS DIEZ MILLONES TRESCIENTOS NOVENTA Y NUEVE MIL SEISCIENTOS CINCUENTA Y CINCO CON 67\/100 ($ 10.399.655,67) de conformidad con lo provisto en la CLA\u00daSULA QUINTA del mencionado Convenio.-<\/p>\n<p>Expte. N\u00ba 7178\/20: N.P. Solicita Eximici\u00f3n 70 % de la Tasa por Conservaci\u00f3n, Reparaci\u00f3n y Mejora de la Red Vial- Establecimiento Sierras Grandes.<br \/>\nPasa a las Comisiones de Interpretaci\u00f3n y Reglamento y Asuntos Municipales.<\/p>\n<p>Expte. N\u00ba 7238\/20: Bloques Cambiemos y Juntos por el Cambio- Proyecto de Ordenanza: Proh\u00edbe arrojar filtros y\/o colillas de cigarrillos en la V\u00eda P\u00fablica.<br \/>\nPasa a las comisiones de Ecolog\u00eda y Medio Ambiente e Interpretaci\u00f3n y Reglamento.<\/p>\n<p>#Expte. N\u00ba 7243\/20: Bloques Juntos por el Cambio y Cambiemos Bs. As. Proyecto de Ordenanza: Registro Deudores Alimentarios Morosos (Ley Provincial N\u00ba 13.074)<br \/>\nPasa a las comisiones de Asuntos Municipales e Interpretaci\u00f3n y Reglamento.<\/p>\n<p>Expte. N\u00ba 7245\/20: H.C.D. Proyecto de Ordenanza: El Municipio de Tornquist adhiere a la Ley Nacional N\u00ba 27.350 \u201cPrograma Estudio e Investigaci\u00f3n de uso Medicinal de la Planta de Cannabis\u201d.<br \/>\nPasa a las comisiones de Salud P\u00fablica e Interpretaci\u00f3n y Reglamento.<\/p>\n<p>Expte. N\u00ba 193\/20: D.E. Autoriza firma del Convenio con la Secretar\u00eda de Inclusi\u00f3n Social ref. \u201cProyecto Integral de Desarrollo Social Tornquist\u201d.<br \/>\nDe acuerdo al dictamen de las Comisiones de ASUNTOS MUNICIPALES, E INTERPRETACI\u00d3N Y REGLAMENTO, se aprueba por unanimidad la Ordenanza con el N\u00ba 3279\/20 por la que se Convalida la firma del Convenio celebrado entre la Secretar\u00eda de Inclusi\u00f3n Social representada por la Lic. Laura Valeria Alonso y la Municipalidad de Tornquist, representada por el Sr. Intendente Sergio Fabi\u00e1n Bordoni por la otra.- Por este Convenio se establece entre las partes los mecanismos de colaboraci\u00f3n para la implementaci\u00f3n del proyecto \u201cProyecto Integral de Desarrollo Social Tornquist\u201d.-<\/p>\n<p>Expte. N\u00ba 195\/20: D.E. Autoriza reprogramaci\u00f3n de las deudas municipales ref. \u201cFondo especial de emergencia sanitaria para la Contenci\u00f3n Fiscal Municipal\u201d.<br \/>\nConforme el dictamen de las Comisiones de ASUNTOS MUNICIPALES, Y PRESUPUESTO Y HACIENDA, se aprueba por unanimidad la Ordenanza Preparatoria N\u00ba 3280\/20 por la que se Convalidan los Decretos Municipales N\u00ba 278\/20, y 328\/20 por los cuales se solicit\u00f3 las asistencias financieras a la Provincia de Buenos Aires en el marco del \u201cFondo Especial de Emergencia Sanitaria para la Contenci\u00f3n Fiscal Municipal\u201d creado por el Decreto N\u00ba 264\/20 y ratificado por la Ley N\u00ba 15.174. Se autoriza la reprogramaci\u00f3n de las deudas municipales generadas en el marco del Decreto N\u00b0 264\/20, por la suma de PESOS CATORCE MILLONES OCHOCIENTOS MIL ($ 14.800.000). La reprogramaci\u00f3n autorizada en el p\u00e1rrafo precedente tendr\u00e1 las siguientes condiciones financieras:<br \/>\na) TOTAL DE LA DEUDA MUNICIPAL ALCANZADA: suma de pesos CATORCE MILLONES OCHOCIENTOS MIL ($14.800.000).<br \/>\nb) PLAZO DE GRACIA: hasta el 31 de diciembre de 2020.<br \/>\nc) PLAZO DE DEVOLUCI\u00d3N, VALOR Y PERIODICIDAD DE LAS CUOTAS: 18 pagos de PESOS OCHOCIENTOS VEINTIDOS MIL DOSCIENTOS VEINTIDOS CON VEINTIDOS ($ 822.222,22) cuotas mensuales, iguales y consecutivas desde el mes de enero de 2021.<br \/>\nd) MEDIO DE PAGO Y GARANT\u00cdA: los recursos que le corresponda percibir a este municipio en virtud del R\u00e9gimen de Coparticipaci\u00f3n Municipal de Impuestos establecido por la Ley N\u00ba 10.559, sus modificatorias y complementarias, o el r\u00e9gimen que en el futuro lo sustituya o reemplace.-<br \/>\nSe afectan, en favor de la provincia de Buenos Aires, los recursos que le corresponda percibir a este municipio en virtud del R\u00e9gimen de Coparticipaci\u00f3n Municipal de Impuestos establecido por la Ley N\u00ba 10.559, sus modificatorias y complementarias, o el r\u00e9gimen que en el futuro lo reemplace, como medio de pago y garant\u00eda de la deuda reprogramada.-<\/p>\n<p>Expte. N\u00ba 7033\/18: N.P. \u2013 Mujer Arte y Memoria: Ref. Proyecto de Ordenanza Consejo Municipal de las Mujeres.<br \/>\nSe aprueba por unanimidad el dictamen de las Comisiones de ASUNTOS MUNICIPALES, E INTERPRETACI\u00d3N Y REGLAMENTO, que aconseja enviar respuesta del Director de Juventud, G\u00e9nero y Diversidad Sexual que obra en el expediente a la agrupaci\u00f3n de Mujer, Arte y Memoria.-<\/p>\n<p>Expte. N\u00ba 7192\/20: Bloques Frente de Todos y Frente Justicialista Cumplir- Proyecto de Ordenanza: Crea Mesa Local Intersectorial- Violencia Familiar y de G\u00e9nero.<br \/>\nSe aprueba por unanimidad el dictamen de las Comisiones de ASUNTOS MUNICIPALES, INTERPRETACI\u00d3N Y REGLAMENTO, Y PRESUPUESTO Y HACIENDA, que aconseja solicitar una reuni\u00f3n con el Director de Juventud, G\u00e9nero y Diversidad Bruno Zacconni, y la Se\u00f1ora Silvia Zabala, Coordinadora Territorial Zona Sexta Secci\u00f3n del Consejo de Articulaci\u00f3n con los Municipios del Ministerio de las Mujeres, Pol\u00edticas de G\u00e9nero y Diversidad.-<\/p>\n<p>Expte. N\u00ba 7229\/20: Bloques Cambiemos Bs. As. y Juntos por el Cambio- Proyecto de Ordenanza: En ref. a Compras y Contrataciones Sostenibles.<br \/>\nSe aprueba por unanimidad el dictamen de las Comisiones de ASUNTOS MUNICIPALES, Y ECOLOG\u00cdA Y MEDIO AMBIENTE, que aconseja enviar el mismo al Archivo pro haberse promulgado la Ordenanza N\u00ba 3264\/20 mediante Decreto N\u00ba 158\/20.-<\/p>\n<p>Expte. N\u00ba 7232\/20: N.P. Asociaci\u00f3n Civil de Veteranos de Guerra en nombre de la Federaci\u00f3n de Veteranos de Guerra Continentales de la Rep\u00fablica Argentina- Solicitan apoyo al Proyecto D4972-2020 Diputado Don Eduardo C\u00e1ceres en ref. a la Veteran\u00eda por Guerra Continental con Malvinas.<br \/>\nSeg\u00fan el dictamen de las Comisiones de ASUNTOS MUNICIPALES E INTERPRETACI\u00d3N Y REGLAMENTO, se aprueba por unanimidad la Resoluci\u00f3n con el N\u00ba 35\/20 por la que este Honorable Concejo Deliberante manifiesta su benepl\u00e1cito y adhesi\u00f3n al Proyecto de Ley presentado por el Diputado Nacional Eduardo C\u00e1ceres, en relaci\u00f3n al \u201cReconocimiento a Veteranos de Guerra Continental por Malvinas\u201d bajo el Expediente N\u00ba 4872\/2020.- Se env\u00eda copia del mismo, a la C\u00e1mara de Diputados de la Naci\u00f3n, al Diputado Nacional Eduardo C\u00e1ceres, a los Honorables Concejos Deliberantes de la Provincia de Buenos Aires y a los representantes de las Agrupaciones de Veteranos de Malvinas del Distrito de Tornquist.-<\/p>\n<p>Expte. N\u00ba 7236\/20: N.P. Holzmann Melisa- Tornquist habla de Autismo- Solicita uso de la Banca Concejal N\u00ba 13.<br \/>\nSe aprueba por unanimidad el dictamen de las Comisiones de ASUNTOS MUNICIPALES, E INTERPRETACI\u00d3N Y REGLAMENTO, que aconseja enviar el mismo al Archivo, teniendo en cuenta que la Banca 13 se realiz\u00f3 el d\u00eda 17-11-20.-<\/p>\n<p>Expte. N\u00ba 7239\/20: Bloques Juntos por el Cambio y Cambiemos Bs. As.- Proyecto de Resoluci\u00f3n: Declara de Inter\u00e9s Municipal, Comunitario y de Salubridad P\u00fablica, Investigaci\u00f3n y Ensayos Cl\u00ednicos para Covid-19 de soluci\u00f3n de Di\u00f3xido de Cloro a 3.000 ppm.<\/p>\n<p>Este Expte. tiene dos dict\u00e1menes:<br \/>\n1\u00ba DICTAMEN: Tornquist, 25 de noviembre de 2020. Las Comisiones de SALUD P\u00daBLICA (en minor\u00eda) Y ASUNTOS MUNICIPALES (en minor\u00eda), habiendo analizado el Expte. N\u00ba 7239\/20, aconsejan aprobar el Proyecto de Resoluci\u00f3n obrante de fs. 1 a 7.-<\/p>\n<p>2\u00ba DICTAMEN: Tornquist, 25 de noviembre de 2020. Las Comisiones de SALUD P\u00daBLICA (en mayor\u00eda) Y ASUNTOS MUNICIPALES (en mayor\u00eda), habiendo analizado el Expte. N\u00ba 7239\/20, luego de participar de una reuni\u00f3n virtual con la COMUSAV y de realizar las consultas al Secretario de Salud Municipal Dr. Daniel Barca y al Asesor Legal del Municipio Dr. Andr\u00e9s Buschi, aconsejan no aprobar el Proyecto de Resoluci\u00f3n obrante a fs. 1-7 por los motivos que a continuaci\u00f3n se detallan:<br \/>\n\u00b7 En los fundamentos del proyecto se ponen en duda el accionar y las recomendaciones de la OMS (Organizaci\u00f3n Mundial de la Salud) as\u00ed como de diversas Asociaciones M\u00e9dicas y de Toxicolog\u00eda, argumentando que, junto a la totalidad de los medios masivos de comunicaci\u00f3n, confunden a la sociedad.<br \/>\n\u00b7 Es inapropiado declarar de Inter\u00e9s Municipal una solicitud de investigaci\u00f3n y autorizaci\u00f3n de uso compasivo que no podr\u00e1 realizarse dentro del Distrito como lo expresa el Dr. Daniel Barca quien aclara que el Municipio de Tornquist no puede afrontar una investigaci\u00f3n de tal envergadura debido al proceso que el mismo conlleva y los costos que produce.<br \/>\n\u00b7 No s\u00f3lo se solicita que se investigue sino tambi\u00e9n que se autorice el uso compasivo de la Soluci\u00f3n de Di\u00f3xido de Cloro en el tratamiento de pacientes con Covid-19 sin que haya una base cient\u00edfica que corrobore que se trata de un compuesto activo para estas enfermedades ni para ninguna otra.<br \/>\n\u00b7 El Dr. Daniel Barca expresa que el di\u00f3xido de cloro a 3.000 ppm no puede ser recomendado como medicina. Tanto el Asesor Legal como el Secretario de Salud consideran que este Proyecto no debe generar confusi\u00f3n en los pobladores del Distrito.<br \/>\nPor lo expuesto anteriormente no podemos declarar de Inter\u00e9s Municipal y Salubridad, algo que nuestras propias autoridades sanitarias y de investigaci\u00f3n, a\u00fan no lo avalan.-<\/p>\n<p>Se aprueba por mayor\u00eda (votaci\u00f3n 7 a 5) la Resoluci\u00f3n N\u00ba 36\/20 por la que se declara de Inter\u00e9s Municipal, Comunitario, y de Salubridad P\u00fablica, la investigaci\u00f3n y ensayos cl\u00ednicos para Covid 19, como tratamiento alternativo frente a la emergencia sanitaria declarada en marzo 2020, con la soluci\u00f3n de Di\u00f3xido de Cloro a 3.000 ppm., conforme los considerandos expuestos.- Se requiere a la Organizaci\u00f3n Mundial de la Salud (OMS), Organizaci\u00f3n Panamericana de la Salud (OPS), al Sr. Presidente de la Naci\u00f3n Argentina Dr. Alberto Fern\u00e1ndez, al Sr. Gobernador de la Provincia de Buenos Aires, Economista Axel Kicillof, para que en car\u00e1cter urgente, se lleven adelante los ENSAYOS CL\u00cdNICOS, con la soluci\u00f3n Di\u00f3xido de Cloro a 3.000 ppm. en pacientes COVID 19, seg\u00fan los considerandos, teniendo en cuenta los extraordinarios resultados logrados en Argentina y en todo el mundo, en cuanto a la recuperaci\u00f3n de pacientes COVID 19.- Se requiere al Ministerio de Salud de la Naci\u00f3n, al ANMAT, al Ministerio de Salud de la Provincia de Buenos Aires, act\u00faen para que de manera urgente se articulen las acciones necesarias para que se lleven a cabo los ENSAYOS CL\u00cdNICOS con la soluci\u00f3n Di\u00f3xido de Cloro a 3.000 ppm en pacientes COVID 19.- Se solicita elevar para su conocimiento y tratamiento e invitar a adherir la presente Declaraci\u00f3n, a la Honorable Legislatura de la Provincia de Buenos Aires, a la C\u00e1mara de Senadores y la C\u00e1mara de Diputados de la Rep\u00fablica Argentina.- Se solicita al Presidente de la Naci\u00f3n Alberto Fern\u00e1ndez y al Gobernador de la Provincia de Buenos Aires, Economista Axel Kicillof, que autoricen el USO COMPASIVO de la soluci\u00f3n de Di\u00f3xido de Cloro a 3.000 ppm en el tratamiento de pacientes COVID 19, conforme lo establece la Declaraci\u00f3n HELSINSKI y las Leyes provinciales y Nacionales.- Se invita al Ejecutivo Municipal adhiera a la presente Resoluci\u00f3n.-<\/p>\n<p>Expte. N\u00ba 7240\/20: Bloques Cambiemos y Juntos por el Cambio- Proyecto de Resoluci\u00f3n: Adhesi\u00f3n Proy. de Ley Dip. Ros\u00edo Antinori en ref. Energ\u00eda Renovable Integrada.<\/p>\n<p>Este Expte. tiene dos dict\u00e1menes:<br \/>\n1\u00ba DICTAMEN: Tornquist, 25 de noviembre de 2020. La Comisi\u00f3n de ECOLOG\u00cdA Y MEDIO AMBIENTE (en mayor\u00eda), habiendo analizado el Expte. N\u00ba 7240\/20, aconseja aprobar el Proyecto de Resoluci\u00f3n obrante a fs. 1 y 2.-<br \/>\n2\u00ba DICTAMEN: Tornquist, 25 de noviembre de 2020. La Comisi\u00f3n de ECOLOG\u00cdA Y MEDIO AMBIENTE (en minor\u00eda), habiendo analizado el Expte. N\u00ba 7240\/20, aconseja realizar una reuni\u00f3n con las Cooperativas El\u00e9ctricas del Distrito de Tornquist, para evaluar la viabilidad del proyecto \u201cenerg\u00eda Renovable Integrada\u201d.-<br \/>\nSe aprueba por mayor\u00eda (votaci\u00f3n 7 a 5) la Resoluci\u00f3n N\u00ba 37\/20 por la que este Honorable Cuerpo, adhiere y acompa\u00f1a el Proyecto de Ley presentado por la Diputada Provincial Ros\u00edo Antinori, ADHESI\u00d3N A LA LEY NACIONAL 27424, R\u00c9GIMEN DE FOMENTO A LA GENERACI\u00d3N DISTRIBUIDA DE ENERG\u00cdA RENOVABLE INTEGRADA A LA RED EL\u00c9CTRICA P\u00daBLICA, el cual se halla en la Legislatura Bonaerense con el n\u00famero de expediente: D-451\/19-20.- Se solicita a la Honorable C\u00e1mara de Diputados de la Provincia de Buenos Aires, otorgue un curso exitoso al Proyecto de Ley mencionado en el art\u00edculo 1\u00ba.- Se env\u00eda copia de esta Resoluci\u00f3n a la Honorable C\u00e1mara de Diputados de la Provincia de Buenos Aires, a la Diputada Provincial Ros\u00edo Antinori, a los Concejos Deliberantes de la Provincia de Buenos Aires, y a los Presidentes de los distintos Bloques pol\u00edticos de la Honorable C\u00e1mara de Diputados de la Provincia de Buenos Aires.<br \/>\nExpte. N\u00ba 7247\/20: Bloques Juntos por el Cambio y Cambiemos Bs. As.- Proyecto de Resoluci\u00f3n: En ref. a Creaci\u00f3n \u201cMesa de Di\u00e1logo y Consenso por la Educaci\u00f3n\u201d.<\/p>\n<p>Este Expte. tiene dos dict\u00e1menes:<br \/>\n1\u00ba DICTAMEN: Tornquist, 25 de noviembre de 2020. Las Comisiones de ASUNTOS MUNICIPALES (en minor\u00eda), E INTERPRETACI\u00d3N Y REGLAMENTO (en mayor\u00eda), habiendo analizado el Expte. N\u00ba 7247\/20, aconsejan aprobar el Proyecto de Resoluci\u00f3n obrante a fs. 1 y 2.-<br \/>\n2\u00ba DICTAMEN: Tornquist, 25 de noviembre de 2020. Las Comisiones de ASUNTOS MUNICIPALES (en mayor\u00eda), E INTERPRETACI\u00d3N Y REGLAMENTO (en minor\u00eda), habiendo analizado el Expte. N\u00ba 7247\/20 \u2013Proyecto de Resoluci\u00f3n \u201cCreaci\u00f3n mesa de di\u00e1logo y consenso por la Educaci\u00f3n\u201d, aconsejan no acompa\u00f1ar dicho Proyecto y proponen aprovechar los espacios existentes para tratar la problem\u00e1tica.-<\/p>\n<p>Se aprueba por mayor\u00eda (votaci\u00f3n 7 a 5) la Resoluci\u00f3n N\u00ba 38\/20 por la que se solicita a la Honorable C\u00e1mara de Diputados de la Provincia de Buenos Aires, el pronto tratamiento y aprobaci\u00f3n del Proyecto de Ley D-3757-20-21 sobre la creaci\u00f3n de la \u201cMesa de di\u00e1logo y consenso por la educaci\u00f3n\u201d. Se remite copia de la presente disposici\u00f3n: A la Honorable C\u00e1mara de Diputados de la Provincia de Buenos Aires, al Diputado Provincial Emiliano Balb\u00edn, firmante del Proyecto de Ley D-3757-20-21.-<\/p>\n<p>Proyectos Presentados<\/p>\n<p>Bloques Cambiemos Bs. As y Juntos por el Cambio-Pedido de informe: En ref. al Contrato con la firma Black Net S.R.L.- Se solicita al Departamento Ejecutivo informaci\u00f3n sobre la colocaci\u00f3n de postes de eucalipto y cableado en distintos puntos de la ciudad de Tornquist.-<br \/>\nSe solicita:<br \/>\n\u2022 Cantidad de postes colocados hasta la fecha;<br \/>\n\u2022 Si la ubicaci\u00f3n, cantidad y calidad de los postes corresponde a lo enmarcado en el contrato celebrado;<br \/>\n\u2022 Qu\u00e9 \u00e1rea del DE. est\u00e1 llevando a cabo la supervisi\u00f3n de la obra; en lo posible, saber en qu\u00e9 agente o agentes recae esta tarea;<br \/>\n\u2022 Conocer si la instalaci\u00f3n de los postes en cuesti\u00f3n, responde a las normas de seguridad que marca la legislaci\u00f3n vigente acerca de esta tem\u00e1tica.<br \/>\nSe solicita que se responda a este Pedido de Informe, en un lapso no mayor a los 30 d\u00edas, a fin de poder dar respuestas a las inquietudes de los vecinos de la localidad.-<\/p>\n<p>Se mociona formaci\u00f3n de Expediente y tratamiento sobre Tablas.<br \/>\nSe forma el Expediente N\u00ba 7249\/20 y se aprueba por unanimidad el dictamen que establece enviar el mismo al Departamento Ejecutivo para que d\u00e9 respuesta a lo solicitado a foja 1.-<\/p>\n<p>Bloque Frente de Todos y Frente Justicialista Cumplir- Proyecto de Resoluci\u00f3n: en ref. a adquisici\u00f3n de los objetos hist\u00f3ricos culturales del Museo Arqueol\u00f3gico de Chasic\u00f3, que pertenecieran a la Lic. Nora Cinquini.<br \/>\nSe solicita formaci\u00f3n de Expte. y tratamiento sobre Tablas.<br \/>\nSe forma el Expte. N\u00ba 7250\/20, y se aprueba por unanimidad la Resoluci\u00f3n N\u00ba 39\/20 por la que se solicita al Intendente Municipal Sr. Sergio Bordoni que gestione para obtener los medios necesarios para la compra, adquisici\u00f3n de los objetos hist\u00f3ricos culturales del Museo Arqueol\u00f3gico de la localidad de Chasic\u00f3 que pertenecieran a la Lic. Nora Cinquini.-<\/p>\n<p>Bloques Juntos por el Cambio y Cambiemos Bs. As. &#8211; Proyecto de Resoluci\u00f3n: Solicita al O.P.D.S. establezca protocolos sanitarios para la apertura del Parque Provincial Ernesto Tornquist.<br \/>\nSe solicita formaci\u00f3n de Expte. y tratamiento sobre Tablas.<br \/>\nSe forma el Expte. N\u00ba 7252\/20, y se aprueba por unanimidad la Resoluci\u00f3n N\u00ba 40\/20 por la que se solicita al O.P.D.S. que de manera urgente dicte los protocolos sanitarios para la apertura del Parque Provincial Ernesto Tornquist, informando qu\u00e9 circuitos o senderos se van a habilitar dada la urgencia econ\u00f3mica, tur\u00edstica y social del Distrito de Tornquist.- Se env\u00eda copia a la Direcci\u00f3n Ejecutiva, Lic. Juan Ignacio Brardinelli del O.PD.S. (Organismo Provincial para el Desarrollo Sostenible) cita en Torre Gubernamental II, calle 12 entre 53 y 54, La Plata.-<\/p>\n<p>Asuntos Particulares<\/p>\n<p>N.P. Elizabeth Carina Alladio, Villa Ventana- En ref. instalaci\u00f3n antena Movistar en zona urbana, y las dificultades que esto produce en la localidad, al no tener en cuenta disposiciones nacionales e internacionales.-<br \/>\nSe solicita formaci\u00f3n de Expediente y pase a comisi\u00f3n.<\/p>\n<p>N.P. Comisi\u00f3n de la Biblioteca Popular Mariano Moreno de Sierra de la Ventana- Requiere declarar Sitio Hist\u00f3rico y de Inter\u00e9s Municipal el edificio donde funciona la misma.-<br \/>\nSe solicita formaci\u00f3n de Expediente y pase a comisi\u00f3n.<\/p>\n<p>N.P. Vecinos de Sierra de la Ventana- Solicitan uso Banca Concejal N\u00ba 13- Tema: Di\u00f3xido de Cloro.<br \/>\nSe solicita formaci\u00f3n de Expediente y pase a Comisi\u00f3n.<\/p>\n<p>N.P. Alejandro Aiello- Sierra de la Ventana- Solicita aumento tarifa del transporte \u201cSilver Golf\u201d de l\u00ednea urbana Saldungaray-Tornquist.<br \/>\nSe solicita formaci\u00f3n de Expediente y tratamiento sobre Tablas.<br \/>\nSe forma el Expediente N\u00ba 7251\/20 y se aprueba por unanimidad la Ordenanza N\u00ba 3283\/20 por la que se autoriza al prestatario del Servicio P\u00fablico de Pasajeros por Automotor de Jurisdicci\u00f3n Municipal, Sr. Alejandro Aiello, a cobrar las tarifas que a continuaci\u00f3n se detallan, a partir de la sanci\u00f3n de la presente Ordenanza:<\/p>\n<p>TRAMO IMPORTE<br \/>\nSaldungaray-Tornquist $ 170.00<br \/>\nSierra de la Ventana &#8211; Tornquist $ 160.00<br \/>\nVilla Ventana &#8211; Tornquist $ 130.00<br \/>\nParaje La Gruta &#8211; Tornquist $ 100.00<br \/>\nSaldungaray &#8211; Sierra de la Ventana $ 70.00<br \/>\nSaldungaray &#8211; Villa Ventana $ 110.00<br \/>\nSaldungaray- Paraje La Gruta $ 140.00<br \/>\nSierra de la Ventana &#8211; Villa Ventana $ 110.00<br \/>\nSierra de la Ventana &#8211; Paraje La Gruta $ 140.00<br \/>\nVilla Ventana- Paraje La Gruta $ 100.00<br \/>\nCerro Ventana &#8211; Tornquist $ 130.00<br \/>\nCerro Ventana- Sierra de la Ventana $ 140.00<br \/>\nSaldungaray &#8211; Cerro Ventana $ 150.00<br \/>\nVilla Ventana &#8211; Cerro Ventana $ 100.00<br \/>\nCerro Ventana- Paraje La Gruta $ 140.00<\/p>\n<p>Se establece un descuento del 25% (veinticinco por ciento) para todos los rangos tarifarios, cuyos beneficiarios ser\u00e1n:<br \/>\n* Estudiantes de escuelas terciarias de Tornquist<br \/>\n* Docentes que regularmente viajan fuera de su localidad<br \/>\n*Carenciados solicitados por la Subsecretar\u00eda de Desarrollo Social y Derechos Humanos.<br \/>\nLos mismos deber\u00e1n acreditar fehacientemente tales condiciones.<\/p>\n<p>N.P. Concejal Carmen Soverchia: Solicita renovaci\u00f3n de licencia a partir del d\u00eda 10 de diciembre del corriente, por el lapso de un a\u00f1o.<br \/>\nSe aprueba por unanimidad dicha licencia.<\/p>\n<p>N.P. Concejal Santiago Musso: Solicita renovaci\u00f3n de licencia a partir del d\u00eda 10 de diciembre del corriente, por el lapso de un a\u00f1o.<br \/>\nSe aprueba por unanimidad la misma.<\/p>\n<p>N.P. Concejal M\u00f3nica Sagredo: Solicita licencia a partir del d\u00eda 14 de diciembre del corriente a\u00f1o, y por el lapso de un a\u00f1o, por razones personales.<br \/>\nSe aprueba por unanimidad tal solicitud.<\/p>\n<p>N.P. Comisi\u00f3n Directiva Biblioteca Popular Ernesto Tornquist- Manifiesta la grave situaci\u00f3n edilicia de la Instituci\u00f3n.<br \/>\nSe solicita formaci\u00f3n de Expediente y pase a Comisi\u00f3n.<\/p>\n<p>Alocuciones de los Concejales:<\/p>\n<p>Concejal Nori Elisabet:<br \/>\n\u201cYo voy a hacer referencia a un Proyecto de Ley que se est\u00e1 debatiendo en este momento en la Honorable C\u00e1mara de Diputados de la Naci\u00f3n, que es el de interrupci\u00f3n voluntaria del embarazo. Voy a hacer referencia a este tema en nombre del Bloque de Juntos por el Cambio y del Concejal Fonfr\u00eda que es del Bloque de Cambiemos. Este tema ha sido considerado de salud p\u00fablica, salud p\u00fablica, justo un tema que ha estado en el tapete y sigue estando durante este a\u00f1o lamentablemente por esta pandemia que nos azota, y que ha tenido tantas controversias, tantas idas y vueltas y tantas distintas \u00f3pticas. Y yo me preguntaba \u00bfqu\u00e9 es la salud p\u00fablica? Bien, la salud p\u00fablica es la salud del pueblo, considerando al pueblo desde el m\u00e1s peque\u00f1o de sus habitantes, desde el m\u00e1s peque\u00f1o de sus ciudadanos, desde aquel que se est\u00e1 gestando en el interior de una mujer, por eso entonces voy a acordar que es un tema de salud p\u00fablica, s\u00ed, porque es de todos, es del pueblo. Y voy a hacer una defensa jur\u00eddica del tema porque no me voy a meter con el tema cient\u00edfico dado que no tenemos las herramientas ni las capacidades para hacerlo, pero como somos Concejales que estamos en un \u00f3rgano legislativo corresponde que hagamos una defensa jur\u00eddica de este tema. Y para esto me voy a remitir a la ordenamiento jur\u00eddico vigente en la Rep\u00fablica Argentina que reconoce y garantiza el derecho de la vida de todo ser humano desde su concepci\u00f3n en distintos tratados, empezando por la Declaraci\u00f3n Americana de los Derechos y Deberes del Hombre en el articulo 1; Declaraci\u00f3n Universal de los Derechos Humanos en el articulo 3; Convenci\u00f3n sobre los Derechos Del ni\u00f1o en los art\u00edculos 1, 6, 19 y 24; Declaraci\u00f3n Argentina que integra el compromiso internacional del pa\u00eds frente a los Estados partes, que es condici\u00f3n de vigencia en este tratado y en conformidad con la Ley N\u00ba 23.849 que es la Convenci\u00f3n Americana sobre Derechos Humanos m\u00e1s conocida como Pacto San Jos\u00e9 de Costa Rica en los art\u00edculos 1, 3, 4 y 6; el Pacto internacional de los Derechos Civiles y Pol\u00edticos en el art\u00edculo 6; todos estos gozan de garant\u00eda, de jerarqu\u00eda constitucional en virtud del art\u00edculo 75 inc. 22 de la Constituci\u00f3n Nacional. Estos dispositivos constituyen la Ley Suprema de la Naci\u00f3n, en los t\u00e9rminos del art\u00edculo 31 de la Constituci\u00f3n Nacional, debiendo las autoridades de cada provincia conformarse a ellos. Complemetariamente la Constituci\u00f3n de la Provincia de Buenos Aires reconoce y garantiza los derechos y declaraciones y garant\u00edas enumerados en la Constituci\u00f3n Nacional en el art\u00edculo N\u00b0 12 de la constituci\u00f3n de la Provincia de Buenos Aires. El C\u00f3digo Civil y Comercial de la Naci\u00f3n define, en su art\u00edculo 19, que la existencia de la persona humana comienza con la concepci\u00f3n, esto es a partir del momento de la formaci\u00f3n del embri\u00f3n o cigoto, por lo que se convierte autom\u00e1ticamente en sujeto de Derecho, sin otra condici\u00f3n que la de \u00abser humano\u00bb y haber sido concebido en forma natural o asistida. Cabe aclarar que el art\u00edculo 75, inc. 22, que nombr\u00e9 recientemente, que la Constituci\u00f3n Nacional adhiere al Pacto de San Jos\u00e9 de Costa Rica tal como lo dije, el cual prev\u00e9 en su art. 3, inc. 1, que \u00abtoda persona tiene derecho a que se le respete su vida, este derecho estar\u00e1 protegido por la ley, y en general, a partir del momento de la concepci\u00f3n. Nadie puede ser privado de la vida arbitrariamente\u00bb. El art. 1\u00ba de la Convenci\u00f3n de los Derechos del Ni\u00f1o, entiende por ni\u00f1o a todo ser humano menor de 18 a\u00f1os, es interesante destacar que nuestro pa\u00eds por la reserva realizada en el art\u00edculo 2 de la ley 23.849 dispone que en el art\u00edculo 1 debe interpretarse en este sentido \u201cque se entiende por ni\u00f1o todo ser humano desde el momento de su concepci\u00f3n y hasta los 18 a\u00f1os\u201d. Cabe aclarar que nuestro pa\u00eds, adhiri\u00f3 totalmente a esta Convenci\u00f3n Internacional, mediante la Ley 26.061, que es la que conocemos todos, de Protecci\u00f3n Integral de los Derechos de los Ni\u00f1os, Ni\u00f1as y Adolescentes, la cual fue sancionada por el Congreso Nacional el 28\/9\/2005, promulgada el 26\/10\/2005. Por todo esto, por todo este basamento jur\u00eddico, considero y consideramos este Bloque de Juntos por el Cambio y el Concejal Fonfr\u00eda del Bloque de Cambiemos que es necesario que se revean estas medidas que son completamente arbitrarias y a la vista est\u00e1, anticonstitucionales ante la Ley Suprema de la Naci\u00f3n. Y me voy a permitir hacer un an\u00e1lisis del Proyecto que est\u00e1 en juego en este momento, con algunas consideraciones que encontr\u00e9 en su articulado. Comenzando por la denominaci\u00f3n del proyecto, Interrupci\u00f3n Voluntaria del Embarazo, \u00bfqu\u00e9 significa interrumpir? hacer que una cosa empezada no contin\u00fae definitivamente o por un tiempo limitado, en este caso el tiempo limitado no estar\u00eda siendo posible. Se considera que la Ley garantiza a toda mujer o persona gestante, es muy raro, porque independientemente de c\u00f3mo se auto perciba cada individuo, que de eso no voy a emitir opini\u00f3n, s\u00f3lo una mujer puede gestar, una mujer ginecol\u00f3gicamente hablando. Tambi\u00e9n en su art\u00edculo 4\u00b0 dispone de las causales, dice que si el embarazo fuera producto de una violaci\u00f3n con el solo requerimiento en la Declaraci\u00f3n Jurada de la persona ante el o los profesionales, el personal de salud interviniente o si estuviera en riesgo la vida o la salud integral de la mujer o persona gestante. Quiero aclarar que actualmente el C\u00f3digo Penal ya tiene contemplado estas situaciones, \u00bfno es cierto? Est\u00e1s excepciones cuando est\u00e1 en peligro la vida de la mujer o cuando es producto de un abuso, en el caso de una mujer con discapacidad. Tambi\u00e9n, otro detalle que veo en el interior es que en el art\u00edculo 8 inciso b), habla \u201csi la interrupci\u00f3n voluntaria del embarazo es requerida por una persona adolescente entre 13 y 16 a\u00f1os\u201d, bien, \u00bfqu\u00e9 es un adolescente? Una adolescente, justamente como su nombre lo indica, es una persona que adolece a\u00fan de algunos criterios de construcci\u00f3n de su identidad, de construcci\u00f3n emocional y de su personalidad, lo cual hace que determinadas definiciones o conclusiones no puedan ser tomadas con la debida madurez y aptitud para ese rango de edad, entre 13 y 16 a\u00f1os. Otro detalle que me llam\u00f3 la atenci\u00f3n poderosamente, el art\u00edculo 14 de este proyecto que dice que \u201cse modificar\u00eda el art\u00edculo 85 del C\u00f3digo Penal, ser\u00e1 reprimido con prisi\u00f3n de 3 meses a 1 a\u00f1o de inhabilitaci\u00f3n especial por el doble de tiempo la condena a la autoridad de un establecimiento de salud profesional o personal de salud que dilatare injustificadamente obstaculice o se negara a practicar el aborto en los casos legalmente autorizados\u201d, quiero aclarar que los profesionales m\u00e9dicos gozan de una objeci\u00f3n de conciencia que sigue vigente en este momento dentro de la normativa de la pr\u00e1ctica de la medicina. Otra cosa que realmente me asombra, y de verdad me horroriza, es que se permite el aborto hasta la semana 14 inclusive, la semana 14. \u00bfAlguien vio una vez una ecograf\u00eda de un beb\u00e9 en la semana 14?, estamos refiriendo a m\u00e1s de 3 meses de gestaci\u00f3n, estamos refiriendo a un proceso gestacional que ya va por m\u00e1s de la tercera parte. Cabe consignar que estos datos que les voy a decir est\u00e1n sacados de publicaciones cient\u00edficas, cabe consignar que a partir de las 10 semanas el individuo que se est\u00e1 gestando que es un individuo humano, un ser humano en gestaci\u00f3n, dej\u00f3 de ser un embri\u00f3n y ya pas\u00f3 a ser un feto que ya tiene todas sus extremidades, todas sus partes, toda su corteza cerebral y s\u00ed siente en la semana 14, tiene p\u00e1rpados, orejas, tiene intestinos, tiene la cara formada, tiene los genitales, las u\u00f1as de la manos y pies, y mide 9 cent\u00edmetros. Eso es un individuo, un ser humano en gestaci\u00f3n a las 14 semanas. Y tambi\u00e9n otra cosa que tambi\u00e9n me horroriz\u00f3 que en el art\u00edculo 17 que tambi\u00e9n quiere modifica el art\u00edculo 88 del C\u00f3digo Penal, diciendo que \u201cla mujer o persona gestante que causara su propio aborto consintiere que otro se lo causare en ning\u00fan caso ser\u00e1 penado\u201d, \u00bfesto c\u00f3mo se puede considerar? Se dar\u00eda el marco de legalidad a un aborto ilegal, a un aborto clandestino, entonces estar\u00edamos contradici\u00e9ndonos el esp\u00edritu de esta Ley. Entonces para finalizar voy a decir esto, el embri\u00f3n desde el primer momento de la concepci\u00f3n es un miembro de nuestra especie, de la especie humana con todas sus potencialidades, con todo su c\u00f3digo gen\u00e9tico, que es \u00fanico e irrepetible, los cuales ir\u00e1 desarrollando a lo largo de su existencia. La vida es el Derecho Humano por excelencia, y un humano por peque\u00f1o que este sea puede hacer la diferencia. Nada m\u00e1s se\u00f1or Presidente\u201d.<\/p>\n<p>Concejal Rosatelli Laura:<br \/>\n\u201cSe\u00f1or Presidente, en este momento quiero referirme a nuestros vecinos de Villa Serrana La Gruta que ma\u00f1ana est\u00e1n cumpliendo sus 50 a\u00f1os. Todos sabemos que en el a\u00f1o 1970 se firma el acta constitutiva de la Sociedad de Fomento y Turismo de Villa Serrana La Gruta, tom\u00e1ndose ese d\u00eda como fecha fundacional. A ellos y felicitarnos desearles lo mejor, que sigan trabajando por ese lugar que lo han hecho bell\u00edsimo, sabemos c\u00f3mo han trabajado siempre con el compromiso, las garras que le han puesto al trabajo, y bueno, desearles lo mejor que desde el lugar que nos toca ocupar siempre los vamos a estar apoyando, y que pasen, que tengan un feliz aniversario, eso por un lado. Por otro lado todos sabemos que hoy nos toca despedir a una compa\u00f1era de banca, a la Concejal M\u00f3nica Sagredo, ella ha hecho, sabemos que ha hecho de su gesti\u00f3n un trabajo responsable, un trabajo con compromiso, siempre dispuesta y con un amplio conocimiento en lo que respecta a su cargo de Concejal, decirle que bueno, agradecerle todo lo que ha hecho por nosotros la verdad que fue para el Bloque un pilar fundamental, que la vamos a extra\u00f1ar mucho, pero bueno, que como las queremos aceptamos su decisi\u00f3n, que sabemos que es lo mejor para ella, y bueno, nada decirle much\u00edsimas gracias y que la queremos mucho\u201d.<\/p>\n<p>Concejal V\u00e1zquez Roc\u00edo:<br \/>\n\u201cYo sumarme a los saludos de la compa\u00f1era \u201cLali\u201d en relaci\u00f3n a los vecinos de Villa Serrana La Gruta y a la despedida de la compa\u00f1era Concejal Sagredo, que ha hecho una trayectoria excelente desde el Concejo Deliberante y siempre acompa\u00f1ando al pueblo que es lo que nos caracteriza Por otro lado quiero destacar que el 27 de noviembre fue el d\u00eda de la educaci\u00f3n de adultos, la verdad que es una rama hermosa, quiero saludar a todos los j\u00f3venes y adultos est\u00e1n transitando por esta etapa maravillosa para culminar parte de sus sue\u00f1os que les han quedado inconclusos. En el distrito tenemos distintas posibilidades para que los j\u00f3venes y adultos puedan terminar su secundario y tambi\u00e9n a nivel primario, a todos aquellos que se acerquen, que es posible, que se interioricen en las propuestas y que van a ver que les va a cambiar su calidad de vida, les va a mejorar su trayectoria, y que bueno, que siempre estamos dispuestos a guiarlos en este paso a todos los j\u00f3venes y adultos. Y tambi\u00e9n felicitar a todos los que trabajan en la rama porque trabajan d\u00eda a d\u00eda para lograr una patria que incluya los \u201cnadies\u201d como dijo Galeano. Y por otro lado el d\u00eda domingo en Saldungaray vivimos un hecho bastante triste que fue el incendio de una vivienda que estaba habitada por una inquilina, una vecina de Saldungaray, con p\u00e9rdidas totales por parte de la vivienda y de todo lo que ella ten\u00eda all\u00ed, y el agradecimiento es a toda la gente no solo de Saldungaray sino de todo el Distrito de Tornquist que moment\u00e1neamente se junt\u00f3, est\u00e1 siendo asistida no s\u00f3lo por parte del municipio sino por todas las personas, vuelvo a insistir no s\u00f3lo de Saldungaray sino del distrito, as\u00ed que muchas gracias por su colaboraci\u00f3n y por su empat\u00eda frente a estas situaciones. Nada m\u00e1s se\u00f1or Presidente\u201d.<\/p>\n<p>Concejal Sagredo M\u00f3nica:<br \/>\n\u201cBueno como dec\u00edan mis compa\u00f1eras a quienes les agradezco sus palabras he tomado la decisi\u00f3n de moment\u00e1neamente alejarme de este espacio, de este lugar, de este cargo. Pero en estos 4 a\u00f1os y medio de mi paso por el Concejo Deliberante hay situaciones y hechos que tengo muy bien guardados, muy bien grabados en la memoria. Alguna de esas situaciones fueron las vividas en octubre del a\u00f1o pasado con el tratamiento del Expediente 167\/19 enviado por el Departamento Ejecutivo para convalidar el contrato oneroso celebrado entre la empresa Black Net y el Municipio de Tornquist, para proveer de internet a la ciudad de Tornquist justamente. En febrero de este a\u00f1o desde los Bloques Frente de Todos y Frente Justicialista Cumplir se present\u00f3 un pedido de informe pidiendo explicaci\u00f3n, informaci\u00f3n justamente, sobre la colocaci\u00f3n de postes de eucalipto y el cableado en distintos puntos de la ciudad que se estaba realizando en ese momento. Ese pedio de informe no s\u00f3lo fue acompa\u00f1ado por ustedes, por los concejales de Cambiemos y de Juntos por el Cambio sino que en ese momento la Concejal Elisabet Nori desde la banca brind\u00f3 informaci\u00f3n que ten\u00eda de parte del Departamento Ejecutivo con la finalidad de llevar tranquilidad a la poblaci\u00f3n respecto de este tema, porque se estaba trabajando dec\u00eda la Concejal Nori, desde hac\u00eda varios meses y el Intendente hab\u00eda asumido la responsabilidad. Hoy estamos aprobando un nuevo pedido informe, esta vez presentado por los Bloques de Cambiemos y Juntos por el Cambio, presentado por los mismos concejales que, o algunos de los mismos concejales que en febrero dec\u00edan querer llevar tranquilidad de la poblaci\u00f3n porque el Intendente se estaba haciendo cargo de esta responsabilidad y hoy se encuentran preocupados al igual que nosotros por la realidad con la que nos encontramos. Y como no solo hay que acudir a lo que no tiene grabado en la memoria sino tambi\u00e9n y de manera especial a los archivos, a los registros justamente hoy me tome ese trabajo, de revisar registros de ese momento que viv\u00edamos el a\u00f1o pasado en octubre del 2019. Y ah\u00ed todas estas cuestiones que hoy estamos hablando fueron planteadas, pero fueron planteadas por los 5 concejales de la oposici\u00f3n, en octubre del 2019 cuando este Expediente ingres\u00f3. En ese momento expusimos los fundamentos tanto desde el aspecto t\u00e9cnico, como desde el aspecto de seguridad, desde el aspecto laboral para no aprobar el convenio, m\u00e1s a\u00fan teniendo en cuenta que ya antes de su aprobaci\u00f3n la empresa estaba trabajando. \u00bfRecuerdan que ese convenio fue firmado en agosto, pero ya en junio el Secretario de Desarrollo Gonzalo Iparraguirre hab\u00eda dicho hab\u00eda, se hab\u00eda expedido diciendo que era viable? \u00bftambi\u00e9n recuerdan que ustedes dictaminaron enviar ese Expediente en la Secretar\u00eda de Obras P\u00fablicas para que se analice cuando deber\u00eda ese an\u00e1lisis haberse hecho previamente antes de que el Intendente firmara el contrato? Finalmente eso ocurri\u00f3 con el habitual 7 a 5, fue enviado a la Secretar\u00eda de Obras P\u00fablicas. \u00bfRecuerdan tambi\u00e9n que el Intendente dijo p\u00fablicamente que los Concejales de la oposici\u00f3n \u00e9ramos mentirosos y no le\u00edamos los expedientes porque no se iban a colocar, no se iban a colocar, postes de eucalipto? cuando eso estaba escrito en la foja 6 del Expediente. Recuerdan tambi\u00e9n que nuestra percepci\u00f3n en ese momento fue que se quer\u00eda tratar el tema, se quer\u00eda tratar de dilatar el tema hasta despu\u00e9s de las elecciones porque esto fue el 25 de octubre y despu\u00e9s finalmente hacer lo que quisieran. Se acuerdan tambi\u00e9n que tanto el Intendente como ustedes y en ese momento el Presidente del Concejo Deliberante nos acusaba de hacer un uso pol\u00edtico de la situaci\u00f3n y de traer este Recinto a los empleados de la Cooperativa El\u00e9ctrica y a los vecinos que se acercaron, nos acusaban de traerlos como ganado, menospreciando el derecho a reclamar que tiene cada ciudadano. Todo eso pasaba hace un a\u00f1o, hoy los hechos demuestran que no est\u00e1bamos tan equivocados, que el Intendente finalmente hizo lo que quiso, que en ese momento ustedes no quisieron acompa\u00f1ar nuestra postura, nuestro pedido de que no se aprobara ese trato, ese contrato perd\u00f3n. Y hoy ya retir\u00e1ndome de esta Banca me voy con la tranquilidad de que durante todos estos a\u00f1os hemos estado siempre del mismo lado, y sabiendo y teniendo tambi\u00e9n la tranquilidad de que el tiempo finalmente pone cada cosa en su lugar. Y para terminar quisiera hacerles escuchar algo muy, muy breve pero que creo que lo dice todo. (SE ESCUCHA AUDIO DE VIDEO DEL INTEDENTE que dice: \u201c\u2026m\u00e1s importante invertir ellos, y poner ellos los postes que nosotros dijimos que pusieran para facilitarnos a nosotros a la vez en los lugares donde no hay postes de alumbrado, que no son postes de eucalipto, vuelvo a repetir, son de ca\u00f1os para que no afeen los barrios norte o sur seg\u00fan en donde tengan que instalar, en los \u00edtem est\u00e1n d\u00f3nde se van a instalar las columnas, no son columnas de eucalipto. Por esto les digo, cuando se habla de una Banca hay que saber de qu\u00e9 se habla, no son columnas de eucalipto, pero bueno, m\u00e1s all\u00e1 de eso a m\u00ed lo que me interesa\u2026). Nada m\u00e1s se\u00f1or Presidente muchas gracias\u201d.<\/p>\n<p>Concejal Bassi Sebasti\u00e1n:<br \/>\n\u201cQuiero hacer referencia a esta \u00faltima alocuci\u00f3n que hizo la Concejal Sagredo y apelar a mi memoria. Ese Expediente que reconozco que fue pol\u00e9mico, pero nosotros como Bloque, lo que hicimos en ese momento y sostenemos fue darle entrada, dictaminamos que pase a Obras P\u00fablicas y que siga el curso, y el curso fue que nunca m\u00e1s regres\u00f3 ac\u00e1. El resto es respetable las conclusiones que saque cada uno. Bien, punto aparte, pasando un Proyecto de Resoluci\u00f3n que aprobamos en el d\u00eda de la fecha tambi\u00e9n quer\u00eda aclarar algunas cuestiones, principalmente al que se refer\u00eda al di\u00f3xido de cloro y los avances en las investigaciones y los ensayos cl\u00ednicos, sin \u00e1nimo de entrar en debate porque bueno, es respetable los dict\u00e1menes que hicieron los Concejales opositores a nosotros, es un tema desconocido para mucha gente en el cual me incluyo hace 40-45 d\u00edas atr\u00e1s. Pero considero oportuno aclarar las siguientes cuestiones que esto surgi\u00f3 a partir de un grupo de vecinos importante para m\u00ed, importante por la cantidad, no la s\u00e9 determinar pero que hay muchos vecinos que ped\u00edan esto mismo, que presentemos un Proyecto de Resoluci\u00f3n donde se avance y se investigue al compuesto de di\u00f3xido de cloro como posible tratamiento, soluci\u00f3n, ante este virus que tanto nos viene pegando a todo el planeta, llamado Covid. Y bueno, luego de escuchar, no solamente al mundo cient\u00edfico profesional que nos acercaron este grupo de vecinos, lo hemos hecho tambi\u00e9n con los profesionales del gabinete nuestro, ll\u00e1mese el Doctor Barca, el Doctor Buschi, es que bueno, ve\u00edamos viable y totalmente de manera natural ese pedido de investigaci\u00f3n y avance. En ning\u00fan momento pensamos, ni solicitamos, ni se nos cruz\u00f3 que se regule, que se suministre ni nada por el estilo sino solicitar al Gobierno Provincial, Nacional, a todos los organismos de incumbencia ante esta pandemia que por favor avancen y se investiguen estos ensayos cl\u00ednicos teniendo como referencia al pa\u00eds hermano de Bolivia, que ellos, cuando ellos, comunidad cient\u00edfica, de letrados y abogado sostienen y manifiesta que esto funciona, funciona y con los n\u00fameros sobre la mesa, n\u00famero de casos y de muerte, y bueno, comparemos Argentina con este pa\u00eds y con otros que est\u00e1n tambi\u00e9n aplic\u00e1ndolo. Bueno, a uno le surgen dudas, y eso, porque surg\u00eda duda es que ped\u00edamos y que pedimos esto mismo. Ac\u00e1 reitero, este proyecto fue tambi\u00e9n r\u00e9plica de otro Concejo Deliberante de la localidad Las Bre\u00f1as, Chaco; y que ten\u00eda todo un sustento cient\u00edfico, m\u00e9dico, legal y a m\u00ed como les digo por un lado personalmente me hizo escuchar distintas voces, distintas campanas, me hizo dudar y es porque dudamos que presentamos ese proyecto. As\u00ed que nada m\u00e1s que eso, agradecer a todos los que acompa\u00f1aron, entiendo los que no pudieron o bueno, esto es muy incipiente como todo tema desconocido y m\u00e1s si es de salud genera esto. Y en especial como les digo a los vecinos, que se preocuparon y pidieron esto. Nada m\u00e1s se\u00f1or Presidente\u201d.<\/p>\n<p>HONORABLE CONCEJO DELIBERANTE<\/p>\n","protected":false},"excerpt":{"rendered":"<p>El Honorable Concejo Deliberante de Tornquist sesion\u00f3 en forma ordinaria para tratar: Comunicaciones Oficiales y Dict\u00e1menes de las Comisiones:<\/p>\n","protected":false},"author":3,"featured_media":0,"comment_status":"closed","ping_status":"open","sticky":false,"template":"","format":"standard","meta":{"footnotes":""},"categories":[28],"tags":[],"class_list":["post-50150","post","type-post","status-publish","format-standard","hentry","category-municipales"],"yoast_head":"<!-- This site is optimized with the Yoast SEO plugin v25.9 - https:\/\/yoast.com\/wordpress\/plugins\/seo\/ -->\n<title>Informe sesi\u00f3n ordinaria del d\u00eda 01-12-20 - Noticias Radio Reflejos<\/title>\n<meta name=\"robots\" content=\"index, follow, max-snippet:-1, max-image-preview:large, max-video-preview:-1\" \/>\n<link rel=\"canonical\" href=\"https:\/\/www.noticiasradioreflejos.com.ar\/2021\/informe-sesion-ordinaria-del-dia-01-12-20\/\" \/>\n<meta property=\"og:locale\" content=\"es_ES\" \/>\n<meta property=\"og:type\" content=\"article\" \/>\n<meta property=\"og:title\" content=\"Informe sesi\u00f3n ordinaria del d\u00eda 01-12-20 - Noticias Radio Reflejos\" \/>\n<meta property=\"og:description\" content=\"El Honorable Concejo Deliberante de Tornquist sesion\u00f3 en forma ordinaria para tratar: Comunicaciones Oficiales y Dict\u00e1menes de las Comisiones:\" \/>\n<meta property=\"og:url\" content=\"https:\/\/www.noticiasradioreflejos.com.ar\/2021\/informe-sesion-ordinaria-del-dia-01-12-20\/\" \/>\n<meta property=\"og:site_name\" content=\"Noticias Radio Reflejos\" \/>\n<meta property=\"article:published_time\" content=\"2020-12-10T14:56:00+00:00\" \/>\n<meta property=\"og:image\" content=\"https:\/\/www.noticiasradioreflejos.com.ar\/2021\/wp-content\/uploads\/2021\/07\/logosol300x200.png\" \/>\n\t<meta property=\"og:image:width\" content=\"300\" \/>\n\t<meta property=\"og:image:height\" content=\"200\" \/>\n\t<meta property=\"og:image:type\" content=\"image\/png\" \/>\n<meta name=\"author\" content=\"Arnaldo Botto\" \/>\n<meta name=\"twitter:card\" content=\"summary_large_image\" \/>\n<script type=\"application\/ld+json\" class=\"yoast-schema-graph\">{\"@context\":\"https:\/\/schema.org\",\"@graph\":[{\"@type\":\"WebPage\",\"@id\":\"https:\/\/www.noticiasradioreflejos.com.ar\/2021\/informe-sesion-ordinaria-del-dia-01-12-20\/\",\"url\":\"https:\/\/www.noticiasradioreflejos.com.ar\/2021\/informe-sesion-ordinaria-del-dia-01-12-20\/\",\"name\":\"Informe sesi\u00f3n ordinaria del d\u00eda 01-12-20 - Noticias Radio Reflejos\",\"isPartOf\":{\"@id\":\"https:\/\/www.noticiasradioreflejos.com.ar\/2021\/#website\"},\"datePublished\":\"2020-12-10T14:56:00+00:00\",\"author\":{\"@id\":\"https:\/\/www.noticiasradioreflejos.com.ar\/2021\/#\/schema\/person\/ad82545263dcc5ec0996818884fd5fb1\"},\"breadcrumb\":{\"@id\":\"https:\/\/www.noticiasradioreflejos.com.ar\/2021\/informe-sesion-ordinaria-del-dia-01-12-20\/#breadcrumb\"},\"inLanguage\":\"es\",\"potentialAction\":[{\"@type\":\"ReadAction\",\"target\":[\"https:\/\/www.noticiasradioreflejos.com.ar\/2021\/informe-sesion-ordinaria-del-dia-01-12-20\/\"]}]},{\"@type\":\"BreadcrumbList\",\"@id\":\"https:\/\/www.noticiasradioreflejos.com.ar\/2021\/informe-sesion-ordinaria-del-dia-01-12-20\/#breadcrumb\",\"itemListElement\":[{\"@type\":\"ListItem\",\"position\":1,\"name\":\"Portada\",\"item\":\"https:\/\/www.noticiasradioreflejos.com.ar\/2021\/\"},{\"@type\":\"ListItem\",\"position\":2,\"name\":\"Informe sesi\u00f3n ordinaria del d\u00eda 01-12-20\"}]},{\"@type\":\"WebSite\",\"@id\":\"https:\/\/www.noticiasradioreflejos.com.ar\/2021\/#website\",\"url\":\"https:\/\/www.noticiasradioreflejos.com.ar\/2021\/\",\"name\":\"Noticias Radio Reflejos\",\"description\":\"Las noticias de mi comarca\",\"potentialAction\":[{\"@type\":\"SearchAction\",\"target\":{\"@type\":\"EntryPoint\",\"urlTemplate\":\"https:\/\/www.noticiasradioreflejos.com.ar\/2021\/?s={search_term_string}\"},\"query-input\":{\"@type\":\"PropertyValueSpecification\",\"valueRequired\":true,\"valueName\":\"search_term_string\"}}],\"inLanguage\":\"es\"},{\"@type\":\"Person\",\"@id\":\"https:\/\/www.noticiasradioreflejos.com.ar\/2021\/#\/schema\/person\/ad82545263dcc5ec0996818884fd5fb1\",\"name\":\"Arnaldo Botto\",\"image\":{\"@type\":\"ImageObject\",\"inLanguage\":\"es\",\"@id\":\"https:\/\/www.noticiasradioreflejos.com.ar\/2021\/#\/schema\/person\/image\/\",\"url\":\"https:\/\/secure.gravatar.com\/avatar\/55cb5e37c1efa326397366e6974cb338056df65cb50e7d64d1cf314e87504837?s=96&d=mm&r=g\",\"contentUrl\":\"https:\/\/secure.gravatar.com\/avatar\/55cb5e37c1efa326397366e6974cb338056df65cb50e7d64d1cf314e87504837?s=96&d=mm&r=g\",\"caption\":\"Arnaldo Botto\"},\"url\":\"https:\/\/www.noticiasradioreflejos.com.ar\/2021\/author\/arnaldo\/\"}]}<\/script>\n<!-- \/ Yoast SEO plugin. -->","yoast_head_json":{"title":"Informe sesi\u00f3n ordinaria del d\u00eda 01-12-20 - Noticias Radio Reflejos","robots":{"index":"index","follow":"follow","max-snippet":"max-snippet:-1","max-image-preview":"max-image-preview:large","max-video-preview":"max-video-preview:-1"},"canonical":"https:\/\/www.noticiasradioreflejos.com.ar\/2021\/informe-sesion-ordinaria-del-dia-01-12-20\/","og_locale":"es_ES","og_type":"article","og_title":"Informe sesi\u00f3n ordinaria del d\u00eda 01-12-20 - Noticias Radio Reflejos","og_description":"El Honorable Concejo Deliberante de Tornquist sesion\u00f3 en forma ordinaria para tratar: Comunicaciones Oficiales y Dict\u00e1menes de las Comisiones:","og_url":"https:\/\/www.noticiasradioreflejos.com.ar\/2021\/informe-sesion-ordinaria-del-dia-01-12-20\/","og_site_name":"Noticias Radio Reflejos","article_published_time":"2020-12-10T14:56:00+00:00","og_image":[{"width":300,"height":200,"url":"https:\/\/www.noticiasradioreflejos.com.ar\/2021\/wp-content\/uploads\/2021\/07\/logosol300x200.png","type":"image\/png"}],"author":"Arnaldo Botto","twitter_card":"summary_large_image","schema":{"@context":"https:\/\/schema.org","@graph":[{"@type":"WebPage","@id":"https:\/\/www.noticiasradioreflejos.com.ar\/2021\/informe-sesion-ordinaria-del-dia-01-12-20\/","url":"https:\/\/www.noticiasradioreflejos.com.ar\/2021\/informe-sesion-ordinaria-del-dia-01-12-20\/","name":"Informe sesi\u00f3n ordinaria del d\u00eda 01-12-20 - Noticias Radio Reflejos","isPartOf":{"@id":"https:\/\/www.noticiasradioreflejos.com.ar\/2021\/#website"},"datePublished":"2020-12-10T14:56:00+00:00","author":{"@id":"https:\/\/www.noticiasradioreflejos.com.ar\/2021\/#\/schema\/person\/ad82545263dcc5ec0996818884fd5fb1"},"breadcrumb":{"@id":"https:\/\/www.noticiasradioreflejos.com.ar\/2021\/informe-sesion-ordinaria-del-dia-01-12-20\/#breadcrumb"},"inLanguage":"es","potentialAction":[{"@type":"ReadAction","target":["https:\/\/www.noticiasradioreflejos.com.ar\/2021\/informe-sesion-ordinaria-del-dia-01-12-20\/"]}]},{"@type":"BreadcrumbList","@id":"https:\/\/www.noticiasradioreflejos.com.ar\/2021\/informe-sesion-ordinaria-del-dia-01-12-20\/#breadcrumb","itemListElement":[{"@type":"ListItem","position":1,"name":"Portada","item":"https:\/\/www.noticiasradioreflejos.com.ar\/2021\/"},{"@type":"ListItem","position":2,"name":"Informe sesi\u00f3n ordinaria del d\u00eda 01-12-20"}]},{"@type":"WebSite","@id":"https:\/\/www.noticiasradioreflejos.com.ar\/2021\/#website","url":"https:\/\/www.noticiasradioreflejos.com.ar\/2021\/","name":"Noticias Radio Reflejos","description":"Las noticias de mi comarca","potentialAction":[{"@type":"SearchAction","target":{"@type":"EntryPoint","urlTemplate":"https:\/\/www.noticiasradioreflejos.com.ar\/2021\/?s={search_term_string}"},"query-input":{"@type":"PropertyValueSpecification","valueRequired":true,"valueName":"search_term_string"}}],"inLanguage":"es"},{"@type":"Person","@id":"https:\/\/www.noticiasradioreflejos.com.ar\/2021\/#\/schema\/person\/ad82545263dcc5ec0996818884fd5fb1","name":"Arnaldo Botto","image":{"@type":"ImageObject","inLanguage":"es","@id":"https:\/\/www.noticiasradioreflejos.com.ar\/2021\/#\/schema\/person\/image\/","url":"https:\/\/secure.gravatar.com\/avatar\/55cb5e37c1efa326397366e6974cb338056df65cb50e7d64d1cf314e87504837?s=96&d=mm&r=g","contentUrl":"https:\/\/secure.gravatar.com\/avatar\/55cb5e37c1efa326397366e6974cb338056df65cb50e7d64d1cf314e87504837?s=96&d=mm&r=g","caption":"Arnaldo Botto"},"url":"https:\/\/www.noticiasradioreflejos.com.ar\/2021\/author\/arnaldo\/"}]}},"_links":{"self":[{"href":"https:\/\/www.noticiasradioreflejos.com.ar\/2021\/wp-json\/wp\/v2\/posts\/50150","targetHints":{"allow":["GET"]}}],"collection":[{"href":"https:\/\/www.noticiasradioreflejos.com.ar\/2021\/wp-json\/wp\/v2\/posts"}],"about":[{"href":"https:\/\/www.noticiasradioreflejos.com.ar\/2021\/wp-json\/wp\/v2\/types\/post"}],"author":[{"embeddable":true,"href":"https:\/\/www.noticiasradioreflejos.com.ar\/2021\/wp-json\/wp\/v2\/users\/3"}],"replies":[{"embeddable":true,"href":"https:\/\/www.noticiasradioreflejos.com.ar\/2021\/wp-json\/wp\/v2\/comments?post=50150"}],"version-history":[{"count":0,"href":"https:\/\/www.noticiasradioreflejos.com.ar\/2021\/wp-json\/wp\/v2\/posts\/50150\/revisions"}],"wp:attachment":[{"href":"https:\/\/www.noticiasradioreflejos.com.ar\/2021\/wp-json\/wp\/v2\/media?parent=50150"}],"wp:term":[{"taxonomy":"category","embeddable":true,"href":"https:\/\/www.noticiasradioreflejos.com.ar\/2021\/wp-json\/wp\/v2\/categories?post=50150"},{"taxonomy":"post_tag","embeddable":true,"href":"https:\/\/www.noticiasradioreflejos.com.ar\/2021\/wp-json\/wp\/v2\/tags?post=50150"}],"curies":[{"name":"wp","href":"https:\/\/api.w.org\/{rel}","templated":true}]}}