{"id":5013,"date":"2016-12-22T02:42:29","date_gmt":"2016-12-22T02:42:29","guid":{"rendered":"http:\/\/noticiasradioreflejos.com.ar\/noticias\/?p=5013"},"modified":"2016-12-22T02:42:29","modified_gmt":"2016-12-22T02:42:29","slug":"orden-del-dia-del-hcd","status":"publish","type":"post","link":"https:\/\/www.noticiasradioreflejos.com.ar\/2021\/orden-del-dia-del-hcd\/","title":{"rendered":"Sesi\u00f3n en el Honorable Concejo Deliberante"},"content":{"rendered":"<p>El Honorable Concejo Deliberante present\u00f3 la Orden del d\u00eda:<!--more--><br \/>\n<u><\/u><strong>1.- Aprobaci\u00f3n del Acta N\u00ba 1002\/16<\/strong>.&#8212;&#8212;&#8212;&#8212;&#8212;&#8212;&#8212;&#8212;&#8212;&#8212;&#8212;&#8212;&#8212;&#8212;&#8212;&#8212;&#8212;&#8212;&#8211;<br \/>\n<strong>2.- Comunicaciones Oficiales: <\/strong>&#8212;&#8212;&#8212;&#8212;&#8212;&#8212;&#8212;&#8212;&#8212;&#8212;&#8212;&#8212;&#8212;&#8212;&#8212;&#8212;&#8212;&#8212;&#8212;&#8212;&#8212;<br \/>\n#<strong><u>Expte. <\/u><\/strong><strong><u>N\u00ba 214\/16:<\/u><\/strong> &#8211; D.E.- Llamado a Licitaci\u00f3n P\u00fablica para la Concesi\u00f3n y Explotaci\u00f3n Tur\u00edstica de la Unidad Fiscal \u201cParque Omar Cleppe\u201d &#8211; Saldungaray Distrito de Tornquist. Licitaci\u00f3n P\u00fablica N\u00ba 02\/16.&#8212;&#8212;&#8212;&#8212;&#8212;&#8212;&#8212;&#8212;&#8212;&#8212;&#8212;&#8212;&#8212;&#8212;<br \/>\n#<strong><u>Expte. <\/u><\/strong><strong><u>N\u00ba 215\/16:<\/u><\/strong> &#8211; D.E. &#8211; Llamado a Licitaci\u00f3n P\u00fablica para la Concesi\u00f3n y Explotaci\u00f3n Tur\u00edstica de la Unidad Fiscal \u201cBalneario Municipal Parque Norte\u201d Tornquist. Licitaci\u00f3n P\u00fablica N\u00ba 01\/16.&#8212;&#8212;&#8212;&#8212;&#8212;&#8212;&#8212;&#8212;&#8212;&#8212;&#8212;&#8212;&#8212;&#8212;&#8212;&#8212;&#8212;&#8212;&#8211;<br \/>\n#<strong><u>Expte. <\/u><\/strong><strong><u>N\u00ba 399\/16:<\/u><\/strong> &#8211; D.E. &#8211; Control ausentismo docente y no docente del Distrito de Tornquist.&#8212;&#8212;&#8212;&#8212;&#8212;&#8212;&#8212;&#8212;&#8212;&#8212;&#8212;&#8212;&#8212;&#8212;&#8212;&#8212;&#8212;&#8212;&#8212;&#8212;&#8212;&#8212;&#8212;&#8212;&#8212;&#8212;-<br \/>\n#<strong><u>Expte. <\/u><\/strong><strong><u>N\u00ba 400\/16:<\/u><\/strong> &#8211; D.E. &#8211; Convalida la firma del Contrato de Comodato celebrado entre la Direcci\u00f3n General de Cultura y Educaci\u00f3n de la Provincia de Buenos Aires y la Municipalidad de Tornquist (Inmueble Excolegio Mar\u00eda Auxiliadora).&#8212;&#8212;&#8212;&#8212;&#8212;&#8212;&#8212;&#8212;&#8212;&#8212;&#8212;&#8212;&#8212;&#8212;&#8212;&#8212;&#8212;&#8212;&#8212;&#8212;&#8212;&#8212;&#8212;&#8212;&#8212;&#8212;&#8212;&#8212;&#8212;&#8212;<br \/>\n#<strong><u>Expte. <\/u><\/strong><strong><u>N\u00ba 409\/16:<\/u><\/strong> &#8211; D.E. \u2013 Donaci\u00f3n veh\u00edculo marca Volkswagen Polo Classic efectuada por el O.R.S.E.P.&#8212;&#8212;&#8212;&#8212;&#8212;&#8212;&#8212;&#8212;&#8212;&#8212;&#8212;&#8212;&#8212;&#8212;&#8212;&#8212;&#8212;&#8212;&#8212;&#8212;&#8212;&#8212;&#8212;<br \/>\n#<strong><u>Expte. <\/u><\/strong><strong><u>N\u00ba 6803\/16:<\/u><\/strong> &#8211; Bloques F.P.C. y S. y Cambiemos Bs. As. \u2013 Proyecto de Ordenanza: Declarar a la Loica Pampeana y sus h\u00e1bitats como emblemas del Distrito de Tornquist.&#8212;&#8212;&#8212;&#8212;&#8212;&#8212;&#8212;&#8212;&#8212;&#8212;&#8212;&#8212;&#8212;&#8212;&#8212;&#8212;&#8212;&#8212;&#8212;&#8212;&#8212;&#8212;&#8212;&#8212;&#8212;&#8212;-<br \/>\n#<strong><u>Expte. <\/u><\/strong><strong><u>N\u00ba 6897\/16:<\/u><\/strong> &#8211; Bloques F.P.V. y P.J. \u2013 Solicita Consulta al H.T.C. Ref. Expte. N\u00ba 214\/16, Caratulado: \u201c- D.E.- Llamado a Licitaci\u00f3n P\u00fablica para la Concesi\u00f3n y Explotaci\u00f3n Tur\u00edstica de la Unidad Fiscal \u201cParque Omar Cleppe\u201d &#8211; Saldungaray Distrito de Tornquist. Licitaci\u00f3n P\u00fablica N\u00ba 02\/16.\u201d.&#8212;&#8212;&#8212;&#8212;&#8212;&#8212;&#8212;-<br \/>\n<strong>3.-Dict\u00e1menes de las Comisiones<\/strong>: &#8212;&#8212;&#8212;&#8212;&#8212;&#8212;&#8212;&#8212;&#8212;&#8212;&#8212;&#8212;&#8212;&#8212;&#8212;&#8212;&#8212;&#8212;&#8212;<br \/>\n#<strong><u>Expte. <\/u><\/strong><strong><u>N\u00ba 4114-321\/16:<\/u><\/strong> &#8211; Regularizaci\u00f3n Dominial Municipal \u2013 Solicita regularizaci\u00f3n habitacional de la Pla. 10 \u2013 Mz. 121. \u201cTornquist 80 Viviendas Solidaridad\u201d.&#8212;&#8212;&#8212;&#8212;&#8212;&#8212;&#8212;&#8212;&#8212;&#8212;&#8212;&#8212;&#8212;&#8212;&#8212;&#8212;&#8212;&#8212;&#8212;&#8212;&#8212;&#8212;&#8212;&#8212;&#8212;&#8212;&#8212;&#8212;&#8212;&#8212;<br \/>\n#<strong><u>Expte. <\/u><\/strong><strong><u>N\u00ba 010\/08:<\/u><\/strong> &#8211; N.P. \u2013 Muscillo y Llanos: Solicitan regularizar situaci\u00f3n s\/adquisici\u00f3n\u00a0 lote municipal (Cuerpo I al IV).&#8212;&#8212;&#8212;&#8212;&#8212;&#8212;&#8212;&#8212;&#8212;&#8212;&#8212;&#8212;&#8212;&#8212;&#8212;&#8211;<br \/>\n#<strong><u>Expte. <\/u><\/strong><strong><u>N\u00ba 319\/15:<\/u><\/strong> &#8211; D.E. \u2013 Convalida La firma del Contrato de Comodato celebrado entre la Direcci\u00f3n de Prevenci\u00f3n del Delito Contra la Propiedad del Automotor y la Municipalidad.&#8212;&#8212;&#8212;&#8212;&#8212;&#8212;&#8212;&#8212;&#8212;&#8212;&#8212;&#8212;&#8212;&#8212;&#8212;&#8212;&#8212;&#8212;&#8212;&#8212;&#8212;&#8212;-<br \/>\n#<strong><u>Expte. <\/u><\/strong><strong><u>N\u00ba 361\/16:<\/u><\/strong> &#8211; Turismo solicitud de Ordenanza regulaci\u00f3n de actividad guiada en cuatriciclos.&#8212;&#8212;&#8212;&#8212;&#8212;&#8212;&#8212;&#8212;&#8212;&#8212;&#8212;&#8212;&#8212;&#8212;&#8212;&#8212;&#8212;&#8212;&#8212;&#8212;&#8212;&#8212;&#8212;&#8212;&#8212;&#8211;<br \/>\n#<strong><u>Expte. <\/u><\/strong><strong><u>N\u00ba 391\/16:<\/u><\/strong> &#8211; D.E. \u2013 Proyecto de Ordenanza: Autoriza al D.E. a otorgar la tenencia precaria de inmuebles en la ciudad de Tornquist y Saldungaray.&#8212;&#8212;<br \/>\n#<strong><u>Expte. <\/u><\/strong><strong><u>N\u00ba 394\/16:<\/u><\/strong> &#8211; Turismo \u2013 Proyecto de Ordenanza: Alojamientos Tur\u00edsticos \u2013 Distrito de Tornquist.&#8212;&#8212;&#8212;&#8212;&#8212;&#8212;&#8212;&#8212;&#8212;&#8212;&#8212;&#8212;&#8212;&#8212;&#8212;&#8212;&#8212;&#8212;&#8212;&#8212;&#8211;<br \/>\n#<strong><u>Expte. <\/u><\/strong><strong><u>N\u00ba 6890\/16:<\/u><\/strong> &#8211; Bloques F.P.C. y S., Cambiemos Bs. As. y Corriente Renovadora- Proyecto de Ordenanza: Deroga la Ord. 15\/64 y crea el Bolet\u00edn Oficial Municipal.&#8212;&#8212;&#8212;&#8212;&#8212;&#8212;&#8212;&#8212;&#8212;&#8212;&#8212;&#8212;&#8212;&#8212;&#8212;&#8212;&#8212;&#8212;&#8212;&#8212;&#8212;&#8212;&#8212;&#8212;&#8212;&#8212;&#8212;&#8212;<br \/>\n#<strong><u>Expte. <\/u><\/strong><strong><u>N\u00ba 6902\/16:<\/u><\/strong> &#8211; N.P.- Asociaci\u00f3n de Prestadores Tur\u00edsticos de Villa Ventana: Ref. contramano de la primera cuadra de la calle Tres Picos de Villa Ventana.&#8212;&#8212;&#8212;&#8212;&#8212;&#8212;&#8212;&#8212;&#8212;&#8212;&#8212;&#8212;&#8212;&#8212;&#8212;&#8212;&#8212;&#8212;&#8212;&#8212;&#8212;&#8212;&#8212;&#8212;&#8212;&#8212;&#8212;&#8212;&#8212;&#8212;&#8212;&#8211;<br \/>\n#<strong><u>Expte. <\/u><\/strong><strong><u>N\u00ba 6906\/16:<\/u><\/strong> &#8211; Bloque F.P.V. \u2013 Pedido de Informe: Ref. suspensi\u00f3n de la obra de repavimentaci\u00f3n de calles colectoras en Avda. del Libertador Gral. San Mart\u00edn de la localidad de Sierra de la Ventana.&#8212;&#8212;&#8212;&#8212;&#8212;&#8212;&#8212;&#8212;&#8212;&#8212;&#8212;&#8212;&#8212;<br \/>\n#<strong><u>Expte. <\/u><\/strong><strong><u>N\u00ba 6907\/16:<\/u><\/strong> &#8211; H.C.D. \u2013 Proyecto de Ordenanza: Creaci\u00f3n de la Bandera Oficial del Distrito de Tornquist.&#8212;&#8212;&#8212;&#8212;&#8212;&#8212;&#8212;&#8212;&#8212;&#8212;&#8212;&#8212;&#8212;&#8212;&#8212;&#8212;&#8212;&#8211;<br \/>\n#<strong><u>Expte. <\/u><\/strong><strong><u>N\u00ba 6908\/16:<\/u><\/strong> &#8211; Bloques F.P.C. y S., Cambiemos Bs. As. y Corriente Renovadora: Ref. uso del agua (Deroga Ordenanza N\u00ba 2722\/14).&#8212;&#8212;&#8212;&#8212;&#8212;&#8212;&#8211;<br \/>\n#<strong><u>Expte. <\/u><\/strong><strong><u>N\u00ba 6909\/16:<\/u><\/strong> &#8211; Bloque F.P.C. y S., Cambiemos Bs. As. y Corriente Renovadora \u2013 Proyecto de Ordenanza: Declara al Distrito de Tornquist libre de toda exploraci\u00f3n o explotaci\u00f3n no convencional de hidrocarburos a trav\u00e9s de las t\u00e9cnica de fractura hidr\u00e1ulica (Fracking) o gasificaci\u00f3n subterr\u00e1nea\u00a0 del carb\u00f3n (UCG). (Deroga Ordenanza N\u00ba 2599\/13).&#8212;&#8212;&#8212;&#8212;&#8212;&#8212;&#8212;&#8212;&#8212;&#8212;&#8212;&#8212;&#8212;&#8212;&#8212;&#8212;&#8212;-<br \/>\n#<strong><u>Expte. <\/u><\/strong><strong><u>N\u00ba 6910\/16:<\/u><\/strong> &#8211; N.P.- Integrantes de la Mesa Local Contra la Violencia de G\u00e9nero: Solicitan destinar una partida presupuestaria para el a\u00f1o 2017.&#8212;&#8212;&#8212;&#8211;<br \/>\n#<strong><u>Expte. <\/u><\/strong><strong><u>N\u00ba 6911\/16:<\/u><\/strong> &#8211; N.P.- Comisi\u00f3n Directiva Sociedad Germ\u00e1nica de Tornquist: Solicita declarar de Inter\u00e9s Patrimonial Hist\u00f3rica Cultural al edificio de la instituci\u00f3n (Sita en Avda. Belgrano N\u00ba 137).&#8212;&#8212;&#8212;&#8212;&#8212;&#8212;&#8212;&#8212;&#8212;&#8212;&#8212;&#8212;&#8212;&#8212;&#8212;-<br \/>\n<strong>4.- Proyectos Presentados.<\/strong>&#8212;&#8212;&#8212;&#8212;&#8212;&#8212;&#8212;&#8212;&#8212;&#8212;&#8212;&#8212;&#8212;&#8212;&#8212;&#8212;&#8212;&#8212;&#8212;&#8212;&#8212;&#8212;&#8211;<br \/>\n<strong>5.- Asuntos Particulares.<\/strong> &#8212;&#8212;&#8212;&#8212;&#8212;&#8212;&#8212;&#8212;&#8212;&#8212;&#8212;&#8212;&#8212;&#8212;&#8212;&#8212;&#8212;&#8212;&#8212;&#8212;&#8212;&#8212;&#8212;&#8211;<br \/>\n<strong><u>DIA DE LA SESION:<\/u><\/strong> 21 de diciembre de 2016.-<br \/>\n<strong><u>HORA DE COMIENZO:<\/u><\/strong> 20:00 Hs.<\/p>\n<ol>\n<li><strong> Valentina Nyez Gustavo Moroncini<\/strong><\/li>\n<\/ol>\n<p><strong>\u00a0\u00a0\u00a0\u00a0\u00a0 \u00a0\u00a0\u00a0\u00a0Secretaria\u00a0\u00a0\u00a0\u00a0\u00a0\u00a0\u00a0\u00a0\u00a0\u00a0\u00a0\u00a0\u00a0\u00a0\u00a0\u00a0\u00a0\u00a0\u00a0\u00a0\u00a0\u00a0\u00a0\u00a0\u00a0\u00a0\u00a0\u00a0\u00a0\u00a0\u00a0\u00a0\u00a0\u00a0\u00a0\u00a0\u00a0\u00a0\u00a0\u00a0\u00a0\u00a0\u00a0\u00a0\u00a0\u00a0\u00a0\u00a0\u00a0\u00a0\u00a0\u00a0\u00a0\u00a0\u00a0\u00a0\u00a0\u00a0\u00a0\u00a0\u00a0\u00a0\u00a0\u00a0\u00a0\u00a0\u00a0 Presidente<\/strong><br \/>\n<strong>\u00a0\u00a0\u00a0\u00a0\u00a0\u00a0\u00a0\u00a0\u00a0\u00a0\u00a0\u00a0\u00a0\u00a0\u00a0 H.C.D.\u00a0\u00a0\u00a0\u00a0\u00a0\u00a0\u00a0\u00a0\u00a0\u00a0\u00a0\u00a0\u00a0\u00a0\u00a0 \u00a0\u00a0\u00a0\u00a0\u00a0\u00a0\u00a0\u00a0\u00a0\u00a0\u00a0\u00a0\u00a0\u00a0\u00a0\u00a0\u00a0\u00a0\u00a0\u00a0\u00a0\u00a0\u00a0\u00a0\u00a0\u00a0\u00a0\u00a0\u00a0\u00a0\u00a0\u00a0\u00a0\u00a0\u00a0\u00a0\u00a0\u00a0\u00a0\u00a0\u00a0\u00a0\u00a0\u00a0\u00a0\u00a0\u00a0\u00a0\u00a0\u00a0\u00a0\u00a0\u00a0\u00a0\u00a0\u00a0\u00a0\u00a0\u00a0\u00a0H.C.D.<\/strong><br \/>\n&nbsp;<br \/>\n&nbsp;<br \/>\n&nbsp;<br \/>\n&nbsp;<br \/>\n&nbsp;<\/p>\n","protected":false},"excerpt":{"rendered":"<p>El Honorable Concejo Deliberante present\u00f3 la Orden del d\u00eda:<\/p>\n","protected":false},"author":3,"featured_media":0,"comment_status":"closed","ping_status":"open","sticky":false,"template":"","format":"standard","meta":{"footnotes":""},"categories":[28],"tags":[],"class_list":["post-5013","post","type-post","status-publish","format-standard","hentry","category-municipales"],"yoast_head":"<!-- This site is optimized with the Yoast SEO plugin v25.9 - https:\/\/yoast.com\/wordpress\/plugins\/seo\/ -->\n<title>Sesi\u00f3n en el Honorable Concejo Deliberante - Noticias Radio Reflejos<\/title>\n<meta name=\"robots\" content=\"index, follow, max-snippet:-1, max-image-preview:large, max-video-preview:-1\" \/>\n<link rel=\"canonical\" href=\"https:\/\/www.noticiasradioreflejos.com.ar\/2021\/orden-del-dia-del-hcd\/\" \/>\n<meta property=\"og:locale\" content=\"es_ES\" \/>\n<meta property=\"og:type\" content=\"article\" \/>\n<meta property=\"og:title\" content=\"Sesi\u00f3n en el Honorable Concejo Deliberante - Noticias Radio Reflejos\" \/>\n<meta property=\"og:description\" content=\"El Honorable Concejo Deliberante present\u00f3 la Orden del d\u00eda:\" \/>\n<meta property=\"og:url\" content=\"https:\/\/www.noticiasradioreflejos.com.ar\/2021\/orden-del-dia-del-hcd\/\" \/>\n<meta property=\"og:site_name\" content=\"Noticias Radio Reflejos\" \/>\n<meta property=\"article:published_time\" content=\"2016-12-22T02:42:29+00:00\" \/>\n<meta property=\"og:image\" content=\"https:\/\/www.noticiasradioreflejos.com.ar\/2021\/wp-content\/uploads\/2021\/07\/logosol300x200.png\" \/>\n\t<meta property=\"og:image:width\" content=\"300\" \/>\n\t<meta property=\"og:image:height\" content=\"200\" \/>\n\t<meta property=\"og:image:type\" content=\"image\/png\" \/>\n<meta name=\"author\" content=\"Arnaldo Botto\" \/>\n<meta name=\"twitter:card\" content=\"summary_large_image\" \/>\n<script type=\"application\/ld+json\" class=\"yoast-schema-graph\">{\"@context\":\"https:\/\/schema.org\",\"@graph\":[{\"@type\":\"WebPage\",\"@id\":\"https:\/\/www.noticiasradioreflejos.com.ar\/2021\/orden-del-dia-del-hcd\/\",\"url\":\"https:\/\/www.noticiasradioreflejos.com.ar\/2021\/orden-del-dia-del-hcd\/\",\"name\":\"Sesi\u00f3n en el Honorable Concejo Deliberante - Noticias Radio Reflejos\",\"isPartOf\":{\"@id\":\"https:\/\/www.noticiasradioreflejos.com.ar\/2021\/#website\"},\"datePublished\":\"2016-12-22T02:42:29+00:00\",\"author\":{\"@id\":\"https:\/\/www.noticiasradioreflejos.com.ar\/2021\/#\/schema\/person\/ad82545263dcc5ec0996818884fd5fb1\"},\"breadcrumb\":{\"@id\":\"https:\/\/www.noticiasradioreflejos.com.ar\/2021\/orden-del-dia-del-hcd\/#breadcrumb\"},\"inLanguage\":\"es\",\"potentialAction\":[{\"@type\":\"ReadAction\",\"target\":[\"https:\/\/www.noticiasradioreflejos.com.ar\/2021\/orden-del-dia-del-hcd\/\"]}]},{\"@type\":\"BreadcrumbList\",\"@id\":\"https:\/\/www.noticiasradioreflejos.com.ar\/2021\/orden-del-dia-del-hcd\/#breadcrumb\",\"itemListElement\":[{\"@type\":\"ListItem\",\"position\":1,\"name\":\"Portada\",\"item\":\"https:\/\/www.noticiasradioreflejos.com.ar\/2021\/\"},{\"@type\":\"ListItem\",\"position\":2,\"name\":\"Sesi\u00f3n en el Honorable Concejo Deliberante\"}]},{\"@type\":\"WebSite\",\"@id\":\"https:\/\/www.noticiasradioreflejos.com.ar\/2021\/#website\",\"url\":\"https:\/\/www.noticiasradioreflejos.com.ar\/2021\/\",\"name\":\"Noticias Radio Reflejos\",\"description\":\"Las noticias de mi comarca\",\"potentialAction\":[{\"@type\":\"SearchAction\",\"target\":{\"@type\":\"EntryPoint\",\"urlTemplate\":\"https:\/\/www.noticiasradioreflejos.com.ar\/2021\/?s={search_term_string}\"},\"query-input\":{\"@type\":\"PropertyValueSpecification\",\"valueRequired\":true,\"valueName\":\"search_term_string\"}}],\"inLanguage\":\"es\"},{\"@type\":\"Person\",\"@id\":\"https:\/\/www.noticiasradioreflejos.com.ar\/2021\/#\/schema\/person\/ad82545263dcc5ec0996818884fd5fb1\",\"name\":\"Arnaldo Botto\",\"image\":{\"@type\":\"ImageObject\",\"inLanguage\":\"es\",\"@id\":\"https:\/\/www.noticiasradioreflejos.com.ar\/2021\/#\/schema\/person\/image\/\",\"url\":\"https:\/\/secure.gravatar.com\/avatar\/55cb5e37c1efa326397366e6974cb338056df65cb50e7d64d1cf314e87504837?s=96&d=mm&r=g\",\"contentUrl\":\"https:\/\/secure.gravatar.com\/avatar\/55cb5e37c1efa326397366e6974cb338056df65cb50e7d64d1cf314e87504837?s=96&d=mm&r=g\",\"caption\":\"Arnaldo Botto\"},\"url\":\"https:\/\/www.noticiasradioreflejos.com.ar\/2021\/author\/arnaldo\/\"}]}<\/script>\n<!-- \/ Yoast SEO plugin. -->","yoast_head_json":{"title":"Sesi\u00f3n en el Honorable Concejo Deliberante - Noticias Radio Reflejos","robots":{"index":"index","follow":"follow","max-snippet":"max-snippet:-1","max-image-preview":"max-image-preview:large","max-video-preview":"max-video-preview:-1"},"canonical":"https:\/\/www.noticiasradioreflejos.com.ar\/2021\/orden-del-dia-del-hcd\/","og_locale":"es_ES","og_type":"article","og_title":"Sesi\u00f3n en el Honorable Concejo Deliberante - Noticias Radio Reflejos","og_description":"El Honorable Concejo Deliberante present\u00f3 la Orden del d\u00eda:","og_url":"https:\/\/www.noticiasradioreflejos.com.ar\/2021\/orden-del-dia-del-hcd\/","og_site_name":"Noticias Radio Reflejos","article_published_time":"2016-12-22T02:42:29+00:00","og_image":[{"width":300,"height":200,"url":"https:\/\/www.noticiasradioreflejos.com.ar\/2021\/wp-content\/uploads\/2021\/07\/logosol300x200.png","type":"image\/png"}],"author":"Arnaldo Botto","twitter_card":"summary_large_image","schema":{"@context":"https:\/\/schema.org","@graph":[{"@type":"WebPage","@id":"https:\/\/www.noticiasradioreflejos.com.ar\/2021\/orden-del-dia-del-hcd\/","url":"https:\/\/www.noticiasradioreflejos.com.ar\/2021\/orden-del-dia-del-hcd\/","name":"Sesi\u00f3n en el Honorable Concejo Deliberante - Noticias Radio Reflejos","isPartOf":{"@id":"https:\/\/www.noticiasradioreflejos.com.ar\/2021\/#website"},"datePublished":"2016-12-22T02:42:29+00:00","author":{"@id":"https:\/\/www.noticiasradioreflejos.com.ar\/2021\/#\/schema\/person\/ad82545263dcc5ec0996818884fd5fb1"},"breadcrumb":{"@id":"https:\/\/www.noticiasradioreflejos.com.ar\/2021\/orden-del-dia-del-hcd\/#breadcrumb"},"inLanguage":"es","potentialAction":[{"@type":"ReadAction","target":["https:\/\/www.noticiasradioreflejos.com.ar\/2021\/orden-del-dia-del-hcd\/"]}]},{"@type":"BreadcrumbList","@id":"https:\/\/www.noticiasradioreflejos.com.ar\/2021\/orden-del-dia-del-hcd\/#breadcrumb","itemListElement":[{"@type":"ListItem","position":1,"name":"Portada","item":"https:\/\/www.noticiasradioreflejos.com.ar\/2021\/"},{"@type":"ListItem","position":2,"name":"Sesi\u00f3n en el Honorable Concejo Deliberante"}]},{"@type":"WebSite","@id":"https:\/\/www.noticiasradioreflejos.com.ar\/2021\/#website","url":"https:\/\/www.noticiasradioreflejos.com.ar\/2021\/","name":"Noticias Radio Reflejos","description":"Las noticias de mi comarca","potentialAction":[{"@type":"SearchAction","target":{"@type":"EntryPoint","urlTemplate":"https:\/\/www.noticiasradioreflejos.com.ar\/2021\/?s={search_term_string}"},"query-input":{"@type":"PropertyValueSpecification","valueRequired":true,"valueName":"search_term_string"}}],"inLanguage":"es"},{"@type":"Person","@id":"https:\/\/www.noticiasradioreflejos.com.ar\/2021\/#\/schema\/person\/ad82545263dcc5ec0996818884fd5fb1","name":"Arnaldo Botto","image":{"@type":"ImageObject","inLanguage":"es","@id":"https:\/\/www.noticiasradioreflejos.com.ar\/2021\/#\/schema\/person\/image\/","url":"https:\/\/secure.gravatar.com\/avatar\/55cb5e37c1efa326397366e6974cb338056df65cb50e7d64d1cf314e87504837?s=96&d=mm&r=g","contentUrl":"https:\/\/secure.gravatar.com\/avatar\/55cb5e37c1efa326397366e6974cb338056df65cb50e7d64d1cf314e87504837?s=96&d=mm&r=g","caption":"Arnaldo Botto"},"url":"https:\/\/www.noticiasradioreflejos.com.ar\/2021\/author\/arnaldo\/"}]}},"_links":{"self":[{"href":"https:\/\/www.noticiasradioreflejos.com.ar\/2021\/wp-json\/wp\/v2\/posts\/5013","targetHints":{"allow":["GET"]}}],"collection":[{"href":"https:\/\/www.noticiasradioreflejos.com.ar\/2021\/wp-json\/wp\/v2\/posts"}],"about":[{"href":"https:\/\/www.noticiasradioreflejos.com.ar\/2021\/wp-json\/wp\/v2\/types\/post"}],"author":[{"embeddable":true,"href":"https:\/\/www.noticiasradioreflejos.com.ar\/2021\/wp-json\/wp\/v2\/users\/3"}],"replies":[{"embeddable":true,"href":"https:\/\/www.noticiasradioreflejos.com.ar\/2021\/wp-json\/wp\/v2\/comments?post=5013"}],"version-history":[{"count":0,"href":"https:\/\/www.noticiasradioreflejos.com.ar\/2021\/wp-json\/wp\/v2\/posts\/5013\/revisions"}],"wp:attachment":[{"href":"https:\/\/www.noticiasradioreflejos.com.ar\/2021\/wp-json\/wp\/v2\/media?parent=5013"}],"wp:term":[{"taxonomy":"category","embeddable":true,"href":"https:\/\/www.noticiasradioreflejos.com.ar\/2021\/wp-json\/wp\/v2\/categories?post=5013"},{"taxonomy":"post_tag","embeddable":true,"href":"https:\/\/www.noticiasradioreflejos.com.ar\/2021\/wp-json\/wp\/v2\/tags?post=5013"}],"curies":[{"name":"wp","href":"https:\/\/api.w.org\/{rel}","templated":true}]}}