{"id":50112,"date":"2020-12-09T20:28:44","date_gmt":"2020-12-09T23:28:44","guid":{"rendered":"http:\/\/www.noticiasradioreflejos.com.ar\/noticias\/?p=50112"},"modified":"2020-12-09T20:28:44","modified_gmt":"2020-12-09T23:28:44","slug":"en-busca-de-fantasmas-espectros-y-apariciones-el-equipo-de-fenomenos-visito-el-ex-club-hotel-de-villa-ventana","status":"publish","type":"post","link":"https:\/\/www.noticiasradioreflejos.com.ar\/2021\/en-busca-de-fantasmas-espectros-y-apariciones-el-equipo-de-fenomenos-visito-el-ex-club-hotel-de-villa-ventana\/","title":{"rendered":"En busca de fantasmas, espectros y apariciones, el equipo de \u00abFen\u00f3menos\u00bb visit\u00f3 el Ex Club Hotel de Villa Ventana."},"content":{"rendered":"<p><strong><a title=\"2020-12-09_06-35-38\" href=\"http:\/\/live.staticflickr.com\/65535\/50700250142_62374563bf_s.jpg\" rel=\"\"><img loading=\"lazy\" decoding=\"async\" class=\"alignleft\" style=\"float: left;\" title=\"2020-12-09_06-35-38\" src=\"http:\/\/live.staticflickr.com\/65535\/50700250142_62374563bf.jpg\" alt=\"2020-12-09_06-35-38\" width=\"500\" height=\"281\" \/><\/a>Horacio Mendoza<\/strong>, despu\u00e9s de haber guiado al equipo de filmaci\u00f3n de \u00abFen\u00f3menos\u00bb de TN en las ruinas del Ex Club Hotel en busca de espectros fantasmas y apariciones, conversa con nosotros para desarrollarnos la experiencia. Adem\u00e1s, nos cuenta c\u00f3mo les fue el fin de semana largo pasado desde El Belisario y qu\u00e9 visi\u00f3n tiene acerca del rebrote del virus en nuestro pa\u00eds.<!--more--><\/p>\n<p>\u00abMe pareci\u00f3 que estuvo muy bien hecho. Mucha gente despu\u00e9s de eso me empez\u00f3 a preguntar si se hac\u00eda la excursi\u00f3n de noche. Por ahora no se hace, pero voy a charlarlo con la gente de turismo a ver si se puede hacer algo. Esa promoci\u00f3n de hacerlo de noche me pareci\u00f3 excelente\u00bb opin\u00f3 el gu\u00eda tur\u00edstico al comenzar la nota. \u00abLo que llam\u00f3 m\u00e1s la atenci\u00f3n eran las estrellas, c\u00f3mo se ve\u00edan\u00bb agreg\u00f3.<\/p>\n<p><a title=\"2020-12-09_06-35-53\" href=\"http:\/\/live.staticflickr.com\/65535\/50700251102_c1652c5015_s.jpg\" rel=\"\"><img loading=\"lazy\" decoding=\"async\" class=\"aligncenter\" title=\"2020-12-09_06-35-53\" src=\"http:\/\/live.staticflickr.com\/65535\/50700251102_c1652c5015_c.jpg\" alt=\"2020-12-09_06-35-53\" width=\"800\" height=\"600\" \/><\/a><\/p>\n<p>Horacio comenta que fue preparado para contarles la historia del Ex Club Hotel, aunque los periodistas estaban interesados en saber historias paranormales. \u00abSi bien yo ten\u00eda un par, de haber sabido habr\u00eda preparado algunas m\u00e1s que son espectaculares para contar\u00bb.<\/p>\n<p>Por otro lado, Horacio tambi\u00e9n estuvo coment\u00e1ndonos c\u00f3mo fue que pasaron el fin de semana largo desde las excursiones tur\u00edsticas de El Belisario. \u00abNo fue el mejor fin de semana de todos, pero bien. Todav\u00eda hay algunas actividades a las que la gente les escapa porque son en grupo, como la del cami\u00f3n\u00bb.<\/p>\n<p>\u00abMayormente la gente viene a nosotros por las recomendaciones que reciben en las caba\u00f1as\u00bb mencion\u00f3 Horacio al resaltar la solidaridad entre prestadores de servicios tur\u00edsticos.<\/p>\n<p><a title=\"2020-12-09_06-35-16\" href=\"http:\/\/live.staticflickr.com\/65535\/50700167846_6690768d47_s.jpg\" rel=\"\"><img loading=\"lazy\" decoding=\"async\" class=\"aligncenter\" title=\"2020-12-09_06-35-16\" src=\"http:\/\/live.staticflickr.com\/65535\/50700167846_6690768d47_c.jpg\" alt=\"2020-12-09_06-35-16\" width=\"800\" height=\"600\" \/><\/a><\/p>\n<p>Horacio comenta que hoy, luego de pasado el fin de semana largo, se siguen visualizando turistas en las calles de Villa Ventana.<\/p>\n<p>Desde El Belisario, est\u00e1n abiertas las actividades todos los d\u00edas. \u00abEstamos viendo si ponemos algunas actividades m\u00e1s y otros horarios\u00bb.<\/p>\n<p>Con respecto a los protocolos, Horacio cuenta que los cumplen satisfactoriamente. \u00abSiempre le explicamos a la gente que se tiene que mantener distanciada y con el barbijo puesto. Aunque, a veces, nos separamos un poco m\u00e1s de 3 metros y les permitimos a algunos retirarse un poco los barbijos porque hay gente que se asfixia. A mi, explicando la historia del Ex Club Hotel tambi\u00e9n me falta el aire. Aunque el lugar es muy extenso y nunca trabajo con m\u00e1s de 15 personas\u00bb agreg\u00f3.<\/p>\n<p><a title=\"2020-12-09_06-35-06\" href=\"http:\/\/live.staticflickr.com\/65535\/50700248387_b0a8a30c17_s.jpg\" rel=\"\"><img loading=\"lazy\" decoding=\"async\" class=\"aligncenter\" title=\"2020-12-09_06-35-06\" src=\"http:\/\/live.staticflickr.com\/65535\/50700248387_b0a8a30c17_c.jpg\" alt=\"2020-12-09_06-35-06\" width=\"800\" height=\"600\" \/><\/a><\/p>\n<p>Finalmente, Horacio dio su opini\u00f3n con respecto al posible rebrote luego del verano: \u00abTodos se cuidan. Usan el barbijo, se lavan las manos, tenemos alcohol en gel. Me pareci\u00f3 que la gente en la calle tambi\u00e9n se cuidaba bastante. A la mayor\u00eda los vi cuid\u00e1ndose\u00bb.<\/p>\n<p>Nota completa a continuaci\u00f3n:<br \/>\n<iframe loading=\"lazy\" src=\"https:\/\/w.soundcloud.com\/player\/?url=https%3A\/\/api.soundcloud.com\/tracks\/944331493&amp;color=%23ff5500&amp;auto_play=false&amp;hide_related=false&amp;show_comments=true&amp;show_user=true&amp;show_reposts=false&amp;show_teaser=true\" width=\"100%\" height=\"166\" frameborder=\"no\" scrolling=\"no\"><\/iframe><\/p>\n<div style=\"font-size: 10px; color: #cccccc; line-break: anywhere; word-break: normal; overflow: hidden; white-space: nowrap; text-overflow: ellipsis; font-family: Interstate,Lucida Grande,Lucida Sans Unicode,Lucida Sans,Garuda,Verdana,Tahoma,sans-serif; font-weight: 100;\"><a style=\"color: #cccccc; text-decoration: none;\" title=\"fmreflejos 103.7\" href=\"https:\/\/soundcloud.com\/fmreflejos-103-7\" target=\"_blank\" rel=\"noopener\">fmreflejos 103.7<\/a> \u00b7 <a style=\"color: #cccccc; text-decoration: none;\" title=\"Nota Horacio Mendoza\" href=\"https:\/\/soundcloud.com\/fmreflejos-103-7\/nota-horacio-mendoza\" target=\"_blank\" rel=\"noopener\">Nota Horacio Mendoza<\/a><\/div>\n<div style=\"font-size: 10px; color: #cccccc; line-break: anywhere; word-break: normal; overflow: hidden; white-space: nowrap; text-overflow: ellipsis; font-family: Interstate,Lucida Grande,Lucida Sans Unicode,Lucida Sans,Garuda,Verdana,Tahoma,sans-serif; font-weight: 100;\"><\/div>\n<div style=\"font-size: 10px; color: #cccccc; line-break: anywhere; word-break: normal; overflow: hidden; white-space: nowrap; text-overflow: ellipsis; font-family: Interstate,Lucida Grande,Lucida Sans Unicode,Lucida Sans,Garuda,Verdana,Tahoma,sans-serif; font-weight: 100;\"><a title=\"2020-12-09_06-35-27\" href=\"http:\/\/live.staticflickr.com\/65535\/50699421188_242896ecd9_s.jpg\" rel=\"\"><img loading=\"lazy\" decoding=\"async\" class=\"aligncenter\" title=\"2020-12-09_06-35-27\" src=\"http:\/\/live.staticflickr.com\/65535\/50699421188_242896ecd9_c.jpg\" alt=\"2020-12-09_06-35-27\" width=\"800\" height=\"600\" \/><\/a><\/div>\n","protected":false},"excerpt":{"rendered":"<p>Horacio Mendoza, despu\u00e9s de haber guiado al equipo de filmaci\u00f3n de \u00abFen\u00f3menos\u00bb de TN en las ruinas del Ex Club Hotel en busca de espectros fantasmas y apariciones, conversa con nosotros para desarrollarnos la experiencia. Adem\u00e1s, nos cuenta c\u00f3mo les fue el fin de semana largo pasado desde El Belisario y qu\u00e9 visi\u00f3n tiene acerca [&hellip;]<\/p>\n","protected":false},"author":3,"featured_media":0,"comment_status":"closed","ping_status":"open","sticky":false,"template":"","format":"standard","meta":{"footnotes":""},"categories":[26,33],"tags":[],"class_list":["post-50112","post","type-post","status-publish","format-standard","hentry","category-sociedad","category-turismo"],"yoast_head":"<!-- This site is optimized with the Yoast SEO plugin v25.9 - https:\/\/yoast.com\/wordpress\/plugins\/seo\/ -->\n<title>En busca de fantasmas, espectros y apariciones, el equipo de &quot;Fen\u00f3menos&quot; visit\u00f3 el Ex Club Hotel de Villa Ventana. - Noticias Radio Reflejos<\/title>\n<meta name=\"robots\" content=\"index, follow, max-snippet:-1, max-image-preview:large, max-video-preview:-1\" \/>\n<link rel=\"canonical\" href=\"https:\/\/www.noticiasradioreflejos.com.ar\/2021\/en-busca-de-fantasmas-espectros-y-apariciones-el-equipo-de-fenomenos-visito-el-ex-club-hotel-de-villa-ventana\/\" \/>\n<meta property=\"og:locale\" content=\"es_ES\" \/>\n<meta property=\"og:type\" content=\"article\" \/>\n<meta property=\"og:title\" content=\"En busca de fantasmas, espectros y apariciones, el equipo de &quot;Fen\u00f3menos&quot; visit\u00f3 el Ex Club Hotel de Villa Ventana. - Noticias Radio Reflejos\" \/>\n<meta property=\"og:description\" content=\"Horacio Mendoza, despu\u00e9s de haber guiado al equipo de filmaci\u00f3n de \u00abFen\u00f3menos\u00bb de TN en las ruinas del Ex Club Hotel en busca de espectros fantasmas y apariciones, conversa con nosotros para desarrollarnos la experiencia. Adem\u00e1s, nos cuenta c\u00f3mo les fue el fin de semana largo pasado desde El Belisario y qu\u00e9 visi\u00f3n tiene acerca [&hellip;]\" \/>\n<meta property=\"og:url\" content=\"https:\/\/www.noticiasradioreflejos.com.ar\/2021\/en-busca-de-fantasmas-espectros-y-apariciones-el-equipo-de-fenomenos-visito-el-ex-club-hotel-de-villa-ventana\/\" \/>\n<meta property=\"og:site_name\" content=\"Noticias Radio Reflejos\" \/>\n<meta property=\"article:published_time\" content=\"2020-12-09T23:28:44+00:00\" \/>\n<meta property=\"og:image\" content=\"http:\/\/live.staticflickr.com\/65535\/50700250142_62374563bf.jpg\" \/>\n<meta name=\"author\" content=\"Arnaldo Botto\" \/>\n<meta name=\"twitter:card\" content=\"summary_large_image\" \/>\n<script type=\"application\/ld+json\" class=\"yoast-schema-graph\">{\"@context\":\"https:\/\/schema.org\",\"@graph\":[{\"@type\":\"WebPage\",\"@id\":\"https:\/\/www.noticiasradioreflejos.com.ar\/2021\/en-busca-de-fantasmas-espectros-y-apariciones-el-equipo-de-fenomenos-visito-el-ex-club-hotel-de-villa-ventana\/\",\"url\":\"https:\/\/www.noticiasradioreflejos.com.ar\/2021\/en-busca-de-fantasmas-espectros-y-apariciones-el-equipo-de-fenomenos-visito-el-ex-club-hotel-de-villa-ventana\/\",\"name\":\"En busca de fantasmas, espectros y apariciones, el equipo de \\\"Fen\u00f3menos\\\" visit\u00f3 el Ex Club Hotel de Villa Ventana. - Noticias Radio Reflejos\",\"isPartOf\":{\"@id\":\"https:\/\/www.noticiasradioreflejos.com.ar\/2021\/#website\"},\"primaryImageOfPage\":{\"@id\":\"https:\/\/www.noticiasradioreflejos.com.ar\/2021\/en-busca-de-fantasmas-espectros-y-apariciones-el-equipo-de-fenomenos-visito-el-ex-club-hotel-de-villa-ventana\/#primaryimage\"},\"image\":{\"@id\":\"https:\/\/www.noticiasradioreflejos.com.ar\/2021\/en-busca-de-fantasmas-espectros-y-apariciones-el-equipo-de-fenomenos-visito-el-ex-club-hotel-de-villa-ventana\/#primaryimage\"},\"thumbnailUrl\":\"http:\/\/live.staticflickr.com\/65535\/50700250142_62374563bf.jpg\",\"datePublished\":\"2020-12-09T23:28:44+00:00\",\"author\":{\"@id\":\"https:\/\/www.noticiasradioreflejos.com.ar\/2021\/#\/schema\/person\/ad82545263dcc5ec0996818884fd5fb1\"},\"breadcrumb\":{\"@id\":\"https:\/\/www.noticiasradioreflejos.com.ar\/2021\/en-busca-de-fantasmas-espectros-y-apariciones-el-equipo-de-fenomenos-visito-el-ex-club-hotel-de-villa-ventana\/#breadcrumb\"},\"inLanguage\":\"es\",\"potentialAction\":[{\"@type\":\"ReadAction\",\"target\":[\"https:\/\/www.noticiasradioreflejos.com.ar\/2021\/en-busca-de-fantasmas-espectros-y-apariciones-el-equipo-de-fenomenos-visito-el-ex-club-hotel-de-villa-ventana\/\"]}]},{\"@type\":\"ImageObject\",\"inLanguage\":\"es\",\"@id\":\"https:\/\/www.noticiasradioreflejos.com.ar\/2021\/en-busca-de-fantasmas-espectros-y-apariciones-el-equipo-de-fenomenos-visito-el-ex-club-hotel-de-villa-ventana\/#primaryimage\",\"url\":\"http:\/\/live.staticflickr.com\/65535\/50700250142_62374563bf.jpg\",\"contentUrl\":\"http:\/\/live.staticflickr.com\/65535\/50700250142_62374563bf.jpg\"},{\"@type\":\"BreadcrumbList\",\"@id\":\"https:\/\/www.noticiasradioreflejos.com.ar\/2021\/en-busca-de-fantasmas-espectros-y-apariciones-el-equipo-de-fenomenos-visito-el-ex-club-hotel-de-villa-ventana\/#breadcrumb\",\"itemListElement\":[{\"@type\":\"ListItem\",\"position\":1,\"name\":\"Portada\",\"item\":\"https:\/\/www.noticiasradioreflejos.com.ar\/2021\/\"},{\"@type\":\"ListItem\",\"position\":2,\"name\":\"En busca de fantasmas, espectros y apariciones, el equipo de \u00abFen\u00f3menos\u00bb visit\u00f3 el Ex Club Hotel de Villa Ventana.\"}]},{\"@type\":\"WebSite\",\"@id\":\"https:\/\/www.noticiasradioreflejos.com.ar\/2021\/#website\",\"url\":\"https:\/\/www.noticiasradioreflejos.com.ar\/2021\/\",\"name\":\"Noticias Radio Reflejos\",\"description\":\"Las noticias de mi comarca\",\"potentialAction\":[{\"@type\":\"SearchAction\",\"target\":{\"@type\":\"EntryPoint\",\"urlTemplate\":\"https:\/\/www.noticiasradioreflejos.com.ar\/2021\/?s={search_term_string}\"},\"query-input\":{\"@type\":\"PropertyValueSpecification\",\"valueRequired\":true,\"valueName\":\"search_term_string\"}}],\"inLanguage\":\"es\"},{\"@type\":\"Person\",\"@id\":\"https:\/\/www.noticiasradioreflejos.com.ar\/2021\/#\/schema\/person\/ad82545263dcc5ec0996818884fd5fb1\",\"name\":\"Arnaldo Botto\",\"image\":{\"@type\":\"ImageObject\",\"inLanguage\":\"es\",\"@id\":\"https:\/\/www.noticiasradioreflejos.com.ar\/2021\/#\/schema\/person\/image\/\",\"url\":\"https:\/\/secure.gravatar.com\/avatar\/55cb5e37c1efa326397366e6974cb338056df65cb50e7d64d1cf314e87504837?s=96&d=mm&r=g\",\"contentUrl\":\"https:\/\/secure.gravatar.com\/avatar\/55cb5e37c1efa326397366e6974cb338056df65cb50e7d64d1cf314e87504837?s=96&d=mm&r=g\",\"caption\":\"Arnaldo Botto\"},\"url\":\"https:\/\/www.noticiasradioreflejos.com.ar\/2021\/author\/arnaldo\/\"}]}<\/script>\n<!-- \/ Yoast SEO plugin. -->","yoast_head_json":{"title":"En busca de fantasmas, espectros y apariciones, el equipo de \"Fen\u00f3menos\" visit\u00f3 el Ex Club Hotel de Villa Ventana. - Noticias Radio Reflejos","robots":{"index":"index","follow":"follow","max-snippet":"max-snippet:-1","max-image-preview":"max-image-preview:large","max-video-preview":"max-video-preview:-1"},"canonical":"https:\/\/www.noticiasradioreflejos.com.ar\/2021\/en-busca-de-fantasmas-espectros-y-apariciones-el-equipo-de-fenomenos-visito-el-ex-club-hotel-de-villa-ventana\/","og_locale":"es_ES","og_type":"article","og_title":"En busca de fantasmas, espectros y apariciones, el equipo de \"Fen\u00f3menos\" visit\u00f3 el Ex Club Hotel de Villa Ventana. - Noticias Radio Reflejos","og_description":"Horacio Mendoza, despu\u00e9s de haber guiado al equipo de filmaci\u00f3n de \u00abFen\u00f3menos\u00bb de TN en las ruinas del Ex Club Hotel en busca de espectros fantasmas y apariciones, conversa con nosotros para desarrollarnos la experiencia. Adem\u00e1s, nos cuenta c\u00f3mo les fue el fin de semana largo pasado desde El Belisario y qu\u00e9 visi\u00f3n tiene acerca [&hellip;]","og_url":"https:\/\/www.noticiasradioreflejos.com.ar\/2021\/en-busca-de-fantasmas-espectros-y-apariciones-el-equipo-de-fenomenos-visito-el-ex-club-hotel-de-villa-ventana\/","og_site_name":"Noticias Radio Reflejos","article_published_time":"2020-12-09T23:28:44+00:00","og_image":[{"url":"http:\/\/live.staticflickr.com\/65535\/50700250142_62374563bf.jpg","type":"","width":"","height":""}],"author":"Arnaldo Botto","twitter_card":"summary_large_image","schema":{"@context":"https:\/\/schema.org","@graph":[{"@type":"WebPage","@id":"https:\/\/www.noticiasradioreflejos.com.ar\/2021\/en-busca-de-fantasmas-espectros-y-apariciones-el-equipo-de-fenomenos-visito-el-ex-club-hotel-de-villa-ventana\/","url":"https:\/\/www.noticiasradioreflejos.com.ar\/2021\/en-busca-de-fantasmas-espectros-y-apariciones-el-equipo-de-fenomenos-visito-el-ex-club-hotel-de-villa-ventana\/","name":"En busca de fantasmas, espectros y apariciones, el equipo de \"Fen\u00f3menos\" visit\u00f3 el Ex Club Hotel de Villa Ventana. - Noticias Radio Reflejos","isPartOf":{"@id":"https:\/\/www.noticiasradioreflejos.com.ar\/2021\/#website"},"primaryImageOfPage":{"@id":"https:\/\/www.noticiasradioreflejos.com.ar\/2021\/en-busca-de-fantasmas-espectros-y-apariciones-el-equipo-de-fenomenos-visito-el-ex-club-hotel-de-villa-ventana\/#primaryimage"},"image":{"@id":"https:\/\/www.noticiasradioreflejos.com.ar\/2021\/en-busca-de-fantasmas-espectros-y-apariciones-el-equipo-de-fenomenos-visito-el-ex-club-hotel-de-villa-ventana\/#primaryimage"},"thumbnailUrl":"http:\/\/live.staticflickr.com\/65535\/50700250142_62374563bf.jpg","datePublished":"2020-12-09T23:28:44+00:00","author":{"@id":"https:\/\/www.noticiasradioreflejos.com.ar\/2021\/#\/schema\/person\/ad82545263dcc5ec0996818884fd5fb1"},"breadcrumb":{"@id":"https:\/\/www.noticiasradioreflejos.com.ar\/2021\/en-busca-de-fantasmas-espectros-y-apariciones-el-equipo-de-fenomenos-visito-el-ex-club-hotel-de-villa-ventana\/#breadcrumb"},"inLanguage":"es","potentialAction":[{"@type":"ReadAction","target":["https:\/\/www.noticiasradioreflejos.com.ar\/2021\/en-busca-de-fantasmas-espectros-y-apariciones-el-equipo-de-fenomenos-visito-el-ex-club-hotel-de-villa-ventana\/"]}]},{"@type":"ImageObject","inLanguage":"es","@id":"https:\/\/www.noticiasradioreflejos.com.ar\/2021\/en-busca-de-fantasmas-espectros-y-apariciones-el-equipo-de-fenomenos-visito-el-ex-club-hotel-de-villa-ventana\/#primaryimage","url":"http:\/\/live.staticflickr.com\/65535\/50700250142_62374563bf.jpg","contentUrl":"http:\/\/live.staticflickr.com\/65535\/50700250142_62374563bf.jpg"},{"@type":"BreadcrumbList","@id":"https:\/\/www.noticiasradioreflejos.com.ar\/2021\/en-busca-de-fantasmas-espectros-y-apariciones-el-equipo-de-fenomenos-visito-el-ex-club-hotel-de-villa-ventana\/#breadcrumb","itemListElement":[{"@type":"ListItem","position":1,"name":"Portada","item":"https:\/\/www.noticiasradioreflejos.com.ar\/2021\/"},{"@type":"ListItem","position":2,"name":"En busca de fantasmas, espectros y apariciones, el equipo de \u00abFen\u00f3menos\u00bb visit\u00f3 el Ex Club Hotel de Villa Ventana."}]},{"@type":"WebSite","@id":"https:\/\/www.noticiasradioreflejos.com.ar\/2021\/#website","url":"https:\/\/www.noticiasradioreflejos.com.ar\/2021\/","name":"Noticias Radio Reflejos","description":"Las noticias de mi comarca","potentialAction":[{"@type":"SearchAction","target":{"@type":"EntryPoint","urlTemplate":"https:\/\/www.noticiasradioreflejos.com.ar\/2021\/?s={search_term_string}"},"query-input":{"@type":"PropertyValueSpecification","valueRequired":true,"valueName":"search_term_string"}}],"inLanguage":"es"},{"@type":"Person","@id":"https:\/\/www.noticiasradioreflejos.com.ar\/2021\/#\/schema\/person\/ad82545263dcc5ec0996818884fd5fb1","name":"Arnaldo Botto","image":{"@type":"ImageObject","inLanguage":"es","@id":"https:\/\/www.noticiasradioreflejos.com.ar\/2021\/#\/schema\/person\/image\/","url":"https:\/\/secure.gravatar.com\/avatar\/55cb5e37c1efa326397366e6974cb338056df65cb50e7d64d1cf314e87504837?s=96&d=mm&r=g","contentUrl":"https:\/\/secure.gravatar.com\/avatar\/55cb5e37c1efa326397366e6974cb338056df65cb50e7d64d1cf314e87504837?s=96&d=mm&r=g","caption":"Arnaldo Botto"},"url":"https:\/\/www.noticiasradioreflejos.com.ar\/2021\/author\/arnaldo\/"}]}},"_links":{"self":[{"href":"https:\/\/www.noticiasradioreflejos.com.ar\/2021\/wp-json\/wp\/v2\/posts\/50112","targetHints":{"allow":["GET"]}}],"collection":[{"href":"https:\/\/www.noticiasradioreflejos.com.ar\/2021\/wp-json\/wp\/v2\/posts"}],"about":[{"href":"https:\/\/www.noticiasradioreflejos.com.ar\/2021\/wp-json\/wp\/v2\/types\/post"}],"author":[{"embeddable":true,"href":"https:\/\/www.noticiasradioreflejos.com.ar\/2021\/wp-json\/wp\/v2\/users\/3"}],"replies":[{"embeddable":true,"href":"https:\/\/www.noticiasradioreflejos.com.ar\/2021\/wp-json\/wp\/v2\/comments?post=50112"}],"version-history":[{"count":0,"href":"https:\/\/www.noticiasradioreflejos.com.ar\/2021\/wp-json\/wp\/v2\/posts\/50112\/revisions"}],"wp:attachment":[{"href":"https:\/\/www.noticiasradioreflejos.com.ar\/2021\/wp-json\/wp\/v2\/media?parent=50112"}],"wp:term":[{"taxonomy":"category","embeddable":true,"href":"https:\/\/www.noticiasradioreflejos.com.ar\/2021\/wp-json\/wp\/v2\/categories?post=50112"},{"taxonomy":"post_tag","embeddable":true,"href":"https:\/\/www.noticiasradioreflejos.com.ar\/2021\/wp-json\/wp\/v2\/tags?post=50112"}],"curies":[{"name":"wp","href":"https:\/\/api.w.org\/{rel}","templated":true}]}}