{"id":50108,"date":"2020-12-09T15:08:13","date_gmt":"2020-12-09T18:08:13","guid":{"rendered":"http:\/\/www.noticiasradioreflejos.com.ar\/noticias\/?p=50108"},"modified":"2020-12-09T15:08:13","modified_gmt":"2020-12-09T18:08:13","slug":"comenzamos-a-notar-que-habia-extracciones-con-maquinaria-pesada-de-material-del-cauce-lucas-schamun","status":"publish","type":"post","link":"https:\/\/www.noticiasradioreflejos.com.ar\/2021\/comenzamos-a-notar-que-habia-extracciones-con-maquinaria-pesada-de-material-del-cauce-lucas-schamun\/","title":{"rendered":"\u00abComenzamos a notar que hab\u00eda extracciones con maquinaria pesada de material del cauce\u00bb &#8211;  Lucas Schamun"},"content":{"rendered":"<p>Vecinos de <strong>Villa La Arcadia<\/strong> presentan quejas por destrucci\u00f3n de un balneario sobre el arroyo El Negro. <strong>Lucas Schamun<\/strong>, uno de los vecinos involucrados, utiliza el espacio de la radio para presentar su demanda.<!--more--><\/p>\n<p>\u00abDesde la semana pasada se empezaron a ver movimientos de maquinaria pesada en la zona. Como el arroyo habitualmente lo recorremos, comenzamos a notar que hab\u00eda extracciones con maquinaria pesada de material del cauce\u00bb explic\u00f3 Lucas lo sucedido.<\/p>\n<p>Expres\u00f3 que esta situaci\u00f3n moviliz\u00f3 a todos de manera espont\u00e1nea. \u00abNos dirigimos a la delegaci\u00f3n a manifestar nuestra preocupaci\u00f3n\u00bb coment\u00f3. Por suerte, lo manifestado cobr\u00f3 una dimensi\u00f3n colectiva.<\/p>\n<p>\u00abEso sigue pasando como si nada\u00bb transmiti\u00f3 Lucas preocupado.<\/p>\n<p>Desde la delegaci\u00f3n, est\u00e1n enterados desde el primer momento de manera verbal. Aunque luego se formaliz\u00f3 la denuncia por escrito.<\/p>\n<p>Lucas coment\u00f3 que tambi\u00e9n se contactaron con especialistas para ser guiados en lo que hay que hacer en estos casos. \u00abEl da\u00f1o que pueden causar con este tipo de dragado es irreparable\u00bb continu\u00f3.<\/p>\n<p>\u00abEl motivo de esta movilizaci\u00f3n es el da\u00f1o ecol\u00f3gico que se est\u00e1 generando. No pueden seguir da\u00f1ando el ecosistema y privando a los vecinos de acceder a los espacios. Queremos que den explicaciones de por qu\u00e9 est\u00e1n haciendo eso porque est\u00e1 prohibido\u00bb expres\u00f3 fuertemente.<\/p>\n<p>\u00abAgradecemos por difundir y tratar estos temas. Debemos cambiar la mirada con el ambiente, nos afecta a todos\u00bb es el mensaje final que deja Lucas para los escuchantes de la radio.<\/p>\n<p>Nota completa a continuaci\u00f3n:<br \/>\n<iframe loading=\"lazy\" src=\"https:\/\/w.soundcloud.com\/player\/?url=https%3A\/\/api.soundcloud.com\/tracks\/944329612&amp;color=%23ff5500&amp;auto_play=false&amp;hide_related=false&amp;show_comments=true&amp;show_user=true&amp;show_reposts=false&amp;show_teaser=true\" width=\"100%\" height=\"166\" frameborder=\"no\" scrolling=\"no\"><\/iframe><\/p>\n<div style=\"font-size: 10px; color: #cccccc; line-break: anywhere; word-break: normal; overflow: hidden; white-space: nowrap; text-overflow: ellipsis; font-family: Interstate,Lucida Grande,Lucida Sans Unicode,Lucida Sans,Garuda,Verdana,Tahoma,sans-serif; font-weight: 100;\"><a style=\"color: #cccccc; text-decoration: none;\" title=\"fmreflejos 103.7\" href=\"https:\/\/soundcloud.com\/fmreflejos-103-7\" target=\"_blank\" rel=\"noopener\">fmreflejos 103.7<\/a> \u00b7 <a style=\"color: #cccccc; text-decoration: none;\" title=\"Nota Lucas Schamun\" href=\"https:\/\/soundcloud.com\/fmreflejos-103-7\/nota-lucas-schamun\" target=\"_blank\" rel=\"noopener\">Nota Lucas Schamun<\/a><\/div>\n<div class=\"jeg_video_container jeg_video_content\"><iframe loading=\"lazy\" title=\"Movimiento del cauce del Arroyo el Negro\" width=\"500\" height=\"281\" src=\"https:\/\/www.youtube.com\/embed\/EyyxPmF1qW8?feature=oembed\" frameborder=\"0\" allow=\"accelerometer; autoplay; clipboard-write; encrypted-media; gyroscope; picture-in-picture; web-share\" referrerpolicy=\"strict-origin-when-cross-origin\" allowfullscreen><\/iframe><\/div>\n","protected":false},"excerpt":{"rendered":"<p>Vecinos de Villa La Arcadia presentan quejas por destrucci\u00f3n de un balneario sobre el arroyo El Negro. Lucas Schamun, uno de los vecinos involucrados, utiliza el espacio de la radio para presentar su demanda.<\/p>\n","protected":false},"author":3,"featured_media":0,"comment_status":"closed","ping_status":"open","sticky":false,"template":"","format":"standard","meta":{"footnotes":""},"categories":[26],"tags":[],"class_list":["post-50108","post","type-post","status-publish","format-standard","hentry","category-sociedad"],"yoast_head":"<!-- This site is optimized with the Yoast SEO plugin v25.9 - https:\/\/yoast.com\/wordpress\/plugins\/seo\/ -->\n<title>&quot;Comenzamos a notar que hab\u00eda extracciones con maquinaria pesada de material del cauce&quot; - Lucas Schamun - Noticias Radio Reflejos<\/title>\n<meta name=\"robots\" content=\"index, follow, max-snippet:-1, max-image-preview:large, max-video-preview:-1\" \/>\n<link rel=\"canonical\" href=\"https:\/\/www.noticiasradioreflejos.com.ar\/2021\/comenzamos-a-notar-que-habia-extracciones-con-maquinaria-pesada-de-material-del-cauce-lucas-schamun\/\" \/>\n<meta property=\"og:locale\" content=\"es_ES\" \/>\n<meta property=\"og:type\" content=\"article\" \/>\n<meta property=\"og:title\" content=\"&quot;Comenzamos a notar que hab\u00eda extracciones con maquinaria pesada de material del cauce&quot; - Lucas Schamun - Noticias Radio Reflejos\" \/>\n<meta property=\"og:description\" content=\"Vecinos de Villa La Arcadia presentan quejas por destrucci\u00f3n de un balneario sobre el arroyo El Negro. Lucas Schamun, uno de los vecinos involucrados, utiliza el espacio de la radio para presentar su demanda.\" \/>\n<meta property=\"og:url\" content=\"https:\/\/www.noticiasradioreflejos.com.ar\/2021\/comenzamos-a-notar-que-habia-extracciones-con-maquinaria-pesada-de-material-del-cauce-lucas-schamun\/\" \/>\n<meta property=\"og:site_name\" content=\"Noticias Radio Reflejos\" \/>\n<meta property=\"article:published_time\" content=\"2020-12-09T18:08:13+00:00\" \/>\n<meta property=\"og:image\" content=\"https:\/\/www.noticiasradioreflejos.com.ar\/2021\/wp-content\/uploads\/2021\/07\/logosol300x200.png\" \/>\n\t<meta property=\"og:image:width\" content=\"300\" \/>\n\t<meta property=\"og:image:height\" content=\"200\" \/>\n\t<meta property=\"og:image:type\" content=\"image\/png\" \/>\n<meta name=\"author\" content=\"Arnaldo Botto\" \/>\n<meta name=\"twitter:card\" content=\"summary_large_image\" \/>\n<script type=\"application\/ld+json\" class=\"yoast-schema-graph\">{\"@context\":\"https:\/\/schema.org\",\"@graph\":[{\"@type\":\"WebPage\",\"@id\":\"https:\/\/www.noticiasradioreflejos.com.ar\/2021\/comenzamos-a-notar-que-habia-extracciones-con-maquinaria-pesada-de-material-del-cauce-lucas-schamun\/\",\"url\":\"https:\/\/www.noticiasradioreflejos.com.ar\/2021\/comenzamos-a-notar-que-habia-extracciones-con-maquinaria-pesada-de-material-del-cauce-lucas-schamun\/\",\"name\":\"\\\"Comenzamos a notar que hab\u00eda extracciones con maquinaria pesada de material del cauce\\\" - Lucas Schamun - Noticias Radio Reflejos\",\"isPartOf\":{\"@id\":\"https:\/\/www.noticiasradioreflejos.com.ar\/2021\/#website\"},\"datePublished\":\"2020-12-09T18:08:13+00:00\",\"author\":{\"@id\":\"https:\/\/www.noticiasradioreflejos.com.ar\/2021\/#\/schema\/person\/ad82545263dcc5ec0996818884fd5fb1\"},\"breadcrumb\":{\"@id\":\"https:\/\/www.noticiasradioreflejos.com.ar\/2021\/comenzamos-a-notar-que-habia-extracciones-con-maquinaria-pesada-de-material-del-cauce-lucas-schamun\/#breadcrumb\"},\"inLanguage\":\"es\",\"potentialAction\":[{\"@type\":\"ReadAction\",\"target\":[\"https:\/\/www.noticiasradioreflejos.com.ar\/2021\/comenzamos-a-notar-que-habia-extracciones-con-maquinaria-pesada-de-material-del-cauce-lucas-schamun\/\"]}]},{\"@type\":\"BreadcrumbList\",\"@id\":\"https:\/\/www.noticiasradioreflejos.com.ar\/2021\/comenzamos-a-notar-que-habia-extracciones-con-maquinaria-pesada-de-material-del-cauce-lucas-schamun\/#breadcrumb\",\"itemListElement\":[{\"@type\":\"ListItem\",\"position\":1,\"name\":\"Portada\",\"item\":\"https:\/\/www.noticiasradioreflejos.com.ar\/2021\/\"},{\"@type\":\"ListItem\",\"position\":2,\"name\":\"\u00abComenzamos a notar que hab\u00eda extracciones con maquinaria pesada de material del cauce\u00bb &#8211; Lucas Schamun\"}]},{\"@type\":\"WebSite\",\"@id\":\"https:\/\/www.noticiasradioreflejos.com.ar\/2021\/#website\",\"url\":\"https:\/\/www.noticiasradioreflejos.com.ar\/2021\/\",\"name\":\"Noticias Radio Reflejos\",\"description\":\"Las noticias de mi comarca\",\"potentialAction\":[{\"@type\":\"SearchAction\",\"target\":{\"@type\":\"EntryPoint\",\"urlTemplate\":\"https:\/\/www.noticiasradioreflejos.com.ar\/2021\/?s={search_term_string}\"},\"query-input\":{\"@type\":\"PropertyValueSpecification\",\"valueRequired\":true,\"valueName\":\"search_term_string\"}}],\"inLanguage\":\"es\"},{\"@type\":\"Person\",\"@id\":\"https:\/\/www.noticiasradioreflejos.com.ar\/2021\/#\/schema\/person\/ad82545263dcc5ec0996818884fd5fb1\",\"name\":\"Arnaldo Botto\",\"image\":{\"@type\":\"ImageObject\",\"inLanguage\":\"es\",\"@id\":\"https:\/\/www.noticiasradioreflejos.com.ar\/2021\/#\/schema\/person\/image\/\",\"url\":\"https:\/\/secure.gravatar.com\/avatar\/55cb5e37c1efa326397366e6974cb338056df65cb50e7d64d1cf314e87504837?s=96&d=mm&r=g\",\"contentUrl\":\"https:\/\/secure.gravatar.com\/avatar\/55cb5e37c1efa326397366e6974cb338056df65cb50e7d64d1cf314e87504837?s=96&d=mm&r=g\",\"caption\":\"Arnaldo Botto\"},\"url\":\"https:\/\/www.noticiasradioreflejos.com.ar\/2021\/author\/arnaldo\/\"}]}<\/script>\n<!-- \/ Yoast SEO plugin. -->","yoast_head_json":{"title":"\"Comenzamos a notar que hab\u00eda extracciones con maquinaria pesada de material del cauce\" - Lucas Schamun - Noticias Radio Reflejos","robots":{"index":"index","follow":"follow","max-snippet":"max-snippet:-1","max-image-preview":"max-image-preview:large","max-video-preview":"max-video-preview:-1"},"canonical":"https:\/\/www.noticiasradioreflejos.com.ar\/2021\/comenzamos-a-notar-que-habia-extracciones-con-maquinaria-pesada-de-material-del-cauce-lucas-schamun\/","og_locale":"es_ES","og_type":"article","og_title":"\"Comenzamos a notar que hab\u00eda extracciones con maquinaria pesada de material del cauce\" - Lucas Schamun - Noticias Radio Reflejos","og_description":"Vecinos de Villa La Arcadia presentan quejas por destrucci\u00f3n de un balneario sobre el arroyo El Negro. Lucas Schamun, uno de los vecinos involucrados, utiliza el espacio de la radio para presentar su demanda.","og_url":"https:\/\/www.noticiasradioreflejos.com.ar\/2021\/comenzamos-a-notar-que-habia-extracciones-con-maquinaria-pesada-de-material-del-cauce-lucas-schamun\/","og_site_name":"Noticias Radio Reflejos","article_published_time":"2020-12-09T18:08:13+00:00","og_image":[{"width":300,"height":200,"url":"https:\/\/www.noticiasradioreflejos.com.ar\/2021\/wp-content\/uploads\/2021\/07\/logosol300x200.png","type":"image\/png"}],"author":"Arnaldo Botto","twitter_card":"summary_large_image","schema":{"@context":"https:\/\/schema.org","@graph":[{"@type":"WebPage","@id":"https:\/\/www.noticiasradioreflejos.com.ar\/2021\/comenzamos-a-notar-que-habia-extracciones-con-maquinaria-pesada-de-material-del-cauce-lucas-schamun\/","url":"https:\/\/www.noticiasradioreflejos.com.ar\/2021\/comenzamos-a-notar-que-habia-extracciones-con-maquinaria-pesada-de-material-del-cauce-lucas-schamun\/","name":"\"Comenzamos a notar que hab\u00eda extracciones con maquinaria pesada de material del cauce\" - Lucas Schamun - Noticias Radio Reflejos","isPartOf":{"@id":"https:\/\/www.noticiasradioreflejos.com.ar\/2021\/#website"},"datePublished":"2020-12-09T18:08:13+00:00","author":{"@id":"https:\/\/www.noticiasradioreflejos.com.ar\/2021\/#\/schema\/person\/ad82545263dcc5ec0996818884fd5fb1"},"breadcrumb":{"@id":"https:\/\/www.noticiasradioreflejos.com.ar\/2021\/comenzamos-a-notar-que-habia-extracciones-con-maquinaria-pesada-de-material-del-cauce-lucas-schamun\/#breadcrumb"},"inLanguage":"es","potentialAction":[{"@type":"ReadAction","target":["https:\/\/www.noticiasradioreflejos.com.ar\/2021\/comenzamos-a-notar-que-habia-extracciones-con-maquinaria-pesada-de-material-del-cauce-lucas-schamun\/"]}]},{"@type":"BreadcrumbList","@id":"https:\/\/www.noticiasradioreflejos.com.ar\/2021\/comenzamos-a-notar-que-habia-extracciones-con-maquinaria-pesada-de-material-del-cauce-lucas-schamun\/#breadcrumb","itemListElement":[{"@type":"ListItem","position":1,"name":"Portada","item":"https:\/\/www.noticiasradioreflejos.com.ar\/2021\/"},{"@type":"ListItem","position":2,"name":"\u00abComenzamos a notar que hab\u00eda extracciones con maquinaria pesada de material del cauce\u00bb &#8211; Lucas Schamun"}]},{"@type":"WebSite","@id":"https:\/\/www.noticiasradioreflejos.com.ar\/2021\/#website","url":"https:\/\/www.noticiasradioreflejos.com.ar\/2021\/","name":"Noticias Radio Reflejos","description":"Las noticias de mi comarca","potentialAction":[{"@type":"SearchAction","target":{"@type":"EntryPoint","urlTemplate":"https:\/\/www.noticiasradioreflejos.com.ar\/2021\/?s={search_term_string}"},"query-input":{"@type":"PropertyValueSpecification","valueRequired":true,"valueName":"search_term_string"}}],"inLanguage":"es"},{"@type":"Person","@id":"https:\/\/www.noticiasradioreflejos.com.ar\/2021\/#\/schema\/person\/ad82545263dcc5ec0996818884fd5fb1","name":"Arnaldo Botto","image":{"@type":"ImageObject","inLanguage":"es","@id":"https:\/\/www.noticiasradioreflejos.com.ar\/2021\/#\/schema\/person\/image\/","url":"https:\/\/secure.gravatar.com\/avatar\/55cb5e37c1efa326397366e6974cb338056df65cb50e7d64d1cf314e87504837?s=96&d=mm&r=g","contentUrl":"https:\/\/secure.gravatar.com\/avatar\/55cb5e37c1efa326397366e6974cb338056df65cb50e7d64d1cf314e87504837?s=96&d=mm&r=g","caption":"Arnaldo Botto"},"url":"https:\/\/www.noticiasradioreflejos.com.ar\/2021\/author\/arnaldo\/"}]}},"_links":{"self":[{"href":"https:\/\/www.noticiasradioreflejos.com.ar\/2021\/wp-json\/wp\/v2\/posts\/50108","targetHints":{"allow":["GET"]}}],"collection":[{"href":"https:\/\/www.noticiasradioreflejos.com.ar\/2021\/wp-json\/wp\/v2\/posts"}],"about":[{"href":"https:\/\/www.noticiasradioreflejos.com.ar\/2021\/wp-json\/wp\/v2\/types\/post"}],"author":[{"embeddable":true,"href":"https:\/\/www.noticiasradioreflejos.com.ar\/2021\/wp-json\/wp\/v2\/users\/3"}],"replies":[{"embeddable":true,"href":"https:\/\/www.noticiasradioreflejos.com.ar\/2021\/wp-json\/wp\/v2\/comments?post=50108"}],"version-history":[{"count":0,"href":"https:\/\/www.noticiasradioreflejos.com.ar\/2021\/wp-json\/wp\/v2\/posts\/50108\/revisions"}],"wp:attachment":[{"href":"https:\/\/www.noticiasradioreflejos.com.ar\/2021\/wp-json\/wp\/v2\/media?parent=50108"}],"wp:term":[{"taxonomy":"category","embeddable":true,"href":"https:\/\/www.noticiasradioreflejos.com.ar\/2021\/wp-json\/wp\/v2\/categories?post=50108"},{"taxonomy":"post_tag","embeddable":true,"href":"https:\/\/www.noticiasradioreflejos.com.ar\/2021\/wp-json\/wp\/v2\/tags?post=50108"}],"curies":[{"name":"wp","href":"https:\/\/api.w.org\/{rel}","templated":true}]}}