{"id":50103,"date":"2020-12-09T14:49:41","date_gmt":"2020-12-09T17:49:41","guid":{"rendered":"http:\/\/www.noticiasradioreflejos.com.ar\/noticias\/?p=50103"},"modified":"2020-12-09T14:49:41","modified_gmt":"2020-12-09T17:49:41","slug":"ocupacion-del-finde-largo-en-la-comarca-se-hablaba-de-un-80-micaela-costas","status":"publish","type":"post","link":"https:\/\/www.noticiasradioreflejos.com.ar\/2021\/ocupacion-del-finde-largo-en-la-comarca-se-hablaba-de-un-80-micaela-costas\/","title":{"rendered":"Ocupaci\u00f3n del fin de semana largo: , \u00abSe hablaba de un 80 % \u00bb &#8211; Micaela Costas"},"content":{"rendered":"<p>Luego de un fin de semana largo, conversamos con Micaela Costas, presidenta de la CAMCOTISAS, para conocer los \u00edndices de alojamiento y el movimiento tur\u00edstico local .<!--more--><\/p>\n<p>\u00abSe ha visto much\u00edsima cantidad de gente, con algunos consumos dispares, pero en general, hubo mucha gente y un consumo distribuido entre todos los comercios\u00bb resumi\u00f3 Micaela c\u00f3mo fue el fin de semana largo para el turismo de nuestra comarca.<\/p>\n<p>Micaela coment\u00f3 que no todos los hoteles y alojamientos se encontraron abiertos, \u00abse hablaba de un 80 %\u00bb, debido a que el tema de los protocolos que hay que cumplir son muy estrictos y significan un desaf\u00edo para los prestadores.<\/p>\n<p><a title=\"1607379185162\" href=\"http:\/\/live.staticflickr.com\/65535\/50691970573_298f83b55a_s.jpg\" rel=\"\"><img loading=\"lazy\" decoding=\"async\" class=\"aligncenter\" title=\"1607379185162\" src=\"http:\/\/live.staticflickr.com\/65535\/50691970573_298f83b55a_c.jpg\" alt=\"1607379185162\" width=\"800\" height=\"450\" \/><\/a><\/p>\n<p>La presidenta de la CAMCOTISAS mencion\u00f3 que, en la v\u00eda p\u00fablica, cuesta hacer que la gente cumpla con las medias de prevenci\u00f3n. \u00abMucha gente sin barbijo\u00bb resalt\u00f3. Aunque admiti\u00f3 que en su comercio no ha tenido inconvenientes con la capacidad m\u00e1xima y con el uso de alcohol en gel.<\/p>\n<p>\u00abSi la gente sale pensando en que va a ser todo como era antes quiere decir que no tomaron conciencia. El que salga, tiene que saber que hay protocolos que hay que respetar por el bien de todos\u00bb agreg\u00f3.<\/p>\n<p>\u00abSabemos que va a venir, lo dicen las autoridades\u00bb opin\u00f3 Micaela acerca de un potencial rebrote del virus en nuestro pa\u00eds. \u00abEsperemos que sea lo m\u00e1s cercano a Abril para poder decir que tuvimos la oportunidad de trabajar durante toda la temporada\u00bb continu\u00f3.<\/p>\n<p><a title=\"1607536272944\" href=\"http:\/\/live.staticflickr.com\/65535\/50698718693_66407533a8_s.jpg\" rel=\"\"><img loading=\"lazy\" decoding=\"async\" class=\"aligncenter\" title=\"1607536272944\" src=\"http:\/\/live.staticflickr.com\/65535\/50698718693_66407533a8_c.jpg\" alt=\"1607536272944\" width=\"800\" height=\"450\" \/><\/a><\/p>\n<p>Por otro lado, Micaela nos inform\u00f3 sobre el proyecto de realizar un centro comercial a cielo abierto: \u00abEst\u00e1 a mitad de camino, pero est\u00e1 latente. Este a\u00f1o nos imposibilit\u00f3 seguir avanzando en algunas cuestiones. Necesitamos de la participaci\u00f3n no s\u00f3lo de los comerciantes sino tambi\u00e9n de todos los frentistas para hacer un proyecto integrador\u00bb.<\/p>\n<p>Cuando le preguntamos a Micaela cu\u00e1les eran los aspectos que se podr\u00edan mejorar por parte del Estado, respondi\u00f3: \u00abLas prioridades siguen siendo las mismas de hace tiempo. La ruta, no tengo informaci\u00f3n de que se haya vuelto a confeccionar el arreglo de San Eloy hacia aqu\u00ed. Erradicaci\u00f3n del basurero a cielo abierto y cloacas me parecen prioritarios\u00bb.<\/p>\n<p><a title=\"1607379185152\" href=\"http:\/\/live.staticflickr.com\/65535\/50692794957_63e97a3a88_s.jpg\" rel=\"\"><img loading=\"lazy\" decoding=\"async\" class=\"aligncenter\" title=\"1607379185152\" src=\"http:\/\/live.staticflickr.com\/65535\/50692794957_63e97a3a88_c.jpg\" alt=\"1607379185152\" width=\"800\" height=\"450\" \/><\/a><\/p>\n<p>Tambi\u00e9n opin\u00f3 que el Estado deber\u00eda haber tenido una mayor presencia en cuanto a prevenci\u00f3n en cuanto al coronavirus. \u00abM\u00e1s carteler\u00eda\u00bb mencion\u00f3.<\/p>\n<p>Adem\u00e1s, Micaela coment\u00f3 que han recibido muchas consultas de parte de los turistas sobre c\u00f3mo obtener los permisos y c\u00f3mo usar la plataforma para el verano. \u00abLos controles van a ser los tradicionales, la aplicaci\u00f3n se supone que es obligatoria\u00bb agreg\u00f3 finalmente<\/p>\n<p>Nota completa a continuaci\u00f3n:<br \/>\n<iframe loading=\"lazy\" src=\"https:\/\/w.soundcloud.com\/player\/?url=https%3A\/\/api.soundcloud.com\/tracks\/944250454&amp;color=%23ff5500&amp;auto_play=false&amp;hide_related=false&amp;show_comments=true&amp;show_user=true&amp;show_reposts=false&amp;show_teaser=true\" width=\"100%\" height=\"166\" frameborder=\"no\" scrolling=\"no\"><\/iframe><\/p>\n<div style=\"font-size: 10px; color: #cccccc; line-break: anywhere; word-break: normal; overflow: hidden; white-space: nowrap; text-overflow: ellipsis; font-family: Interstate,Lucida Grande,Lucida Sans Unicode,Lucida Sans,Garuda,Verdana,Tahoma,sans-serif; font-weight: 100;\"><a style=\"color: #cccccc; text-decoration: none;\" title=\"fmreflejos 103.7\" href=\"https:\/\/soundcloud.com\/fmreflejos-103-7\" target=\"_blank\" rel=\"noopener\">fmreflejos 103.7<\/a> \u00b7 <a style=\"color: #cccccc; text-decoration: none;\" title=\"Nota Micaela Costas\" href=\"https:\/\/soundcloud.com\/fmreflejos-103-7\/nota-micaela-costas-2\" target=\"_blank\" rel=\"noopener\">Nota Micaela Costas<\/a><\/div>\n<div style=\"font-size: 10px; color: #cccccc; line-break: anywhere; word-break: normal; overflow: hidden; white-space: nowrap; text-overflow: ellipsis; font-family: Interstate,Lucida Grande,Lucida Sans Unicode,Lucida Sans,Garuda,Verdana,Tahoma,sans-serif; font-weight: 100;\"><\/div>\n<div style=\"font-size: 10px; color: #cccccc; line-break: anywhere; word-break: normal; overflow: hidden; white-space: nowrap; text-overflow: ellipsis; font-family: Interstate,Lucida Grande,Lucida Sans Unicode,Lucida Sans,Garuda,Verdana,Tahoma,sans-serif; font-weight: 100;\"><a title=\"1607536272939\" href=\"http:\/\/live.staticflickr.com\/65535\/50699549602_e1b7983fe4_s.jpg\" rel=\"\"><img loading=\"lazy\" decoding=\"async\" class=\"aligncenter\" title=\"1607536272939\" src=\"http:\/\/live.staticflickr.com\/65535\/50699549602_e1b7983fe4_c.jpg\" alt=\"1607536272939\" width=\"800\" height=\"450\" \/><\/a><\/div>\n<div style=\"font-size: 10px; color: #cccccc; line-break: anywhere; word-break: normal; overflow: hidden; white-space: nowrap; text-overflow: ellipsis; font-family: Interstate,Lucida Grande,Lucida Sans Unicode,Lucida Sans,Garuda,Verdana,Tahoma,sans-serif; font-weight: 100;\"><\/div>\n<div style=\"font-size: 10px; color: #cccccc; line-break: anywhere; word-break: normal; overflow: hidden; white-space: nowrap; text-overflow: ellipsis; font-family: Interstate,Lucida Grande,Lucida Sans Unicode,Lucida Sans,Garuda,Verdana,Tahoma,sans-serif; font-weight: 100;\"><a title=\"1607536272942\" href=\"http:\/\/live.staticflickr.com\/65535\/50699466256_bac29318f9_s.jpg\" rel=\"\"><img loading=\"lazy\" decoding=\"async\" class=\"aligncenter\" title=\"1607536272942\" src=\"http:\/\/live.staticflickr.com\/65535\/50699466256_bac29318f9_c.jpg\" alt=\"1607536272942\" width=\"800\" height=\"450\" \/><\/a><\/div>\n","protected":false},"excerpt":{"rendered":"<p>Luego de un fin de semana largo, conversamos con Micaela Costas, presidenta de la CAMCOTISAS, para conocer los \u00edndices de alojamiento y el movimiento tur\u00edstico local .<\/p>\n","protected":false},"author":3,"featured_media":0,"comment_status":"closed","ping_status":"open","sticky":false,"template":"","format":"standard","meta":{"footnotes":""},"categories":[33],"tags":[],"class_list":["post-50103","post","type-post","status-publish","format-standard","hentry","category-turismo"],"yoast_head":"<!-- This site is optimized with the Yoast SEO plugin v25.9 - https:\/\/yoast.com\/wordpress\/plugins\/seo\/ -->\n<title>Ocupaci\u00f3n del fin de semana largo: , &quot;Se hablaba de un 80 % &quot; - Micaela Costas - Noticias Radio Reflejos<\/title>\n<meta name=\"robots\" content=\"index, follow, max-snippet:-1, max-image-preview:large, max-video-preview:-1\" \/>\n<link rel=\"canonical\" href=\"https:\/\/www.noticiasradioreflejos.com.ar\/2021\/ocupacion-del-finde-largo-en-la-comarca-se-hablaba-de-un-80-micaela-costas\/\" \/>\n<meta property=\"og:locale\" content=\"es_ES\" \/>\n<meta property=\"og:type\" content=\"article\" \/>\n<meta property=\"og:title\" content=\"Ocupaci\u00f3n del fin de semana largo: , &quot;Se hablaba de un 80 % &quot; - Micaela Costas - Noticias Radio Reflejos\" \/>\n<meta property=\"og:description\" content=\"Luego de un fin de semana largo, conversamos con Micaela Costas, presidenta de la CAMCOTISAS, para conocer los \u00edndices de alojamiento y el movimiento tur\u00edstico local .\" \/>\n<meta property=\"og:url\" content=\"https:\/\/www.noticiasradioreflejos.com.ar\/2021\/ocupacion-del-finde-largo-en-la-comarca-se-hablaba-de-un-80-micaela-costas\/\" \/>\n<meta property=\"og:site_name\" content=\"Noticias Radio Reflejos\" \/>\n<meta property=\"article:published_time\" content=\"2020-12-09T17:49:41+00:00\" \/>\n<meta property=\"og:image\" content=\"http:\/\/live.staticflickr.com\/65535\/50691970573_298f83b55a_c.jpg\" \/>\n<meta name=\"author\" content=\"Arnaldo Botto\" \/>\n<meta name=\"twitter:card\" content=\"summary_large_image\" \/>\n<script type=\"application\/ld+json\" class=\"yoast-schema-graph\">{\"@context\":\"https:\/\/schema.org\",\"@graph\":[{\"@type\":\"WebPage\",\"@id\":\"https:\/\/www.noticiasradioreflejos.com.ar\/2021\/ocupacion-del-finde-largo-en-la-comarca-se-hablaba-de-un-80-micaela-costas\/\",\"url\":\"https:\/\/www.noticiasradioreflejos.com.ar\/2021\/ocupacion-del-finde-largo-en-la-comarca-se-hablaba-de-un-80-micaela-costas\/\",\"name\":\"Ocupaci\u00f3n del fin de semana largo: , \\\"Se hablaba de un 80 % \\\" - Micaela Costas - Noticias Radio Reflejos\",\"isPartOf\":{\"@id\":\"https:\/\/www.noticiasradioreflejos.com.ar\/2021\/#website\"},\"primaryImageOfPage\":{\"@id\":\"https:\/\/www.noticiasradioreflejos.com.ar\/2021\/ocupacion-del-finde-largo-en-la-comarca-se-hablaba-de-un-80-micaela-costas\/#primaryimage\"},\"image\":{\"@id\":\"https:\/\/www.noticiasradioreflejos.com.ar\/2021\/ocupacion-del-finde-largo-en-la-comarca-se-hablaba-de-un-80-micaela-costas\/#primaryimage\"},\"thumbnailUrl\":\"http:\/\/live.staticflickr.com\/65535\/50691970573_298f83b55a_c.jpg\",\"datePublished\":\"2020-12-09T17:49:41+00:00\",\"author\":{\"@id\":\"https:\/\/www.noticiasradioreflejos.com.ar\/2021\/#\/schema\/person\/ad82545263dcc5ec0996818884fd5fb1\"},\"breadcrumb\":{\"@id\":\"https:\/\/www.noticiasradioreflejos.com.ar\/2021\/ocupacion-del-finde-largo-en-la-comarca-se-hablaba-de-un-80-micaela-costas\/#breadcrumb\"},\"inLanguage\":\"es\",\"potentialAction\":[{\"@type\":\"ReadAction\",\"target\":[\"https:\/\/www.noticiasradioreflejos.com.ar\/2021\/ocupacion-del-finde-largo-en-la-comarca-se-hablaba-de-un-80-micaela-costas\/\"]}]},{\"@type\":\"ImageObject\",\"inLanguage\":\"es\",\"@id\":\"https:\/\/www.noticiasradioreflejos.com.ar\/2021\/ocupacion-del-finde-largo-en-la-comarca-se-hablaba-de-un-80-micaela-costas\/#primaryimage\",\"url\":\"http:\/\/live.staticflickr.com\/65535\/50691970573_298f83b55a_c.jpg\",\"contentUrl\":\"http:\/\/live.staticflickr.com\/65535\/50691970573_298f83b55a_c.jpg\"},{\"@type\":\"BreadcrumbList\",\"@id\":\"https:\/\/www.noticiasradioreflejos.com.ar\/2021\/ocupacion-del-finde-largo-en-la-comarca-se-hablaba-de-un-80-micaela-costas\/#breadcrumb\",\"itemListElement\":[{\"@type\":\"ListItem\",\"position\":1,\"name\":\"Portada\",\"item\":\"https:\/\/www.noticiasradioreflejos.com.ar\/2021\/\"},{\"@type\":\"ListItem\",\"position\":2,\"name\":\"Ocupaci\u00f3n del fin de semana largo: , \u00abSe hablaba de un 80 % \u00bb &#8211; Micaela Costas\"}]},{\"@type\":\"WebSite\",\"@id\":\"https:\/\/www.noticiasradioreflejos.com.ar\/2021\/#website\",\"url\":\"https:\/\/www.noticiasradioreflejos.com.ar\/2021\/\",\"name\":\"Noticias Radio Reflejos\",\"description\":\"Las noticias de mi comarca\",\"potentialAction\":[{\"@type\":\"SearchAction\",\"target\":{\"@type\":\"EntryPoint\",\"urlTemplate\":\"https:\/\/www.noticiasradioreflejos.com.ar\/2021\/?s={search_term_string}\"},\"query-input\":{\"@type\":\"PropertyValueSpecification\",\"valueRequired\":true,\"valueName\":\"search_term_string\"}}],\"inLanguage\":\"es\"},{\"@type\":\"Person\",\"@id\":\"https:\/\/www.noticiasradioreflejos.com.ar\/2021\/#\/schema\/person\/ad82545263dcc5ec0996818884fd5fb1\",\"name\":\"Arnaldo Botto\",\"image\":{\"@type\":\"ImageObject\",\"inLanguage\":\"es\",\"@id\":\"https:\/\/www.noticiasradioreflejos.com.ar\/2021\/#\/schema\/person\/image\/\",\"url\":\"https:\/\/secure.gravatar.com\/avatar\/55cb5e37c1efa326397366e6974cb338056df65cb50e7d64d1cf314e87504837?s=96&d=mm&r=g\",\"contentUrl\":\"https:\/\/secure.gravatar.com\/avatar\/55cb5e37c1efa326397366e6974cb338056df65cb50e7d64d1cf314e87504837?s=96&d=mm&r=g\",\"caption\":\"Arnaldo Botto\"},\"url\":\"https:\/\/www.noticiasradioreflejos.com.ar\/2021\/author\/arnaldo\/\"}]}<\/script>\n<!-- \/ Yoast SEO plugin. -->","yoast_head_json":{"title":"Ocupaci\u00f3n del fin de semana largo: , \"Se hablaba de un 80 % \" - Micaela Costas - Noticias Radio Reflejos","robots":{"index":"index","follow":"follow","max-snippet":"max-snippet:-1","max-image-preview":"max-image-preview:large","max-video-preview":"max-video-preview:-1"},"canonical":"https:\/\/www.noticiasradioreflejos.com.ar\/2021\/ocupacion-del-finde-largo-en-la-comarca-se-hablaba-de-un-80-micaela-costas\/","og_locale":"es_ES","og_type":"article","og_title":"Ocupaci\u00f3n del fin de semana largo: , \"Se hablaba de un 80 % \" - Micaela Costas - Noticias Radio Reflejos","og_description":"Luego de un fin de semana largo, conversamos con Micaela Costas, presidenta de la CAMCOTISAS, para conocer los \u00edndices de alojamiento y el movimiento tur\u00edstico local .","og_url":"https:\/\/www.noticiasradioreflejos.com.ar\/2021\/ocupacion-del-finde-largo-en-la-comarca-se-hablaba-de-un-80-micaela-costas\/","og_site_name":"Noticias Radio Reflejos","article_published_time":"2020-12-09T17:49:41+00:00","og_image":[{"url":"http:\/\/live.staticflickr.com\/65535\/50691970573_298f83b55a_c.jpg","type":"","width":"","height":""}],"author":"Arnaldo Botto","twitter_card":"summary_large_image","schema":{"@context":"https:\/\/schema.org","@graph":[{"@type":"WebPage","@id":"https:\/\/www.noticiasradioreflejos.com.ar\/2021\/ocupacion-del-finde-largo-en-la-comarca-se-hablaba-de-un-80-micaela-costas\/","url":"https:\/\/www.noticiasradioreflejos.com.ar\/2021\/ocupacion-del-finde-largo-en-la-comarca-se-hablaba-de-un-80-micaela-costas\/","name":"Ocupaci\u00f3n del fin de semana largo: , \"Se hablaba de un 80 % \" - Micaela Costas - Noticias Radio Reflejos","isPartOf":{"@id":"https:\/\/www.noticiasradioreflejos.com.ar\/2021\/#website"},"primaryImageOfPage":{"@id":"https:\/\/www.noticiasradioreflejos.com.ar\/2021\/ocupacion-del-finde-largo-en-la-comarca-se-hablaba-de-un-80-micaela-costas\/#primaryimage"},"image":{"@id":"https:\/\/www.noticiasradioreflejos.com.ar\/2021\/ocupacion-del-finde-largo-en-la-comarca-se-hablaba-de-un-80-micaela-costas\/#primaryimage"},"thumbnailUrl":"http:\/\/live.staticflickr.com\/65535\/50691970573_298f83b55a_c.jpg","datePublished":"2020-12-09T17:49:41+00:00","author":{"@id":"https:\/\/www.noticiasradioreflejos.com.ar\/2021\/#\/schema\/person\/ad82545263dcc5ec0996818884fd5fb1"},"breadcrumb":{"@id":"https:\/\/www.noticiasradioreflejos.com.ar\/2021\/ocupacion-del-finde-largo-en-la-comarca-se-hablaba-de-un-80-micaela-costas\/#breadcrumb"},"inLanguage":"es","potentialAction":[{"@type":"ReadAction","target":["https:\/\/www.noticiasradioreflejos.com.ar\/2021\/ocupacion-del-finde-largo-en-la-comarca-se-hablaba-de-un-80-micaela-costas\/"]}]},{"@type":"ImageObject","inLanguage":"es","@id":"https:\/\/www.noticiasradioreflejos.com.ar\/2021\/ocupacion-del-finde-largo-en-la-comarca-se-hablaba-de-un-80-micaela-costas\/#primaryimage","url":"http:\/\/live.staticflickr.com\/65535\/50691970573_298f83b55a_c.jpg","contentUrl":"http:\/\/live.staticflickr.com\/65535\/50691970573_298f83b55a_c.jpg"},{"@type":"BreadcrumbList","@id":"https:\/\/www.noticiasradioreflejos.com.ar\/2021\/ocupacion-del-finde-largo-en-la-comarca-se-hablaba-de-un-80-micaela-costas\/#breadcrumb","itemListElement":[{"@type":"ListItem","position":1,"name":"Portada","item":"https:\/\/www.noticiasradioreflejos.com.ar\/2021\/"},{"@type":"ListItem","position":2,"name":"Ocupaci\u00f3n del fin de semana largo: , \u00abSe hablaba de un 80 % \u00bb &#8211; Micaela Costas"}]},{"@type":"WebSite","@id":"https:\/\/www.noticiasradioreflejos.com.ar\/2021\/#website","url":"https:\/\/www.noticiasradioreflejos.com.ar\/2021\/","name":"Noticias Radio Reflejos","description":"Las noticias de mi comarca","potentialAction":[{"@type":"SearchAction","target":{"@type":"EntryPoint","urlTemplate":"https:\/\/www.noticiasradioreflejos.com.ar\/2021\/?s={search_term_string}"},"query-input":{"@type":"PropertyValueSpecification","valueRequired":true,"valueName":"search_term_string"}}],"inLanguage":"es"},{"@type":"Person","@id":"https:\/\/www.noticiasradioreflejos.com.ar\/2021\/#\/schema\/person\/ad82545263dcc5ec0996818884fd5fb1","name":"Arnaldo Botto","image":{"@type":"ImageObject","inLanguage":"es","@id":"https:\/\/www.noticiasradioreflejos.com.ar\/2021\/#\/schema\/person\/image\/","url":"https:\/\/secure.gravatar.com\/avatar\/55cb5e37c1efa326397366e6974cb338056df65cb50e7d64d1cf314e87504837?s=96&d=mm&r=g","contentUrl":"https:\/\/secure.gravatar.com\/avatar\/55cb5e37c1efa326397366e6974cb338056df65cb50e7d64d1cf314e87504837?s=96&d=mm&r=g","caption":"Arnaldo Botto"},"url":"https:\/\/www.noticiasradioreflejos.com.ar\/2021\/author\/arnaldo\/"}]}},"_links":{"self":[{"href":"https:\/\/www.noticiasradioreflejos.com.ar\/2021\/wp-json\/wp\/v2\/posts\/50103","targetHints":{"allow":["GET"]}}],"collection":[{"href":"https:\/\/www.noticiasradioreflejos.com.ar\/2021\/wp-json\/wp\/v2\/posts"}],"about":[{"href":"https:\/\/www.noticiasradioreflejos.com.ar\/2021\/wp-json\/wp\/v2\/types\/post"}],"author":[{"embeddable":true,"href":"https:\/\/www.noticiasradioreflejos.com.ar\/2021\/wp-json\/wp\/v2\/users\/3"}],"replies":[{"embeddable":true,"href":"https:\/\/www.noticiasradioreflejos.com.ar\/2021\/wp-json\/wp\/v2\/comments?post=50103"}],"version-history":[{"count":0,"href":"https:\/\/www.noticiasradioreflejos.com.ar\/2021\/wp-json\/wp\/v2\/posts\/50103\/revisions"}],"wp:attachment":[{"href":"https:\/\/www.noticiasradioreflejos.com.ar\/2021\/wp-json\/wp\/v2\/media?parent=50103"}],"wp:term":[{"taxonomy":"category","embeddable":true,"href":"https:\/\/www.noticiasradioreflejos.com.ar\/2021\/wp-json\/wp\/v2\/categories?post=50103"},{"taxonomy":"post_tag","embeddable":true,"href":"https:\/\/www.noticiasradioreflejos.com.ar\/2021\/wp-json\/wp\/v2\/tags?post=50103"}],"curies":[{"name":"wp","href":"https:\/\/api.w.org\/{rel}","templated":true}]}}