{"id":50099,"date":"2020-12-09T12:41:09","date_gmt":"2020-12-09T15:41:09","guid":{"rendered":"http:\/\/www.noticiasradioreflejos.com.ar\/noticias\/?p=50099"},"modified":"2020-12-09T12:41:09","modified_gmt":"2020-12-09T15:41:09","slug":"intendente-de-monte-hermoso-dijo-que-deberan-intensificar-los-controles-tras-fin-de-semana-largo","status":"publish","type":"post","link":"https:\/\/www.noticiasradioreflejos.com.ar\/2021\/intendente-de-monte-hermoso-dijo-que-deberan-intensificar-los-controles-tras-fin-de-semana-largo\/","title":{"rendered":"Intendente de Monte Hermoso dijo que deber\u00e1n \u00abintensificar los controles\u00bb tras fin de semana largo"},"content":{"rendered":"<p>El intendente del partido bonaerense de Monte Hermoso, Alejandro Dichiara, asegur\u00f3 hoy que van a \u00abintensificar los controles, fundamentalmente en los paradores\u00bb, donde habr\u00e1 que \u00abajustar los protocolos\u00bb, luego de la experiencia del fin de semana largo en el que toda la regi\u00f3n sur de la provincia de Buenos Aires recibi\u00f3 unas 90.000 personas.<!--more--><br \/>\n\u00abFue casi un fin de semana de primera quincena de enero que nos vino muy bien desde lo econ\u00f3mico porque la ciudad lo necesitaba, pero nos dej\u00f3 muy preocupados desde el punto de vista sanitario, por lo que vamos a tener que ajustar much\u00edsimo los protocolos\u201d, se\u00f1al\u00f3 a la prensa el jefe comunal.<\/p>\n<p>Asimismo, Dichiara expres\u00f3 que \u201ctenemos la responsabilidad de seguir explicando que se puede ir de vacaciones, pero que entendamos que estamos ante una pandemia que no se termin\u00f3, y que hay protocolos que cumplir\u201d.<\/p>\n<p>Al respecto, el intendente aclar\u00f3: \u00abVamos a intensificar los controles, fundamentalmente en los paradores y vamos a ser inflexibles en las fiestas privadas en viviendas, donde habr\u00e1 un control importante de la Guardia Urbana y Polic\u00eda\u201d.<\/p>\n<p>\u00abSe vio un poco de todo, gente responsable y algunos desbordes sobre todo con la noche y la juventud\u00bb, afirm\u00f3 a Radio Universal de Bah\u00eda Blanca.<\/p>\n<p>Por \u00faltimo, Dichiara afirm\u00f3 que Monte Hermoso \u00abestuvo dentro de los cinco destinos de la costa argentina m\u00e1s visitados, con entre 80 y 90 mil personas\u00bb, por lo que \u00abdemuestra el crecimiento que hemos tenido constantemente\u201d.<\/p>\n","protected":false},"excerpt":{"rendered":"<p>El intendente del partido bonaerense de Monte Hermoso, Alejandro Dichiara, asegur\u00f3 hoy que van a \u00abintensificar los controles, fundamentalmente en los paradores\u00bb, donde habr\u00e1 que \u00abajustar los protocolos\u00bb, luego de la experiencia del fin de semana largo en el que toda la regi\u00f3n sur de la provincia de Buenos Aires recibi\u00f3 unas 90.000 personas.<\/p>\n","protected":false},"author":3,"featured_media":0,"comment_status":"closed","ping_status":"open","sticky":false,"template":"","format":"standard","meta":{"footnotes":""},"categories":[25],"tags":[],"class_list":["post-50099","post","type-post","status-publish","format-standard","hentry","category-uncategorized"],"yoast_head":"<!-- This site is optimized with the Yoast SEO plugin v25.9 - https:\/\/yoast.com\/wordpress\/plugins\/seo\/ -->\n<title>Intendente de Monte Hermoso dijo que deber\u00e1n &quot;intensificar los controles&quot; tras fin de semana largo - Noticias Radio Reflejos<\/title>\n<meta name=\"robots\" content=\"index, follow, max-snippet:-1, max-image-preview:large, max-video-preview:-1\" \/>\n<link rel=\"canonical\" href=\"https:\/\/www.noticiasradioreflejos.com.ar\/2021\/intendente-de-monte-hermoso-dijo-que-deberan-intensificar-los-controles-tras-fin-de-semana-largo\/\" \/>\n<meta property=\"og:locale\" content=\"es_ES\" \/>\n<meta property=\"og:type\" content=\"article\" \/>\n<meta property=\"og:title\" content=\"Intendente de Monte Hermoso dijo que deber\u00e1n &quot;intensificar los controles&quot; tras fin de semana largo - Noticias Radio Reflejos\" \/>\n<meta property=\"og:description\" content=\"El intendente del partido bonaerense de Monte Hermoso, Alejandro Dichiara, asegur\u00f3 hoy que van a \u00abintensificar los controles, fundamentalmente en los paradores\u00bb, donde habr\u00e1 que \u00abajustar los protocolos\u00bb, luego de la experiencia del fin de semana largo en el que toda la regi\u00f3n sur de la provincia de Buenos Aires recibi\u00f3 unas 90.000 personas.\" \/>\n<meta property=\"og:url\" content=\"https:\/\/www.noticiasradioreflejos.com.ar\/2021\/intendente-de-monte-hermoso-dijo-que-deberan-intensificar-los-controles-tras-fin-de-semana-largo\/\" \/>\n<meta property=\"og:site_name\" content=\"Noticias Radio Reflejos\" \/>\n<meta property=\"article:published_time\" content=\"2020-12-09T15:41:09+00:00\" \/>\n<meta property=\"og:image\" content=\"https:\/\/www.noticiasradioreflejos.com.ar\/2021\/wp-content\/uploads\/2021\/07\/logosol300x200.png\" \/>\n\t<meta property=\"og:image:width\" content=\"300\" \/>\n\t<meta property=\"og:image:height\" content=\"200\" \/>\n\t<meta property=\"og:image:type\" content=\"image\/png\" \/>\n<meta name=\"author\" content=\"Arnaldo Botto\" \/>\n<meta name=\"twitter:card\" content=\"summary_large_image\" \/>\n<script type=\"application\/ld+json\" class=\"yoast-schema-graph\">{\"@context\":\"https:\/\/schema.org\",\"@graph\":[{\"@type\":\"WebPage\",\"@id\":\"https:\/\/www.noticiasradioreflejos.com.ar\/2021\/intendente-de-monte-hermoso-dijo-que-deberan-intensificar-los-controles-tras-fin-de-semana-largo\/\",\"url\":\"https:\/\/www.noticiasradioreflejos.com.ar\/2021\/intendente-de-monte-hermoso-dijo-que-deberan-intensificar-los-controles-tras-fin-de-semana-largo\/\",\"name\":\"Intendente de Monte Hermoso dijo que deber\u00e1n \\\"intensificar los controles\\\" tras fin de semana largo - Noticias Radio Reflejos\",\"isPartOf\":{\"@id\":\"https:\/\/www.noticiasradioreflejos.com.ar\/2021\/#website\"},\"datePublished\":\"2020-12-09T15:41:09+00:00\",\"author\":{\"@id\":\"https:\/\/www.noticiasradioreflejos.com.ar\/2021\/#\/schema\/person\/ad82545263dcc5ec0996818884fd5fb1\"},\"breadcrumb\":{\"@id\":\"https:\/\/www.noticiasradioreflejos.com.ar\/2021\/intendente-de-monte-hermoso-dijo-que-deberan-intensificar-los-controles-tras-fin-de-semana-largo\/#breadcrumb\"},\"inLanguage\":\"es\",\"potentialAction\":[{\"@type\":\"ReadAction\",\"target\":[\"https:\/\/www.noticiasradioreflejos.com.ar\/2021\/intendente-de-monte-hermoso-dijo-que-deberan-intensificar-los-controles-tras-fin-de-semana-largo\/\"]}]},{\"@type\":\"BreadcrumbList\",\"@id\":\"https:\/\/www.noticiasradioreflejos.com.ar\/2021\/intendente-de-monte-hermoso-dijo-que-deberan-intensificar-los-controles-tras-fin-de-semana-largo\/#breadcrumb\",\"itemListElement\":[{\"@type\":\"ListItem\",\"position\":1,\"name\":\"Portada\",\"item\":\"https:\/\/www.noticiasradioreflejos.com.ar\/2021\/\"},{\"@type\":\"ListItem\",\"position\":2,\"name\":\"Intendente de Monte Hermoso dijo que deber\u00e1n \u00abintensificar los controles\u00bb tras fin de semana largo\"}]},{\"@type\":\"WebSite\",\"@id\":\"https:\/\/www.noticiasradioreflejos.com.ar\/2021\/#website\",\"url\":\"https:\/\/www.noticiasradioreflejos.com.ar\/2021\/\",\"name\":\"Noticias Radio Reflejos\",\"description\":\"Las noticias de mi comarca\",\"potentialAction\":[{\"@type\":\"SearchAction\",\"target\":{\"@type\":\"EntryPoint\",\"urlTemplate\":\"https:\/\/www.noticiasradioreflejos.com.ar\/2021\/?s={search_term_string}\"},\"query-input\":{\"@type\":\"PropertyValueSpecification\",\"valueRequired\":true,\"valueName\":\"search_term_string\"}}],\"inLanguage\":\"es\"},{\"@type\":\"Person\",\"@id\":\"https:\/\/www.noticiasradioreflejos.com.ar\/2021\/#\/schema\/person\/ad82545263dcc5ec0996818884fd5fb1\",\"name\":\"Arnaldo Botto\",\"image\":{\"@type\":\"ImageObject\",\"inLanguage\":\"es\",\"@id\":\"https:\/\/www.noticiasradioreflejos.com.ar\/2021\/#\/schema\/person\/image\/\",\"url\":\"https:\/\/secure.gravatar.com\/avatar\/55cb5e37c1efa326397366e6974cb338056df65cb50e7d64d1cf314e87504837?s=96&d=mm&r=g\",\"contentUrl\":\"https:\/\/secure.gravatar.com\/avatar\/55cb5e37c1efa326397366e6974cb338056df65cb50e7d64d1cf314e87504837?s=96&d=mm&r=g\",\"caption\":\"Arnaldo Botto\"},\"url\":\"https:\/\/www.noticiasradioreflejos.com.ar\/2021\/author\/arnaldo\/\"}]}<\/script>\n<!-- \/ Yoast SEO plugin. -->","yoast_head_json":{"title":"Intendente de Monte Hermoso dijo que deber\u00e1n \"intensificar los controles\" tras fin de semana largo - Noticias Radio Reflejos","robots":{"index":"index","follow":"follow","max-snippet":"max-snippet:-1","max-image-preview":"max-image-preview:large","max-video-preview":"max-video-preview:-1"},"canonical":"https:\/\/www.noticiasradioreflejos.com.ar\/2021\/intendente-de-monte-hermoso-dijo-que-deberan-intensificar-los-controles-tras-fin-de-semana-largo\/","og_locale":"es_ES","og_type":"article","og_title":"Intendente de Monte Hermoso dijo que deber\u00e1n \"intensificar los controles\" tras fin de semana largo - Noticias Radio Reflejos","og_description":"El intendente del partido bonaerense de Monte Hermoso, Alejandro Dichiara, asegur\u00f3 hoy que van a \u00abintensificar los controles, fundamentalmente en los paradores\u00bb, donde habr\u00e1 que \u00abajustar los protocolos\u00bb, luego de la experiencia del fin de semana largo en el que toda la regi\u00f3n sur de la provincia de Buenos Aires recibi\u00f3 unas 90.000 personas.","og_url":"https:\/\/www.noticiasradioreflejos.com.ar\/2021\/intendente-de-monte-hermoso-dijo-que-deberan-intensificar-los-controles-tras-fin-de-semana-largo\/","og_site_name":"Noticias Radio Reflejos","article_published_time":"2020-12-09T15:41:09+00:00","og_image":[{"width":300,"height":200,"url":"https:\/\/www.noticiasradioreflejos.com.ar\/2021\/wp-content\/uploads\/2021\/07\/logosol300x200.png","type":"image\/png"}],"author":"Arnaldo Botto","twitter_card":"summary_large_image","schema":{"@context":"https:\/\/schema.org","@graph":[{"@type":"WebPage","@id":"https:\/\/www.noticiasradioreflejos.com.ar\/2021\/intendente-de-monte-hermoso-dijo-que-deberan-intensificar-los-controles-tras-fin-de-semana-largo\/","url":"https:\/\/www.noticiasradioreflejos.com.ar\/2021\/intendente-de-monte-hermoso-dijo-que-deberan-intensificar-los-controles-tras-fin-de-semana-largo\/","name":"Intendente de Monte Hermoso dijo que deber\u00e1n \"intensificar los controles\" tras fin de semana largo - Noticias Radio Reflejos","isPartOf":{"@id":"https:\/\/www.noticiasradioreflejos.com.ar\/2021\/#website"},"datePublished":"2020-12-09T15:41:09+00:00","author":{"@id":"https:\/\/www.noticiasradioreflejos.com.ar\/2021\/#\/schema\/person\/ad82545263dcc5ec0996818884fd5fb1"},"breadcrumb":{"@id":"https:\/\/www.noticiasradioreflejos.com.ar\/2021\/intendente-de-monte-hermoso-dijo-que-deberan-intensificar-los-controles-tras-fin-de-semana-largo\/#breadcrumb"},"inLanguage":"es","potentialAction":[{"@type":"ReadAction","target":["https:\/\/www.noticiasradioreflejos.com.ar\/2021\/intendente-de-monte-hermoso-dijo-que-deberan-intensificar-los-controles-tras-fin-de-semana-largo\/"]}]},{"@type":"BreadcrumbList","@id":"https:\/\/www.noticiasradioreflejos.com.ar\/2021\/intendente-de-monte-hermoso-dijo-que-deberan-intensificar-los-controles-tras-fin-de-semana-largo\/#breadcrumb","itemListElement":[{"@type":"ListItem","position":1,"name":"Portada","item":"https:\/\/www.noticiasradioreflejos.com.ar\/2021\/"},{"@type":"ListItem","position":2,"name":"Intendente de Monte Hermoso dijo que deber\u00e1n \u00abintensificar los controles\u00bb tras fin de semana largo"}]},{"@type":"WebSite","@id":"https:\/\/www.noticiasradioreflejos.com.ar\/2021\/#website","url":"https:\/\/www.noticiasradioreflejos.com.ar\/2021\/","name":"Noticias Radio Reflejos","description":"Las noticias de mi comarca","potentialAction":[{"@type":"SearchAction","target":{"@type":"EntryPoint","urlTemplate":"https:\/\/www.noticiasradioreflejos.com.ar\/2021\/?s={search_term_string}"},"query-input":{"@type":"PropertyValueSpecification","valueRequired":true,"valueName":"search_term_string"}}],"inLanguage":"es"},{"@type":"Person","@id":"https:\/\/www.noticiasradioreflejos.com.ar\/2021\/#\/schema\/person\/ad82545263dcc5ec0996818884fd5fb1","name":"Arnaldo Botto","image":{"@type":"ImageObject","inLanguage":"es","@id":"https:\/\/www.noticiasradioreflejos.com.ar\/2021\/#\/schema\/person\/image\/","url":"https:\/\/secure.gravatar.com\/avatar\/55cb5e37c1efa326397366e6974cb338056df65cb50e7d64d1cf314e87504837?s=96&d=mm&r=g","contentUrl":"https:\/\/secure.gravatar.com\/avatar\/55cb5e37c1efa326397366e6974cb338056df65cb50e7d64d1cf314e87504837?s=96&d=mm&r=g","caption":"Arnaldo Botto"},"url":"https:\/\/www.noticiasradioreflejos.com.ar\/2021\/author\/arnaldo\/"}]}},"_links":{"self":[{"href":"https:\/\/www.noticiasradioreflejos.com.ar\/2021\/wp-json\/wp\/v2\/posts\/50099","targetHints":{"allow":["GET"]}}],"collection":[{"href":"https:\/\/www.noticiasradioreflejos.com.ar\/2021\/wp-json\/wp\/v2\/posts"}],"about":[{"href":"https:\/\/www.noticiasradioreflejos.com.ar\/2021\/wp-json\/wp\/v2\/types\/post"}],"author":[{"embeddable":true,"href":"https:\/\/www.noticiasradioreflejos.com.ar\/2021\/wp-json\/wp\/v2\/users\/3"}],"replies":[{"embeddable":true,"href":"https:\/\/www.noticiasradioreflejos.com.ar\/2021\/wp-json\/wp\/v2\/comments?post=50099"}],"version-history":[{"count":0,"href":"https:\/\/www.noticiasradioreflejos.com.ar\/2021\/wp-json\/wp\/v2\/posts\/50099\/revisions"}],"wp:attachment":[{"href":"https:\/\/www.noticiasradioreflejos.com.ar\/2021\/wp-json\/wp\/v2\/media?parent=50099"}],"wp:term":[{"taxonomy":"category","embeddable":true,"href":"https:\/\/www.noticiasradioreflejos.com.ar\/2021\/wp-json\/wp\/v2\/categories?post=50099"},{"taxonomy":"post_tag","embeddable":true,"href":"https:\/\/www.noticiasradioreflejos.com.ar\/2021\/wp-json\/wp\/v2\/tags?post=50099"}],"curies":[{"name":"wp","href":"https:\/\/api.w.org\/{rel}","templated":true}]}}