{"id":50096,"date":"2020-12-09T10:34:05","date_gmt":"2020-12-09T13:34:05","guid":{"rendered":"http:\/\/www.noticiasradioreflejos.com.ar\/noticias\/?p=50096"},"modified":"2020-12-09T10:34:05","modified_gmt":"2020-12-09T13:34:05","slug":"telemedicina-72-de-los-pacientes-usaron-el-sistema-a-traves-del-celular-y-52-consulto-por-covid","status":"publish","type":"post","link":"https:\/\/www.noticiasradioreflejos.com.ar\/2021\/telemedicina-72-de-los-pacientes-usaron-el-sistema-a-traves-del-celular-y-52-consulto-por-covid\/","title":{"rendered":"Telemedicina: 72% de los pacientes usaron el sistema a trav\u00e9s del celular y 52% consult\u00f3 por Covid"},"content":{"rendered":"<p>El Ministerio de Salud dio hoy a conocer una encuesta sobre telemedicina que revel\u00f3 que 72% de los pacientes usaron el sistema a trav\u00e9s del celular, 52% hizo consultas vinculadas al coronavirus, y en el caso de los profesionales del \u00e1rea el 82% afirm\u00f3 \u00abestar muy familiarizado\u00bb con esa modalidad de atenci\u00f3n y el 75% dijo que \u00abinfluye positivamente en la salud de la poblaci\u00f3n\u00bb.<!--more--><br \/>\n\u00abEs la primera vez que en el sistema p\u00fablico se utiliza la telemedicina a trav\u00e9s del tel\u00e9fono celular; (el sistema) fue lanzado en abril por el ministro (de Salud) Gin\u00e9s Gonz\u00e1lez Garc\u00eda, y se lleg\u00f3 a las 10 mil consultas\u00bb, indicaron desde la cartera de Salud.<\/p>\n<p>Asimismo, afirmaron que \u00abse entrevist\u00f3 a pacientes y profesionales, quienes coincidieron en afirman que seguir\u00edan utilizando este sistema\u00bb.<\/p>\n<p>En la habitual conferencia para brindar los datos epidemiol\u00f3gicos por la pandemia, el Ministerio detall\u00f3 los resultados de la encuesta sobre telemedicina, que se us\u00f3 en \u00abun 72 por ciento a trav\u00e9s de su tel\u00e9fono celular\u00bb, seg\u00fan dijeron los pacientes.<\/p>\n<p>De la totalidad de las consultas, el 52% lo hizo por temas vinculados a la Covid-19 y el resto por oras patolog\u00edas; mientras que \u00abel 77% evalu\u00f3 el sistema como bueno o muy bueno\u00bb.<\/p>\n<p>Por \u00faltimo, el 73 por ciento de los pacientes manifest\u00f3 su intenci\u00f3n de seguir utilizando el sistema, ya que consideran -entre otras razones- que \u00abse economiza en tiempo y dinero\u00bb.<\/p>\n<p>Con respecto a los profesionales de la salud, el 82% afirm\u00f3 \u00abestar muy familiarizado con la modalidad de teleconsulta\u00bb; el 70 por ciento \u00abestar muy c\u00f3modo con el sistema\u00bb y el 75% opin\u00f3 que \u00abinfluye positivamente en la salud de la poblaci\u00f3n\u00bb.<\/p>\n<p>Finalmente, el 82 por ciento respondi\u00f3 que seguir\u00eda utilizando esta modalidad de atenci\u00f3n una vez superada la pandemia.<\/p>\n<p>Con respecto a las cifras sobre el coronavirus, se inform\u00f3 que el total de fallecidos asciende en el pa\u00eds a 40.009, mientras que fueron notificados ayer 3.610 nuevos contagios, con un total de 1.469.919 infectados.<\/p>\n<p>El promedio de casos diarios de los \u00faltimos siete d\u00edas es de 5.336; la tasa de incidencia es de 3.239 casos cada 100.000 habitantes y la de mortalidad de 882 personas cada mill\u00f3n de habitantes.<\/p>\n<p>Del total de nuevos contagios, 27,6% son de la Provincia y la Ciudad de Buenos Aires, mientras que 72,4% corresponde al resto de las jurisdicciones.<\/p>\n<p>El Ministerio tambi\u00e9n inform\u00f3 que los pacientes en unidades de terapia intensiva (UTI) con Covid-19 son 3.715, mientras que se realizaron 4.124.141 testeos, con una tasa de 90.823 por mill\u00f3n de habitantes. El total de positividad de los testeos es de 41,23%.<\/p>\n<p>Las personas que lograron recuperarse de coronavirus totalizan 1.305.587, en tanto que fueron descartados 2.037.989 posibles contagios.<\/p>\n<p>Del total de personas en cuidados intensivos, el 44,8% se encuentra en Buenos Aires, el 18,8% en C\u00f3rdoba y el 5,6% en Tucum\u00e1n.<br \/>\nImprimir Descargar Copiar Volver<\/p>\n","protected":false},"excerpt":{"rendered":"<p>El Ministerio de Salud dio hoy a conocer una encuesta sobre telemedicina que revel\u00f3 que 72% de los pacientes usaron el sistema a trav\u00e9s del celular, 52% hizo consultas vinculadas al coronavirus, y en el caso de los profesionales del \u00e1rea el 82% afirm\u00f3 \u00abestar muy familiarizado\u00bb con esa modalidad de atenci\u00f3n y el 75% [&hellip;]<\/p>\n","protected":false},"author":3,"featured_media":0,"comment_status":"closed","ping_status":"open","sticky":false,"template":"","format":"standard","meta":{"footnotes":""},"categories":[30],"tags":[],"class_list":["post-50096","post","type-post","status-publish","format-standard","hentry","category-salud"],"yoast_head":"<!-- This site is optimized with the Yoast SEO plugin v25.9 - https:\/\/yoast.com\/wordpress\/plugins\/seo\/ -->\n<title>Telemedicina: 72% de los pacientes usaron el sistema a trav\u00e9s del celular y 52% consult\u00f3 por Covid - Noticias Radio Reflejos<\/title>\n<meta name=\"robots\" content=\"index, follow, max-snippet:-1, max-image-preview:large, max-video-preview:-1\" \/>\n<link rel=\"canonical\" href=\"https:\/\/www.noticiasradioreflejos.com.ar\/2021\/telemedicina-72-de-los-pacientes-usaron-el-sistema-a-traves-del-celular-y-52-consulto-por-covid\/\" \/>\n<meta property=\"og:locale\" content=\"es_ES\" \/>\n<meta property=\"og:type\" content=\"article\" \/>\n<meta property=\"og:title\" content=\"Telemedicina: 72% de los pacientes usaron el sistema a trav\u00e9s del celular y 52% consult\u00f3 por Covid - Noticias Radio Reflejos\" \/>\n<meta property=\"og:description\" content=\"El Ministerio de Salud dio hoy a conocer una encuesta sobre telemedicina que revel\u00f3 que 72% de los pacientes usaron el sistema a trav\u00e9s del celular, 52% hizo consultas vinculadas al coronavirus, y en el caso de los profesionales del \u00e1rea el 82% afirm\u00f3 \u00abestar muy familiarizado\u00bb con esa modalidad de atenci\u00f3n y el 75% [&hellip;]\" \/>\n<meta property=\"og:url\" content=\"https:\/\/www.noticiasradioreflejos.com.ar\/2021\/telemedicina-72-de-los-pacientes-usaron-el-sistema-a-traves-del-celular-y-52-consulto-por-covid\/\" \/>\n<meta property=\"og:site_name\" content=\"Noticias Radio Reflejos\" \/>\n<meta property=\"article:published_time\" content=\"2020-12-09T13:34:05+00:00\" \/>\n<meta property=\"og:image\" content=\"https:\/\/www.noticiasradioreflejos.com.ar\/2021\/wp-content\/uploads\/2021\/07\/logosol300x200.png\" \/>\n\t<meta property=\"og:image:width\" content=\"300\" \/>\n\t<meta property=\"og:image:height\" content=\"200\" \/>\n\t<meta property=\"og:image:type\" content=\"image\/png\" \/>\n<meta name=\"author\" content=\"Arnaldo Botto\" \/>\n<meta name=\"twitter:card\" content=\"summary_large_image\" \/>\n<script type=\"application\/ld+json\" class=\"yoast-schema-graph\">{\"@context\":\"https:\/\/schema.org\",\"@graph\":[{\"@type\":\"WebPage\",\"@id\":\"https:\/\/www.noticiasradioreflejos.com.ar\/2021\/telemedicina-72-de-los-pacientes-usaron-el-sistema-a-traves-del-celular-y-52-consulto-por-covid\/\",\"url\":\"https:\/\/www.noticiasradioreflejos.com.ar\/2021\/telemedicina-72-de-los-pacientes-usaron-el-sistema-a-traves-del-celular-y-52-consulto-por-covid\/\",\"name\":\"Telemedicina: 72% de los pacientes usaron el sistema a trav\u00e9s del celular y 52% consult\u00f3 por Covid - Noticias Radio Reflejos\",\"isPartOf\":{\"@id\":\"https:\/\/www.noticiasradioreflejos.com.ar\/2021\/#website\"},\"datePublished\":\"2020-12-09T13:34:05+00:00\",\"author\":{\"@id\":\"https:\/\/www.noticiasradioreflejos.com.ar\/2021\/#\/schema\/person\/ad82545263dcc5ec0996818884fd5fb1\"},\"breadcrumb\":{\"@id\":\"https:\/\/www.noticiasradioreflejos.com.ar\/2021\/telemedicina-72-de-los-pacientes-usaron-el-sistema-a-traves-del-celular-y-52-consulto-por-covid\/#breadcrumb\"},\"inLanguage\":\"es\",\"potentialAction\":[{\"@type\":\"ReadAction\",\"target\":[\"https:\/\/www.noticiasradioreflejos.com.ar\/2021\/telemedicina-72-de-los-pacientes-usaron-el-sistema-a-traves-del-celular-y-52-consulto-por-covid\/\"]}]},{\"@type\":\"BreadcrumbList\",\"@id\":\"https:\/\/www.noticiasradioreflejos.com.ar\/2021\/telemedicina-72-de-los-pacientes-usaron-el-sistema-a-traves-del-celular-y-52-consulto-por-covid\/#breadcrumb\",\"itemListElement\":[{\"@type\":\"ListItem\",\"position\":1,\"name\":\"Portada\",\"item\":\"https:\/\/www.noticiasradioreflejos.com.ar\/2021\/\"},{\"@type\":\"ListItem\",\"position\":2,\"name\":\"Telemedicina: 72% de los pacientes usaron el sistema a trav\u00e9s del celular y 52% consult\u00f3 por Covid\"}]},{\"@type\":\"WebSite\",\"@id\":\"https:\/\/www.noticiasradioreflejos.com.ar\/2021\/#website\",\"url\":\"https:\/\/www.noticiasradioreflejos.com.ar\/2021\/\",\"name\":\"Noticias Radio Reflejos\",\"description\":\"Las noticias de mi comarca\",\"potentialAction\":[{\"@type\":\"SearchAction\",\"target\":{\"@type\":\"EntryPoint\",\"urlTemplate\":\"https:\/\/www.noticiasradioreflejos.com.ar\/2021\/?s={search_term_string}\"},\"query-input\":{\"@type\":\"PropertyValueSpecification\",\"valueRequired\":true,\"valueName\":\"search_term_string\"}}],\"inLanguage\":\"es\"},{\"@type\":\"Person\",\"@id\":\"https:\/\/www.noticiasradioreflejos.com.ar\/2021\/#\/schema\/person\/ad82545263dcc5ec0996818884fd5fb1\",\"name\":\"Arnaldo Botto\",\"image\":{\"@type\":\"ImageObject\",\"inLanguage\":\"es\",\"@id\":\"https:\/\/www.noticiasradioreflejos.com.ar\/2021\/#\/schema\/person\/image\/\",\"url\":\"https:\/\/secure.gravatar.com\/avatar\/55cb5e37c1efa326397366e6974cb338056df65cb50e7d64d1cf314e87504837?s=96&d=mm&r=g\",\"contentUrl\":\"https:\/\/secure.gravatar.com\/avatar\/55cb5e37c1efa326397366e6974cb338056df65cb50e7d64d1cf314e87504837?s=96&d=mm&r=g\",\"caption\":\"Arnaldo Botto\"},\"url\":\"https:\/\/www.noticiasradioreflejos.com.ar\/2021\/author\/arnaldo\/\"}]}<\/script>\n<!-- \/ Yoast SEO plugin. -->","yoast_head_json":{"title":"Telemedicina: 72% de los pacientes usaron el sistema a trav\u00e9s del celular y 52% consult\u00f3 por Covid - Noticias Radio Reflejos","robots":{"index":"index","follow":"follow","max-snippet":"max-snippet:-1","max-image-preview":"max-image-preview:large","max-video-preview":"max-video-preview:-1"},"canonical":"https:\/\/www.noticiasradioreflejos.com.ar\/2021\/telemedicina-72-de-los-pacientes-usaron-el-sistema-a-traves-del-celular-y-52-consulto-por-covid\/","og_locale":"es_ES","og_type":"article","og_title":"Telemedicina: 72% de los pacientes usaron el sistema a trav\u00e9s del celular y 52% consult\u00f3 por Covid - Noticias Radio Reflejos","og_description":"El Ministerio de Salud dio hoy a conocer una encuesta sobre telemedicina que revel\u00f3 que 72% de los pacientes usaron el sistema a trav\u00e9s del celular, 52% hizo consultas vinculadas al coronavirus, y en el caso de los profesionales del \u00e1rea el 82% afirm\u00f3 \u00abestar muy familiarizado\u00bb con esa modalidad de atenci\u00f3n y el 75% [&hellip;]","og_url":"https:\/\/www.noticiasradioreflejos.com.ar\/2021\/telemedicina-72-de-los-pacientes-usaron-el-sistema-a-traves-del-celular-y-52-consulto-por-covid\/","og_site_name":"Noticias Radio Reflejos","article_published_time":"2020-12-09T13:34:05+00:00","og_image":[{"width":300,"height":200,"url":"https:\/\/www.noticiasradioreflejos.com.ar\/2021\/wp-content\/uploads\/2021\/07\/logosol300x200.png","type":"image\/png"}],"author":"Arnaldo Botto","twitter_card":"summary_large_image","schema":{"@context":"https:\/\/schema.org","@graph":[{"@type":"WebPage","@id":"https:\/\/www.noticiasradioreflejos.com.ar\/2021\/telemedicina-72-de-los-pacientes-usaron-el-sistema-a-traves-del-celular-y-52-consulto-por-covid\/","url":"https:\/\/www.noticiasradioreflejos.com.ar\/2021\/telemedicina-72-de-los-pacientes-usaron-el-sistema-a-traves-del-celular-y-52-consulto-por-covid\/","name":"Telemedicina: 72% de los pacientes usaron el sistema a trav\u00e9s del celular y 52% consult\u00f3 por Covid - Noticias Radio Reflejos","isPartOf":{"@id":"https:\/\/www.noticiasradioreflejos.com.ar\/2021\/#website"},"datePublished":"2020-12-09T13:34:05+00:00","author":{"@id":"https:\/\/www.noticiasradioreflejos.com.ar\/2021\/#\/schema\/person\/ad82545263dcc5ec0996818884fd5fb1"},"breadcrumb":{"@id":"https:\/\/www.noticiasradioreflejos.com.ar\/2021\/telemedicina-72-de-los-pacientes-usaron-el-sistema-a-traves-del-celular-y-52-consulto-por-covid\/#breadcrumb"},"inLanguage":"es","potentialAction":[{"@type":"ReadAction","target":["https:\/\/www.noticiasradioreflejos.com.ar\/2021\/telemedicina-72-de-los-pacientes-usaron-el-sistema-a-traves-del-celular-y-52-consulto-por-covid\/"]}]},{"@type":"BreadcrumbList","@id":"https:\/\/www.noticiasradioreflejos.com.ar\/2021\/telemedicina-72-de-los-pacientes-usaron-el-sistema-a-traves-del-celular-y-52-consulto-por-covid\/#breadcrumb","itemListElement":[{"@type":"ListItem","position":1,"name":"Portada","item":"https:\/\/www.noticiasradioreflejos.com.ar\/2021\/"},{"@type":"ListItem","position":2,"name":"Telemedicina: 72% de los pacientes usaron el sistema a trav\u00e9s del celular y 52% consult\u00f3 por Covid"}]},{"@type":"WebSite","@id":"https:\/\/www.noticiasradioreflejos.com.ar\/2021\/#website","url":"https:\/\/www.noticiasradioreflejos.com.ar\/2021\/","name":"Noticias Radio Reflejos","description":"Las noticias de mi comarca","potentialAction":[{"@type":"SearchAction","target":{"@type":"EntryPoint","urlTemplate":"https:\/\/www.noticiasradioreflejos.com.ar\/2021\/?s={search_term_string}"},"query-input":{"@type":"PropertyValueSpecification","valueRequired":true,"valueName":"search_term_string"}}],"inLanguage":"es"},{"@type":"Person","@id":"https:\/\/www.noticiasradioreflejos.com.ar\/2021\/#\/schema\/person\/ad82545263dcc5ec0996818884fd5fb1","name":"Arnaldo Botto","image":{"@type":"ImageObject","inLanguage":"es","@id":"https:\/\/www.noticiasradioreflejos.com.ar\/2021\/#\/schema\/person\/image\/","url":"https:\/\/secure.gravatar.com\/avatar\/55cb5e37c1efa326397366e6974cb338056df65cb50e7d64d1cf314e87504837?s=96&d=mm&r=g","contentUrl":"https:\/\/secure.gravatar.com\/avatar\/55cb5e37c1efa326397366e6974cb338056df65cb50e7d64d1cf314e87504837?s=96&d=mm&r=g","caption":"Arnaldo Botto"},"url":"https:\/\/www.noticiasradioreflejos.com.ar\/2021\/author\/arnaldo\/"}]}},"_links":{"self":[{"href":"https:\/\/www.noticiasradioreflejos.com.ar\/2021\/wp-json\/wp\/v2\/posts\/50096","targetHints":{"allow":["GET"]}}],"collection":[{"href":"https:\/\/www.noticiasradioreflejos.com.ar\/2021\/wp-json\/wp\/v2\/posts"}],"about":[{"href":"https:\/\/www.noticiasradioreflejos.com.ar\/2021\/wp-json\/wp\/v2\/types\/post"}],"author":[{"embeddable":true,"href":"https:\/\/www.noticiasradioreflejos.com.ar\/2021\/wp-json\/wp\/v2\/users\/3"}],"replies":[{"embeddable":true,"href":"https:\/\/www.noticiasradioreflejos.com.ar\/2021\/wp-json\/wp\/v2\/comments?post=50096"}],"version-history":[{"count":0,"href":"https:\/\/www.noticiasradioreflejos.com.ar\/2021\/wp-json\/wp\/v2\/posts\/50096\/revisions"}],"wp:attachment":[{"href":"https:\/\/www.noticiasradioreflejos.com.ar\/2021\/wp-json\/wp\/v2\/media?parent=50096"}],"wp:term":[{"taxonomy":"category","embeddable":true,"href":"https:\/\/www.noticiasradioreflejos.com.ar\/2021\/wp-json\/wp\/v2\/categories?post=50096"},{"taxonomy":"post_tag","embeddable":true,"href":"https:\/\/www.noticiasradioreflejos.com.ar\/2021\/wp-json\/wp\/v2\/tags?post=50096"}],"curies":[{"name":"wp","href":"https:\/\/api.w.org\/{rel}","templated":true}]}}