{"id":50092,"date":"2020-12-09T09:29:07","date_gmt":"2020-12-09T12:29:07","guid":{"rendered":"http:\/\/www.noticiasradioreflejos.com.ar\/noticias\/?p=50092"},"modified":"2020-12-09T09:29:07","modified_gmt":"2020-12-09T12:29:07","slug":"bomberos-de-saldungaray-rescataron-un-vehiculo-que-cayo-en-las-aguas-del-embalse-paso-de-las-piedras","status":"publish","type":"post","link":"https:\/\/www.noticiasradioreflejos.com.ar\/2021\/bomberos-de-saldungaray-rescataron-un-vehiculo-que-cayo-en-las-aguas-del-embalse-paso-de-las-piedras\/","title":{"rendered":"Bomberos de Saldungaray rescataron un veh\u00edculo que cay\u00f3 en las aguas del embalse Paso de las Piedras"},"content":{"rendered":"<p>Cayeron al embalse del dique cuando se les revent\u00f3 un neum\u00e1tico; circulaban por la Ruta 51. Iban a pescar al embalse.<!--more--><\/p>\n<p>En la tarde de ayer, tres personas oriundas de Bah\u00eda Blanca, cayeron al Dique Paso de las Piedras en momentos que circulaban por la Ruta Provincial 51. Se fueron a pique treinta metros, aunque afortunadamente salvaron sus vidas al salir por sus propios medios del veh\u00edculo<\/p>\n<p>El accidente se registr\u00f3 en el mismo puente del embalse, y los ocupantes del rodado circulaban desde Bah\u00eda Blanca en sentido hacia Pringles, cayendo hacia su lado derecho, dentro del lago.<\/p>\n<p>Cuando se revent\u00f3 uno de los neum\u00e1ticos -del lado del acompa\u00f1ante- el veh\u00edculo fue despedido hacia dentro del lago, sorteando uno de los guaradarrailes y cayendo a un sector donde la profundidad del agua supera los dos metros y medio.<\/p>\n<p>Una persona que observ\u00f3 el accidente dio aviso a las autoridades, y fue as\u00ed que se acercaron a prestar colaboraci\u00f3n Bomberos de Coronel Pringles y Saldungaray (buzos), Cabildo, personal de Patrulla Rural de Lartigau, y con el auxilio de un tractor (Galduro) pudieron rescatar el veh\u00edculo.<\/p>\n<p>En tanto, en Fra-Pal estaba la ambulancia del SAME dispuesta para este tipo de emergencias, y se hizo presente para brindar asistencia a los ocupantes del veh\u00edculo, principalmente a uno de ellos que era el m\u00e1s afectado por el accidente. Tambi\u00e9n estuvo presente en el lugar la Ingeniera Marta Crisafulli, titular de la Autoridad del Agua.<\/p>\n<p>Los tres ocupantes lograron salir del rodado porque ten\u00edan las ventanillas abiertas. Circulaban por all\u00ed porque iban a pescar al embalse.<\/p>\n<p><strong>Video de bomberos de Saldungaray<\/strong><\/p>\n<p><iframe loading=\"lazy\" src=\"https:\/\/www.youtube.com\/embed\/A3pmv7MNASY\" width=\"560\" height=\"315\" frameborder=\"0\" allowfullscreen=\"allowfullscreen\"><\/iframe><\/p>\n<p><strong>Fuente La Br\u00fajula <\/strong><\/p>\n","protected":false},"excerpt":{"rendered":"<p>Cayeron al embalse del dique cuando se les revent\u00f3 un neum\u00e1tico; circulaban por la Ruta 51. Iban a pescar al embalse.<\/p>\n","protected":false},"author":3,"featured_media":0,"comment_status":"closed","ping_status":"open","sticky":false,"template":"","format":"standard","meta":{"footnotes":""},"categories":[29],"tags":[],"class_list":["post-50092","post","type-post","status-publish","format-standard","hentry","category-policiales"],"yoast_head":"<!-- This site is optimized with the Yoast SEO plugin v25.9 - https:\/\/yoast.com\/wordpress\/plugins\/seo\/ -->\n<title>Bomberos de Saldungaray rescataron un veh\u00edculo que cay\u00f3 en las aguas del embalse Paso de las Piedras - Noticias Radio Reflejos<\/title>\n<meta name=\"robots\" content=\"index, follow, max-snippet:-1, max-image-preview:large, max-video-preview:-1\" \/>\n<link rel=\"canonical\" href=\"https:\/\/www.noticiasradioreflejos.com.ar\/2021\/bomberos-de-saldungaray-rescataron-un-vehiculo-que-cayo-en-las-aguas-del-embalse-paso-de-las-piedras\/\" \/>\n<meta property=\"og:locale\" content=\"es_ES\" \/>\n<meta property=\"og:type\" content=\"article\" \/>\n<meta property=\"og:title\" content=\"Bomberos de Saldungaray rescataron un veh\u00edculo que cay\u00f3 en las aguas del embalse Paso de las Piedras - Noticias Radio Reflejos\" \/>\n<meta property=\"og:description\" content=\"Cayeron al embalse del dique cuando se les revent\u00f3 un neum\u00e1tico; circulaban por la Ruta 51. Iban a pescar al embalse.\" \/>\n<meta property=\"og:url\" content=\"https:\/\/www.noticiasradioreflejos.com.ar\/2021\/bomberos-de-saldungaray-rescataron-un-vehiculo-que-cayo-en-las-aguas-del-embalse-paso-de-las-piedras\/\" \/>\n<meta property=\"og:site_name\" content=\"Noticias Radio Reflejos\" \/>\n<meta property=\"article:published_time\" content=\"2020-12-09T12:29:07+00:00\" \/>\n<meta property=\"og:image\" content=\"https:\/\/www.noticiasradioreflejos.com.ar\/2021\/wp-content\/uploads\/2021\/07\/logosol300x200.png\" \/>\n\t<meta property=\"og:image:width\" content=\"300\" \/>\n\t<meta property=\"og:image:height\" content=\"200\" \/>\n\t<meta property=\"og:image:type\" content=\"image\/png\" \/>\n<meta name=\"author\" content=\"Arnaldo Botto\" \/>\n<meta name=\"twitter:card\" content=\"summary_large_image\" \/>\n<script type=\"application\/ld+json\" class=\"yoast-schema-graph\">{\"@context\":\"https:\/\/schema.org\",\"@graph\":[{\"@type\":\"WebPage\",\"@id\":\"https:\/\/www.noticiasradioreflejos.com.ar\/2021\/bomberos-de-saldungaray-rescataron-un-vehiculo-que-cayo-en-las-aguas-del-embalse-paso-de-las-piedras\/\",\"url\":\"https:\/\/www.noticiasradioreflejos.com.ar\/2021\/bomberos-de-saldungaray-rescataron-un-vehiculo-que-cayo-en-las-aguas-del-embalse-paso-de-las-piedras\/\",\"name\":\"Bomberos de Saldungaray rescataron un veh\u00edculo que cay\u00f3 en las aguas del embalse Paso de las Piedras - Noticias Radio Reflejos\",\"isPartOf\":{\"@id\":\"https:\/\/www.noticiasradioreflejos.com.ar\/2021\/#website\"},\"datePublished\":\"2020-12-09T12:29:07+00:00\",\"author\":{\"@id\":\"https:\/\/www.noticiasradioreflejos.com.ar\/2021\/#\/schema\/person\/ad82545263dcc5ec0996818884fd5fb1\"},\"breadcrumb\":{\"@id\":\"https:\/\/www.noticiasradioreflejos.com.ar\/2021\/bomberos-de-saldungaray-rescataron-un-vehiculo-que-cayo-en-las-aguas-del-embalse-paso-de-las-piedras\/#breadcrumb\"},\"inLanguage\":\"es\",\"potentialAction\":[{\"@type\":\"ReadAction\",\"target\":[\"https:\/\/www.noticiasradioreflejos.com.ar\/2021\/bomberos-de-saldungaray-rescataron-un-vehiculo-que-cayo-en-las-aguas-del-embalse-paso-de-las-piedras\/\"]}]},{\"@type\":\"BreadcrumbList\",\"@id\":\"https:\/\/www.noticiasradioreflejos.com.ar\/2021\/bomberos-de-saldungaray-rescataron-un-vehiculo-que-cayo-en-las-aguas-del-embalse-paso-de-las-piedras\/#breadcrumb\",\"itemListElement\":[{\"@type\":\"ListItem\",\"position\":1,\"name\":\"Portada\",\"item\":\"https:\/\/www.noticiasradioreflejos.com.ar\/2021\/\"},{\"@type\":\"ListItem\",\"position\":2,\"name\":\"Bomberos de Saldungaray rescataron un veh\u00edculo que cay\u00f3 en las aguas del embalse Paso de las Piedras\"}]},{\"@type\":\"WebSite\",\"@id\":\"https:\/\/www.noticiasradioreflejos.com.ar\/2021\/#website\",\"url\":\"https:\/\/www.noticiasradioreflejos.com.ar\/2021\/\",\"name\":\"Noticias Radio Reflejos\",\"description\":\"Las noticias de mi comarca\",\"potentialAction\":[{\"@type\":\"SearchAction\",\"target\":{\"@type\":\"EntryPoint\",\"urlTemplate\":\"https:\/\/www.noticiasradioreflejos.com.ar\/2021\/?s={search_term_string}\"},\"query-input\":{\"@type\":\"PropertyValueSpecification\",\"valueRequired\":true,\"valueName\":\"search_term_string\"}}],\"inLanguage\":\"es\"},{\"@type\":\"Person\",\"@id\":\"https:\/\/www.noticiasradioreflejos.com.ar\/2021\/#\/schema\/person\/ad82545263dcc5ec0996818884fd5fb1\",\"name\":\"Arnaldo Botto\",\"image\":{\"@type\":\"ImageObject\",\"inLanguage\":\"es\",\"@id\":\"https:\/\/www.noticiasradioreflejos.com.ar\/2021\/#\/schema\/person\/image\/\",\"url\":\"https:\/\/secure.gravatar.com\/avatar\/55cb5e37c1efa326397366e6974cb338056df65cb50e7d64d1cf314e87504837?s=96&d=mm&r=g\",\"contentUrl\":\"https:\/\/secure.gravatar.com\/avatar\/55cb5e37c1efa326397366e6974cb338056df65cb50e7d64d1cf314e87504837?s=96&d=mm&r=g\",\"caption\":\"Arnaldo Botto\"},\"url\":\"https:\/\/www.noticiasradioreflejos.com.ar\/2021\/author\/arnaldo\/\"}]}<\/script>\n<!-- \/ Yoast SEO plugin. -->","yoast_head_json":{"title":"Bomberos de Saldungaray rescataron un veh\u00edculo que cay\u00f3 en las aguas del embalse Paso de las Piedras - Noticias Radio Reflejos","robots":{"index":"index","follow":"follow","max-snippet":"max-snippet:-1","max-image-preview":"max-image-preview:large","max-video-preview":"max-video-preview:-1"},"canonical":"https:\/\/www.noticiasradioreflejos.com.ar\/2021\/bomberos-de-saldungaray-rescataron-un-vehiculo-que-cayo-en-las-aguas-del-embalse-paso-de-las-piedras\/","og_locale":"es_ES","og_type":"article","og_title":"Bomberos de Saldungaray rescataron un veh\u00edculo que cay\u00f3 en las aguas del embalse Paso de las Piedras - Noticias Radio Reflejos","og_description":"Cayeron al embalse del dique cuando se les revent\u00f3 un neum\u00e1tico; circulaban por la Ruta 51. Iban a pescar al embalse.","og_url":"https:\/\/www.noticiasradioreflejos.com.ar\/2021\/bomberos-de-saldungaray-rescataron-un-vehiculo-que-cayo-en-las-aguas-del-embalse-paso-de-las-piedras\/","og_site_name":"Noticias Radio Reflejos","article_published_time":"2020-12-09T12:29:07+00:00","og_image":[{"width":300,"height":200,"url":"https:\/\/www.noticiasradioreflejos.com.ar\/2021\/wp-content\/uploads\/2021\/07\/logosol300x200.png","type":"image\/png"}],"author":"Arnaldo Botto","twitter_card":"summary_large_image","schema":{"@context":"https:\/\/schema.org","@graph":[{"@type":"WebPage","@id":"https:\/\/www.noticiasradioreflejos.com.ar\/2021\/bomberos-de-saldungaray-rescataron-un-vehiculo-que-cayo-en-las-aguas-del-embalse-paso-de-las-piedras\/","url":"https:\/\/www.noticiasradioreflejos.com.ar\/2021\/bomberos-de-saldungaray-rescataron-un-vehiculo-que-cayo-en-las-aguas-del-embalse-paso-de-las-piedras\/","name":"Bomberos de Saldungaray rescataron un veh\u00edculo que cay\u00f3 en las aguas del embalse Paso de las Piedras - Noticias Radio Reflejos","isPartOf":{"@id":"https:\/\/www.noticiasradioreflejos.com.ar\/2021\/#website"},"datePublished":"2020-12-09T12:29:07+00:00","author":{"@id":"https:\/\/www.noticiasradioreflejos.com.ar\/2021\/#\/schema\/person\/ad82545263dcc5ec0996818884fd5fb1"},"breadcrumb":{"@id":"https:\/\/www.noticiasradioreflejos.com.ar\/2021\/bomberos-de-saldungaray-rescataron-un-vehiculo-que-cayo-en-las-aguas-del-embalse-paso-de-las-piedras\/#breadcrumb"},"inLanguage":"es","potentialAction":[{"@type":"ReadAction","target":["https:\/\/www.noticiasradioreflejos.com.ar\/2021\/bomberos-de-saldungaray-rescataron-un-vehiculo-que-cayo-en-las-aguas-del-embalse-paso-de-las-piedras\/"]}]},{"@type":"BreadcrumbList","@id":"https:\/\/www.noticiasradioreflejos.com.ar\/2021\/bomberos-de-saldungaray-rescataron-un-vehiculo-que-cayo-en-las-aguas-del-embalse-paso-de-las-piedras\/#breadcrumb","itemListElement":[{"@type":"ListItem","position":1,"name":"Portada","item":"https:\/\/www.noticiasradioreflejos.com.ar\/2021\/"},{"@type":"ListItem","position":2,"name":"Bomberos de Saldungaray rescataron un veh\u00edculo que cay\u00f3 en las aguas del embalse Paso de las Piedras"}]},{"@type":"WebSite","@id":"https:\/\/www.noticiasradioreflejos.com.ar\/2021\/#website","url":"https:\/\/www.noticiasradioreflejos.com.ar\/2021\/","name":"Noticias Radio Reflejos","description":"Las noticias de mi comarca","potentialAction":[{"@type":"SearchAction","target":{"@type":"EntryPoint","urlTemplate":"https:\/\/www.noticiasradioreflejos.com.ar\/2021\/?s={search_term_string}"},"query-input":{"@type":"PropertyValueSpecification","valueRequired":true,"valueName":"search_term_string"}}],"inLanguage":"es"},{"@type":"Person","@id":"https:\/\/www.noticiasradioreflejos.com.ar\/2021\/#\/schema\/person\/ad82545263dcc5ec0996818884fd5fb1","name":"Arnaldo Botto","image":{"@type":"ImageObject","inLanguage":"es","@id":"https:\/\/www.noticiasradioreflejos.com.ar\/2021\/#\/schema\/person\/image\/","url":"https:\/\/secure.gravatar.com\/avatar\/55cb5e37c1efa326397366e6974cb338056df65cb50e7d64d1cf314e87504837?s=96&d=mm&r=g","contentUrl":"https:\/\/secure.gravatar.com\/avatar\/55cb5e37c1efa326397366e6974cb338056df65cb50e7d64d1cf314e87504837?s=96&d=mm&r=g","caption":"Arnaldo Botto"},"url":"https:\/\/www.noticiasradioreflejos.com.ar\/2021\/author\/arnaldo\/"}]}},"_links":{"self":[{"href":"https:\/\/www.noticiasradioreflejos.com.ar\/2021\/wp-json\/wp\/v2\/posts\/50092","targetHints":{"allow":["GET"]}}],"collection":[{"href":"https:\/\/www.noticiasradioreflejos.com.ar\/2021\/wp-json\/wp\/v2\/posts"}],"about":[{"href":"https:\/\/www.noticiasradioreflejos.com.ar\/2021\/wp-json\/wp\/v2\/types\/post"}],"author":[{"embeddable":true,"href":"https:\/\/www.noticiasradioreflejos.com.ar\/2021\/wp-json\/wp\/v2\/users\/3"}],"replies":[{"embeddable":true,"href":"https:\/\/www.noticiasradioreflejos.com.ar\/2021\/wp-json\/wp\/v2\/comments?post=50092"}],"version-history":[{"count":0,"href":"https:\/\/www.noticiasradioreflejos.com.ar\/2021\/wp-json\/wp\/v2\/posts\/50092\/revisions"}],"wp:attachment":[{"href":"https:\/\/www.noticiasradioreflejos.com.ar\/2021\/wp-json\/wp\/v2\/media?parent=50092"}],"wp:term":[{"taxonomy":"category","embeddable":true,"href":"https:\/\/www.noticiasradioreflejos.com.ar\/2021\/wp-json\/wp\/v2\/categories?post=50092"},{"taxonomy":"post_tag","embeddable":true,"href":"https:\/\/www.noticiasradioreflejos.com.ar\/2021\/wp-json\/wp\/v2\/tags?post=50092"}],"curies":[{"name":"wp","href":"https:\/\/api.w.org\/{rel}","templated":true}]}}