{"id":5008,"date":"2016-12-21T12:09:17","date_gmt":"2016-12-21T12:09:17","guid":{"rendered":"http:\/\/noticiasradioreflejos.com.ar\/noticias\/?p=5008"},"modified":"2016-12-21T12:09:17","modified_gmt":"2016-12-21T12:09:17","slug":"despedida-del-ano-en-bomberos-voluntarios-y-con-firmes-objetivos-para-el-2017","status":"publish","type":"post","link":"https:\/\/www.noticiasradioreflejos.com.ar\/2021\/despedida-del-ano-en-bomberos-voluntarios-y-con-firmes-objetivos-para-el-2017\/","title":{"rendered":"Despedida del a\u00f1o en Bomberos Voluntarios y con firmes objetivos para el 2017"},"content":{"rendered":"<p><a title=\"IMG_20161220_220945796\" href=\"http:\/\/farm1.staticflickr.com\/593\/31781799325_3b570522e4_z.jpg\" rel=\"\"><img loading=\"lazy\" decoding=\"async\" class=\"alignleft\" style=\"float: left;\" title=\"IMG_20161220_220945796\" src=\"http:\/\/farm1.staticflickr.com\/593\/31781799325_3b570522e4_z.jpg\" alt=\"IMG_20161220_220945796\" width=\"640\" height=\"480\" \/><\/a>La Comisi\u00f3n Directiva y Cuerpo Activo de la Asociaci\u00f3n de Bomberos Voluntarios de Sierra de la Ventana realiz\u00f3 este martes 20 de diciembre un \u00e1gape y brindis para despedir el 2016.<br \/>\nEstuvieron presentes autoridades municipales, integrantes de instituciones locales, comerciantes y colaboradores que acompa\u00f1aron la gesti\u00f3n de la actual Comisi\u00f3n y gran parte del cuerpo activo de Bomberos.<br \/>\n<!--more--><br \/>\nEl Intendente Municipal Sergio Bordoni acompa\u00f1ado de su esposa Paola Bauer, La Secretaria de Turismo Susana Dos Santos, El Director de Deporte Sebasti\u00e1n Bassi, el Subsecretario de espacios Culturales Walter M\u00e9ndez, El director de Planificaci\u00f3n Gonzalo Iparraguirre y Delegado de Sierra de la Ventana Hugo Polvara.<br \/>\n<a title=\"IMG_20161220_221022769\" href=\"http:\/\/farm1.staticflickr.com\/444\/30972161143_3db30867ed_z.jpg\" rel=\"\"><img loading=\"lazy\" decoding=\"async\" class=\"aligncenter\" title=\"IMG_20161220_221022769\" src=\"http:\/\/farm1.staticflickr.com\/444\/30972161143_3db30867ed_z.jpg\" alt=\"IMG_20161220_221022769\" width=\"640\" height=\"480\" \/><\/a><br \/>\nLuego de disfrutar del servicio de catering servido, lleg\u00f3 el brindis y la Presidente de la Instituci\u00f3n Mar\u00eda Romero con el Tesorero Sergio Teko Dom\u00ednguez hicieron uso de la palabra agradeciendo a los presentes por el apoyo recibido y delinearon los compromisos de continuar cuidando y trabajando para engrandecer a la Asociaci\u00f3n.<br \/>\nPor su parte Bordoni retribuye los agradecimientos destacando \u00abCon gente como ustedes trabajando en instituciones como los Bomberos de Sierra de la Ventana, nos alivian nuestro trabajo, que para eso nos pagan, para colaborar con todas las instituciones del distrito\u00bb.<br \/>\nLuego del brindis entrevistamos a Mar\u00eda Romero y a Sergio Dom\u00ednguez y ambos coincidieron en un objetivo firme para el 2017, lograr la escritura de la propiedad que ocupa el actual cuartel, que pasadas varias gestiones no se pudo lograr.<br \/>\nA esto Dominguez nos dec\u00eda\u00bb No es que hayan tenido mala voluntad o no se hayan ocupado, pasa que ahora el Asesor Legal del Municipio Andr\u00e9s Buschi encontr\u00f3 hacer la transferencia patrimonial administrativa y con eso se elimina el paso de usucapi\u00f3n que te lleva 20 a\u00f1os y tr\u00e1mites muy engorrosos.\u00bb<br \/>\n<iframe loading=\"lazy\" src=\"https:\/\/w.soundcloud.com\/player\/?url=https%3A\/\/api.soundcloud.com\/tracks\/298943010&amp;color=ff5500&amp;auto_play=false&amp;hide_related=false&amp;show_comments=true&amp;show_user=true&amp;show_reposts=false\" width=\"100%\" height=\"166\" frameborder=\"no\" scrolling=\"no\"><\/iframe><br \/>\n<iframe loading=\"lazy\" src=\"https:\/\/w.soundcloud.com\/player\/?url=https%3A\/\/api.soundcloud.com\/tracks\/298942565&amp;color=ff5500&amp;auto_play=false&amp;hide_related=false&amp;show_comments=true&amp;show_user=true&amp;show_reposts=false\" width=\"100%\" height=\"166\" frameborder=\"no\" scrolling=\"no\"><\/iframe><br \/>\n<a href=\"https:\/\/www.facebook.com\/reflejosfm\/media_set?set=a.10211576495076754.1073742006.1496587978&amp;type=3&amp;uploaded=16\">ver m\u00e1s fotos:<\/a><\/p>\n","protected":false},"excerpt":{"rendered":"<p>La Comisi\u00f3n Directiva y Cuerpo Activo de la Asociaci\u00f3n de Bomberos Voluntarios de Sierra de la Ventana realiz\u00f3 este martes 20 de diciembre un \u00e1gape y brindis para despedir el 2016. Estuvieron presentes autoridades municipales, integrantes de instituciones locales, comerciantes y colaboradores que acompa\u00f1aron la gesti\u00f3n de la actual Comisi\u00f3n y gran parte del cuerpo [&hellip;]<\/p>\n","protected":false},"author":3,"featured_media":0,"comment_status":"closed","ping_status":"open","sticky":false,"template":"","format":"standard","meta":{"footnotes":""},"categories":[26],"tags":[],"class_list":["post-5008","post","type-post","status-publish","format-standard","hentry","category-sociedad"],"yoast_head":"<!-- This site is optimized with the Yoast SEO plugin v25.9 - https:\/\/yoast.com\/wordpress\/plugins\/seo\/ -->\n<title>Despedida del a\u00f1o en Bomberos Voluntarios y con firmes objetivos para el 2017 - Noticias Radio Reflejos<\/title>\n<meta name=\"robots\" content=\"index, follow, max-snippet:-1, max-image-preview:large, max-video-preview:-1\" \/>\n<link rel=\"canonical\" href=\"https:\/\/www.noticiasradioreflejos.com.ar\/2021\/despedida-del-ano-en-bomberos-voluntarios-y-con-firmes-objetivos-para-el-2017\/\" \/>\n<meta property=\"og:locale\" content=\"es_ES\" \/>\n<meta property=\"og:type\" content=\"article\" \/>\n<meta property=\"og:title\" content=\"Despedida del a\u00f1o en Bomberos Voluntarios y con firmes objetivos para el 2017 - Noticias Radio Reflejos\" \/>\n<meta property=\"og:description\" content=\"La Comisi\u00f3n Directiva y Cuerpo Activo de la Asociaci\u00f3n de Bomberos Voluntarios de Sierra de la Ventana realiz\u00f3 este martes 20 de diciembre un \u00e1gape y brindis para despedir el 2016. Estuvieron presentes autoridades municipales, integrantes de instituciones locales, comerciantes y colaboradores que acompa\u00f1aron la gesti\u00f3n de la actual Comisi\u00f3n y gran parte del cuerpo [&hellip;]\" \/>\n<meta property=\"og:url\" content=\"https:\/\/www.noticiasradioreflejos.com.ar\/2021\/despedida-del-ano-en-bomberos-voluntarios-y-con-firmes-objetivos-para-el-2017\/\" \/>\n<meta property=\"og:site_name\" content=\"Noticias Radio Reflejos\" \/>\n<meta property=\"article:published_time\" content=\"2016-12-21T12:09:17+00:00\" \/>\n<meta property=\"og:image\" content=\"http:\/\/farm1.staticflickr.com\/593\/31781799325_3b570522e4_z.jpg\" \/>\n<meta name=\"author\" content=\"Arnaldo Botto\" \/>\n<meta name=\"twitter:card\" content=\"summary_large_image\" \/>\n<script type=\"application\/ld+json\" class=\"yoast-schema-graph\">{\"@context\":\"https:\/\/schema.org\",\"@graph\":[{\"@type\":\"WebPage\",\"@id\":\"https:\/\/www.noticiasradioreflejos.com.ar\/2021\/despedida-del-ano-en-bomberos-voluntarios-y-con-firmes-objetivos-para-el-2017\/\",\"url\":\"https:\/\/www.noticiasradioreflejos.com.ar\/2021\/despedida-del-ano-en-bomberos-voluntarios-y-con-firmes-objetivos-para-el-2017\/\",\"name\":\"Despedida del a\u00f1o en Bomberos Voluntarios y con firmes objetivos para el 2017 - Noticias Radio Reflejos\",\"isPartOf\":{\"@id\":\"https:\/\/www.noticiasradioreflejos.com.ar\/2021\/#website\"},\"primaryImageOfPage\":{\"@id\":\"https:\/\/www.noticiasradioreflejos.com.ar\/2021\/despedida-del-ano-en-bomberos-voluntarios-y-con-firmes-objetivos-para-el-2017\/#primaryimage\"},\"image\":{\"@id\":\"https:\/\/www.noticiasradioreflejos.com.ar\/2021\/despedida-del-ano-en-bomberos-voluntarios-y-con-firmes-objetivos-para-el-2017\/#primaryimage\"},\"thumbnailUrl\":\"http:\/\/farm1.staticflickr.com\/593\/31781799325_3b570522e4_z.jpg\",\"datePublished\":\"2016-12-21T12:09:17+00:00\",\"author\":{\"@id\":\"https:\/\/www.noticiasradioreflejos.com.ar\/2021\/#\/schema\/person\/ad82545263dcc5ec0996818884fd5fb1\"},\"breadcrumb\":{\"@id\":\"https:\/\/www.noticiasradioreflejos.com.ar\/2021\/despedida-del-ano-en-bomberos-voluntarios-y-con-firmes-objetivos-para-el-2017\/#breadcrumb\"},\"inLanguage\":\"es\",\"potentialAction\":[{\"@type\":\"ReadAction\",\"target\":[\"https:\/\/www.noticiasradioreflejos.com.ar\/2021\/despedida-del-ano-en-bomberos-voluntarios-y-con-firmes-objetivos-para-el-2017\/\"]}]},{\"@type\":\"ImageObject\",\"inLanguage\":\"es\",\"@id\":\"https:\/\/www.noticiasradioreflejos.com.ar\/2021\/despedida-del-ano-en-bomberos-voluntarios-y-con-firmes-objetivos-para-el-2017\/#primaryimage\",\"url\":\"http:\/\/farm1.staticflickr.com\/593\/31781799325_3b570522e4_z.jpg\",\"contentUrl\":\"http:\/\/farm1.staticflickr.com\/593\/31781799325_3b570522e4_z.jpg\"},{\"@type\":\"BreadcrumbList\",\"@id\":\"https:\/\/www.noticiasradioreflejos.com.ar\/2021\/despedida-del-ano-en-bomberos-voluntarios-y-con-firmes-objetivos-para-el-2017\/#breadcrumb\",\"itemListElement\":[{\"@type\":\"ListItem\",\"position\":1,\"name\":\"Portada\",\"item\":\"https:\/\/www.noticiasradioreflejos.com.ar\/2021\/\"},{\"@type\":\"ListItem\",\"position\":2,\"name\":\"Despedida del a\u00f1o en Bomberos Voluntarios y con firmes objetivos para el 2017\"}]},{\"@type\":\"WebSite\",\"@id\":\"https:\/\/www.noticiasradioreflejos.com.ar\/2021\/#website\",\"url\":\"https:\/\/www.noticiasradioreflejos.com.ar\/2021\/\",\"name\":\"Noticias Radio Reflejos\",\"description\":\"Las noticias de mi comarca\",\"potentialAction\":[{\"@type\":\"SearchAction\",\"target\":{\"@type\":\"EntryPoint\",\"urlTemplate\":\"https:\/\/www.noticiasradioreflejos.com.ar\/2021\/?s={search_term_string}\"},\"query-input\":{\"@type\":\"PropertyValueSpecification\",\"valueRequired\":true,\"valueName\":\"search_term_string\"}}],\"inLanguage\":\"es\"},{\"@type\":\"Person\",\"@id\":\"https:\/\/www.noticiasradioreflejos.com.ar\/2021\/#\/schema\/person\/ad82545263dcc5ec0996818884fd5fb1\",\"name\":\"Arnaldo Botto\",\"image\":{\"@type\":\"ImageObject\",\"inLanguage\":\"es\",\"@id\":\"https:\/\/www.noticiasradioreflejos.com.ar\/2021\/#\/schema\/person\/image\/\",\"url\":\"https:\/\/secure.gravatar.com\/avatar\/55cb5e37c1efa326397366e6974cb338056df65cb50e7d64d1cf314e87504837?s=96&d=mm&r=g\",\"contentUrl\":\"https:\/\/secure.gravatar.com\/avatar\/55cb5e37c1efa326397366e6974cb338056df65cb50e7d64d1cf314e87504837?s=96&d=mm&r=g\",\"caption\":\"Arnaldo Botto\"},\"url\":\"https:\/\/www.noticiasradioreflejos.com.ar\/2021\/author\/arnaldo\/\"}]}<\/script>\n<!-- \/ Yoast SEO plugin. -->","yoast_head_json":{"title":"Despedida del a\u00f1o en Bomberos Voluntarios y con firmes objetivos para el 2017 - Noticias Radio Reflejos","robots":{"index":"index","follow":"follow","max-snippet":"max-snippet:-1","max-image-preview":"max-image-preview:large","max-video-preview":"max-video-preview:-1"},"canonical":"https:\/\/www.noticiasradioreflejos.com.ar\/2021\/despedida-del-ano-en-bomberos-voluntarios-y-con-firmes-objetivos-para-el-2017\/","og_locale":"es_ES","og_type":"article","og_title":"Despedida del a\u00f1o en Bomberos Voluntarios y con firmes objetivos para el 2017 - Noticias Radio Reflejos","og_description":"La Comisi\u00f3n Directiva y Cuerpo Activo de la Asociaci\u00f3n de Bomberos Voluntarios de Sierra de la Ventana realiz\u00f3 este martes 20 de diciembre un \u00e1gape y brindis para despedir el 2016. Estuvieron presentes autoridades municipales, integrantes de instituciones locales, comerciantes y colaboradores que acompa\u00f1aron la gesti\u00f3n de la actual Comisi\u00f3n y gran parte del cuerpo [&hellip;]","og_url":"https:\/\/www.noticiasradioreflejos.com.ar\/2021\/despedida-del-ano-en-bomberos-voluntarios-y-con-firmes-objetivos-para-el-2017\/","og_site_name":"Noticias Radio Reflejos","article_published_time":"2016-12-21T12:09:17+00:00","og_image":[{"url":"http:\/\/farm1.staticflickr.com\/593\/31781799325_3b570522e4_z.jpg","type":"","width":"","height":""}],"author":"Arnaldo Botto","twitter_card":"summary_large_image","schema":{"@context":"https:\/\/schema.org","@graph":[{"@type":"WebPage","@id":"https:\/\/www.noticiasradioreflejos.com.ar\/2021\/despedida-del-ano-en-bomberos-voluntarios-y-con-firmes-objetivos-para-el-2017\/","url":"https:\/\/www.noticiasradioreflejos.com.ar\/2021\/despedida-del-ano-en-bomberos-voluntarios-y-con-firmes-objetivos-para-el-2017\/","name":"Despedida del a\u00f1o en Bomberos Voluntarios y con firmes objetivos para el 2017 - Noticias Radio Reflejos","isPartOf":{"@id":"https:\/\/www.noticiasradioreflejos.com.ar\/2021\/#website"},"primaryImageOfPage":{"@id":"https:\/\/www.noticiasradioreflejos.com.ar\/2021\/despedida-del-ano-en-bomberos-voluntarios-y-con-firmes-objetivos-para-el-2017\/#primaryimage"},"image":{"@id":"https:\/\/www.noticiasradioreflejos.com.ar\/2021\/despedida-del-ano-en-bomberos-voluntarios-y-con-firmes-objetivos-para-el-2017\/#primaryimage"},"thumbnailUrl":"http:\/\/farm1.staticflickr.com\/593\/31781799325_3b570522e4_z.jpg","datePublished":"2016-12-21T12:09:17+00:00","author":{"@id":"https:\/\/www.noticiasradioreflejos.com.ar\/2021\/#\/schema\/person\/ad82545263dcc5ec0996818884fd5fb1"},"breadcrumb":{"@id":"https:\/\/www.noticiasradioreflejos.com.ar\/2021\/despedida-del-ano-en-bomberos-voluntarios-y-con-firmes-objetivos-para-el-2017\/#breadcrumb"},"inLanguage":"es","potentialAction":[{"@type":"ReadAction","target":["https:\/\/www.noticiasradioreflejos.com.ar\/2021\/despedida-del-ano-en-bomberos-voluntarios-y-con-firmes-objetivos-para-el-2017\/"]}]},{"@type":"ImageObject","inLanguage":"es","@id":"https:\/\/www.noticiasradioreflejos.com.ar\/2021\/despedida-del-ano-en-bomberos-voluntarios-y-con-firmes-objetivos-para-el-2017\/#primaryimage","url":"http:\/\/farm1.staticflickr.com\/593\/31781799325_3b570522e4_z.jpg","contentUrl":"http:\/\/farm1.staticflickr.com\/593\/31781799325_3b570522e4_z.jpg"},{"@type":"BreadcrumbList","@id":"https:\/\/www.noticiasradioreflejos.com.ar\/2021\/despedida-del-ano-en-bomberos-voluntarios-y-con-firmes-objetivos-para-el-2017\/#breadcrumb","itemListElement":[{"@type":"ListItem","position":1,"name":"Portada","item":"https:\/\/www.noticiasradioreflejos.com.ar\/2021\/"},{"@type":"ListItem","position":2,"name":"Despedida del a\u00f1o en Bomberos Voluntarios y con firmes objetivos para el 2017"}]},{"@type":"WebSite","@id":"https:\/\/www.noticiasradioreflejos.com.ar\/2021\/#website","url":"https:\/\/www.noticiasradioreflejos.com.ar\/2021\/","name":"Noticias Radio Reflejos","description":"Las noticias de mi comarca","potentialAction":[{"@type":"SearchAction","target":{"@type":"EntryPoint","urlTemplate":"https:\/\/www.noticiasradioreflejos.com.ar\/2021\/?s={search_term_string}"},"query-input":{"@type":"PropertyValueSpecification","valueRequired":true,"valueName":"search_term_string"}}],"inLanguage":"es"},{"@type":"Person","@id":"https:\/\/www.noticiasradioreflejos.com.ar\/2021\/#\/schema\/person\/ad82545263dcc5ec0996818884fd5fb1","name":"Arnaldo Botto","image":{"@type":"ImageObject","inLanguage":"es","@id":"https:\/\/www.noticiasradioreflejos.com.ar\/2021\/#\/schema\/person\/image\/","url":"https:\/\/secure.gravatar.com\/avatar\/55cb5e37c1efa326397366e6974cb338056df65cb50e7d64d1cf314e87504837?s=96&d=mm&r=g","contentUrl":"https:\/\/secure.gravatar.com\/avatar\/55cb5e37c1efa326397366e6974cb338056df65cb50e7d64d1cf314e87504837?s=96&d=mm&r=g","caption":"Arnaldo Botto"},"url":"https:\/\/www.noticiasradioreflejos.com.ar\/2021\/author\/arnaldo\/"}]}},"_links":{"self":[{"href":"https:\/\/www.noticiasradioreflejos.com.ar\/2021\/wp-json\/wp\/v2\/posts\/5008","targetHints":{"allow":["GET"]}}],"collection":[{"href":"https:\/\/www.noticiasradioreflejos.com.ar\/2021\/wp-json\/wp\/v2\/posts"}],"about":[{"href":"https:\/\/www.noticiasradioreflejos.com.ar\/2021\/wp-json\/wp\/v2\/types\/post"}],"author":[{"embeddable":true,"href":"https:\/\/www.noticiasradioreflejos.com.ar\/2021\/wp-json\/wp\/v2\/users\/3"}],"replies":[{"embeddable":true,"href":"https:\/\/www.noticiasradioreflejos.com.ar\/2021\/wp-json\/wp\/v2\/comments?post=5008"}],"version-history":[{"count":0,"href":"https:\/\/www.noticiasradioreflejos.com.ar\/2021\/wp-json\/wp\/v2\/posts\/5008\/revisions"}],"wp:attachment":[{"href":"https:\/\/www.noticiasradioreflejos.com.ar\/2021\/wp-json\/wp\/v2\/media?parent=5008"}],"wp:term":[{"taxonomy":"category","embeddable":true,"href":"https:\/\/www.noticiasradioreflejos.com.ar\/2021\/wp-json\/wp\/v2\/categories?post=5008"},{"taxonomy":"post_tag","embeddable":true,"href":"https:\/\/www.noticiasradioreflejos.com.ar\/2021\/wp-json\/wp\/v2\/tags?post=5008"}],"curies":[{"name":"wp","href":"https:\/\/api.w.org\/{rel}","templated":true}]}}