{"id":5005,"date":"2016-12-21T11:06:19","date_gmt":"2016-12-21T11:06:19","guid":{"rendered":"http:\/\/noticiasradioreflejos.com.ar\/noticias\/?p=5005"},"modified":"2016-12-21T11:06:19","modified_gmt":"2016-12-21T11:06:19","slug":"se-restringira-en-la-provincia-de-buenos-aires-el-herbicida-acido-24-d","status":"publish","type":"post","link":"https:\/\/www.noticiasradioreflejos.com.ar\/2021\/se-restringira-en-la-provincia-de-buenos-aires-el-herbicida-acido-24-d\/","title":{"rendered":"Se restringir\u00e1 en la Provincia de Buenos Aires el herbicida \u00e1cido 2,4-D"},"content":{"rendered":"<p>El Ministro de Agroindustria de la Provincia de Buenos Aires, Leonardo Sarqu\u00eds, firm\u00f3 la resoluci\u00f3n a trav\u00e9s de la cual se restringe en todo el territorio provincial el uso del herbicida \u00e1cido 2,4-D, en sus formulaciones \u00e9steres but\u00edlicos e isobut\u00edlicos, durante el per\u00edodo comprendido entre el 1\u00b0de octubre al 31 de marzo de cada campa\u00f1a productiva.<br \/>\nDurante ese per\u00edodo, que corresponde a la \u00e9poca del a\u00f1o predisponente para su volatilizaci\u00f3n, la restricci\u00f3n se extiende a toda la Provincia incluyendo cualquier modalidad de aplicaci\u00f3n: a\u00e9rea, terrestre o manual.<!--more--><br \/>\nLa medida adoptada comenzar\u00e1 a regir a partir del 1\u00b0 de octubre del 2017, luego de un per\u00edodo de comunicaci\u00f3n de la medida a los productores que utilizan estos productos.<br \/>\nSarqu\u00eds indic\u00f3 que se trata de una decisi\u00f3n \u00abtendiente a generar las condiciones para una producci\u00f3n m\u00e1s sustentable\u00bb.<br \/>\nEn este aspecto se va a realizar una fuerte campa\u00f1a de sensibilizaci\u00f3n-concientizaci\u00f3n y actuar con el rigor necesario frente al incumplimiento de la medida adoptada.<\/p>\n","protected":false},"excerpt":{"rendered":"<p>El Ministro de Agroindustria de la Provincia de Buenos Aires, Leonardo Sarqu\u00eds, firm\u00f3 la resoluci\u00f3n a trav\u00e9s de la cual se restringe en todo el territorio provincial el uso del herbicida \u00e1cido 2,4-D, en sus formulaciones \u00e9steres but\u00edlicos e isobut\u00edlicos, durante el per\u00edodo comprendido entre el 1\u00b0de octubre al 31 de marzo de cada campa\u00f1a [&hellip;]<\/p>\n","protected":false},"author":3,"featured_media":0,"comment_status":"closed","ping_status":"open","sticky":false,"template":"","format":"standard","meta":{"footnotes":""},"categories":[30],"tags":[],"class_list":["post-5005","post","type-post","status-publish","format-standard","hentry","category-salud"],"yoast_head":"<!-- This site is optimized with the Yoast SEO plugin v25.9 - https:\/\/yoast.com\/wordpress\/plugins\/seo\/ -->\n<title>Se restringir\u00e1 en la Provincia de Buenos Aires el herbicida \u00e1cido 2,4-D - Noticias Radio Reflejos<\/title>\n<meta name=\"robots\" content=\"index, follow, max-snippet:-1, max-image-preview:large, max-video-preview:-1\" \/>\n<link rel=\"canonical\" href=\"https:\/\/www.noticiasradioreflejos.com.ar\/2021\/se-restringira-en-la-provincia-de-buenos-aires-el-herbicida-acido-24-d\/\" \/>\n<meta property=\"og:locale\" content=\"es_ES\" \/>\n<meta property=\"og:type\" content=\"article\" \/>\n<meta property=\"og:title\" content=\"Se restringir\u00e1 en la Provincia de Buenos Aires el herbicida \u00e1cido 2,4-D - Noticias Radio Reflejos\" \/>\n<meta property=\"og:description\" content=\"El Ministro de Agroindustria de la Provincia de Buenos Aires, Leonardo Sarqu\u00eds, firm\u00f3 la resoluci\u00f3n a trav\u00e9s de la cual se restringe en todo el territorio provincial el uso del herbicida \u00e1cido 2,4-D, en sus formulaciones \u00e9steres but\u00edlicos e isobut\u00edlicos, durante el per\u00edodo comprendido entre el 1\u00b0de octubre al 31 de marzo de cada campa\u00f1a [&hellip;]\" \/>\n<meta property=\"og:url\" content=\"https:\/\/www.noticiasradioreflejos.com.ar\/2021\/se-restringira-en-la-provincia-de-buenos-aires-el-herbicida-acido-24-d\/\" \/>\n<meta property=\"og:site_name\" content=\"Noticias Radio Reflejos\" \/>\n<meta property=\"article:published_time\" content=\"2016-12-21T11:06:19+00:00\" \/>\n<meta property=\"og:image\" content=\"https:\/\/www.noticiasradioreflejos.com.ar\/2021\/wp-content\/uploads\/2021\/07\/logosol300x200.png\" \/>\n\t<meta property=\"og:image:width\" content=\"300\" \/>\n\t<meta property=\"og:image:height\" content=\"200\" \/>\n\t<meta property=\"og:image:type\" content=\"image\/png\" \/>\n<meta name=\"author\" content=\"Arnaldo Botto\" \/>\n<meta name=\"twitter:card\" content=\"summary_large_image\" \/>\n<script type=\"application\/ld+json\" class=\"yoast-schema-graph\">{\"@context\":\"https:\/\/schema.org\",\"@graph\":[{\"@type\":\"WebPage\",\"@id\":\"https:\/\/www.noticiasradioreflejos.com.ar\/2021\/se-restringira-en-la-provincia-de-buenos-aires-el-herbicida-acido-24-d\/\",\"url\":\"https:\/\/www.noticiasradioreflejos.com.ar\/2021\/se-restringira-en-la-provincia-de-buenos-aires-el-herbicida-acido-24-d\/\",\"name\":\"Se restringir\u00e1 en la Provincia de Buenos Aires el herbicida \u00e1cido 2,4-D - Noticias Radio Reflejos\",\"isPartOf\":{\"@id\":\"https:\/\/www.noticiasradioreflejos.com.ar\/2021\/#website\"},\"datePublished\":\"2016-12-21T11:06:19+00:00\",\"author\":{\"@id\":\"https:\/\/www.noticiasradioreflejos.com.ar\/2021\/#\/schema\/person\/ad82545263dcc5ec0996818884fd5fb1\"},\"breadcrumb\":{\"@id\":\"https:\/\/www.noticiasradioreflejos.com.ar\/2021\/se-restringira-en-la-provincia-de-buenos-aires-el-herbicida-acido-24-d\/#breadcrumb\"},\"inLanguage\":\"es\",\"potentialAction\":[{\"@type\":\"ReadAction\",\"target\":[\"https:\/\/www.noticiasradioreflejos.com.ar\/2021\/se-restringira-en-la-provincia-de-buenos-aires-el-herbicida-acido-24-d\/\"]}]},{\"@type\":\"BreadcrumbList\",\"@id\":\"https:\/\/www.noticiasradioreflejos.com.ar\/2021\/se-restringira-en-la-provincia-de-buenos-aires-el-herbicida-acido-24-d\/#breadcrumb\",\"itemListElement\":[{\"@type\":\"ListItem\",\"position\":1,\"name\":\"Portada\",\"item\":\"https:\/\/www.noticiasradioreflejos.com.ar\/2021\/\"},{\"@type\":\"ListItem\",\"position\":2,\"name\":\"Se restringir\u00e1 en la Provincia de Buenos Aires el herbicida \u00e1cido 2,4-D\"}]},{\"@type\":\"WebSite\",\"@id\":\"https:\/\/www.noticiasradioreflejos.com.ar\/2021\/#website\",\"url\":\"https:\/\/www.noticiasradioreflejos.com.ar\/2021\/\",\"name\":\"Noticias Radio Reflejos\",\"description\":\"Las noticias de mi comarca\",\"potentialAction\":[{\"@type\":\"SearchAction\",\"target\":{\"@type\":\"EntryPoint\",\"urlTemplate\":\"https:\/\/www.noticiasradioreflejos.com.ar\/2021\/?s={search_term_string}\"},\"query-input\":{\"@type\":\"PropertyValueSpecification\",\"valueRequired\":true,\"valueName\":\"search_term_string\"}}],\"inLanguage\":\"es\"},{\"@type\":\"Person\",\"@id\":\"https:\/\/www.noticiasradioreflejos.com.ar\/2021\/#\/schema\/person\/ad82545263dcc5ec0996818884fd5fb1\",\"name\":\"Arnaldo Botto\",\"image\":{\"@type\":\"ImageObject\",\"inLanguage\":\"es\",\"@id\":\"https:\/\/www.noticiasradioreflejos.com.ar\/2021\/#\/schema\/person\/image\/\",\"url\":\"https:\/\/secure.gravatar.com\/avatar\/55cb5e37c1efa326397366e6974cb338056df65cb50e7d64d1cf314e87504837?s=96&d=mm&r=g\",\"contentUrl\":\"https:\/\/secure.gravatar.com\/avatar\/55cb5e37c1efa326397366e6974cb338056df65cb50e7d64d1cf314e87504837?s=96&d=mm&r=g\",\"caption\":\"Arnaldo Botto\"},\"url\":\"https:\/\/www.noticiasradioreflejos.com.ar\/2021\/author\/arnaldo\/\"}]}<\/script>\n<!-- \/ Yoast SEO plugin. -->","yoast_head_json":{"title":"Se restringir\u00e1 en la Provincia de Buenos Aires el herbicida \u00e1cido 2,4-D - Noticias Radio Reflejos","robots":{"index":"index","follow":"follow","max-snippet":"max-snippet:-1","max-image-preview":"max-image-preview:large","max-video-preview":"max-video-preview:-1"},"canonical":"https:\/\/www.noticiasradioreflejos.com.ar\/2021\/se-restringira-en-la-provincia-de-buenos-aires-el-herbicida-acido-24-d\/","og_locale":"es_ES","og_type":"article","og_title":"Se restringir\u00e1 en la Provincia de Buenos Aires el herbicida \u00e1cido 2,4-D - Noticias Radio Reflejos","og_description":"El Ministro de Agroindustria de la Provincia de Buenos Aires, Leonardo Sarqu\u00eds, firm\u00f3 la resoluci\u00f3n a trav\u00e9s de la cual se restringe en todo el territorio provincial el uso del herbicida \u00e1cido 2,4-D, en sus formulaciones \u00e9steres but\u00edlicos e isobut\u00edlicos, durante el per\u00edodo comprendido entre el 1\u00b0de octubre al 31 de marzo de cada campa\u00f1a [&hellip;]","og_url":"https:\/\/www.noticiasradioreflejos.com.ar\/2021\/se-restringira-en-la-provincia-de-buenos-aires-el-herbicida-acido-24-d\/","og_site_name":"Noticias Radio Reflejos","article_published_time":"2016-12-21T11:06:19+00:00","og_image":[{"width":300,"height":200,"url":"https:\/\/www.noticiasradioreflejos.com.ar\/2021\/wp-content\/uploads\/2021\/07\/logosol300x200.png","type":"image\/png"}],"author":"Arnaldo Botto","twitter_card":"summary_large_image","schema":{"@context":"https:\/\/schema.org","@graph":[{"@type":"WebPage","@id":"https:\/\/www.noticiasradioreflejos.com.ar\/2021\/se-restringira-en-la-provincia-de-buenos-aires-el-herbicida-acido-24-d\/","url":"https:\/\/www.noticiasradioreflejos.com.ar\/2021\/se-restringira-en-la-provincia-de-buenos-aires-el-herbicida-acido-24-d\/","name":"Se restringir\u00e1 en la Provincia de Buenos Aires el herbicida \u00e1cido 2,4-D - Noticias Radio Reflejos","isPartOf":{"@id":"https:\/\/www.noticiasradioreflejos.com.ar\/2021\/#website"},"datePublished":"2016-12-21T11:06:19+00:00","author":{"@id":"https:\/\/www.noticiasradioreflejos.com.ar\/2021\/#\/schema\/person\/ad82545263dcc5ec0996818884fd5fb1"},"breadcrumb":{"@id":"https:\/\/www.noticiasradioreflejos.com.ar\/2021\/se-restringira-en-la-provincia-de-buenos-aires-el-herbicida-acido-24-d\/#breadcrumb"},"inLanguage":"es","potentialAction":[{"@type":"ReadAction","target":["https:\/\/www.noticiasradioreflejos.com.ar\/2021\/se-restringira-en-la-provincia-de-buenos-aires-el-herbicida-acido-24-d\/"]}]},{"@type":"BreadcrumbList","@id":"https:\/\/www.noticiasradioreflejos.com.ar\/2021\/se-restringira-en-la-provincia-de-buenos-aires-el-herbicida-acido-24-d\/#breadcrumb","itemListElement":[{"@type":"ListItem","position":1,"name":"Portada","item":"https:\/\/www.noticiasradioreflejos.com.ar\/2021\/"},{"@type":"ListItem","position":2,"name":"Se restringir\u00e1 en la Provincia de Buenos Aires el herbicida \u00e1cido 2,4-D"}]},{"@type":"WebSite","@id":"https:\/\/www.noticiasradioreflejos.com.ar\/2021\/#website","url":"https:\/\/www.noticiasradioreflejos.com.ar\/2021\/","name":"Noticias Radio Reflejos","description":"Las noticias de mi comarca","potentialAction":[{"@type":"SearchAction","target":{"@type":"EntryPoint","urlTemplate":"https:\/\/www.noticiasradioreflejos.com.ar\/2021\/?s={search_term_string}"},"query-input":{"@type":"PropertyValueSpecification","valueRequired":true,"valueName":"search_term_string"}}],"inLanguage":"es"},{"@type":"Person","@id":"https:\/\/www.noticiasradioreflejos.com.ar\/2021\/#\/schema\/person\/ad82545263dcc5ec0996818884fd5fb1","name":"Arnaldo Botto","image":{"@type":"ImageObject","inLanguage":"es","@id":"https:\/\/www.noticiasradioreflejos.com.ar\/2021\/#\/schema\/person\/image\/","url":"https:\/\/secure.gravatar.com\/avatar\/55cb5e37c1efa326397366e6974cb338056df65cb50e7d64d1cf314e87504837?s=96&d=mm&r=g","contentUrl":"https:\/\/secure.gravatar.com\/avatar\/55cb5e37c1efa326397366e6974cb338056df65cb50e7d64d1cf314e87504837?s=96&d=mm&r=g","caption":"Arnaldo Botto"},"url":"https:\/\/www.noticiasradioreflejos.com.ar\/2021\/author\/arnaldo\/"}]}},"_links":{"self":[{"href":"https:\/\/www.noticiasradioreflejos.com.ar\/2021\/wp-json\/wp\/v2\/posts\/5005","targetHints":{"allow":["GET"]}}],"collection":[{"href":"https:\/\/www.noticiasradioreflejos.com.ar\/2021\/wp-json\/wp\/v2\/posts"}],"about":[{"href":"https:\/\/www.noticiasradioreflejos.com.ar\/2021\/wp-json\/wp\/v2\/types\/post"}],"author":[{"embeddable":true,"href":"https:\/\/www.noticiasradioreflejos.com.ar\/2021\/wp-json\/wp\/v2\/users\/3"}],"replies":[{"embeddable":true,"href":"https:\/\/www.noticiasradioreflejos.com.ar\/2021\/wp-json\/wp\/v2\/comments?post=5005"}],"version-history":[{"count":0,"href":"https:\/\/www.noticiasradioreflejos.com.ar\/2021\/wp-json\/wp\/v2\/posts\/5005\/revisions"}],"wp:attachment":[{"href":"https:\/\/www.noticiasradioreflejos.com.ar\/2021\/wp-json\/wp\/v2\/media?parent=5005"}],"wp:term":[{"taxonomy":"category","embeddable":true,"href":"https:\/\/www.noticiasradioreflejos.com.ar\/2021\/wp-json\/wp\/v2\/categories?post=5005"},{"taxonomy":"post_tag","embeddable":true,"href":"https:\/\/www.noticiasradioreflejos.com.ar\/2021\/wp-json\/wp\/v2\/tags?post=5005"}],"curies":[{"name":"wp","href":"https:\/\/api.w.org\/{rel}","templated":true}]}}