{"id":50048,"date":"2020-12-05T10:44:44","date_gmt":"2020-12-05T13:44:44","guid":{"rendered":"http:\/\/www.noticiasradioreflejos.com.ar\/noticias\/?p=50048"},"modified":"2020-12-05T10:44:44","modified_gmt":"2020-12-05T13:44:44","slug":"fm-reflejos-cumple-hoy-30-anos","status":"publish","type":"post","link":"https:\/\/www.noticiasradioreflejos.com.ar\/2021\/fm-reflejos-cumple-hoy-30-anos\/","title":{"rendered":"FM Reflejos cumple hoy 30 a\u00f1os"},"content":{"rendered":"<p>El 5 de diciembre de 1990, quedaba instalada en la Av. Roca 80 de Sierra de la Ventana, la planta transmisora y sus primeros estudios.<!--more--><br \/>\nCon anterioridad deambul\u00f3 por el Barrio San Bernardo a modo de pruebas, mientras se\u00a0buscaba el lugar necesario para la instalaci\u00f3n de la torre y antena de 42 mts.; una vez logrado el sitio, se dio por iniciado un camino que a lo largo de tres d\u00e9cadas,\u00a0 atesora una valios\u00edsima parte de la historia social, pol\u00edtica, cultural y deportiva de la localidad y la regi\u00f3n.<br \/>\nComo en todo largo camino, hubo que transitar por terrenos escabrosos, con empantanamientos, piedras y condiciones muy adversas que fueron siendo superadas con optimismo, y siempre teniendo como meta, que la comunicaci\u00f3n fuese la herramienta del encuentro.<br \/>\nLa radio se convierte as\u00ed en una parte de la comunidad, para divertir, ense\u00f1ar, ayudar a pensar, a meditar y empujar a la acci\u00f3n de acuerdo con las necesidades; la radio estuvo en los momentos m\u00e1s alegres y tristes de muchas familias y personas que conforman esta historia.<br \/>\nPor Reflejos pasaron cientos, miles de horas de m\u00fasica, informaci\u00f3n, datos de inter\u00e9s, b\u00fasqueda y encuentros.<br \/>\nNuestra radio ha tenido desde ac\u00e9rrimos detractores hasta los defensores m\u00e1s fuertes y entusiastas; todos aportando con su posici\u00f3n nutrientes que ayudaron a mejorar y ser reconocidos en toda la zona.<br \/>\nA la gente que trabaj\u00f3, a todos los que aportan y aportaron como auspiciantes y que estuvieron desde siempre, a los que hicieron radio para divertirse y divertir, a los que est\u00e1n hoy siendo parte de nuestra programaci\u00f3n y a los que nos siguen acompa\u00f1ando desde otra vida o dimensi\u00f3n, el eterno agradecimiento por todo los que nos dieron, cada uno alumbr\u00f3 y alumbra nuestro camino, este mismo camino que a trav\u00e9s de 30 a\u00f1os contin\u00faa y continuar\u00e1 hacia un horizonte lleno de esperanzas.<\/p>\n<p>Hoy es un d\u00eda de fiesta y lamentablemente las circunstancias sanitarias no permiten que la celebraci\u00f3n se realice como la ocasi\u00f3n amerita, pero as\u00ed y todo, cada uno a su manera sabr\u00e1 celebrar que en nuestro peque\u00f1o pueblo, la radio sea un elemento de orgullo para todos.<\/p>\n<p>Muchas gracias y Feliz cumplea\u00f1os a todos.<\/p>\n<p><span style=\"color: #ff6600;\"><strong>Arnaldo Jorge Botto<br \/>\nFundador y Director<br \/>\nFM Reflejos <\/strong><\/span><\/p>\n","protected":false},"excerpt":{"rendered":"<p>El 5 de diciembre de 1990, quedaba instalada en la Av. Roca 80 de Sierra de la Ventana, la planta transmisora y sus primeros estudios.<\/p>\n","protected":false},"author":3,"featured_media":84,"comment_status":"closed","ping_status":"open","sticky":false,"template":"","format":"standard","meta":{"footnotes":""},"categories":[26],"tags":[],"class_list":["post-50048","post","type-post","status-publish","format-standard","has-post-thumbnail","hentry","category-sociedad"],"yoast_head":"<!-- This site is optimized with the Yoast SEO plugin v25.9 - https:\/\/yoast.com\/wordpress\/plugins\/seo\/ -->\n<title>FM Reflejos cumple hoy 30 a\u00f1os - Noticias Radio Reflejos<\/title>\n<meta name=\"robots\" content=\"index, follow, max-snippet:-1, max-image-preview:large, max-video-preview:-1\" \/>\n<link rel=\"canonical\" href=\"https:\/\/www.noticiasradioreflejos.com.ar\/2021\/fm-reflejos-cumple-hoy-30-anos\/\" \/>\n<meta property=\"og:locale\" content=\"es_ES\" \/>\n<meta property=\"og:type\" content=\"article\" \/>\n<meta property=\"og:title\" content=\"FM Reflejos cumple hoy 30 a\u00f1os - Noticias Radio Reflejos\" \/>\n<meta property=\"og:description\" content=\"El 5 de diciembre de 1990, quedaba instalada en la Av. Roca 80 de Sierra de la Ventana, la planta transmisora y sus primeros estudios.\" \/>\n<meta property=\"og:url\" content=\"https:\/\/www.noticiasradioreflejos.com.ar\/2021\/fm-reflejos-cumple-hoy-30-anos\/\" \/>\n<meta property=\"og:site_name\" content=\"Noticias Radio Reflejos\" \/>\n<meta property=\"article:published_time\" content=\"2020-12-05T13:44:44+00:00\" \/>\n<meta property=\"og:image\" content=\"https:\/\/www.noticiasradioreflejos.com.ar\/2021\/wp-content\/uploads\/2021\/07\/logosol300x200.png\" \/>\n\t<meta property=\"og:image:width\" content=\"300\" \/>\n\t<meta property=\"og:image:height\" content=\"200\" \/>\n\t<meta property=\"og:image:type\" content=\"image\/png\" \/>\n<meta name=\"author\" content=\"Arnaldo Botto\" \/>\n<meta name=\"twitter:card\" content=\"summary_large_image\" \/>\n<script type=\"application\/ld+json\" class=\"yoast-schema-graph\">{\"@context\":\"https:\/\/schema.org\",\"@graph\":[{\"@type\":\"WebPage\",\"@id\":\"https:\/\/www.noticiasradioreflejos.com.ar\/2021\/fm-reflejos-cumple-hoy-30-anos\/\",\"url\":\"https:\/\/www.noticiasradioreflejos.com.ar\/2021\/fm-reflejos-cumple-hoy-30-anos\/\",\"name\":\"FM Reflejos cumple hoy 30 a\u00f1os - Noticias Radio Reflejos\",\"isPartOf\":{\"@id\":\"https:\/\/www.noticiasradioreflejos.com.ar\/2021\/#website\"},\"primaryImageOfPage\":{\"@id\":\"https:\/\/www.noticiasradioreflejos.com.ar\/2021\/fm-reflejos-cumple-hoy-30-anos\/#primaryimage\"},\"image\":{\"@id\":\"https:\/\/www.noticiasradioreflejos.com.ar\/2021\/fm-reflejos-cumple-hoy-30-anos\/#primaryimage\"},\"thumbnailUrl\":\"\",\"datePublished\":\"2020-12-05T13:44:44+00:00\",\"author\":{\"@id\":\"https:\/\/www.noticiasradioreflejos.com.ar\/2021\/#\/schema\/person\/ad82545263dcc5ec0996818884fd5fb1\"},\"breadcrumb\":{\"@id\":\"https:\/\/www.noticiasradioreflejos.com.ar\/2021\/fm-reflejos-cumple-hoy-30-anos\/#breadcrumb\"},\"inLanguage\":\"es\",\"potentialAction\":[{\"@type\":\"ReadAction\",\"target\":[\"https:\/\/www.noticiasradioreflejos.com.ar\/2021\/fm-reflejos-cumple-hoy-30-anos\/\"]}]},{\"@type\":\"ImageObject\",\"inLanguage\":\"es\",\"@id\":\"https:\/\/www.noticiasradioreflejos.com.ar\/2021\/fm-reflejos-cumple-hoy-30-anos\/#primaryimage\",\"url\":\"\",\"contentUrl\":\"\"},{\"@type\":\"BreadcrumbList\",\"@id\":\"https:\/\/www.noticiasradioreflejos.com.ar\/2021\/fm-reflejos-cumple-hoy-30-anos\/#breadcrumb\",\"itemListElement\":[{\"@type\":\"ListItem\",\"position\":1,\"name\":\"Portada\",\"item\":\"https:\/\/www.noticiasradioreflejos.com.ar\/2021\/\"},{\"@type\":\"ListItem\",\"position\":2,\"name\":\"FM Reflejos cumple hoy 30 a\u00f1os\"}]},{\"@type\":\"WebSite\",\"@id\":\"https:\/\/www.noticiasradioreflejos.com.ar\/2021\/#website\",\"url\":\"https:\/\/www.noticiasradioreflejos.com.ar\/2021\/\",\"name\":\"Noticias Radio Reflejos\",\"description\":\"Las noticias de mi comarca\",\"potentialAction\":[{\"@type\":\"SearchAction\",\"target\":{\"@type\":\"EntryPoint\",\"urlTemplate\":\"https:\/\/www.noticiasradioreflejos.com.ar\/2021\/?s={search_term_string}\"},\"query-input\":{\"@type\":\"PropertyValueSpecification\",\"valueRequired\":true,\"valueName\":\"search_term_string\"}}],\"inLanguage\":\"es\"},{\"@type\":\"Person\",\"@id\":\"https:\/\/www.noticiasradioreflejos.com.ar\/2021\/#\/schema\/person\/ad82545263dcc5ec0996818884fd5fb1\",\"name\":\"Arnaldo Botto\",\"image\":{\"@type\":\"ImageObject\",\"inLanguage\":\"es\",\"@id\":\"https:\/\/www.noticiasradioreflejos.com.ar\/2021\/#\/schema\/person\/image\/\",\"url\":\"https:\/\/secure.gravatar.com\/avatar\/55cb5e37c1efa326397366e6974cb338056df65cb50e7d64d1cf314e87504837?s=96&d=mm&r=g\",\"contentUrl\":\"https:\/\/secure.gravatar.com\/avatar\/55cb5e37c1efa326397366e6974cb338056df65cb50e7d64d1cf314e87504837?s=96&d=mm&r=g\",\"caption\":\"Arnaldo Botto\"},\"url\":\"https:\/\/www.noticiasradioreflejos.com.ar\/2021\/author\/arnaldo\/\"}]}<\/script>\n<!-- \/ Yoast SEO plugin. -->","yoast_head_json":{"title":"FM Reflejos cumple hoy 30 a\u00f1os - Noticias Radio Reflejos","robots":{"index":"index","follow":"follow","max-snippet":"max-snippet:-1","max-image-preview":"max-image-preview:large","max-video-preview":"max-video-preview:-1"},"canonical":"https:\/\/www.noticiasradioreflejos.com.ar\/2021\/fm-reflejos-cumple-hoy-30-anos\/","og_locale":"es_ES","og_type":"article","og_title":"FM Reflejos cumple hoy 30 a\u00f1os - Noticias Radio Reflejos","og_description":"El 5 de diciembre de 1990, quedaba instalada en la Av. Roca 80 de Sierra de la Ventana, la planta transmisora y sus primeros estudios.","og_url":"https:\/\/www.noticiasradioreflejos.com.ar\/2021\/fm-reflejos-cumple-hoy-30-anos\/","og_site_name":"Noticias Radio Reflejos","article_published_time":"2020-12-05T13:44:44+00:00","og_image":[{"width":300,"height":200,"url":"https:\/\/www.noticiasradioreflejos.com.ar\/2021\/wp-content\/uploads\/2021\/07\/logosol300x200.png","type":"image\/png"}],"author":"Arnaldo Botto","twitter_card":"summary_large_image","schema":{"@context":"https:\/\/schema.org","@graph":[{"@type":"WebPage","@id":"https:\/\/www.noticiasradioreflejos.com.ar\/2021\/fm-reflejos-cumple-hoy-30-anos\/","url":"https:\/\/www.noticiasradioreflejos.com.ar\/2021\/fm-reflejos-cumple-hoy-30-anos\/","name":"FM Reflejos cumple hoy 30 a\u00f1os - Noticias Radio Reflejos","isPartOf":{"@id":"https:\/\/www.noticiasradioreflejos.com.ar\/2021\/#website"},"primaryImageOfPage":{"@id":"https:\/\/www.noticiasradioreflejos.com.ar\/2021\/fm-reflejos-cumple-hoy-30-anos\/#primaryimage"},"image":{"@id":"https:\/\/www.noticiasradioreflejos.com.ar\/2021\/fm-reflejos-cumple-hoy-30-anos\/#primaryimage"},"thumbnailUrl":"","datePublished":"2020-12-05T13:44:44+00:00","author":{"@id":"https:\/\/www.noticiasradioreflejos.com.ar\/2021\/#\/schema\/person\/ad82545263dcc5ec0996818884fd5fb1"},"breadcrumb":{"@id":"https:\/\/www.noticiasradioreflejos.com.ar\/2021\/fm-reflejos-cumple-hoy-30-anos\/#breadcrumb"},"inLanguage":"es","potentialAction":[{"@type":"ReadAction","target":["https:\/\/www.noticiasradioreflejos.com.ar\/2021\/fm-reflejos-cumple-hoy-30-anos\/"]}]},{"@type":"ImageObject","inLanguage":"es","@id":"https:\/\/www.noticiasradioreflejos.com.ar\/2021\/fm-reflejos-cumple-hoy-30-anos\/#primaryimage","url":"","contentUrl":""},{"@type":"BreadcrumbList","@id":"https:\/\/www.noticiasradioreflejos.com.ar\/2021\/fm-reflejos-cumple-hoy-30-anos\/#breadcrumb","itemListElement":[{"@type":"ListItem","position":1,"name":"Portada","item":"https:\/\/www.noticiasradioreflejos.com.ar\/2021\/"},{"@type":"ListItem","position":2,"name":"FM Reflejos cumple hoy 30 a\u00f1os"}]},{"@type":"WebSite","@id":"https:\/\/www.noticiasradioreflejos.com.ar\/2021\/#website","url":"https:\/\/www.noticiasradioreflejos.com.ar\/2021\/","name":"Noticias Radio Reflejos","description":"Las noticias de mi comarca","potentialAction":[{"@type":"SearchAction","target":{"@type":"EntryPoint","urlTemplate":"https:\/\/www.noticiasradioreflejos.com.ar\/2021\/?s={search_term_string}"},"query-input":{"@type":"PropertyValueSpecification","valueRequired":true,"valueName":"search_term_string"}}],"inLanguage":"es"},{"@type":"Person","@id":"https:\/\/www.noticiasradioreflejos.com.ar\/2021\/#\/schema\/person\/ad82545263dcc5ec0996818884fd5fb1","name":"Arnaldo Botto","image":{"@type":"ImageObject","inLanguage":"es","@id":"https:\/\/www.noticiasradioreflejos.com.ar\/2021\/#\/schema\/person\/image\/","url":"https:\/\/secure.gravatar.com\/avatar\/55cb5e37c1efa326397366e6974cb338056df65cb50e7d64d1cf314e87504837?s=96&d=mm&r=g","contentUrl":"https:\/\/secure.gravatar.com\/avatar\/55cb5e37c1efa326397366e6974cb338056df65cb50e7d64d1cf314e87504837?s=96&d=mm&r=g","caption":"Arnaldo Botto"},"url":"https:\/\/www.noticiasradioreflejos.com.ar\/2021\/author\/arnaldo\/"}]}},"_links":{"self":[{"href":"https:\/\/www.noticiasradioreflejos.com.ar\/2021\/wp-json\/wp\/v2\/posts\/50048","targetHints":{"allow":["GET"]}}],"collection":[{"href":"https:\/\/www.noticiasradioreflejos.com.ar\/2021\/wp-json\/wp\/v2\/posts"}],"about":[{"href":"https:\/\/www.noticiasradioreflejos.com.ar\/2021\/wp-json\/wp\/v2\/types\/post"}],"author":[{"embeddable":true,"href":"https:\/\/www.noticiasradioreflejos.com.ar\/2021\/wp-json\/wp\/v2\/users\/3"}],"replies":[{"embeddable":true,"href":"https:\/\/www.noticiasradioreflejos.com.ar\/2021\/wp-json\/wp\/v2\/comments?post=50048"}],"version-history":[{"count":0,"href":"https:\/\/www.noticiasradioreflejos.com.ar\/2021\/wp-json\/wp\/v2\/posts\/50048\/revisions"}],"wp:featuredmedia":[{"embeddable":true,"href":"https:\/\/www.noticiasradioreflejos.com.ar\/2021\/wp-json\/"}],"wp:attachment":[{"href":"https:\/\/www.noticiasradioreflejos.com.ar\/2021\/wp-json\/wp\/v2\/media?parent=50048"}],"wp:term":[{"taxonomy":"category","embeddable":true,"href":"https:\/\/www.noticiasradioreflejos.com.ar\/2021\/wp-json\/wp\/v2\/categories?post=50048"},{"taxonomy":"post_tag","embeddable":true,"href":"https:\/\/www.noticiasradioreflejos.com.ar\/2021\/wp-json\/wp\/v2\/tags?post=50048"}],"curies":[{"name":"wp","href":"https:\/\/api.w.org\/{rel}","templated":true}]}}