{"id":50046,"date":"2020-12-04T17:17:42","date_gmt":"2020-12-04T20:17:42","guid":{"rendered":"http:\/\/www.noticiasradioreflejos.com.ar\/noticias\/?p=50046"},"modified":"2020-12-04T17:17:42","modified_gmt":"2020-12-04T20:17:42","slug":"buenos-aires-no-pide-testeos-ni-estadias-minimas-pero-si-certificado-de-la-app-cuidar","status":"publish","type":"post","link":"https:\/\/www.noticiasradioreflejos.com.ar\/2021\/buenos-aires-no-pide-testeos-ni-estadias-minimas-pero-si-certificado-de-la-app-cuidar\/","title":{"rendered":"Buenos Aires no pide testeos ni estad\u00edas m\u00ednimas, pero s\u00ed certificado de la app CuidAr"},"content":{"rendered":"<p>El Gobierno bonaerense y los municipios tur\u00edsticos del distrito desplegar\u00e1n promotores sanitarios en las playas, realizar\u00e1n testeos y controles de contactos estrechos de casos confirmados de coronavirus, enfocar\u00e1n el cumplimiento de protocolos y lanzar\u00e1n aplicaciones con permisos y recomendaciones de cara a la temporada de verano que se extender\u00e1 hasta el 4 de abril.<!--more--><\/p>\n<p>As\u00ed lo explicaron durante una conferencia en La Plata esta semana el Jefe de Gabinete provincial, Carlos Bianco; y los ministros de Producci\u00f3n, Augusto Costa; y de Salud, Daniel Gollan.<\/p>\n<p>En territorio bonaerense no se solicitar\u00e1n testeos previos para viajar, ni certificados de Covid negativo, como tampoco se exigir\u00e1n estad\u00edas m\u00ednimas a los turistas. El \u00fanico requisito para desplazarse con fines tur\u00edsticos ser\u00e1 la presentaci\u00f3n de un certificado que se tramitar\u00e1 en el sitio argentina.gob.ar\/verano o mediante la aplicaci\u00f3n Cuidar, indic\u00f3 Costa.<\/p>\n<p>Durante la primera quincena de diciembre, el certificado se aprobar\u00e1 de manera autom\u00e1tica, pero luego ser\u00e1 obligatorio tramitarlo con 5 d\u00edas de anticipaci\u00f3n y las personas recibir\u00e1n la respuesta en un plazo m\u00e1ximo de 48 horas.<\/p>\n<p>El permiso para poder vacacionar en destinos tur\u00edsticos de la provincia de Buenos Aires ya se puede gestionar en el sitio www.argentina.gob.ar\/verano o mediante la aplicaci\u00f3n Cuidar, inform\u00f3 el Gobierno bonaerense.<\/p>\n<p>La aprobaci\u00f3n de los permisos ser\u00e1 otorgada por el municipio de destino, dependiendo de la situaci\u00f3n epidemiol\u00f3gica en la que se encuentre cada localidad, dado el contexto de pandemia de Covid-19.<\/p>\n<p>Adem\u00e1s, cada municipio adoptar\u00e1 estrategias de prevenci\u00f3n particulares y, para evitar aglomeraciones en las playas, se instalar\u00e1 se\u00f1al\u00e9tica en los balnearios, se garantizar\u00e1 distancia entre carpas y sombrillas y se habilitar\u00e1n duchas al aire libre.<\/p>\n<p>Por ejemplo, en el partido de La Costa, se est\u00e1n desarrollando mecanismos para ir monitoreando con personal municipal en tiempo real el aforo en cada balneario. Habr\u00e1 una aplicaci\u00f3n para que cada turista pueda ver el aforo en cada playa y decida a cu\u00e1l ir, cont\u00f3 Costa y detall\u00f3 que en Villa Gesell; habr\u00e1 un sistema de banderas en los accesos a los balnearios que indicar\u00e1n el grado de afluencia, para que la gente decida si baja o se desplaza a otro lugar.<\/p>\n<p>Los turistas que tengan coronavirus no podr\u00e1n permanecer en el municipio y deber\u00e1n regresar a su lugar de residencia con el objetivo de no estresar al sistema sanitario del destino vacacional y evitar brotes de contagios.<\/p>\n<p>A su vez, la provincia de Buenos Aires habilit\u00f3 13 protocolos con recomendaciones e indicaciones para evitar la aglomeraci\u00f3n de personas en los destinos tur\u00edsticos de una temporada marcada por el coronavirus.<\/p>\n<p>Se trata de protocolos para playas p\u00fablicas, balnearios, r\u00edos y lagunas, parques tem\u00e1ticos y atracciones, alojamientos tur\u00edsticos extra-hoteleros, prestadores tur\u00edsticos, agencias de viaje, enoturismo, gu\u00edas de turismo, turismo aventura, turismo rural, campings y alojamientos.<\/p>\n<p>En los alojamientos, no se habilitar\u00e1n espacios comunes como salas de estar, salones de usos m\u00faltiples o de juegos; los desayunos y comidas deber\u00e1n suministrarse en la habitaci\u00f3n o en la modalidad para llevar y la climatizaci\u00f3n de los espacios comunes se deber\u00e1 realizar exclusivamente con ventilaci\u00f3n natural para garantizar la renovaci\u00f3n del aire con ventilaci\u00f3n cruzada.<\/p>\n<p>En los balnearios, no estar\u00e1 permitida la realizaci\u00f3n de actividades deportivas grupales o recreativas en las que no pueda garantizarse la distancia preventiva de 2 metros entre personas. A la vez, la distancia m\u00ednima entre sombrillas deber\u00e1 cumplir con los 2 metros de distanciamiento; las piscinas podr\u00e1n funcionar solo al aire libre y con un sistema de turnos que garantice un aforo del 30 %.<\/p>\n<p>En las playas p\u00fablicas, a las medidas generales de distanciamiento y uso de tapabocas se sumar\u00e1 la desinfecci\u00f3n peri\u00f3dica de los sanitarios, que deber\u00e1n garantizar los gobiernos municipales, as\u00ed como la disponibilidad de lugares adecuados para lavado de manos con agua y jab\u00f3n y alcohol al 70 %.<\/p>\n<p>El funcionamiento de los campings estar\u00e1 habilitado con un aforo del 50 %, permitiendo el acampe parcela de por medio y manteniendo la distancia de 2 metros entre grupos en el uso de mesas, piletas de lavado y parrillas y el uso de ba\u00f1os y vestuarios estar\u00e1 determinado por un sistema de turnos y se habilitar\u00e1n los espacios de juegos y canchas deportivas.<\/p>\n","protected":false},"excerpt":{"rendered":"<p>El Gobierno bonaerense y los municipios tur\u00edsticos del distrito desplegar\u00e1n promotores sanitarios en las playas, realizar\u00e1n testeos y controles de contactos estrechos de casos confirmados de coronavirus, enfocar\u00e1n el cumplimiento de protocolos y lanzar\u00e1n aplicaciones con permisos y recomendaciones de cara a la temporada de verano que se extender\u00e1 hasta el 4 de abril.<\/p>\n","protected":false},"author":3,"featured_media":4213,"comment_status":"closed","ping_status":"open","sticky":false,"template":"","format":"standard","meta":{"footnotes":""},"categories":[33],"tags":[],"class_list":["post-50046","post","type-post","status-publish","format-standard","has-post-thumbnail","hentry","category-turismo"],"yoast_head":"<!-- This site is optimized with the Yoast SEO plugin v25.9 - https:\/\/yoast.com\/wordpress\/plugins\/seo\/ -->\n<title>Buenos Aires no pide testeos ni estad\u00edas m\u00ednimas, pero s\u00ed certificado de la app CuidAr - Noticias Radio Reflejos<\/title>\n<meta name=\"robots\" content=\"index, follow, max-snippet:-1, max-image-preview:large, max-video-preview:-1\" \/>\n<link rel=\"canonical\" href=\"https:\/\/www.noticiasradioreflejos.com.ar\/2021\/buenos-aires-no-pide-testeos-ni-estadias-minimas-pero-si-certificado-de-la-app-cuidar\/\" \/>\n<meta property=\"og:locale\" content=\"es_ES\" \/>\n<meta property=\"og:type\" content=\"article\" \/>\n<meta property=\"og:title\" content=\"Buenos Aires no pide testeos ni estad\u00edas m\u00ednimas, pero s\u00ed certificado de la app CuidAr - Noticias Radio Reflejos\" \/>\n<meta property=\"og:description\" content=\"El Gobierno bonaerense y los municipios tur\u00edsticos del distrito desplegar\u00e1n promotores sanitarios en las playas, realizar\u00e1n testeos y controles de contactos estrechos de casos confirmados de coronavirus, enfocar\u00e1n el cumplimiento de protocolos y lanzar\u00e1n aplicaciones con permisos y recomendaciones de cara a la temporada de verano que se extender\u00e1 hasta el 4 de abril.\" \/>\n<meta property=\"og:url\" content=\"https:\/\/www.noticiasradioreflejos.com.ar\/2021\/buenos-aires-no-pide-testeos-ni-estadias-minimas-pero-si-certificado-de-la-app-cuidar\/\" \/>\n<meta property=\"og:site_name\" content=\"Noticias Radio Reflejos\" \/>\n<meta property=\"article:published_time\" content=\"2020-12-04T20:17:42+00:00\" \/>\n<meta property=\"og:image\" content=\"https:\/\/www.noticiasradioreflejos.com.ar\/2021\/wp-content\/uploads\/2016\/11\/30257333795_b80f91a19a.jpg\" \/>\n\t<meta property=\"og:image:width\" content=\"500\" \/>\n\t<meta property=\"og:image:height\" content=\"258\" \/>\n\t<meta property=\"og:image:type\" content=\"image\/jpeg\" \/>\n<meta name=\"author\" content=\"Arnaldo Botto\" \/>\n<meta name=\"twitter:card\" content=\"summary_large_image\" \/>\n<script type=\"application\/ld+json\" class=\"yoast-schema-graph\">{\"@context\":\"https:\/\/schema.org\",\"@graph\":[{\"@type\":\"WebPage\",\"@id\":\"https:\/\/www.noticiasradioreflejos.com.ar\/2021\/buenos-aires-no-pide-testeos-ni-estadias-minimas-pero-si-certificado-de-la-app-cuidar\/\",\"url\":\"https:\/\/www.noticiasradioreflejos.com.ar\/2021\/buenos-aires-no-pide-testeos-ni-estadias-minimas-pero-si-certificado-de-la-app-cuidar\/\",\"name\":\"Buenos Aires no pide testeos ni estad\u00edas m\u00ednimas, pero s\u00ed certificado de la app CuidAr - Noticias Radio Reflejos\",\"isPartOf\":{\"@id\":\"https:\/\/www.noticiasradioreflejos.com.ar\/2021\/#website\"},\"primaryImageOfPage\":{\"@id\":\"https:\/\/www.noticiasradioreflejos.com.ar\/2021\/buenos-aires-no-pide-testeos-ni-estadias-minimas-pero-si-certificado-de-la-app-cuidar\/#primaryimage\"},\"image\":{\"@id\":\"https:\/\/www.noticiasradioreflejos.com.ar\/2021\/buenos-aires-no-pide-testeos-ni-estadias-minimas-pero-si-certificado-de-la-app-cuidar\/#primaryimage\"},\"thumbnailUrl\":\"https:\/\/www.noticiasradioreflejos.com.ar\/2021\/wp-content\/uploads\/2016\/11\/30257333795_b80f91a19a.jpg\",\"datePublished\":\"2020-12-04T20:17:42+00:00\",\"author\":{\"@id\":\"https:\/\/www.noticiasradioreflejos.com.ar\/2021\/#\/schema\/person\/ad82545263dcc5ec0996818884fd5fb1\"},\"breadcrumb\":{\"@id\":\"https:\/\/www.noticiasradioreflejos.com.ar\/2021\/buenos-aires-no-pide-testeos-ni-estadias-minimas-pero-si-certificado-de-la-app-cuidar\/#breadcrumb\"},\"inLanguage\":\"es\",\"potentialAction\":[{\"@type\":\"ReadAction\",\"target\":[\"https:\/\/www.noticiasradioreflejos.com.ar\/2021\/buenos-aires-no-pide-testeos-ni-estadias-minimas-pero-si-certificado-de-la-app-cuidar\/\"]}]},{\"@type\":\"ImageObject\",\"inLanguage\":\"es\",\"@id\":\"https:\/\/www.noticiasradioreflejos.com.ar\/2021\/buenos-aires-no-pide-testeos-ni-estadias-minimas-pero-si-certificado-de-la-app-cuidar\/#primaryimage\",\"url\":\"https:\/\/www.noticiasradioreflejos.com.ar\/2021\/wp-content\/uploads\/2016\/11\/30257333795_b80f91a19a.jpg\",\"contentUrl\":\"https:\/\/www.noticiasradioreflejos.com.ar\/2021\/wp-content\/uploads\/2016\/11\/30257333795_b80f91a19a.jpg\",\"width\":500,\"height\":258},{\"@type\":\"BreadcrumbList\",\"@id\":\"https:\/\/www.noticiasradioreflejos.com.ar\/2021\/buenos-aires-no-pide-testeos-ni-estadias-minimas-pero-si-certificado-de-la-app-cuidar\/#breadcrumb\",\"itemListElement\":[{\"@type\":\"ListItem\",\"position\":1,\"name\":\"Portada\",\"item\":\"https:\/\/www.noticiasradioreflejos.com.ar\/2021\/\"},{\"@type\":\"ListItem\",\"position\":2,\"name\":\"Buenos Aires no pide testeos ni estad\u00edas m\u00ednimas, pero s\u00ed certificado de la app CuidAr\"}]},{\"@type\":\"WebSite\",\"@id\":\"https:\/\/www.noticiasradioreflejos.com.ar\/2021\/#website\",\"url\":\"https:\/\/www.noticiasradioreflejos.com.ar\/2021\/\",\"name\":\"Noticias Radio Reflejos\",\"description\":\"Las noticias de mi comarca\",\"potentialAction\":[{\"@type\":\"SearchAction\",\"target\":{\"@type\":\"EntryPoint\",\"urlTemplate\":\"https:\/\/www.noticiasradioreflejos.com.ar\/2021\/?s={search_term_string}\"},\"query-input\":{\"@type\":\"PropertyValueSpecification\",\"valueRequired\":true,\"valueName\":\"search_term_string\"}}],\"inLanguage\":\"es\"},{\"@type\":\"Person\",\"@id\":\"https:\/\/www.noticiasradioreflejos.com.ar\/2021\/#\/schema\/person\/ad82545263dcc5ec0996818884fd5fb1\",\"name\":\"Arnaldo Botto\",\"image\":{\"@type\":\"ImageObject\",\"inLanguage\":\"es\",\"@id\":\"https:\/\/www.noticiasradioreflejos.com.ar\/2021\/#\/schema\/person\/image\/\",\"url\":\"https:\/\/secure.gravatar.com\/avatar\/55cb5e37c1efa326397366e6974cb338056df65cb50e7d64d1cf314e87504837?s=96&d=mm&r=g\",\"contentUrl\":\"https:\/\/secure.gravatar.com\/avatar\/55cb5e37c1efa326397366e6974cb338056df65cb50e7d64d1cf314e87504837?s=96&d=mm&r=g\",\"caption\":\"Arnaldo Botto\"},\"url\":\"https:\/\/www.noticiasradioreflejos.com.ar\/2021\/author\/arnaldo\/\"}]}<\/script>\n<!-- \/ Yoast SEO plugin. -->","yoast_head_json":{"title":"Buenos Aires no pide testeos ni estad\u00edas m\u00ednimas, pero s\u00ed certificado de la app CuidAr - Noticias Radio Reflejos","robots":{"index":"index","follow":"follow","max-snippet":"max-snippet:-1","max-image-preview":"max-image-preview:large","max-video-preview":"max-video-preview:-1"},"canonical":"https:\/\/www.noticiasradioreflejos.com.ar\/2021\/buenos-aires-no-pide-testeos-ni-estadias-minimas-pero-si-certificado-de-la-app-cuidar\/","og_locale":"es_ES","og_type":"article","og_title":"Buenos Aires no pide testeos ni estad\u00edas m\u00ednimas, pero s\u00ed certificado de la app CuidAr - Noticias Radio Reflejos","og_description":"El Gobierno bonaerense y los municipios tur\u00edsticos del distrito desplegar\u00e1n promotores sanitarios en las playas, realizar\u00e1n testeos y controles de contactos estrechos de casos confirmados de coronavirus, enfocar\u00e1n el cumplimiento de protocolos y lanzar\u00e1n aplicaciones con permisos y recomendaciones de cara a la temporada de verano que se extender\u00e1 hasta el 4 de abril.","og_url":"https:\/\/www.noticiasradioreflejos.com.ar\/2021\/buenos-aires-no-pide-testeos-ni-estadias-minimas-pero-si-certificado-de-la-app-cuidar\/","og_site_name":"Noticias Radio Reflejos","article_published_time":"2020-12-04T20:17:42+00:00","og_image":[{"width":500,"height":258,"url":"https:\/\/www.noticiasradioreflejos.com.ar\/2021\/wp-content\/uploads\/2016\/11\/30257333795_b80f91a19a.jpg","type":"image\/jpeg"}],"author":"Arnaldo Botto","twitter_card":"summary_large_image","schema":{"@context":"https:\/\/schema.org","@graph":[{"@type":"WebPage","@id":"https:\/\/www.noticiasradioreflejos.com.ar\/2021\/buenos-aires-no-pide-testeos-ni-estadias-minimas-pero-si-certificado-de-la-app-cuidar\/","url":"https:\/\/www.noticiasradioreflejos.com.ar\/2021\/buenos-aires-no-pide-testeos-ni-estadias-minimas-pero-si-certificado-de-la-app-cuidar\/","name":"Buenos Aires no pide testeos ni estad\u00edas m\u00ednimas, pero s\u00ed certificado de la app CuidAr - Noticias Radio Reflejos","isPartOf":{"@id":"https:\/\/www.noticiasradioreflejos.com.ar\/2021\/#website"},"primaryImageOfPage":{"@id":"https:\/\/www.noticiasradioreflejos.com.ar\/2021\/buenos-aires-no-pide-testeos-ni-estadias-minimas-pero-si-certificado-de-la-app-cuidar\/#primaryimage"},"image":{"@id":"https:\/\/www.noticiasradioreflejos.com.ar\/2021\/buenos-aires-no-pide-testeos-ni-estadias-minimas-pero-si-certificado-de-la-app-cuidar\/#primaryimage"},"thumbnailUrl":"https:\/\/www.noticiasradioreflejos.com.ar\/2021\/wp-content\/uploads\/2016\/11\/30257333795_b80f91a19a.jpg","datePublished":"2020-12-04T20:17:42+00:00","author":{"@id":"https:\/\/www.noticiasradioreflejos.com.ar\/2021\/#\/schema\/person\/ad82545263dcc5ec0996818884fd5fb1"},"breadcrumb":{"@id":"https:\/\/www.noticiasradioreflejos.com.ar\/2021\/buenos-aires-no-pide-testeos-ni-estadias-minimas-pero-si-certificado-de-la-app-cuidar\/#breadcrumb"},"inLanguage":"es","potentialAction":[{"@type":"ReadAction","target":["https:\/\/www.noticiasradioreflejos.com.ar\/2021\/buenos-aires-no-pide-testeos-ni-estadias-minimas-pero-si-certificado-de-la-app-cuidar\/"]}]},{"@type":"ImageObject","inLanguage":"es","@id":"https:\/\/www.noticiasradioreflejos.com.ar\/2021\/buenos-aires-no-pide-testeos-ni-estadias-minimas-pero-si-certificado-de-la-app-cuidar\/#primaryimage","url":"https:\/\/www.noticiasradioreflejos.com.ar\/2021\/wp-content\/uploads\/2016\/11\/30257333795_b80f91a19a.jpg","contentUrl":"https:\/\/www.noticiasradioreflejos.com.ar\/2021\/wp-content\/uploads\/2016\/11\/30257333795_b80f91a19a.jpg","width":500,"height":258},{"@type":"BreadcrumbList","@id":"https:\/\/www.noticiasradioreflejos.com.ar\/2021\/buenos-aires-no-pide-testeos-ni-estadias-minimas-pero-si-certificado-de-la-app-cuidar\/#breadcrumb","itemListElement":[{"@type":"ListItem","position":1,"name":"Portada","item":"https:\/\/www.noticiasradioreflejos.com.ar\/2021\/"},{"@type":"ListItem","position":2,"name":"Buenos Aires no pide testeos ni estad\u00edas m\u00ednimas, pero s\u00ed certificado de la app CuidAr"}]},{"@type":"WebSite","@id":"https:\/\/www.noticiasradioreflejos.com.ar\/2021\/#website","url":"https:\/\/www.noticiasradioreflejos.com.ar\/2021\/","name":"Noticias Radio Reflejos","description":"Las noticias de mi comarca","potentialAction":[{"@type":"SearchAction","target":{"@type":"EntryPoint","urlTemplate":"https:\/\/www.noticiasradioreflejos.com.ar\/2021\/?s={search_term_string}"},"query-input":{"@type":"PropertyValueSpecification","valueRequired":true,"valueName":"search_term_string"}}],"inLanguage":"es"},{"@type":"Person","@id":"https:\/\/www.noticiasradioreflejos.com.ar\/2021\/#\/schema\/person\/ad82545263dcc5ec0996818884fd5fb1","name":"Arnaldo Botto","image":{"@type":"ImageObject","inLanguage":"es","@id":"https:\/\/www.noticiasradioreflejos.com.ar\/2021\/#\/schema\/person\/image\/","url":"https:\/\/secure.gravatar.com\/avatar\/55cb5e37c1efa326397366e6974cb338056df65cb50e7d64d1cf314e87504837?s=96&d=mm&r=g","contentUrl":"https:\/\/secure.gravatar.com\/avatar\/55cb5e37c1efa326397366e6974cb338056df65cb50e7d64d1cf314e87504837?s=96&d=mm&r=g","caption":"Arnaldo Botto"},"url":"https:\/\/www.noticiasradioreflejos.com.ar\/2021\/author\/arnaldo\/"}]}},"_links":{"self":[{"href":"https:\/\/www.noticiasradioreflejos.com.ar\/2021\/wp-json\/wp\/v2\/posts\/50046","targetHints":{"allow":["GET"]}}],"collection":[{"href":"https:\/\/www.noticiasradioreflejos.com.ar\/2021\/wp-json\/wp\/v2\/posts"}],"about":[{"href":"https:\/\/www.noticiasradioreflejos.com.ar\/2021\/wp-json\/wp\/v2\/types\/post"}],"author":[{"embeddable":true,"href":"https:\/\/www.noticiasradioreflejos.com.ar\/2021\/wp-json\/wp\/v2\/users\/3"}],"replies":[{"embeddable":true,"href":"https:\/\/www.noticiasradioreflejos.com.ar\/2021\/wp-json\/wp\/v2\/comments?post=50046"}],"version-history":[{"count":0,"href":"https:\/\/www.noticiasradioreflejos.com.ar\/2021\/wp-json\/wp\/v2\/posts\/50046\/revisions"}],"wp:featuredmedia":[{"embeddable":true,"href":"https:\/\/www.noticiasradioreflejos.com.ar\/2021\/wp-json\/wp\/v2\/media\/4213"}],"wp:attachment":[{"href":"https:\/\/www.noticiasradioreflejos.com.ar\/2021\/wp-json\/wp\/v2\/media?parent=50046"}],"wp:term":[{"taxonomy":"category","embeddable":true,"href":"https:\/\/www.noticiasradioreflejos.com.ar\/2021\/wp-json\/wp\/v2\/categories?post=50046"},{"taxonomy":"post_tag","embeddable":true,"href":"https:\/\/www.noticiasradioreflejos.com.ar\/2021\/wp-json\/wp\/v2\/tags?post=50046"}],"curies":[{"name":"wp","href":"https:\/\/api.w.org\/{rel}","templated":true}]}}