{"id":50039,"date":"2020-12-04T12:26:40","date_gmt":"2020-12-04T15:26:40","guid":{"rendered":"http:\/\/www.noticiasradioreflejos.com.ar\/noticias\/?p=50039"},"modified":"2020-12-04T12:26:40","modified_gmt":"2020-12-04T15:26:40","slug":"la-provincia-de-buenos-aires-recibio-en-tres-dias-unas-125-mil-solicitudes-para-vacacionar","status":"publish","type":"post","link":"https:\/\/www.noticiasradioreflejos.com.ar\/2021\/la-provincia-de-buenos-aires-recibio-en-tres-dias-unas-125-mil-solicitudes-para-vacacionar\/","title":{"rendered":"La provincia de Buenos Aires recibi\u00f3 en tres d\u00edas unas 125 mil solicitudes para vacacionar"},"content":{"rendered":"<p>El ministro de Producci\u00f3n, Ciencia e Innovaci\u00f3n Tecnol\u00f3gica, Augusto Costa, dijo hoy que en los \u00faltimos tres d\u00edas se recibieron 125.000 solicitudes para poder vacacionar en destinos bonaerenses.<!--more--><br \/>\n\u00abEl \u00fanico requisito para poder viajar por la costa, las sierras, las lagunas o los r\u00edos bonaerenses es llenar el formulario en el sitio argentina.gob.ar\/verano o mediante la aplicaci\u00f3n Cuidar, completar el destino al que uno viaja, por cu\u00e1nto tiempo, d\u00f3nde se queda y con qui\u00e9n va\u00bb, expuso el funcionario a cargo del \u00e1rea de Turismo en declaraciones a FM Concepto.<\/p>\n<p>Costa aclar\u00f3 que, por el momento, la aplicaci\u00f3n est\u00e1 habilitada para quienes viajen los pr\u00f3ximos 20 d\u00edas y remarc\u00f3 que la semana que viene ya podr\u00e1n tramitar el permiso quienes planeen vacacionar en enero.<\/p>\n<p>En ese sentido, sostuvo que el sistema \u00abfunciona muy bien\u00bb e indic\u00f3 que permitir\u00e1 \u00abgarantizar que la gente viaje segura y pueda disfrutar sin mayores riesgos\u00bb.<\/p>\n<p>Costa pidi\u00f3 \u00abresponsabilidad individual\u00bb, mantener la distancia, continuar con el lavado de mano y uso de tapabocas para evitar los contagios de coronavirus.<\/p>\n<p>\u00abQueremos que la gente pueda vacacionar. Fue un a\u00f1o muy duro para el turismo y la temporada es una oportunidad para que muchas actividades se reactiven pero, al estar en pandemia, no debemos no exponernos a situaciones perjudiciales\u00bb, continu\u00f3.<\/p>\n<p>Luego, precis\u00f3 que el monitoreo de las personas que viajan \u00abser\u00e1 permanente\u00bb para evitar aglomeraciones y recalc\u00f3 que, \u00aben la medida en que una mayor afluencia de turistas que la conveniente empiece a generar problemas, vamos a comunicarnos con los municipios\u00bb.<\/p>\n<p>\u00abSe trata de establecer dentro de los municipios la promoci\u00f3n de buenas pr\u00e1cticas de distanciamiento\u00bb, detall\u00f3 y reiter\u00f3 que se le informar\u00e1 a los turistas qu\u00e9 balnearios est\u00e1n por encima de la capacidad recomendada o completos, de modo tal que \u00e9stos puedan optar por otra playa.<\/p>\n<p>El ministro evalu\u00f3 que \u00abse trata de evitar aglomeraciones\u00bb y subray\u00f3 que \u00abla temporada ser\u00e1 exitosa\u00bb si se cumplen los protocolos para las actividades relacionadas con el turismo, en el marco de la pandemia de coronavirus.<\/p>\n","protected":false},"excerpt":{"rendered":"<p>El ministro de Producci\u00f3n, Ciencia e Innovaci\u00f3n Tecnol\u00f3gica, Augusto Costa, dijo hoy que en los \u00faltimos tres d\u00edas se recibieron 125.000 solicitudes para poder vacacionar en destinos bonaerenses.<\/p>\n","protected":false},"author":3,"featured_media":47512,"comment_status":"closed","ping_status":"open","sticky":false,"template":"","format":"standard","meta":{"footnotes":""},"categories":[33],"tags":[],"class_list":["post-50039","post","type-post","status-publish","format-standard","has-post-thumbnail","hentry","category-turismo"],"yoast_head":"<!-- This site is optimized with the Yoast SEO plugin v25.9 - https:\/\/yoast.com\/wordpress\/plugins\/seo\/ -->\n<title>La provincia de Buenos Aires recibi\u00f3 en tres d\u00edas unas 125 mil solicitudes para vacacionar - Noticias Radio Reflejos<\/title>\n<meta name=\"robots\" content=\"index, follow, max-snippet:-1, max-image-preview:large, max-video-preview:-1\" \/>\n<link rel=\"canonical\" href=\"https:\/\/www.noticiasradioreflejos.com.ar\/2021\/la-provincia-de-buenos-aires-recibio-en-tres-dias-unas-125-mil-solicitudes-para-vacacionar\/\" \/>\n<meta property=\"og:locale\" content=\"es_ES\" \/>\n<meta property=\"og:type\" content=\"article\" \/>\n<meta property=\"og:title\" content=\"La provincia de Buenos Aires recibi\u00f3 en tres d\u00edas unas 125 mil solicitudes para vacacionar - Noticias Radio Reflejos\" \/>\n<meta property=\"og:description\" content=\"El ministro de Producci\u00f3n, Ciencia e Innovaci\u00f3n Tecnol\u00f3gica, Augusto Costa, dijo hoy que en los \u00faltimos tres d\u00edas se recibieron 125.000 solicitudes para poder vacacionar en destinos bonaerenses.\" \/>\n<meta property=\"og:url\" content=\"https:\/\/www.noticiasradioreflejos.com.ar\/2021\/la-provincia-de-buenos-aires-recibio-en-tres-dias-unas-125-mil-solicitudes-para-vacacionar\/\" \/>\n<meta property=\"og:site_name\" content=\"Noticias Radio Reflejos\" \/>\n<meta property=\"article:published_time\" content=\"2020-12-04T15:26:40+00:00\" \/>\n<meta property=\"og:image\" content=\"https:\/\/www.noticiasradioreflejos.com.ar\/2021\/wp-content\/uploads\/2020\/10\/cabalgatas-sierra-de-la-ventana-4.jpg\" \/>\n\t<meta property=\"og:image:width\" content=\"816\" \/>\n\t<meta property=\"og:image:height\" content=\"500\" \/>\n\t<meta property=\"og:image:type\" content=\"image\/jpeg\" \/>\n<meta name=\"author\" content=\"Arnaldo Botto\" \/>\n<meta name=\"twitter:card\" content=\"summary_large_image\" \/>\n<script type=\"application\/ld+json\" class=\"yoast-schema-graph\">{\"@context\":\"https:\/\/schema.org\",\"@graph\":[{\"@type\":\"WebPage\",\"@id\":\"https:\/\/www.noticiasradioreflejos.com.ar\/2021\/la-provincia-de-buenos-aires-recibio-en-tres-dias-unas-125-mil-solicitudes-para-vacacionar\/\",\"url\":\"https:\/\/www.noticiasradioreflejos.com.ar\/2021\/la-provincia-de-buenos-aires-recibio-en-tres-dias-unas-125-mil-solicitudes-para-vacacionar\/\",\"name\":\"La provincia de Buenos Aires recibi\u00f3 en tres d\u00edas unas 125 mil solicitudes para vacacionar - Noticias Radio Reflejos\",\"isPartOf\":{\"@id\":\"https:\/\/www.noticiasradioreflejos.com.ar\/2021\/#website\"},\"primaryImageOfPage\":{\"@id\":\"https:\/\/www.noticiasradioreflejos.com.ar\/2021\/la-provincia-de-buenos-aires-recibio-en-tres-dias-unas-125-mil-solicitudes-para-vacacionar\/#primaryimage\"},\"image\":{\"@id\":\"https:\/\/www.noticiasradioreflejos.com.ar\/2021\/la-provincia-de-buenos-aires-recibio-en-tres-dias-unas-125-mil-solicitudes-para-vacacionar\/#primaryimage\"},\"thumbnailUrl\":\"https:\/\/www.noticiasradioreflejos.com.ar\/2021\/wp-content\/uploads\/2020\/10\/cabalgatas-sierra-de-la-ventana-4.jpg\",\"datePublished\":\"2020-12-04T15:26:40+00:00\",\"author\":{\"@id\":\"https:\/\/www.noticiasradioreflejos.com.ar\/2021\/#\/schema\/person\/ad82545263dcc5ec0996818884fd5fb1\"},\"breadcrumb\":{\"@id\":\"https:\/\/www.noticiasradioreflejos.com.ar\/2021\/la-provincia-de-buenos-aires-recibio-en-tres-dias-unas-125-mil-solicitudes-para-vacacionar\/#breadcrumb\"},\"inLanguage\":\"es\",\"potentialAction\":[{\"@type\":\"ReadAction\",\"target\":[\"https:\/\/www.noticiasradioreflejos.com.ar\/2021\/la-provincia-de-buenos-aires-recibio-en-tres-dias-unas-125-mil-solicitudes-para-vacacionar\/\"]}]},{\"@type\":\"ImageObject\",\"inLanguage\":\"es\",\"@id\":\"https:\/\/www.noticiasradioreflejos.com.ar\/2021\/la-provincia-de-buenos-aires-recibio-en-tres-dias-unas-125-mil-solicitudes-para-vacacionar\/#primaryimage\",\"url\":\"https:\/\/www.noticiasradioreflejos.com.ar\/2021\/wp-content\/uploads\/2020\/10\/cabalgatas-sierra-de-la-ventana-4.jpg\",\"contentUrl\":\"https:\/\/www.noticiasradioreflejos.com.ar\/2021\/wp-content\/uploads\/2020\/10\/cabalgatas-sierra-de-la-ventana-4.jpg\",\"width\":816,\"height\":500},{\"@type\":\"BreadcrumbList\",\"@id\":\"https:\/\/www.noticiasradioreflejos.com.ar\/2021\/la-provincia-de-buenos-aires-recibio-en-tres-dias-unas-125-mil-solicitudes-para-vacacionar\/#breadcrumb\",\"itemListElement\":[{\"@type\":\"ListItem\",\"position\":1,\"name\":\"Portada\",\"item\":\"https:\/\/www.noticiasradioreflejos.com.ar\/2021\/\"},{\"@type\":\"ListItem\",\"position\":2,\"name\":\"La provincia de Buenos Aires recibi\u00f3 en tres d\u00edas unas 125 mil solicitudes para vacacionar\"}]},{\"@type\":\"WebSite\",\"@id\":\"https:\/\/www.noticiasradioreflejos.com.ar\/2021\/#website\",\"url\":\"https:\/\/www.noticiasradioreflejos.com.ar\/2021\/\",\"name\":\"Noticias Radio Reflejos\",\"description\":\"Las noticias de mi comarca\",\"potentialAction\":[{\"@type\":\"SearchAction\",\"target\":{\"@type\":\"EntryPoint\",\"urlTemplate\":\"https:\/\/www.noticiasradioreflejos.com.ar\/2021\/?s={search_term_string}\"},\"query-input\":{\"@type\":\"PropertyValueSpecification\",\"valueRequired\":true,\"valueName\":\"search_term_string\"}}],\"inLanguage\":\"es\"},{\"@type\":\"Person\",\"@id\":\"https:\/\/www.noticiasradioreflejos.com.ar\/2021\/#\/schema\/person\/ad82545263dcc5ec0996818884fd5fb1\",\"name\":\"Arnaldo Botto\",\"image\":{\"@type\":\"ImageObject\",\"inLanguage\":\"es\",\"@id\":\"https:\/\/www.noticiasradioreflejos.com.ar\/2021\/#\/schema\/person\/image\/\",\"url\":\"https:\/\/secure.gravatar.com\/avatar\/55cb5e37c1efa326397366e6974cb338056df65cb50e7d64d1cf314e87504837?s=96&d=mm&r=g\",\"contentUrl\":\"https:\/\/secure.gravatar.com\/avatar\/55cb5e37c1efa326397366e6974cb338056df65cb50e7d64d1cf314e87504837?s=96&d=mm&r=g\",\"caption\":\"Arnaldo Botto\"},\"url\":\"https:\/\/www.noticiasradioreflejos.com.ar\/2021\/author\/arnaldo\/\"}]}<\/script>\n<!-- \/ Yoast SEO plugin. -->","yoast_head_json":{"title":"La provincia de Buenos Aires recibi\u00f3 en tres d\u00edas unas 125 mil solicitudes para vacacionar - Noticias Radio Reflejos","robots":{"index":"index","follow":"follow","max-snippet":"max-snippet:-1","max-image-preview":"max-image-preview:large","max-video-preview":"max-video-preview:-1"},"canonical":"https:\/\/www.noticiasradioreflejos.com.ar\/2021\/la-provincia-de-buenos-aires-recibio-en-tres-dias-unas-125-mil-solicitudes-para-vacacionar\/","og_locale":"es_ES","og_type":"article","og_title":"La provincia de Buenos Aires recibi\u00f3 en tres d\u00edas unas 125 mil solicitudes para vacacionar - Noticias Radio Reflejos","og_description":"El ministro de Producci\u00f3n, Ciencia e Innovaci\u00f3n Tecnol\u00f3gica, Augusto Costa, dijo hoy que en los \u00faltimos tres d\u00edas se recibieron 125.000 solicitudes para poder vacacionar en destinos bonaerenses.","og_url":"https:\/\/www.noticiasradioreflejos.com.ar\/2021\/la-provincia-de-buenos-aires-recibio-en-tres-dias-unas-125-mil-solicitudes-para-vacacionar\/","og_site_name":"Noticias Radio Reflejos","article_published_time":"2020-12-04T15:26:40+00:00","og_image":[{"width":816,"height":500,"url":"https:\/\/www.noticiasradioreflejos.com.ar\/2021\/wp-content\/uploads\/2020\/10\/cabalgatas-sierra-de-la-ventana-4.jpg","type":"image\/jpeg"}],"author":"Arnaldo Botto","twitter_card":"summary_large_image","schema":{"@context":"https:\/\/schema.org","@graph":[{"@type":"WebPage","@id":"https:\/\/www.noticiasradioreflejos.com.ar\/2021\/la-provincia-de-buenos-aires-recibio-en-tres-dias-unas-125-mil-solicitudes-para-vacacionar\/","url":"https:\/\/www.noticiasradioreflejos.com.ar\/2021\/la-provincia-de-buenos-aires-recibio-en-tres-dias-unas-125-mil-solicitudes-para-vacacionar\/","name":"La provincia de Buenos Aires recibi\u00f3 en tres d\u00edas unas 125 mil solicitudes para vacacionar - Noticias Radio Reflejos","isPartOf":{"@id":"https:\/\/www.noticiasradioreflejos.com.ar\/2021\/#website"},"primaryImageOfPage":{"@id":"https:\/\/www.noticiasradioreflejos.com.ar\/2021\/la-provincia-de-buenos-aires-recibio-en-tres-dias-unas-125-mil-solicitudes-para-vacacionar\/#primaryimage"},"image":{"@id":"https:\/\/www.noticiasradioreflejos.com.ar\/2021\/la-provincia-de-buenos-aires-recibio-en-tres-dias-unas-125-mil-solicitudes-para-vacacionar\/#primaryimage"},"thumbnailUrl":"https:\/\/www.noticiasradioreflejos.com.ar\/2021\/wp-content\/uploads\/2020\/10\/cabalgatas-sierra-de-la-ventana-4.jpg","datePublished":"2020-12-04T15:26:40+00:00","author":{"@id":"https:\/\/www.noticiasradioreflejos.com.ar\/2021\/#\/schema\/person\/ad82545263dcc5ec0996818884fd5fb1"},"breadcrumb":{"@id":"https:\/\/www.noticiasradioreflejos.com.ar\/2021\/la-provincia-de-buenos-aires-recibio-en-tres-dias-unas-125-mil-solicitudes-para-vacacionar\/#breadcrumb"},"inLanguage":"es","potentialAction":[{"@type":"ReadAction","target":["https:\/\/www.noticiasradioreflejos.com.ar\/2021\/la-provincia-de-buenos-aires-recibio-en-tres-dias-unas-125-mil-solicitudes-para-vacacionar\/"]}]},{"@type":"ImageObject","inLanguage":"es","@id":"https:\/\/www.noticiasradioreflejos.com.ar\/2021\/la-provincia-de-buenos-aires-recibio-en-tres-dias-unas-125-mil-solicitudes-para-vacacionar\/#primaryimage","url":"https:\/\/www.noticiasradioreflejos.com.ar\/2021\/wp-content\/uploads\/2020\/10\/cabalgatas-sierra-de-la-ventana-4.jpg","contentUrl":"https:\/\/www.noticiasradioreflejos.com.ar\/2021\/wp-content\/uploads\/2020\/10\/cabalgatas-sierra-de-la-ventana-4.jpg","width":816,"height":500},{"@type":"BreadcrumbList","@id":"https:\/\/www.noticiasradioreflejos.com.ar\/2021\/la-provincia-de-buenos-aires-recibio-en-tres-dias-unas-125-mil-solicitudes-para-vacacionar\/#breadcrumb","itemListElement":[{"@type":"ListItem","position":1,"name":"Portada","item":"https:\/\/www.noticiasradioreflejos.com.ar\/2021\/"},{"@type":"ListItem","position":2,"name":"La provincia de Buenos Aires recibi\u00f3 en tres d\u00edas unas 125 mil solicitudes para vacacionar"}]},{"@type":"WebSite","@id":"https:\/\/www.noticiasradioreflejos.com.ar\/2021\/#website","url":"https:\/\/www.noticiasradioreflejos.com.ar\/2021\/","name":"Noticias Radio Reflejos","description":"Las noticias de mi comarca","potentialAction":[{"@type":"SearchAction","target":{"@type":"EntryPoint","urlTemplate":"https:\/\/www.noticiasradioreflejos.com.ar\/2021\/?s={search_term_string}"},"query-input":{"@type":"PropertyValueSpecification","valueRequired":true,"valueName":"search_term_string"}}],"inLanguage":"es"},{"@type":"Person","@id":"https:\/\/www.noticiasradioreflejos.com.ar\/2021\/#\/schema\/person\/ad82545263dcc5ec0996818884fd5fb1","name":"Arnaldo Botto","image":{"@type":"ImageObject","inLanguage":"es","@id":"https:\/\/www.noticiasradioreflejos.com.ar\/2021\/#\/schema\/person\/image\/","url":"https:\/\/secure.gravatar.com\/avatar\/55cb5e37c1efa326397366e6974cb338056df65cb50e7d64d1cf314e87504837?s=96&d=mm&r=g","contentUrl":"https:\/\/secure.gravatar.com\/avatar\/55cb5e37c1efa326397366e6974cb338056df65cb50e7d64d1cf314e87504837?s=96&d=mm&r=g","caption":"Arnaldo Botto"},"url":"https:\/\/www.noticiasradioreflejos.com.ar\/2021\/author\/arnaldo\/"}]}},"_links":{"self":[{"href":"https:\/\/www.noticiasradioreflejos.com.ar\/2021\/wp-json\/wp\/v2\/posts\/50039","targetHints":{"allow":["GET"]}}],"collection":[{"href":"https:\/\/www.noticiasradioreflejos.com.ar\/2021\/wp-json\/wp\/v2\/posts"}],"about":[{"href":"https:\/\/www.noticiasradioreflejos.com.ar\/2021\/wp-json\/wp\/v2\/types\/post"}],"author":[{"embeddable":true,"href":"https:\/\/www.noticiasradioreflejos.com.ar\/2021\/wp-json\/wp\/v2\/users\/3"}],"replies":[{"embeddable":true,"href":"https:\/\/www.noticiasradioreflejos.com.ar\/2021\/wp-json\/wp\/v2\/comments?post=50039"}],"version-history":[{"count":0,"href":"https:\/\/www.noticiasradioreflejos.com.ar\/2021\/wp-json\/wp\/v2\/posts\/50039\/revisions"}],"wp:featuredmedia":[{"embeddable":true,"href":"https:\/\/www.noticiasradioreflejos.com.ar\/2021\/wp-json\/wp\/v2\/media\/47512"}],"wp:attachment":[{"href":"https:\/\/www.noticiasradioreflejos.com.ar\/2021\/wp-json\/wp\/v2\/media?parent=50039"}],"wp:term":[{"taxonomy":"category","embeddable":true,"href":"https:\/\/www.noticiasradioreflejos.com.ar\/2021\/wp-json\/wp\/v2\/categories?post=50039"},{"taxonomy":"post_tag","embeddable":true,"href":"https:\/\/www.noticiasradioreflejos.com.ar\/2021\/wp-json\/wp\/v2\/tags?post=50039"}],"curies":[{"name":"wp","href":"https:\/\/api.w.org\/{rel}","templated":true}]}}