{"id":50036,"date":"2020-12-04T12:21:30","date_gmt":"2020-12-04T15:21:30","guid":{"rendered":"http:\/\/www.noticiasradioreflejos.com.ar\/noticias\/?p=50036"},"modified":"2020-12-04T12:21:30","modified_gmt":"2020-12-04T15:21:30","slug":"la-provincia-de-buenos-aires-puso-en-marcha-operativo-de-verano-para-cuidar-al-turista-en-pandemia","status":"publish","type":"post","link":"https:\/\/www.noticiasradioreflejos.com.ar\/2021\/la-provincia-de-buenos-aires-puso-en-marcha-operativo-de-verano-para-cuidar-al-turista-en-pandemia\/","title":{"rendered":"La provincia de Buenos Aires puso en marcha operativo de verano para cuidar al turista en pandemia"},"content":{"rendered":"<p>El Gobierno bonaerense lanz\u00f3 el Operativo SAT (Sistema de Atenci\u00f3n al Turista) en 19 distritos tur\u00edsticos para brindar atenci\u00f3n en la urgencia y emergencia frente al posible aumento de accidentes viales, una mayor demanda en asistencia general y la contenci\u00f3n de pacientes con coronavirus que se presenten en esos destinos.<!--more--><br \/>\nEl Ministerio de Salud precis\u00f3, en un comunicado, que el plan dise\u00f1ado por la Provincia para la \u00e9poca estival funcionar\u00e1 desde el 3 de diciembre hasta el 5 de abril, e incluye el refuerzo del sistema de atenci\u00f3n sanitaria en las guardias hospitalarias, en los consultorios externos e internaci\u00f3n en \u00e1reas urbanas, suburbanas, y en las playas.<\/p>\n<p>La estrategia apunta a prevenir contagios y accionar con rapidez con aquellos turistas que den positivo de coronavirus.<\/p>\n<p>El Operativo SAT 2020-2021 que se extender\u00e1 por ocho quincenas, abarca 19 distritos que constituyen destinos tur\u00edsticos costeros y del interior.<\/p>\n<p>Adem\u00e1s, se dispuso de recursos para la cobertura sanitaria de 9 corredores viales, que son las rutas bonaerenses 36, 2, 74, 11, 63, 56, 3, 51, y 226; algunas de acceso a los destinos tur\u00edsticos.<\/p>\n<p>Para desplegar esta estrategia, la cartera de Salud provincial cuenta con 40 ambulancias, 9 m\u00f3viles 4&#215;4, 1 helic\u00f3ptero, 1 avi\u00f3n, 2 minib\u00fas y un m\u00f3vil de la Red Provincial de Salud Mental en Incidente Cr\u00edtico (Prosamic), de la Direcci\u00f3n de Emergencias Sanitarias.<\/p>\n<p>En relaci\u00f3n a los recursos humanos, se dispuso de 71 m\u00e9dicos por quincena para cubrir las ambulancias, profesionales para el refuerzo de las guardias y equipos de trauma, 69 enfermeros, 52 choferes, 4 pilotos, 7 radio-operadores, 1 equipo Prosamic, y personal administrativo.<\/p>\n<p>Adem\u00e1s, fue preparada la Unidad de Pronta Atenci\u00f3n (UPA) 7, ubicada en Lezama, que funcionar\u00e1 como centro de derivaci\u00f3n de alta complejidad del Operativo de Verano. Para esto, la terapia intensiva de la Unidad de Pronta Atenci\u00f3n (UPA) fue reforzada con enfermero\/a, cirujano\/a, traumat\u00f3logo\/a, neurocirujano\/a y anestesista las 24 horas.<\/p>\n<p>\u00abEsta todo programado para sostener la accidentolog\u00eda, que siempre lamentablemente tenemos sobre la Autov\u00eda 2, y asimismo ya est\u00e1 todo planificado para el \u00e1rea Covid, el sector de aislamiento, el \u00e1rea de comunicaci\u00f3n, el traslado, el helic\u00f3ptero y los lugares de derivaci\u00f3n a hospitales de mayor complejidad\u00bb, sostuvo el ministro de Salud, Daniel Gollan.<\/p>\n<p>La UPA 7, que se encuentra emplazada en un punto clave de gran circulaci\u00f3n sobre la Autov\u00eda 2, est\u00e1 equipada para que sea el principal centro de trauma con capacidad para atender y derivar a las personas que sufran accidentes de tr\u00e1nsito.<\/p>\n<p>Para esto, seg\u00fan el sistema de triage hospitalario, cuenta con 3 camas de sector rojo destinadas a pacientes con riesgo de vida inmediato; 2 amarillas para urgencias y 10 camas de observaci\u00f3n. Dispone adem\u00e1s de un helipuerto, un tom\u00f3grafo, un equipo de radio-operaci\u00f3n y un m\u00f3vil terrestre.<\/p>\n<p>Tambi\u00e9n fueron reforzados diferentes establecimientos provinciales y municipales del sistema sanitario, al igual que otros a\u00f1os, pero en esta oportunidad con estrategias acordes a la pandemia.<\/p>\n<p>En Mar del Plata por ejemplo, se prepararon el hospital Materno Infantil \u00abTetamanti\u00bb y el hospital \u00abAlende\u00bb, y en el predio de este \u00faltimo funciona tambi\u00e9n la UPA, mientras se construye una Unidad de Refuerzo Sanitaria para atender la demanda de atenci\u00f3n al turista durante el verano.<\/p>\n<p>En el \u00abAlende\u00bb funciona tambi\u00e9n uno de los cinco hospitales modulares que se instalar\u00e1n en diferentes distritos tur\u00edsticos para descomprimir la demanda en los centros de salud municipales. El resto estar\u00e1n ubicados en Monte Hermoso, Necochea, San Bernardo y Villa Gesell.<\/p>\n<p>Asimismo, habr\u00e1 postas con promotores de salud a lo largo de todos los balnearios para garantizar que se cumplan los protocolos en los distintos puntos de acceso a la playa y en las actividades nocturnas.<\/p>\n","protected":false},"excerpt":{"rendered":"<p>El Gobierno bonaerense lanz\u00f3 el Operativo SAT (Sistema de Atenci\u00f3n al Turista) en 19 distritos tur\u00edsticos para brindar atenci\u00f3n en la urgencia y emergencia frente al posible aumento de accidentes viales, una mayor demanda en asistencia general y la contenci\u00f3n de pacientes con coronavirus que se presenten en esos destinos.<\/p>\n","protected":false},"author":3,"featured_media":0,"comment_status":"closed","ping_status":"open","sticky":false,"template":"","format":"standard","meta":{"footnotes":""},"categories":[33],"tags":[],"class_list":["post-50036","post","type-post","status-publish","format-standard","hentry","category-turismo"],"yoast_head":"<!-- This site is optimized with the Yoast SEO plugin v25.9 - https:\/\/yoast.com\/wordpress\/plugins\/seo\/ -->\n<title>La provincia de Buenos Aires puso en marcha operativo de verano para cuidar al turista en pandemia - Noticias Radio Reflejos<\/title>\n<meta name=\"robots\" content=\"index, follow, max-snippet:-1, max-image-preview:large, max-video-preview:-1\" \/>\n<link rel=\"canonical\" href=\"https:\/\/www.noticiasradioreflejos.com.ar\/2021\/la-provincia-de-buenos-aires-puso-en-marcha-operativo-de-verano-para-cuidar-al-turista-en-pandemia\/\" \/>\n<meta property=\"og:locale\" content=\"es_ES\" \/>\n<meta property=\"og:type\" content=\"article\" \/>\n<meta property=\"og:title\" content=\"La provincia de Buenos Aires puso en marcha operativo de verano para cuidar al turista en pandemia - Noticias Radio Reflejos\" \/>\n<meta property=\"og:description\" content=\"El Gobierno bonaerense lanz\u00f3 el Operativo SAT (Sistema de Atenci\u00f3n al Turista) en 19 distritos tur\u00edsticos para brindar atenci\u00f3n en la urgencia y emergencia frente al posible aumento de accidentes viales, una mayor demanda en asistencia general y la contenci\u00f3n de pacientes con coronavirus que se presenten en esos destinos.\" \/>\n<meta property=\"og:url\" content=\"https:\/\/www.noticiasradioreflejos.com.ar\/2021\/la-provincia-de-buenos-aires-puso-en-marcha-operativo-de-verano-para-cuidar-al-turista-en-pandemia\/\" \/>\n<meta property=\"og:site_name\" content=\"Noticias Radio Reflejos\" \/>\n<meta property=\"article:published_time\" content=\"2020-12-04T15:21:30+00:00\" \/>\n<meta property=\"og:image\" content=\"https:\/\/www.noticiasradioreflejos.com.ar\/2021\/wp-content\/uploads\/2021\/07\/logosol300x200.png\" \/>\n\t<meta property=\"og:image:width\" content=\"300\" \/>\n\t<meta property=\"og:image:height\" content=\"200\" \/>\n\t<meta property=\"og:image:type\" content=\"image\/png\" \/>\n<meta name=\"author\" content=\"Arnaldo Botto\" \/>\n<meta name=\"twitter:card\" content=\"summary_large_image\" \/>\n<script type=\"application\/ld+json\" class=\"yoast-schema-graph\">{\"@context\":\"https:\/\/schema.org\",\"@graph\":[{\"@type\":\"WebPage\",\"@id\":\"https:\/\/www.noticiasradioreflejos.com.ar\/2021\/la-provincia-de-buenos-aires-puso-en-marcha-operativo-de-verano-para-cuidar-al-turista-en-pandemia\/\",\"url\":\"https:\/\/www.noticiasradioreflejos.com.ar\/2021\/la-provincia-de-buenos-aires-puso-en-marcha-operativo-de-verano-para-cuidar-al-turista-en-pandemia\/\",\"name\":\"La provincia de Buenos Aires puso en marcha operativo de verano para cuidar al turista en pandemia - Noticias Radio Reflejos\",\"isPartOf\":{\"@id\":\"https:\/\/www.noticiasradioreflejos.com.ar\/2021\/#website\"},\"datePublished\":\"2020-12-04T15:21:30+00:00\",\"author\":{\"@id\":\"https:\/\/www.noticiasradioreflejos.com.ar\/2021\/#\/schema\/person\/ad82545263dcc5ec0996818884fd5fb1\"},\"breadcrumb\":{\"@id\":\"https:\/\/www.noticiasradioreflejos.com.ar\/2021\/la-provincia-de-buenos-aires-puso-en-marcha-operativo-de-verano-para-cuidar-al-turista-en-pandemia\/#breadcrumb\"},\"inLanguage\":\"es\",\"potentialAction\":[{\"@type\":\"ReadAction\",\"target\":[\"https:\/\/www.noticiasradioreflejos.com.ar\/2021\/la-provincia-de-buenos-aires-puso-en-marcha-operativo-de-verano-para-cuidar-al-turista-en-pandemia\/\"]}]},{\"@type\":\"BreadcrumbList\",\"@id\":\"https:\/\/www.noticiasradioreflejos.com.ar\/2021\/la-provincia-de-buenos-aires-puso-en-marcha-operativo-de-verano-para-cuidar-al-turista-en-pandemia\/#breadcrumb\",\"itemListElement\":[{\"@type\":\"ListItem\",\"position\":1,\"name\":\"Portada\",\"item\":\"https:\/\/www.noticiasradioreflejos.com.ar\/2021\/\"},{\"@type\":\"ListItem\",\"position\":2,\"name\":\"La provincia de Buenos Aires puso en marcha operativo de verano para cuidar al turista en pandemia\"}]},{\"@type\":\"WebSite\",\"@id\":\"https:\/\/www.noticiasradioreflejos.com.ar\/2021\/#website\",\"url\":\"https:\/\/www.noticiasradioreflejos.com.ar\/2021\/\",\"name\":\"Noticias Radio Reflejos\",\"description\":\"Las noticias de mi comarca\",\"potentialAction\":[{\"@type\":\"SearchAction\",\"target\":{\"@type\":\"EntryPoint\",\"urlTemplate\":\"https:\/\/www.noticiasradioreflejos.com.ar\/2021\/?s={search_term_string}\"},\"query-input\":{\"@type\":\"PropertyValueSpecification\",\"valueRequired\":true,\"valueName\":\"search_term_string\"}}],\"inLanguage\":\"es\"},{\"@type\":\"Person\",\"@id\":\"https:\/\/www.noticiasradioreflejos.com.ar\/2021\/#\/schema\/person\/ad82545263dcc5ec0996818884fd5fb1\",\"name\":\"Arnaldo Botto\",\"image\":{\"@type\":\"ImageObject\",\"inLanguage\":\"es\",\"@id\":\"https:\/\/www.noticiasradioreflejos.com.ar\/2021\/#\/schema\/person\/image\/\",\"url\":\"https:\/\/secure.gravatar.com\/avatar\/55cb5e37c1efa326397366e6974cb338056df65cb50e7d64d1cf314e87504837?s=96&d=mm&r=g\",\"contentUrl\":\"https:\/\/secure.gravatar.com\/avatar\/55cb5e37c1efa326397366e6974cb338056df65cb50e7d64d1cf314e87504837?s=96&d=mm&r=g\",\"caption\":\"Arnaldo Botto\"},\"url\":\"https:\/\/www.noticiasradioreflejos.com.ar\/2021\/author\/arnaldo\/\"}]}<\/script>\n<!-- \/ Yoast SEO plugin. -->","yoast_head_json":{"title":"La provincia de Buenos Aires puso en marcha operativo de verano para cuidar al turista en pandemia - Noticias Radio Reflejos","robots":{"index":"index","follow":"follow","max-snippet":"max-snippet:-1","max-image-preview":"max-image-preview:large","max-video-preview":"max-video-preview:-1"},"canonical":"https:\/\/www.noticiasradioreflejos.com.ar\/2021\/la-provincia-de-buenos-aires-puso-en-marcha-operativo-de-verano-para-cuidar-al-turista-en-pandemia\/","og_locale":"es_ES","og_type":"article","og_title":"La provincia de Buenos Aires puso en marcha operativo de verano para cuidar al turista en pandemia - Noticias Radio Reflejos","og_description":"El Gobierno bonaerense lanz\u00f3 el Operativo SAT (Sistema de Atenci\u00f3n al Turista) en 19 distritos tur\u00edsticos para brindar atenci\u00f3n en la urgencia y emergencia frente al posible aumento de accidentes viales, una mayor demanda en asistencia general y la contenci\u00f3n de pacientes con coronavirus que se presenten en esos destinos.","og_url":"https:\/\/www.noticiasradioreflejos.com.ar\/2021\/la-provincia-de-buenos-aires-puso-en-marcha-operativo-de-verano-para-cuidar-al-turista-en-pandemia\/","og_site_name":"Noticias Radio Reflejos","article_published_time":"2020-12-04T15:21:30+00:00","og_image":[{"width":300,"height":200,"url":"https:\/\/www.noticiasradioreflejos.com.ar\/2021\/wp-content\/uploads\/2021\/07\/logosol300x200.png","type":"image\/png"}],"author":"Arnaldo Botto","twitter_card":"summary_large_image","schema":{"@context":"https:\/\/schema.org","@graph":[{"@type":"WebPage","@id":"https:\/\/www.noticiasradioreflejos.com.ar\/2021\/la-provincia-de-buenos-aires-puso-en-marcha-operativo-de-verano-para-cuidar-al-turista-en-pandemia\/","url":"https:\/\/www.noticiasradioreflejos.com.ar\/2021\/la-provincia-de-buenos-aires-puso-en-marcha-operativo-de-verano-para-cuidar-al-turista-en-pandemia\/","name":"La provincia de Buenos Aires puso en marcha operativo de verano para cuidar al turista en pandemia - Noticias Radio Reflejos","isPartOf":{"@id":"https:\/\/www.noticiasradioreflejos.com.ar\/2021\/#website"},"datePublished":"2020-12-04T15:21:30+00:00","author":{"@id":"https:\/\/www.noticiasradioreflejos.com.ar\/2021\/#\/schema\/person\/ad82545263dcc5ec0996818884fd5fb1"},"breadcrumb":{"@id":"https:\/\/www.noticiasradioreflejos.com.ar\/2021\/la-provincia-de-buenos-aires-puso-en-marcha-operativo-de-verano-para-cuidar-al-turista-en-pandemia\/#breadcrumb"},"inLanguage":"es","potentialAction":[{"@type":"ReadAction","target":["https:\/\/www.noticiasradioreflejos.com.ar\/2021\/la-provincia-de-buenos-aires-puso-en-marcha-operativo-de-verano-para-cuidar-al-turista-en-pandemia\/"]}]},{"@type":"BreadcrumbList","@id":"https:\/\/www.noticiasradioreflejos.com.ar\/2021\/la-provincia-de-buenos-aires-puso-en-marcha-operativo-de-verano-para-cuidar-al-turista-en-pandemia\/#breadcrumb","itemListElement":[{"@type":"ListItem","position":1,"name":"Portada","item":"https:\/\/www.noticiasradioreflejos.com.ar\/2021\/"},{"@type":"ListItem","position":2,"name":"La provincia de Buenos Aires puso en marcha operativo de verano para cuidar al turista en pandemia"}]},{"@type":"WebSite","@id":"https:\/\/www.noticiasradioreflejos.com.ar\/2021\/#website","url":"https:\/\/www.noticiasradioreflejos.com.ar\/2021\/","name":"Noticias Radio Reflejos","description":"Las noticias de mi comarca","potentialAction":[{"@type":"SearchAction","target":{"@type":"EntryPoint","urlTemplate":"https:\/\/www.noticiasradioreflejos.com.ar\/2021\/?s={search_term_string}"},"query-input":{"@type":"PropertyValueSpecification","valueRequired":true,"valueName":"search_term_string"}}],"inLanguage":"es"},{"@type":"Person","@id":"https:\/\/www.noticiasradioreflejos.com.ar\/2021\/#\/schema\/person\/ad82545263dcc5ec0996818884fd5fb1","name":"Arnaldo Botto","image":{"@type":"ImageObject","inLanguage":"es","@id":"https:\/\/www.noticiasradioreflejos.com.ar\/2021\/#\/schema\/person\/image\/","url":"https:\/\/secure.gravatar.com\/avatar\/55cb5e37c1efa326397366e6974cb338056df65cb50e7d64d1cf314e87504837?s=96&d=mm&r=g","contentUrl":"https:\/\/secure.gravatar.com\/avatar\/55cb5e37c1efa326397366e6974cb338056df65cb50e7d64d1cf314e87504837?s=96&d=mm&r=g","caption":"Arnaldo Botto"},"url":"https:\/\/www.noticiasradioreflejos.com.ar\/2021\/author\/arnaldo\/"}]}},"_links":{"self":[{"href":"https:\/\/www.noticiasradioreflejos.com.ar\/2021\/wp-json\/wp\/v2\/posts\/50036","targetHints":{"allow":["GET"]}}],"collection":[{"href":"https:\/\/www.noticiasradioreflejos.com.ar\/2021\/wp-json\/wp\/v2\/posts"}],"about":[{"href":"https:\/\/www.noticiasradioreflejos.com.ar\/2021\/wp-json\/wp\/v2\/types\/post"}],"author":[{"embeddable":true,"href":"https:\/\/www.noticiasradioreflejos.com.ar\/2021\/wp-json\/wp\/v2\/users\/3"}],"replies":[{"embeddable":true,"href":"https:\/\/www.noticiasradioreflejos.com.ar\/2021\/wp-json\/wp\/v2\/comments?post=50036"}],"version-history":[{"count":0,"href":"https:\/\/www.noticiasradioreflejos.com.ar\/2021\/wp-json\/wp\/v2\/posts\/50036\/revisions"}],"wp:attachment":[{"href":"https:\/\/www.noticiasradioreflejos.com.ar\/2021\/wp-json\/wp\/v2\/media?parent=50036"}],"wp:term":[{"taxonomy":"category","embeddable":true,"href":"https:\/\/www.noticiasradioreflejos.com.ar\/2021\/wp-json\/wp\/v2\/categories?post=50036"},{"taxonomy":"post_tag","embeddable":true,"href":"https:\/\/www.noticiasradioreflejos.com.ar\/2021\/wp-json\/wp\/v2\/tags?post=50036"}],"curies":[{"name":"wp","href":"https:\/\/api.w.org\/{rel}","templated":true}]}}