{"id":50033,"date":"2020-12-04T12:10:16","date_gmt":"2020-12-04T15:10:16","guid":{"rendered":"http:\/\/www.noticiasradioreflejos.com.ar\/noticias\/?p=50033"},"modified":"2020-12-04T12:10:16","modified_gmt":"2020-12-04T15:10:16","slug":"la-provincia-de-buenos-aires-refuerza-los-controles-en-rutas-por-fin-de-semana-largo","status":"publish","type":"post","link":"https:\/\/www.noticiasradioreflejos.com.ar\/2021\/la-provincia-de-buenos-aires-refuerza-los-controles-en-rutas-por-fin-de-semana-largo\/","title":{"rendered":"La provincia de Buenos Aires refuerza los controles en rutas por fin de semana largo"},"content":{"rendered":"<p>La subsecretar\u00eda de Transporte bonaerense reforz\u00f3 hoy los operativos de control y documentaci\u00f3n en las rutas provinciales de cara al fin de semana largo por los feriados del 7 y 8 de diciembre, seg\u00fan se inform\u00f3 oficialmente.<!--more--><br \/>\nLa dependencia a cargo de Alejo Supply increment\u00f3 la presencia en distintos puntos estrat\u00e9gicos, debido a que se espera un mayor movimiento en el tr\u00e1nsito.<\/p>\n<p>Ser\u00e1 el primer fin de semana largo tras declararse la emergencia sanitaria por la pandemia de coronavirus y adem\u00e1s est\u00e1 habilitado el turismo desde el 1\u00ba de diciembre, por lo que la cartera provincial realizar\u00e1 distintos controles a trav\u00e9s de sus agentes de la Direcci\u00f3n Provincial de Pol\u00edtica y Seguridad Vial y de la Direcci\u00f3n Provincial de fiscalizaci\u00f3n del Transporte.<\/p>\n<p>En un comunicado, se pidi\u00f3 a los viajeros que realicen una revisi\u00f3n general del veh\u00edculo antes de salir a las rutas y se recomend\u00f3 a los conductores tener las horas de descanso apropiadas y realizar paradas intermedias. Tanto el cintur\u00f3n de seguridad como las luces bajas son de uso obligatorio, indic\u00f3 el comunicado.<\/p>\n<p>Por otro lado, se inform\u00f3 que se encuentran prorrogados por un a\u00f1o todos los vencimientos de las licencias de conducir radicadas en la provincia de Buenos Aires, producidos entre el 15 de febrero y el 31 de diciembre de 2020.<\/p>\n<p>El organismo destac\u00f3 que \u00abse encuentra vigente la restricci\u00f3n de circulaci\u00f3n por las rutas provinciales de los veh\u00edculos de transporte de cargas mayores a siete (7) toneladas de porte bruto, para los d\u00edas 4, 5, 8, 24, 27 y 31 de diciembre de 2020 y 1\u00b0 y 3 de enero de 2021, establecida por Resoluci\u00f3n N\u00b0 RESO-2020-2-GDEBA-SSTRANSPMIYSPGP, con las excepciones contempladas en la misma\u00bb.<\/p>\n","protected":false},"excerpt":{"rendered":"<p>La subsecretar\u00eda de Transporte bonaerense reforz\u00f3 hoy los operativos de control y documentaci\u00f3n en las rutas provinciales de cara al fin de semana largo por los feriados del 7 y 8 de diciembre, seg\u00fan se inform\u00f3 oficialmente.<\/p>\n","protected":false},"author":3,"featured_media":0,"comment_status":"closed","ping_status":"open","sticky":false,"template":"","format":"standard","meta":{"footnotes":""},"categories":[29,33],"tags":[],"class_list":["post-50033","post","type-post","status-publish","format-standard","hentry","category-policiales","category-turismo"],"yoast_head":"<!-- This site is optimized with the Yoast SEO plugin v25.9 - https:\/\/yoast.com\/wordpress\/plugins\/seo\/ -->\n<title>La provincia de Buenos Aires refuerza los controles en rutas por fin de semana largo - Noticias Radio Reflejos<\/title>\n<meta name=\"robots\" content=\"index, follow, max-snippet:-1, max-image-preview:large, max-video-preview:-1\" \/>\n<link rel=\"canonical\" href=\"https:\/\/www.noticiasradioreflejos.com.ar\/2021\/la-provincia-de-buenos-aires-refuerza-los-controles-en-rutas-por-fin-de-semana-largo\/\" \/>\n<meta property=\"og:locale\" content=\"es_ES\" \/>\n<meta property=\"og:type\" content=\"article\" \/>\n<meta property=\"og:title\" content=\"La provincia de Buenos Aires refuerza los controles en rutas por fin de semana largo - Noticias Radio Reflejos\" \/>\n<meta property=\"og:description\" content=\"La subsecretar\u00eda de Transporte bonaerense reforz\u00f3 hoy los operativos de control y documentaci\u00f3n en las rutas provinciales de cara al fin de semana largo por los feriados del 7 y 8 de diciembre, seg\u00fan se inform\u00f3 oficialmente.\" \/>\n<meta property=\"og:url\" content=\"https:\/\/www.noticiasradioreflejos.com.ar\/2021\/la-provincia-de-buenos-aires-refuerza-los-controles-en-rutas-por-fin-de-semana-largo\/\" \/>\n<meta property=\"og:site_name\" content=\"Noticias Radio Reflejos\" \/>\n<meta property=\"article:published_time\" content=\"2020-12-04T15:10:16+00:00\" \/>\n<meta property=\"og:image\" content=\"https:\/\/www.noticiasradioreflejos.com.ar\/2021\/wp-content\/uploads\/2021\/07\/logosol300x200.png\" \/>\n\t<meta property=\"og:image:width\" content=\"300\" \/>\n\t<meta property=\"og:image:height\" content=\"200\" \/>\n\t<meta property=\"og:image:type\" content=\"image\/png\" \/>\n<meta name=\"author\" content=\"Arnaldo Botto\" \/>\n<meta name=\"twitter:card\" content=\"summary_large_image\" \/>\n<script type=\"application\/ld+json\" class=\"yoast-schema-graph\">{\"@context\":\"https:\/\/schema.org\",\"@graph\":[{\"@type\":\"WebPage\",\"@id\":\"https:\/\/www.noticiasradioreflejos.com.ar\/2021\/la-provincia-de-buenos-aires-refuerza-los-controles-en-rutas-por-fin-de-semana-largo\/\",\"url\":\"https:\/\/www.noticiasradioreflejos.com.ar\/2021\/la-provincia-de-buenos-aires-refuerza-los-controles-en-rutas-por-fin-de-semana-largo\/\",\"name\":\"La provincia de Buenos Aires refuerza los controles en rutas por fin de semana largo - Noticias Radio Reflejos\",\"isPartOf\":{\"@id\":\"https:\/\/www.noticiasradioreflejos.com.ar\/2021\/#website\"},\"datePublished\":\"2020-12-04T15:10:16+00:00\",\"author\":{\"@id\":\"https:\/\/www.noticiasradioreflejos.com.ar\/2021\/#\/schema\/person\/ad82545263dcc5ec0996818884fd5fb1\"},\"breadcrumb\":{\"@id\":\"https:\/\/www.noticiasradioreflejos.com.ar\/2021\/la-provincia-de-buenos-aires-refuerza-los-controles-en-rutas-por-fin-de-semana-largo\/#breadcrumb\"},\"inLanguage\":\"es\",\"potentialAction\":[{\"@type\":\"ReadAction\",\"target\":[\"https:\/\/www.noticiasradioreflejos.com.ar\/2021\/la-provincia-de-buenos-aires-refuerza-los-controles-en-rutas-por-fin-de-semana-largo\/\"]}]},{\"@type\":\"BreadcrumbList\",\"@id\":\"https:\/\/www.noticiasradioreflejos.com.ar\/2021\/la-provincia-de-buenos-aires-refuerza-los-controles-en-rutas-por-fin-de-semana-largo\/#breadcrumb\",\"itemListElement\":[{\"@type\":\"ListItem\",\"position\":1,\"name\":\"Portada\",\"item\":\"https:\/\/www.noticiasradioreflejos.com.ar\/2021\/\"},{\"@type\":\"ListItem\",\"position\":2,\"name\":\"La provincia de Buenos Aires refuerza los controles en rutas por fin de semana largo\"}]},{\"@type\":\"WebSite\",\"@id\":\"https:\/\/www.noticiasradioreflejos.com.ar\/2021\/#website\",\"url\":\"https:\/\/www.noticiasradioreflejos.com.ar\/2021\/\",\"name\":\"Noticias Radio Reflejos\",\"description\":\"Las noticias de mi comarca\",\"potentialAction\":[{\"@type\":\"SearchAction\",\"target\":{\"@type\":\"EntryPoint\",\"urlTemplate\":\"https:\/\/www.noticiasradioreflejos.com.ar\/2021\/?s={search_term_string}\"},\"query-input\":{\"@type\":\"PropertyValueSpecification\",\"valueRequired\":true,\"valueName\":\"search_term_string\"}}],\"inLanguage\":\"es\"},{\"@type\":\"Person\",\"@id\":\"https:\/\/www.noticiasradioreflejos.com.ar\/2021\/#\/schema\/person\/ad82545263dcc5ec0996818884fd5fb1\",\"name\":\"Arnaldo Botto\",\"image\":{\"@type\":\"ImageObject\",\"inLanguage\":\"es\",\"@id\":\"https:\/\/www.noticiasradioreflejos.com.ar\/2021\/#\/schema\/person\/image\/\",\"url\":\"https:\/\/secure.gravatar.com\/avatar\/55cb5e37c1efa326397366e6974cb338056df65cb50e7d64d1cf314e87504837?s=96&d=mm&r=g\",\"contentUrl\":\"https:\/\/secure.gravatar.com\/avatar\/55cb5e37c1efa326397366e6974cb338056df65cb50e7d64d1cf314e87504837?s=96&d=mm&r=g\",\"caption\":\"Arnaldo Botto\"},\"url\":\"https:\/\/www.noticiasradioreflejos.com.ar\/2021\/author\/arnaldo\/\"}]}<\/script>\n<!-- \/ Yoast SEO plugin. -->","yoast_head_json":{"title":"La provincia de Buenos Aires refuerza los controles en rutas por fin de semana largo - Noticias Radio Reflejos","robots":{"index":"index","follow":"follow","max-snippet":"max-snippet:-1","max-image-preview":"max-image-preview:large","max-video-preview":"max-video-preview:-1"},"canonical":"https:\/\/www.noticiasradioreflejos.com.ar\/2021\/la-provincia-de-buenos-aires-refuerza-los-controles-en-rutas-por-fin-de-semana-largo\/","og_locale":"es_ES","og_type":"article","og_title":"La provincia de Buenos Aires refuerza los controles en rutas por fin de semana largo - Noticias Radio Reflejos","og_description":"La subsecretar\u00eda de Transporte bonaerense reforz\u00f3 hoy los operativos de control y documentaci\u00f3n en las rutas provinciales de cara al fin de semana largo por los feriados del 7 y 8 de diciembre, seg\u00fan se inform\u00f3 oficialmente.","og_url":"https:\/\/www.noticiasradioreflejos.com.ar\/2021\/la-provincia-de-buenos-aires-refuerza-los-controles-en-rutas-por-fin-de-semana-largo\/","og_site_name":"Noticias Radio Reflejos","article_published_time":"2020-12-04T15:10:16+00:00","og_image":[{"width":300,"height":200,"url":"https:\/\/www.noticiasradioreflejos.com.ar\/2021\/wp-content\/uploads\/2021\/07\/logosol300x200.png","type":"image\/png"}],"author":"Arnaldo Botto","twitter_card":"summary_large_image","schema":{"@context":"https:\/\/schema.org","@graph":[{"@type":"WebPage","@id":"https:\/\/www.noticiasradioreflejos.com.ar\/2021\/la-provincia-de-buenos-aires-refuerza-los-controles-en-rutas-por-fin-de-semana-largo\/","url":"https:\/\/www.noticiasradioreflejos.com.ar\/2021\/la-provincia-de-buenos-aires-refuerza-los-controles-en-rutas-por-fin-de-semana-largo\/","name":"La provincia de Buenos Aires refuerza los controles en rutas por fin de semana largo - Noticias Radio Reflejos","isPartOf":{"@id":"https:\/\/www.noticiasradioreflejos.com.ar\/2021\/#website"},"datePublished":"2020-12-04T15:10:16+00:00","author":{"@id":"https:\/\/www.noticiasradioreflejos.com.ar\/2021\/#\/schema\/person\/ad82545263dcc5ec0996818884fd5fb1"},"breadcrumb":{"@id":"https:\/\/www.noticiasradioreflejos.com.ar\/2021\/la-provincia-de-buenos-aires-refuerza-los-controles-en-rutas-por-fin-de-semana-largo\/#breadcrumb"},"inLanguage":"es","potentialAction":[{"@type":"ReadAction","target":["https:\/\/www.noticiasradioreflejos.com.ar\/2021\/la-provincia-de-buenos-aires-refuerza-los-controles-en-rutas-por-fin-de-semana-largo\/"]}]},{"@type":"BreadcrumbList","@id":"https:\/\/www.noticiasradioreflejos.com.ar\/2021\/la-provincia-de-buenos-aires-refuerza-los-controles-en-rutas-por-fin-de-semana-largo\/#breadcrumb","itemListElement":[{"@type":"ListItem","position":1,"name":"Portada","item":"https:\/\/www.noticiasradioreflejos.com.ar\/2021\/"},{"@type":"ListItem","position":2,"name":"La provincia de Buenos Aires refuerza los controles en rutas por fin de semana largo"}]},{"@type":"WebSite","@id":"https:\/\/www.noticiasradioreflejos.com.ar\/2021\/#website","url":"https:\/\/www.noticiasradioreflejos.com.ar\/2021\/","name":"Noticias Radio Reflejos","description":"Las noticias de mi comarca","potentialAction":[{"@type":"SearchAction","target":{"@type":"EntryPoint","urlTemplate":"https:\/\/www.noticiasradioreflejos.com.ar\/2021\/?s={search_term_string}"},"query-input":{"@type":"PropertyValueSpecification","valueRequired":true,"valueName":"search_term_string"}}],"inLanguage":"es"},{"@type":"Person","@id":"https:\/\/www.noticiasradioreflejos.com.ar\/2021\/#\/schema\/person\/ad82545263dcc5ec0996818884fd5fb1","name":"Arnaldo Botto","image":{"@type":"ImageObject","inLanguage":"es","@id":"https:\/\/www.noticiasradioreflejos.com.ar\/2021\/#\/schema\/person\/image\/","url":"https:\/\/secure.gravatar.com\/avatar\/55cb5e37c1efa326397366e6974cb338056df65cb50e7d64d1cf314e87504837?s=96&d=mm&r=g","contentUrl":"https:\/\/secure.gravatar.com\/avatar\/55cb5e37c1efa326397366e6974cb338056df65cb50e7d64d1cf314e87504837?s=96&d=mm&r=g","caption":"Arnaldo Botto"},"url":"https:\/\/www.noticiasradioreflejos.com.ar\/2021\/author\/arnaldo\/"}]}},"_links":{"self":[{"href":"https:\/\/www.noticiasradioreflejos.com.ar\/2021\/wp-json\/wp\/v2\/posts\/50033","targetHints":{"allow":["GET"]}}],"collection":[{"href":"https:\/\/www.noticiasradioreflejos.com.ar\/2021\/wp-json\/wp\/v2\/posts"}],"about":[{"href":"https:\/\/www.noticiasradioreflejos.com.ar\/2021\/wp-json\/wp\/v2\/types\/post"}],"author":[{"embeddable":true,"href":"https:\/\/www.noticiasradioreflejos.com.ar\/2021\/wp-json\/wp\/v2\/users\/3"}],"replies":[{"embeddable":true,"href":"https:\/\/www.noticiasradioreflejos.com.ar\/2021\/wp-json\/wp\/v2\/comments?post=50033"}],"version-history":[{"count":0,"href":"https:\/\/www.noticiasradioreflejos.com.ar\/2021\/wp-json\/wp\/v2\/posts\/50033\/revisions"}],"wp:attachment":[{"href":"https:\/\/www.noticiasradioreflejos.com.ar\/2021\/wp-json\/wp\/v2\/media?parent=50033"}],"wp:term":[{"taxonomy":"category","embeddable":true,"href":"https:\/\/www.noticiasradioreflejos.com.ar\/2021\/wp-json\/wp\/v2\/categories?post=50033"},{"taxonomy":"post_tag","embeddable":true,"href":"https:\/\/www.noticiasradioreflejos.com.ar\/2021\/wp-json\/wp\/v2\/tags?post=50033"}],"curies":[{"name":"wp","href":"https:\/\/api.w.org\/{rel}","templated":true}]}}