{"id":49951,"date":"2020-12-02T16:44:59","date_gmt":"2020-12-02T19:44:59","guid":{"rendered":"http:\/\/www.noticiasradioreflejos.com.ar\/noticias\/?p=49951"},"modified":"2020-12-02T16:44:59","modified_gmt":"2020-12-02T19:44:59","slug":"tornquist-capturan-a-un-hombre-acusado-de-distribuir-pornografia-infantil","status":"publish","type":"post","link":"https:\/\/www.noticiasradioreflejos.com.ar\/2021\/tornquist-capturan-a-un-hombre-acusado-de-distribuir-pornografia-infantil\/","title":{"rendered":"Tornquist: capturan a un hombre acusado de distribuir pornograf\u00eda infantil"},"content":{"rendered":"<p>Una importante cantidad de material pornogr\u00e1fico expl\u00edcito de mujeres, adolescentes y ni\u00f1as fue encontrado esta ma\u00f1ana durante un allanamiento llevado a cabo en un domicilio en Tornquist.<!--more--><br \/>\nEl operativo se llev\u00f3 a cabo en una vivienda ubicada en Rivadavia al 200, luego de una orden emitida por el Juzgado de Garant\u00edas N\u00b0 3 de Bah\u00eda Blanca, a cargo de la <strong>Dra. Susana Calcinelli<\/strong>.<\/p>\n<p>En el lugar, secuestraron dispositivos con acceso internet y una gran cantidad de material pornogr\u00e1fico, por lo que se procedi\u00f3 a la aprehensi\u00f3n de <strong>Eduilio Osvaldo Tarabelli<\/strong>, de 66 a\u00f1os.<\/p>\n<p>La causa se inici\u00f3 con un reporte de NCMEC (National Center for Missing and Exploited Children) recibido en el mes de julio, dando cuenta que desde ese lugar se hab\u00eda compartido im\u00e1genes de abuso sexual de menores de edad.<\/p>\n<p>Tarabelli qued\u00f3 acusado del delito de distribuci\u00f3n y publicaci\u00f3n de representaciones de menores de 18 a\u00f1os dedicados a actividades sexuales, con intervenci\u00f3n de la Fiscal\u00eda Numero 20 de la ciudad de Bah\u00eda Blanca.<\/p>\n","protected":false},"excerpt":{"rendered":"<p>Una importante cantidad de material pornogr\u00e1fico expl\u00edcito de mujeres, adolescentes y ni\u00f1as fue encontrado esta ma\u00f1ana durante un allanamiento llevado a cabo en un domicilio en Tornquist.<\/p>\n","protected":false},"author":3,"featured_media":0,"comment_status":"closed","ping_status":"open","sticky":false,"template":"","format":"standard","meta":{"footnotes":""},"categories":[29],"tags":[],"class_list":["post-49951","post","type-post","status-publish","format-standard","hentry","category-policiales"],"yoast_head":"<!-- This site is optimized with the Yoast SEO plugin v25.9 - https:\/\/yoast.com\/wordpress\/plugins\/seo\/ -->\n<title>Tornquist: capturan a un hombre acusado de distribuir pornograf\u00eda infantil - Noticias Radio Reflejos<\/title>\n<meta name=\"robots\" content=\"index, follow, max-snippet:-1, max-image-preview:large, max-video-preview:-1\" \/>\n<link rel=\"canonical\" href=\"https:\/\/www.noticiasradioreflejos.com.ar\/2021\/tornquist-capturan-a-un-hombre-acusado-de-distribuir-pornografia-infantil\/\" \/>\n<meta property=\"og:locale\" content=\"es_ES\" \/>\n<meta property=\"og:type\" content=\"article\" \/>\n<meta property=\"og:title\" content=\"Tornquist: capturan a un hombre acusado de distribuir pornograf\u00eda infantil - Noticias Radio Reflejos\" \/>\n<meta property=\"og:description\" content=\"Una importante cantidad de material pornogr\u00e1fico expl\u00edcito de mujeres, adolescentes y ni\u00f1as fue encontrado esta ma\u00f1ana durante un allanamiento llevado a cabo en un domicilio en Tornquist.\" \/>\n<meta property=\"og:url\" content=\"https:\/\/www.noticiasradioreflejos.com.ar\/2021\/tornquist-capturan-a-un-hombre-acusado-de-distribuir-pornografia-infantil\/\" \/>\n<meta property=\"og:site_name\" content=\"Noticias Radio Reflejos\" \/>\n<meta property=\"article:published_time\" content=\"2020-12-02T19:44:59+00:00\" \/>\n<meta property=\"og:image\" content=\"https:\/\/www.noticiasradioreflejos.com.ar\/2021\/wp-content\/uploads\/2021\/07\/logosol300x200.png\" \/>\n\t<meta property=\"og:image:width\" content=\"300\" \/>\n\t<meta property=\"og:image:height\" content=\"200\" \/>\n\t<meta property=\"og:image:type\" content=\"image\/png\" \/>\n<meta name=\"author\" content=\"Arnaldo Botto\" \/>\n<meta name=\"twitter:card\" content=\"summary_large_image\" \/>\n<script type=\"application\/ld+json\" class=\"yoast-schema-graph\">{\"@context\":\"https:\/\/schema.org\",\"@graph\":[{\"@type\":\"WebPage\",\"@id\":\"https:\/\/www.noticiasradioreflejos.com.ar\/2021\/tornquist-capturan-a-un-hombre-acusado-de-distribuir-pornografia-infantil\/\",\"url\":\"https:\/\/www.noticiasradioreflejos.com.ar\/2021\/tornquist-capturan-a-un-hombre-acusado-de-distribuir-pornografia-infantil\/\",\"name\":\"Tornquist: capturan a un hombre acusado de distribuir pornograf\u00eda infantil - Noticias Radio Reflejos\",\"isPartOf\":{\"@id\":\"https:\/\/www.noticiasradioreflejos.com.ar\/2021\/#website\"},\"datePublished\":\"2020-12-02T19:44:59+00:00\",\"author\":{\"@id\":\"https:\/\/www.noticiasradioreflejos.com.ar\/2021\/#\/schema\/person\/ad82545263dcc5ec0996818884fd5fb1\"},\"breadcrumb\":{\"@id\":\"https:\/\/www.noticiasradioreflejos.com.ar\/2021\/tornquist-capturan-a-un-hombre-acusado-de-distribuir-pornografia-infantil\/#breadcrumb\"},\"inLanguage\":\"es\",\"potentialAction\":[{\"@type\":\"ReadAction\",\"target\":[\"https:\/\/www.noticiasradioreflejos.com.ar\/2021\/tornquist-capturan-a-un-hombre-acusado-de-distribuir-pornografia-infantil\/\"]}]},{\"@type\":\"BreadcrumbList\",\"@id\":\"https:\/\/www.noticiasradioreflejos.com.ar\/2021\/tornquist-capturan-a-un-hombre-acusado-de-distribuir-pornografia-infantil\/#breadcrumb\",\"itemListElement\":[{\"@type\":\"ListItem\",\"position\":1,\"name\":\"Portada\",\"item\":\"https:\/\/www.noticiasradioreflejos.com.ar\/2021\/\"},{\"@type\":\"ListItem\",\"position\":2,\"name\":\"Tornquist: capturan a un hombre acusado de distribuir pornograf\u00eda infantil\"}]},{\"@type\":\"WebSite\",\"@id\":\"https:\/\/www.noticiasradioreflejos.com.ar\/2021\/#website\",\"url\":\"https:\/\/www.noticiasradioreflejos.com.ar\/2021\/\",\"name\":\"Noticias Radio Reflejos\",\"description\":\"Las noticias de mi comarca\",\"potentialAction\":[{\"@type\":\"SearchAction\",\"target\":{\"@type\":\"EntryPoint\",\"urlTemplate\":\"https:\/\/www.noticiasradioreflejos.com.ar\/2021\/?s={search_term_string}\"},\"query-input\":{\"@type\":\"PropertyValueSpecification\",\"valueRequired\":true,\"valueName\":\"search_term_string\"}}],\"inLanguage\":\"es\"},{\"@type\":\"Person\",\"@id\":\"https:\/\/www.noticiasradioreflejos.com.ar\/2021\/#\/schema\/person\/ad82545263dcc5ec0996818884fd5fb1\",\"name\":\"Arnaldo Botto\",\"image\":{\"@type\":\"ImageObject\",\"inLanguage\":\"es\",\"@id\":\"https:\/\/www.noticiasradioreflejos.com.ar\/2021\/#\/schema\/person\/image\/\",\"url\":\"https:\/\/secure.gravatar.com\/avatar\/55cb5e37c1efa326397366e6974cb338056df65cb50e7d64d1cf314e87504837?s=96&d=mm&r=g\",\"contentUrl\":\"https:\/\/secure.gravatar.com\/avatar\/55cb5e37c1efa326397366e6974cb338056df65cb50e7d64d1cf314e87504837?s=96&d=mm&r=g\",\"caption\":\"Arnaldo Botto\"},\"url\":\"https:\/\/www.noticiasradioreflejos.com.ar\/2021\/author\/arnaldo\/\"}]}<\/script>\n<!-- \/ Yoast SEO plugin. -->","yoast_head_json":{"title":"Tornquist: capturan a un hombre acusado de distribuir pornograf\u00eda infantil - Noticias Radio Reflejos","robots":{"index":"index","follow":"follow","max-snippet":"max-snippet:-1","max-image-preview":"max-image-preview:large","max-video-preview":"max-video-preview:-1"},"canonical":"https:\/\/www.noticiasradioreflejos.com.ar\/2021\/tornquist-capturan-a-un-hombre-acusado-de-distribuir-pornografia-infantil\/","og_locale":"es_ES","og_type":"article","og_title":"Tornquist: capturan a un hombre acusado de distribuir pornograf\u00eda infantil - Noticias Radio Reflejos","og_description":"Una importante cantidad de material pornogr\u00e1fico expl\u00edcito de mujeres, adolescentes y ni\u00f1as fue encontrado esta ma\u00f1ana durante un allanamiento llevado a cabo en un domicilio en Tornquist.","og_url":"https:\/\/www.noticiasradioreflejos.com.ar\/2021\/tornquist-capturan-a-un-hombre-acusado-de-distribuir-pornografia-infantil\/","og_site_name":"Noticias Radio Reflejos","article_published_time":"2020-12-02T19:44:59+00:00","og_image":[{"width":300,"height":200,"url":"https:\/\/www.noticiasradioreflejos.com.ar\/2021\/wp-content\/uploads\/2021\/07\/logosol300x200.png","type":"image\/png"}],"author":"Arnaldo Botto","twitter_card":"summary_large_image","schema":{"@context":"https:\/\/schema.org","@graph":[{"@type":"WebPage","@id":"https:\/\/www.noticiasradioreflejos.com.ar\/2021\/tornquist-capturan-a-un-hombre-acusado-de-distribuir-pornografia-infantil\/","url":"https:\/\/www.noticiasradioreflejos.com.ar\/2021\/tornquist-capturan-a-un-hombre-acusado-de-distribuir-pornografia-infantil\/","name":"Tornquist: capturan a un hombre acusado de distribuir pornograf\u00eda infantil - Noticias Radio Reflejos","isPartOf":{"@id":"https:\/\/www.noticiasradioreflejos.com.ar\/2021\/#website"},"datePublished":"2020-12-02T19:44:59+00:00","author":{"@id":"https:\/\/www.noticiasradioreflejos.com.ar\/2021\/#\/schema\/person\/ad82545263dcc5ec0996818884fd5fb1"},"breadcrumb":{"@id":"https:\/\/www.noticiasradioreflejos.com.ar\/2021\/tornquist-capturan-a-un-hombre-acusado-de-distribuir-pornografia-infantil\/#breadcrumb"},"inLanguage":"es","potentialAction":[{"@type":"ReadAction","target":["https:\/\/www.noticiasradioreflejos.com.ar\/2021\/tornquist-capturan-a-un-hombre-acusado-de-distribuir-pornografia-infantil\/"]}]},{"@type":"BreadcrumbList","@id":"https:\/\/www.noticiasradioreflejos.com.ar\/2021\/tornquist-capturan-a-un-hombre-acusado-de-distribuir-pornografia-infantil\/#breadcrumb","itemListElement":[{"@type":"ListItem","position":1,"name":"Portada","item":"https:\/\/www.noticiasradioreflejos.com.ar\/2021\/"},{"@type":"ListItem","position":2,"name":"Tornquist: capturan a un hombre acusado de distribuir pornograf\u00eda infantil"}]},{"@type":"WebSite","@id":"https:\/\/www.noticiasradioreflejos.com.ar\/2021\/#website","url":"https:\/\/www.noticiasradioreflejos.com.ar\/2021\/","name":"Noticias Radio Reflejos","description":"Las noticias de mi comarca","potentialAction":[{"@type":"SearchAction","target":{"@type":"EntryPoint","urlTemplate":"https:\/\/www.noticiasradioreflejos.com.ar\/2021\/?s={search_term_string}"},"query-input":{"@type":"PropertyValueSpecification","valueRequired":true,"valueName":"search_term_string"}}],"inLanguage":"es"},{"@type":"Person","@id":"https:\/\/www.noticiasradioreflejos.com.ar\/2021\/#\/schema\/person\/ad82545263dcc5ec0996818884fd5fb1","name":"Arnaldo Botto","image":{"@type":"ImageObject","inLanguage":"es","@id":"https:\/\/www.noticiasradioreflejos.com.ar\/2021\/#\/schema\/person\/image\/","url":"https:\/\/secure.gravatar.com\/avatar\/55cb5e37c1efa326397366e6974cb338056df65cb50e7d64d1cf314e87504837?s=96&d=mm&r=g","contentUrl":"https:\/\/secure.gravatar.com\/avatar\/55cb5e37c1efa326397366e6974cb338056df65cb50e7d64d1cf314e87504837?s=96&d=mm&r=g","caption":"Arnaldo Botto"},"url":"https:\/\/www.noticiasradioreflejos.com.ar\/2021\/author\/arnaldo\/"}]}},"_links":{"self":[{"href":"https:\/\/www.noticiasradioreflejos.com.ar\/2021\/wp-json\/wp\/v2\/posts\/49951","targetHints":{"allow":["GET"]}}],"collection":[{"href":"https:\/\/www.noticiasradioreflejos.com.ar\/2021\/wp-json\/wp\/v2\/posts"}],"about":[{"href":"https:\/\/www.noticiasradioreflejos.com.ar\/2021\/wp-json\/wp\/v2\/types\/post"}],"author":[{"embeddable":true,"href":"https:\/\/www.noticiasradioreflejos.com.ar\/2021\/wp-json\/wp\/v2\/users\/3"}],"replies":[{"embeddable":true,"href":"https:\/\/www.noticiasradioreflejos.com.ar\/2021\/wp-json\/wp\/v2\/comments?post=49951"}],"version-history":[{"count":0,"href":"https:\/\/www.noticiasradioreflejos.com.ar\/2021\/wp-json\/wp\/v2\/posts\/49951\/revisions"}],"wp:attachment":[{"href":"https:\/\/www.noticiasradioreflejos.com.ar\/2021\/wp-json\/wp\/v2\/media?parent=49951"}],"wp:term":[{"taxonomy":"category","embeddable":true,"href":"https:\/\/www.noticiasradioreflejos.com.ar\/2021\/wp-json\/wp\/v2\/categories?post=49951"},{"taxonomy":"post_tag","embeddable":true,"href":"https:\/\/www.noticiasradioreflejos.com.ar\/2021\/wp-json\/wp\/v2\/tags?post=49951"}],"curies":[{"name":"wp","href":"https:\/\/api.w.org\/{rel}","templated":true}]}}