{"id":49946,"date":"2020-12-02T17:18:56","date_gmt":"2020-12-02T20:18:56","guid":{"rendered":"http:\/\/www.noticiasradioreflejos.com.ar\/noticias\/?p=49946"},"modified":"2020-12-02T17:18:56","modified_gmt":"2020-12-02T20:18:56","slug":"tradicion-argentina-el-chori-si-o-no-nota-con-el-chef-esteban-di-paola","status":"publish","type":"post","link":"https:\/\/www.noticiasradioreflejos.com.ar\/2021\/tradicion-argentina-el-chori-si-o-no-nota-con-el-chef-esteban-di-paola\/","title":{"rendered":"Tradici\u00f3n Argentina; \u00abEl Chori\u00bb s\u00ed o no..??.  Nota con el Chef Esteban Di Paola"},"content":{"rendered":"<p>En una nueva de entrega de<strong> \u00abEsteban Cocina\u00bb<\/strong>, hoy el reconocido chef \u00a0apuesta\u00a0a preparar un rico chimichurri para acompa\u00f1ar los tradicionales \u00abchoripanes\u00bb.<!--more--><\/p>\n<p>Este es un plato que tiene sus or\u00edgenes en nuestro pa\u00eds. Aunque el chorizo ya se com\u00eda en otros lados, agregarle pan y chimichurri para hacer el rico s\u00e1ndwich es un invento argentino.<\/p>\n<p>A pesar de ser una comida muy conocida en las reuniones de amigos y familiares en nuestro pa\u00eds, Esteban dice que cocinar un buen chorip\u00e1n tiene su dificultad.<\/p>\n<p>\u00abEl chorizo para que sea rico tiene que estar elaborado con los m\u00e9todos tradicionales, con 30 % de carne de cerdo y 70 % de carne vacuna. Y, obviamente, tiene que estar reposado unos 4 o 5 d\u00edas para que est\u00e9 compacto el relleno que va dentro de la tripa\u00bb explic\u00f3 el chef. Entre los m\u00e9todos de cocci\u00f3n, el favorito de Esteban es la parrilla: \u00abEl asado es para compartir, para estar en contacto con otras personas. Esto le da el sabor fuera de la receta\u00bb.<\/p>\n<p>A continuaci\u00f3n, los pasos a seguir para preparar el chimichurri que acompa\u00f1a a los choripanes:<br \/>\nSe pone a calentar agua en alg\u00fan jarro y se apaga antes de que hierva. Se a echar los condimentos (sal, or\u00e9gano, aj\u00ed molido, piment\u00f3n, ajo picado, perejil picado, etc.) al agua. El agua va a hidratar a los condimentos para ablandarlos. Cuando el agua se evapora, se agregan 100cc de aceite de girasol y despu\u00e9s un chorrito de vinagre de alcohol.<\/p>\n<p><strong>Proporciones de los condimentos en 1\/2 litro de agua:<\/strong><br \/>\n50 g de or\u00e9gano<br \/>\n50 g de aj\u00ed molido<br \/>\n5 g de sal<br \/>\n10 g de piment\u00f3n<br \/>\n2 o 3 dientes de ajo picados<\/p>\n<p>Nota completa a continuaci\u00f3n:<br \/>\n<iframe loading=\"lazy\" src=\"https:\/\/w.soundcloud.com\/player\/?url=https%3A\/\/api.soundcloud.com\/tracks\/940106203&amp;color=%23ff5500&amp;auto_play=false&amp;hide_related=false&amp;show_comments=true&amp;show_user=true&amp;show_reposts=false&amp;show_teaser=true\" width=\"100%\" height=\"166\" frameborder=\"no\" scrolling=\"no\"><\/iframe><\/p>\n<div style=\"font-size: 10px; color: #cccccc; line-break: anywhere; word-break: normal; overflow: hidden; white-space: nowrap; text-overflow: ellipsis; font-family: Interstate,Lucida Grande,Lucida Sans Unicode,Lucida Sans,Garuda,Verdana,Tahoma,sans-serif; font-weight: 100;\"><a style=\"color: #cccccc; text-decoration: none;\" title=\"fmreflejos 103.7\" href=\"https:\/\/soundcloud.com\/fmreflejos-103-7\" target=\"_blank\" rel=\"noopener\">fmreflejos 103.7<\/a> \u00b7 <a style=\"color: #cccccc; text-decoration: none;\" title=\"Nota Esteban Cocina &quot;El Choripan&quot;\" href=\"https:\/\/soundcloud.com\/fmreflejos-103-7\/nota-esteban-cocina-el-choripan\" target=\"_blank\" rel=\"noopener\">Nota Esteban Cocina \u00abEl Choripan\u00bb<\/a><\/div>\n","protected":false},"excerpt":{"rendered":"<p>En una nueva de entrega de \u00abEsteban Cocina\u00bb, hoy el reconocido chef \u00a0apuesta\u00a0a preparar un rico chimichurri para acompa\u00f1ar los tradicionales \u00abchoripanes\u00bb.<\/p>\n","protected":false},"author":3,"featured_media":0,"comment_status":"closed","ping_status":"open","sticky":false,"template":"","format":"standard","meta":{"footnotes":""},"categories":[35,33],"tags":[],"class_list":["post-49946","post","type-post","status-publish","format-standard","hentry","category-cultura","category-turismo"],"yoast_head":"<!-- This site is optimized with the Yoast SEO plugin v25.9 - https:\/\/yoast.com\/wordpress\/plugins\/seo\/ -->\n<title>Tradici\u00f3n Argentina; &quot;El Chori&quot; s\u00ed o no..??. Nota con el Chef Esteban Di Paola - Noticias Radio Reflejos<\/title>\n<meta name=\"robots\" content=\"index, follow, max-snippet:-1, max-image-preview:large, max-video-preview:-1\" \/>\n<link rel=\"canonical\" href=\"https:\/\/www.noticiasradioreflejos.com.ar\/2021\/tradicion-argentina-el-chori-si-o-no-nota-con-el-chef-esteban-di-paola\/\" \/>\n<meta property=\"og:locale\" content=\"es_ES\" \/>\n<meta property=\"og:type\" content=\"article\" \/>\n<meta property=\"og:title\" content=\"Tradici\u00f3n Argentina; &quot;El Chori&quot; s\u00ed o no..??. Nota con el Chef Esteban Di Paola - Noticias Radio Reflejos\" \/>\n<meta property=\"og:description\" content=\"En una nueva de entrega de \u00abEsteban Cocina\u00bb, hoy el reconocido chef \u00a0apuesta\u00a0a preparar un rico chimichurri para acompa\u00f1ar los tradicionales \u00abchoripanes\u00bb.\" \/>\n<meta property=\"og:url\" content=\"https:\/\/www.noticiasradioreflejos.com.ar\/2021\/tradicion-argentina-el-chori-si-o-no-nota-con-el-chef-esteban-di-paola\/\" \/>\n<meta property=\"og:site_name\" content=\"Noticias Radio Reflejos\" \/>\n<meta property=\"article:published_time\" content=\"2020-12-02T20:18:56+00:00\" \/>\n<meta property=\"og:image\" content=\"https:\/\/www.noticiasradioreflejos.com.ar\/2021\/wp-content\/uploads\/2021\/07\/logosol300x200.png\" \/>\n\t<meta property=\"og:image:width\" content=\"300\" \/>\n\t<meta property=\"og:image:height\" content=\"200\" \/>\n\t<meta property=\"og:image:type\" content=\"image\/png\" \/>\n<meta name=\"author\" content=\"Arnaldo Botto\" \/>\n<meta name=\"twitter:card\" content=\"summary_large_image\" \/>\n<script type=\"application\/ld+json\" class=\"yoast-schema-graph\">{\"@context\":\"https:\/\/schema.org\",\"@graph\":[{\"@type\":\"WebPage\",\"@id\":\"https:\/\/www.noticiasradioreflejos.com.ar\/2021\/tradicion-argentina-el-chori-si-o-no-nota-con-el-chef-esteban-di-paola\/\",\"url\":\"https:\/\/www.noticiasradioreflejos.com.ar\/2021\/tradicion-argentina-el-chori-si-o-no-nota-con-el-chef-esteban-di-paola\/\",\"name\":\"Tradici\u00f3n Argentina; \\\"El Chori\\\" s\u00ed o no..??. Nota con el Chef Esteban Di Paola - Noticias Radio Reflejos\",\"isPartOf\":{\"@id\":\"https:\/\/www.noticiasradioreflejos.com.ar\/2021\/#website\"},\"datePublished\":\"2020-12-02T20:18:56+00:00\",\"author\":{\"@id\":\"https:\/\/www.noticiasradioreflejos.com.ar\/2021\/#\/schema\/person\/ad82545263dcc5ec0996818884fd5fb1\"},\"breadcrumb\":{\"@id\":\"https:\/\/www.noticiasradioreflejos.com.ar\/2021\/tradicion-argentina-el-chori-si-o-no-nota-con-el-chef-esteban-di-paola\/#breadcrumb\"},\"inLanguage\":\"es\",\"potentialAction\":[{\"@type\":\"ReadAction\",\"target\":[\"https:\/\/www.noticiasradioreflejos.com.ar\/2021\/tradicion-argentina-el-chori-si-o-no-nota-con-el-chef-esteban-di-paola\/\"]}]},{\"@type\":\"BreadcrumbList\",\"@id\":\"https:\/\/www.noticiasradioreflejos.com.ar\/2021\/tradicion-argentina-el-chori-si-o-no-nota-con-el-chef-esteban-di-paola\/#breadcrumb\",\"itemListElement\":[{\"@type\":\"ListItem\",\"position\":1,\"name\":\"Portada\",\"item\":\"https:\/\/www.noticiasradioreflejos.com.ar\/2021\/\"},{\"@type\":\"ListItem\",\"position\":2,\"name\":\"Tradici\u00f3n Argentina; \u00abEl Chori\u00bb s\u00ed o no..??. Nota con el Chef Esteban Di Paola\"}]},{\"@type\":\"WebSite\",\"@id\":\"https:\/\/www.noticiasradioreflejos.com.ar\/2021\/#website\",\"url\":\"https:\/\/www.noticiasradioreflejos.com.ar\/2021\/\",\"name\":\"Noticias Radio Reflejos\",\"description\":\"Las noticias de mi comarca\",\"potentialAction\":[{\"@type\":\"SearchAction\",\"target\":{\"@type\":\"EntryPoint\",\"urlTemplate\":\"https:\/\/www.noticiasradioreflejos.com.ar\/2021\/?s={search_term_string}\"},\"query-input\":{\"@type\":\"PropertyValueSpecification\",\"valueRequired\":true,\"valueName\":\"search_term_string\"}}],\"inLanguage\":\"es\"},{\"@type\":\"Person\",\"@id\":\"https:\/\/www.noticiasradioreflejos.com.ar\/2021\/#\/schema\/person\/ad82545263dcc5ec0996818884fd5fb1\",\"name\":\"Arnaldo Botto\",\"image\":{\"@type\":\"ImageObject\",\"inLanguage\":\"es\",\"@id\":\"https:\/\/www.noticiasradioreflejos.com.ar\/2021\/#\/schema\/person\/image\/\",\"url\":\"https:\/\/secure.gravatar.com\/avatar\/55cb5e37c1efa326397366e6974cb338056df65cb50e7d64d1cf314e87504837?s=96&d=mm&r=g\",\"contentUrl\":\"https:\/\/secure.gravatar.com\/avatar\/55cb5e37c1efa326397366e6974cb338056df65cb50e7d64d1cf314e87504837?s=96&d=mm&r=g\",\"caption\":\"Arnaldo Botto\"},\"url\":\"https:\/\/www.noticiasradioreflejos.com.ar\/2021\/author\/arnaldo\/\"}]}<\/script>\n<!-- \/ Yoast SEO plugin. -->","yoast_head_json":{"title":"Tradici\u00f3n Argentina; \"El Chori\" s\u00ed o no..??. Nota con el Chef Esteban Di Paola - Noticias Radio Reflejos","robots":{"index":"index","follow":"follow","max-snippet":"max-snippet:-1","max-image-preview":"max-image-preview:large","max-video-preview":"max-video-preview:-1"},"canonical":"https:\/\/www.noticiasradioreflejos.com.ar\/2021\/tradicion-argentina-el-chori-si-o-no-nota-con-el-chef-esteban-di-paola\/","og_locale":"es_ES","og_type":"article","og_title":"Tradici\u00f3n Argentina; \"El Chori\" s\u00ed o no..??. Nota con el Chef Esteban Di Paola - Noticias Radio Reflejos","og_description":"En una nueva de entrega de \u00abEsteban Cocina\u00bb, hoy el reconocido chef \u00a0apuesta\u00a0a preparar un rico chimichurri para acompa\u00f1ar los tradicionales \u00abchoripanes\u00bb.","og_url":"https:\/\/www.noticiasradioreflejos.com.ar\/2021\/tradicion-argentina-el-chori-si-o-no-nota-con-el-chef-esteban-di-paola\/","og_site_name":"Noticias Radio Reflejos","article_published_time":"2020-12-02T20:18:56+00:00","og_image":[{"width":300,"height":200,"url":"https:\/\/www.noticiasradioreflejos.com.ar\/2021\/wp-content\/uploads\/2021\/07\/logosol300x200.png","type":"image\/png"}],"author":"Arnaldo Botto","twitter_card":"summary_large_image","schema":{"@context":"https:\/\/schema.org","@graph":[{"@type":"WebPage","@id":"https:\/\/www.noticiasradioreflejos.com.ar\/2021\/tradicion-argentina-el-chori-si-o-no-nota-con-el-chef-esteban-di-paola\/","url":"https:\/\/www.noticiasradioreflejos.com.ar\/2021\/tradicion-argentina-el-chori-si-o-no-nota-con-el-chef-esteban-di-paola\/","name":"Tradici\u00f3n Argentina; \"El Chori\" s\u00ed o no..??. Nota con el Chef Esteban Di Paola - Noticias Radio Reflejos","isPartOf":{"@id":"https:\/\/www.noticiasradioreflejos.com.ar\/2021\/#website"},"datePublished":"2020-12-02T20:18:56+00:00","author":{"@id":"https:\/\/www.noticiasradioreflejos.com.ar\/2021\/#\/schema\/person\/ad82545263dcc5ec0996818884fd5fb1"},"breadcrumb":{"@id":"https:\/\/www.noticiasradioreflejos.com.ar\/2021\/tradicion-argentina-el-chori-si-o-no-nota-con-el-chef-esteban-di-paola\/#breadcrumb"},"inLanguage":"es","potentialAction":[{"@type":"ReadAction","target":["https:\/\/www.noticiasradioreflejos.com.ar\/2021\/tradicion-argentina-el-chori-si-o-no-nota-con-el-chef-esteban-di-paola\/"]}]},{"@type":"BreadcrumbList","@id":"https:\/\/www.noticiasradioreflejos.com.ar\/2021\/tradicion-argentina-el-chori-si-o-no-nota-con-el-chef-esteban-di-paola\/#breadcrumb","itemListElement":[{"@type":"ListItem","position":1,"name":"Portada","item":"https:\/\/www.noticiasradioreflejos.com.ar\/2021\/"},{"@type":"ListItem","position":2,"name":"Tradici\u00f3n Argentina; \u00abEl Chori\u00bb s\u00ed o no..??. Nota con el Chef Esteban Di Paola"}]},{"@type":"WebSite","@id":"https:\/\/www.noticiasradioreflejos.com.ar\/2021\/#website","url":"https:\/\/www.noticiasradioreflejos.com.ar\/2021\/","name":"Noticias Radio Reflejos","description":"Las noticias de mi comarca","potentialAction":[{"@type":"SearchAction","target":{"@type":"EntryPoint","urlTemplate":"https:\/\/www.noticiasradioreflejos.com.ar\/2021\/?s={search_term_string}"},"query-input":{"@type":"PropertyValueSpecification","valueRequired":true,"valueName":"search_term_string"}}],"inLanguage":"es"},{"@type":"Person","@id":"https:\/\/www.noticiasradioreflejos.com.ar\/2021\/#\/schema\/person\/ad82545263dcc5ec0996818884fd5fb1","name":"Arnaldo Botto","image":{"@type":"ImageObject","inLanguage":"es","@id":"https:\/\/www.noticiasradioreflejos.com.ar\/2021\/#\/schema\/person\/image\/","url":"https:\/\/secure.gravatar.com\/avatar\/55cb5e37c1efa326397366e6974cb338056df65cb50e7d64d1cf314e87504837?s=96&d=mm&r=g","contentUrl":"https:\/\/secure.gravatar.com\/avatar\/55cb5e37c1efa326397366e6974cb338056df65cb50e7d64d1cf314e87504837?s=96&d=mm&r=g","caption":"Arnaldo Botto"},"url":"https:\/\/www.noticiasradioreflejos.com.ar\/2021\/author\/arnaldo\/"}]}},"_links":{"self":[{"href":"https:\/\/www.noticiasradioreflejos.com.ar\/2021\/wp-json\/wp\/v2\/posts\/49946","targetHints":{"allow":["GET"]}}],"collection":[{"href":"https:\/\/www.noticiasradioreflejos.com.ar\/2021\/wp-json\/wp\/v2\/posts"}],"about":[{"href":"https:\/\/www.noticiasradioreflejos.com.ar\/2021\/wp-json\/wp\/v2\/types\/post"}],"author":[{"embeddable":true,"href":"https:\/\/www.noticiasradioreflejos.com.ar\/2021\/wp-json\/wp\/v2\/users\/3"}],"replies":[{"embeddable":true,"href":"https:\/\/www.noticiasradioreflejos.com.ar\/2021\/wp-json\/wp\/v2\/comments?post=49946"}],"version-history":[{"count":0,"href":"https:\/\/www.noticiasradioreflejos.com.ar\/2021\/wp-json\/wp\/v2\/posts\/49946\/revisions"}],"wp:attachment":[{"href":"https:\/\/www.noticiasradioreflejos.com.ar\/2021\/wp-json\/wp\/v2\/media?parent=49946"}],"wp:term":[{"taxonomy":"category","embeddable":true,"href":"https:\/\/www.noticiasradioreflejos.com.ar\/2021\/wp-json\/wp\/v2\/categories?post=49946"},{"taxonomy":"post_tag","embeddable":true,"href":"https:\/\/www.noticiasradioreflejos.com.ar\/2021\/wp-json\/wp\/v2\/tags?post=49946"}],"curies":[{"name":"wp","href":"https:\/\/api.w.org\/{rel}","templated":true}]}}