{"id":49942,"date":"2020-12-02T16:49:07","date_gmt":"2020-12-02T19:49:07","guid":{"rendered":"http:\/\/www.noticiasradioreflejos.com.ar\/noticias\/?p=49942"},"modified":"2020-12-02T16:49:07","modified_gmt":"2020-12-02T19:49:07","slug":"no-estamos-recibiendo-hospitalidad-de-la-gente-de-sierra-de-la-ventana-sinceramente","status":"publish","type":"post","link":"https:\/\/www.noticiasradioreflejos.com.ar\/2021\/no-estamos-recibiendo-hospitalidad-de-la-gente-de-sierra-de-la-ventana-sinceramente\/","title":{"rendered":"\u00abNo estamos recibiendo hospitalidad de la gente de Sierra de la Ventana, sinceramente\u00bb"},"content":{"rendered":"<p>Anal\u00eda, habitante de Bah\u00eda blanca y turista de la Comarca, pide el espacio de la radio para hacer algunas cr\u00edticas constructivas durante su estad\u00eda en Sierra de la Ventana. Declara falta de buena atenci\u00f3n y resalta problemas de seguridad e higiene que atentar\u00edan contra la salud de los potenciales clientes y turistas. La queja se centra en el sector gastron\u00f3mico.<!--more--><\/p>\n<p><strong>Nota completa a continuaci\u00f3n<\/strong>:<br \/>\n<iframe loading=\"lazy\" width=\"100%\" height=\"166\" scrolling=\"no\" frameborder=\"no\" allow=\"autoplay\" src=\"https:\/\/w.soundcloud.com\/player\/?url=https%3A\/\/api.soundcloud.com\/tracks\/939981913&#038;color=%23ff5500&#038;auto_play=false&#038;hide_related=false&#038;show_comments=true&#038;show_user=true&#038;show_reposts=false&#038;show_teaser=true\"><\/iframe><\/p>\n<div style=\"font-size: 10px; color: #cccccc;line-break: anywhere;word-break: normal;overflow: hidden;white-space: nowrap;text-overflow: ellipsis; font-family: Interstate,Lucida Grande,Lucida Sans Unicode,Lucida Sans,Garuda,Verdana,Tahoma,sans-serif;font-weight: 100;\"><a href=\"https:\/\/soundcloud.com\/fmreflejos-103-7\" title=\"fmreflejos 103.7\" target=\"_blank\" style=\"color: #cccccc; text-decoration: none;\" rel=\"noopener\">fmreflejos 103.7<\/a> \u00b7 <a href=\"https:\/\/soundcloud.com\/fmreflejos-103-7\/nota-opinion-turista\" title=\"Nota Opinion Turista\" target=\"_blank\" style=\"color: #cccccc; text-decoration: none;\" rel=\"noopener\">Nota Opinion Turista<\/a><\/div>\n","protected":false},"excerpt":{"rendered":"<p>Anal\u00eda, habitante de Bah\u00eda blanca y turista de la Comarca, pide el espacio de la radio para hacer algunas cr\u00edticas constructivas durante su estad\u00eda en Sierra de la Ventana. Declara falta de buena atenci\u00f3n y resalta problemas de seguridad e higiene que atentar\u00edan contra la salud de los potenciales clientes y turistas. La queja se [&hellip;]<\/p>\n","protected":false},"author":3,"featured_media":0,"comment_status":"closed","ping_status":"open","sticky":false,"template":"","format":"standard","meta":{"footnotes":""},"categories":[33],"tags":[],"class_list":["post-49942","post","type-post","status-publish","format-standard","hentry","category-turismo"],"yoast_head":"<!-- This site is optimized with the Yoast SEO plugin v25.9 - https:\/\/yoast.com\/wordpress\/plugins\/seo\/ -->\n<title>&quot;No estamos recibiendo hospitalidad de la gente de Sierra de la Ventana, sinceramente&quot; - Noticias Radio Reflejos<\/title>\n<meta name=\"robots\" content=\"index, follow, max-snippet:-1, max-image-preview:large, max-video-preview:-1\" \/>\n<link rel=\"canonical\" href=\"https:\/\/www.noticiasradioreflejos.com.ar\/2021\/no-estamos-recibiendo-hospitalidad-de-la-gente-de-sierra-de-la-ventana-sinceramente\/\" \/>\n<meta property=\"og:locale\" content=\"es_ES\" \/>\n<meta property=\"og:type\" content=\"article\" \/>\n<meta property=\"og:title\" content=\"&quot;No estamos recibiendo hospitalidad de la gente de Sierra de la Ventana, sinceramente&quot; - Noticias Radio Reflejos\" \/>\n<meta property=\"og:description\" content=\"Anal\u00eda, habitante de Bah\u00eda blanca y turista de la Comarca, pide el espacio de la radio para hacer algunas cr\u00edticas constructivas durante su estad\u00eda en Sierra de la Ventana. Declara falta de buena atenci\u00f3n y resalta problemas de seguridad e higiene que atentar\u00edan contra la salud de los potenciales clientes y turistas. La queja se [&hellip;]\" \/>\n<meta property=\"og:url\" content=\"https:\/\/www.noticiasradioreflejos.com.ar\/2021\/no-estamos-recibiendo-hospitalidad-de-la-gente-de-sierra-de-la-ventana-sinceramente\/\" \/>\n<meta property=\"og:site_name\" content=\"Noticias Radio Reflejos\" \/>\n<meta property=\"article:published_time\" content=\"2020-12-02T19:49:07+00:00\" \/>\n<meta property=\"og:image\" content=\"https:\/\/www.noticiasradioreflejos.com.ar\/2021\/wp-content\/uploads\/2021\/07\/logosol300x200.png\" \/>\n\t<meta property=\"og:image:width\" content=\"300\" \/>\n\t<meta property=\"og:image:height\" content=\"200\" \/>\n\t<meta property=\"og:image:type\" content=\"image\/png\" \/>\n<meta name=\"author\" content=\"Arnaldo Botto\" \/>\n<meta name=\"twitter:card\" content=\"summary_large_image\" \/>\n<script type=\"application\/ld+json\" class=\"yoast-schema-graph\">{\"@context\":\"https:\/\/schema.org\",\"@graph\":[{\"@type\":\"WebPage\",\"@id\":\"https:\/\/www.noticiasradioreflejos.com.ar\/2021\/no-estamos-recibiendo-hospitalidad-de-la-gente-de-sierra-de-la-ventana-sinceramente\/\",\"url\":\"https:\/\/www.noticiasradioreflejos.com.ar\/2021\/no-estamos-recibiendo-hospitalidad-de-la-gente-de-sierra-de-la-ventana-sinceramente\/\",\"name\":\"\\\"No estamos recibiendo hospitalidad de la gente de Sierra de la Ventana, sinceramente\\\" - Noticias Radio Reflejos\",\"isPartOf\":{\"@id\":\"https:\/\/www.noticiasradioreflejos.com.ar\/2021\/#website\"},\"datePublished\":\"2020-12-02T19:49:07+00:00\",\"author\":{\"@id\":\"https:\/\/www.noticiasradioreflejos.com.ar\/2021\/#\/schema\/person\/ad82545263dcc5ec0996818884fd5fb1\"},\"breadcrumb\":{\"@id\":\"https:\/\/www.noticiasradioreflejos.com.ar\/2021\/no-estamos-recibiendo-hospitalidad-de-la-gente-de-sierra-de-la-ventana-sinceramente\/#breadcrumb\"},\"inLanguage\":\"es\",\"potentialAction\":[{\"@type\":\"ReadAction\",\"target\":[\"https:\/\/www.noticiasradioreflejos.com.ar\/2021\/no-estamos-recibiendo-hospitalidad-de-la-gente-de-sierra-de-la-ventana-sinceramente\/\"]}]},{\"@type\":\"BreadcrumbList\",\"@id\":\"https:\/\/www.noticiasradioreflejos.com.ar\/2021\/no-estamos-recibiendo-hospitalidad-de-la-gente-de-sierra-de-la-ventana-sinceramente\/#breadcrumb\",\"itemListElement\":[{\"@type\":\"ListItem\",\"position\":1,\"name\":\"Portada\",\"item\":\"https:\/\/www.noticiasradioreflejos.com.ar\/2021\/\"},{\"@type\":\"ListItem\",\"position\":2,\"name\":\"\u00abNo estamos recibiendo hospitalidad de la gente de Sierra de la Ventana, sinceramente\u00bb\"}]},{\"@type\":\"WebSite\",\"@id\":\"https:\/\/www.noticiasradioreflejos.com.ar\/2021\/#website\",\"url\":\"https:\/\/www.noticiasradioreflejos.com.ar\/2021\/\",\"name\":\"Noticias Radio Reflejos\",\"description\":\"Las noticias de mi comarca\",\"potentialAction\":[{\"@type\":\"SearchAction\",\"target\":{\"@type\":\"EntryPoint\",\"urlTemplate\":\"https:\/\/www.noticiasradioreflejos.com.ar\/2021\/?s={search_term_string}\"},\"query-input\":{\"@type\":\"PropertyValueSpecification\",\"valueRequired\":true,\"valueName\":\"search_term_string\"}}],\"inLanguage\":\"es\"},{\"@type\":\"Person\",\"@id\":\"https:\/\/www.noticiasradioreflejos.com.ar\/2021\/#\/schema\/person\/ad82545263dcc5ec0996818884fd5fb1\",\"name\":\"Arnaldo Botto\",\"image\":{\"@type\":\"ImageObject\",\"inLanguage\":\"es\",\"@id\":\"https:\/\/www.noticiasradioreflejos.com.ar\/2021\/#\/schema\/person\/image\/\",\"url\":\"https:\/\/secure.gravatar.com\/avatar\/55cb5e37c1efa326397366e6974cb338056df65cb50e7d64d1cf314e87504837?s=96&d=mm&r=g\",\"contentUrl\":\"https:\/\/secure.gravatar.com\/avatar\/55cb5e37c1efa326397366e6974cb338056df65cb50e7d64d1cf314e87504837?s=96&d=mm&r=g\",\"caption\":\"Arnaldo Botto\"},\"url\":\"https:\/\/www.noticiasradioreflejos.com.ar\/2021\/author\/arnaldo\/\"}]}<\/script>\n<!-- \/ Yoast SEO plugin. -->","yoast_head_json":{"title":"\"No estamos recibiendo hospitalidad de la gente de Sierra de la Ventana, sinceramente\" - Noticias Radio Reflejos","robots":{"index":"index","follow":"follow","max-snippet":"max-snippet:-1","max-image-preview":"max-image-preview:large","max-video-preview":"max-video-preview:-1"},"canonical":"https:\/\/www.noticiasradioreflejos.com.ar\/2021\/no-estamos-recibiendo-hospitalidad-de-la-gente-de-sierra-de-la-ventana-sinceramente\/","og_locale":"es_ES","og_type":"article","og_title":"\"No estamos recibiendo hospitalidad de la gente de Sierra de la Ventana, sinceramente\" - Noticias Radio Reflejos","og_description":"Anal\u00eda, habitante de Bah\u00eda blanca y turista de la Comarca, pide el espacio de la radio para hacer algunas cr\u00edticas constructivas durante su estad\u00eda en Sierra de la Ventana. Declara falta de buena atenci\u00f3n y resalta problemas de seguridad e higiene que atentar\u00edan contra la salud de los potenciales clientes y turistas. La queja se [&hellip;]","og_url":"https:\/\/www.noticiasradioreflejos.com.ar\/2021\/no-estamos-recibiendo-hospitalidad-de-la-gente-de-sierra-de-la-ventana-sinceramente\/","og_site_name":"Noticias Radio Reflejos","article_published_time":"2020-12-02T19:49:07+00:00","og_image":[{"width":300,"height":200,"url":"https:\/\/www.noticiasradioreflejos.com.ar\/2021\/wp-content\/uploads\/2021\/07\/logosol300x200.png","type":"image\/png"}],"author":"Arnaldo Botto","twitter_card":"summary_large_image","schema":{"@context":"https:\/\/schema.org","@graph":[{"@type":"WebPage","@id":"https:\/\/www.noticiasradioreflejos.com.ar\/2021\/no-estamos-recibiendo-hospitalidad-de-la-gente-de-sierra-de-la-ventana-sinceramente\/","url":"https:\/\/www.noticiasradioreflejos.com.ar\/2021\/no-estamos-recibiendo-hospitalidad-de-la-gente-de-sierra-de-la-ventana-sinceramente\/","name":"\"No estamos recibiendo hospitalidad de la gente de Sierra de la Ventana, sinceramente\" - Noticias Radio Reflejos","isPartOf":{"@id":"https:\/\/www.noticiasradioreflejos.com.ar\/2021\/#website"},"datePublished":"2020-12-02T19:49:07+00:00","author":{"@id":"https:\/\/www.noticiasradioreflejos.com.ar\/2021\/#\/schema\/person\/ad82545263dcc5ec0996818884fd5fb1"},"breadcrumb":{"@id":"https:\/\/www.noticiasradioreflejos.com.ar\/2021\/no-estamos-recibiendo-hospitalidad-de-la-gente-de-sierra-de-la-ventana-sinceramente\/#breadcrumb"},"inLanguage":"es","potentialAction":[{"@type":"ReadAction","target":["https:\/\/www.noticiasradioreflejos.com.ar\/2021\/no-estamos-recibiendo-hospitalidad-de-la-gente-de-sierra-de-la-ventana-sinceramente\/"]}]},{"@type":"BreadcrumbList","@id":"https:\/\/www.noticiasradioreflejos.com.ar\/2021\/no-estamos-recibiendo-hospitalidad-de-la-gente-de-sierra-de-la-ventana-sinceramente\/#breadcrumb","itemListElement":[{"@type":"ListItem","position":1,"name":"Portada","item":"https:\/\/www.noticiasradioreflejos.com.ar\/2021\/"},{"@type":"ListItem","position":2,"name":"\u00abNo estamos recibiendo hospitalidad de la gente de Sierra de la Ventana, sinceramente\u00bb"}]},{"@type":"WebSite","@id":"https:\/\/www.noticiasradioreflejos.com.ar\/2021\/#website","url":"https:\/\/www.noticiasradioreflejos.com.ar\/2021\/","name":"Noticias Radio Reflejos","description":"Las noticias de mi comarca","potentialAction":[{"@type":"SearchAction","target":{"@type":"EntryPoint","urlTemplate":"https:\/\/www.noticiasradioreflejos.com.ar\/2021\/?s={search_term_string}"},"query-input":{"@type":"PropertyValueSpecification","valueRequired":true,"valueName":"search_term_string"}}],"inLanguage":"es"},{"@type":"Person","@id":"https:\/\/www.noticiasradioreflejos.com.ar\/2021\/#\/schema\/person\/ad82545263dcc5ec0996818884fd5fb1","name":"Arnaldo Botto","image":{"@type":"ImageObject","inLanguage":"es","@id":"https:\/\/www.noticiasradioreflejos.com.ar\/2021\/#\/schema\/person\/image\/","url":"https:\/\/secure.gravatar.com\/avatar\/55cb5e37c1efa326397366e6974cb338056df65cb50e7d64d1cf314e87504837?s=96&d=mm&r=g","contentUrl":"https:\/\/secure.gravatar.com\/avatar\/55cb5e37c1efa326397366e6974cb338056df65cb50e7d64d1cf314e87504837?s=96&d=mm&r=g","caption":"Arnaldo Botto"},"url":"https:\/\/www.noticiasradioreflejos.com.ar\/2021\/author\/arnaldo\/"}]}},"_links":{"self":[{"href":"https:\/\/www.noticiasradioreflejos.com.ar\/2021\/wp-json\/wp\/v2\/posts\/49942","targetHints":{"allow":["GET"]}}],"collection":[{"href":"https:\/\/www.noticiasradioreflejos.com.ar\/2021\/wp-json\/wp\/v2\/posts"}],"about":[{"href":"https:\/\/www.noticiasradioreflejos.com.ar\/2021\/wp-json\/wp\/v2\/types\/post"}],"author":[{"embeddable":true,"href":"https:\/\/www.noticiasradioreflejos.com.ar\/2021\/wp-json\/wp\/v2\/users\/3"}],"replies":[{"embeddable":true,"href":"https:\/\/www.noticiasradioreflejos.com.ar\/2021\/wp-json\/wp\/v2\/comments?post=49942"}],"version-history":[{"count":0,"href":"https:\/\/www.noticiasradioreflejos.com.ar\/2021\/wp-json\/wp\/v2\/posts\/49942\/revisions"}],"wp:attachment":[{"href":"https:\/\/www.noticiasradioreflejos.com.ar\/2021\/wp-json\/wp\/v2\/media?parent=49942"}],"wp:term":[{"taxonomy":"category","embeddable":true,"href":"https:\/\/www.noticiasradioreflejos.com.ar\/2021\/wp-json\/wp\/v2\/categories?post=49942"},{"taxonomy":"post_tag","embeddable":true,"href":"https:\/\/www.noticiasradioreflejos.com.ar\/2021\/wp-json\/wp\/v2\/tags?post=49942"}],"curies":[{"name":"wp","href":"https:\/\/api.w.org\/{rel}","templated":true}]}}