{"id":49936,"date":"2020-12-02T17:11:31","date_gmt":"2020-12-02T20:11:31","guid":{"rendered":"http:\/\/www.noticiasradioreflejos.com.ar\/noticias\/?p=49936"},"modified":"2020-12-02T17:11:31","modified_gmt":"2020-12-02T20:11:31","slug":"festejos-protocolos-permisos-de-circulacion-y-la-reapertura-de-las-reservas-naturales-de-la-comarca-temas-relevantes-del-turismo-nota-con-gustavo-sandoval","status":"publish","type":"post","link":"https:\/\/www.noticiasradioreflejos.com.ar\/2021\/festejos-protocolos-permisos-de-circulacion-y-la-reapertura-de-las-reservas-naturales-de-la-comarca-temas-relevantes-del-turismo-nota-con-gustavo-sandoval\/","title":{"rendered":"Festejos, protocolos, permisos de circulaci\u00f3n y la reapertura de las reservas naturales de la comarca. Temas relevantes del turismo; nota con Gustavo Sandoval"},"content":{"rendered":"<p><strong>Gustavo Sandobal<\/strong>, Subsecretario de Turismo de Tornquist Municipio, convers\u00f3 con nosotros esta ma\u00f1ana para informarnos sobre distintos temas relevantes de la temporada estival 2020-2021. En esta nota, da importantes anuncios y tambi\u00e9n despeja dudas de los potenciales turistas.<!--more--><\/p>\n<p><strong>FESTEJOS<\/strong><br \/>\nGustavo comenz\u00f3 coment\u00e1ndonos que reciben muchas consultas desde el municipio sobre si se realizar\u00e1n los festejos t\u00edpicos de esta \u00e9poca del a\u00f1o, tales como la fiesta de reyes o la de las golondrinas. \u00abMuchos eventos se tuvieron que suspender. Por el momento, tenemos que decir que no se pueden hacer lamentablemente. Ya nos dijeron desde Provincia que no se pueden hacer este tipo de eventos\u00bb.<\/p>\n<p><strong>PROTOCOLOS<\/strong><br \/>\n\u00abLo que es protocolo siguen llegando a turismo. Est\u00e1 cambiando permanentemente d\u00eda tras d\u00eda\u00bb coment\u00f3 Gustavo al mencionar que actualmente se permiten eventos culturales al aire libre con 100 personas, aunque podr\u00eda extenderse la capacidad de gente que pueda asistir en un futuro muy cercano. \u00abNo solamente para que la gente de aqu\u00ed trabaje, sino tambi\u00e9n para que la gente que nos visita pueda ver un espect\u00e1culo ser\u00eda important\u00edsimo el uso del Centro Cultural\u00bb agreg\u00f3. Gustavo resalta que el hecho de que estos eventos se puedan concretar y sigan siendo permitidos, la gente debe cumplir con los protocolos establecidos y las medidas de prevenci\u00f3n.<\/p>\n<p><strong>PERMISOS PARA LA TEMPORADA<\/strong><br \/>\nAyer comenz\u00f3 formalmente la temporada en todo el pa\u00eds y mucha gente se quej\u00f3 sobre el mal funcionamiento de la plataforma Cuidar. El partido de Tornquist no fue la excepci\u00f3n: \u00abYa hicimos el reclamo pertinente porque, por ejemplo, si queres venir a este destino, te aparece Sierra de la Ventana y Villa Ventana. No aparecen ni Saldungaray ni Tornquist\u00bb. Gustavo explic\u00f3 que hay muchas inquietudes y dudas con respecto a la plataforma nacional porque la misma se encuentra en desarrollo. Tambi\u00e9n inform\u00f3: \u00abLa aplicaci\u00f3n para vacacionar en la Provincia de Buenos Aires es obligatoria, para lo Nacional esta el formulario\u00bb. La plataforma tiene como objetivo la cuantificaci\u00f3n del movimiento tur\u00edstico en Argentina y, a su vez, ver la cantidad de gente que se va moviendo y ver la situaci\u00f3n sanitaria de cada destino. Gustavo aclar\u00f3 que ya mismo se pueden sacar los permisos para vacacionar en cualquier momento de la temporada.<\/p>\n<p><strong>PARQUE PROVINCIAL<\/strong><br \/>\n\u00abEl Parque Provincial abre\u00bb comunic\u00f3 el subsecretario de turismo cuando le preguntamos por una de las atracciones tur\u00edsticas m\u00e1s importantes que tiene nuestra comarca. Aunque, mencion\u00f3 que todav\u00eda no hay una fecha definida de apertura. La raz\u00f3n de esta incertidumbre yace en que todav\u00eda no se han aprobado protocolos para las \u00e1reas protegidas del pa\u00eds. \u00abEst\u00e1 la decisi\u00f3n de abrir pero se calcula a mediados de Diciembre, tanto el Parque Provincial como Sierras Grandes\u00bb.<\/p>\n<p>Finalmente, para cerrar la nota, Gustavo le transmiti\u00f3 a la gente que ante cualquier duda o inquietud que tengan se comuniquen con el municipio para sac\u00e1rselas. \u00abEste verano tenemos gran expectativa\u00bb.<\/p>\n<p><strong>Nota completa a continuaci\u00f3n:<\/strong><br \/>\n<iframe loading=\"lazy\" src=\"https:\/\/w.soundcloud.com\/player\/?url=https%3A\/\/api.soundcloud.com\/tracks\/939977533&amp;color=%23ff5500&amp;auto_play=false&amp;hide_related=false&amp;show_comments=true&amp;show_user=true&amp;show_reposts=false&amp;show_teaser=true\" width=\"100%\" height=\"166\" frameborder=\"no\" scrolling=\"no\"><\/iframe><\/p>\n<div style=\"font-size: 10px; color: #cccccc; line-break: anywhere; word-break: normal; overflow: hidden; white-space: nowrap; text-overflow: ellipsis; font-family: Interstate,Lucida Grande,Lucida Sans Unicode,Lucida Sans,Garuda,Verdana,Tahoma,sans-serif; font-weight: 100;\"><a style=\"color: #cccccc; text-decoration: none;\" title=\"fmreflejos 103.7\" href=\"https:\/\/soundcloud.com\/fmreflejos-103-7\" target=\"_blank\" rel=\"noopener\">fmreflejos 103.7<\/a> \u00b7 <a style=\"color: #cccccc; text-decoration: none;\" title=\"Nota Gustavo Sandobal\" href=\"https:\/\/soundcloud.com\/fmreflejos-103-7\/nota-gustavo-sandobal-1\" target=\"_blank\" rel=\"noopener\">Nota Gustavo Sandobal<\/a><\/div>\n","protected":false},"excerpt":{"rendered":"<p>Gustavo Sandobal, Subsecretario de Turismo de Tornquist Municipio, convers\u00f3 con nosotros esta ma\u00f1ana para informarnos sobre distintos temas relevantes de la temporada estival 2020-2021. En esta nota, da importantes anuncios y tambi\u00e9n despeja dudas de los potenciales turistas.<\/p>\n","protected":false},"author":3,"featured_media":9152,"comment_status":"closed","ping_status":"open","sticky":false,"template":"","format":"standard","meta":{"footnotes":""},"categories":[33],"tags":[],"class_list":["post-49936","post","type-post","status-publish","format-standard","has-post-thumbnail","hentry","category-turismo"],"yoast_head":"<!-- This site is optimized with the Yoast SEO plugin v25.9 - https:\/\/yoast.com\/wordpress\/plugins\/seo\/ -->\n<title>Festejos, protocolos, permisos de circulaci\u00f3n y la reapertura de las reservas naturales de la comarca. Temas relevantes del turismo; nota con Gustavo Sandoval - Noticias Radio Reflejos<\/title>\n<meta name=\"robots\" content=\"index, follow, max-snippet:-1, max-image-preview:large, max-video-preview:-1\" \/>\n<link rel=\"canonical\" href=\"https:\/\/www.noticiasradioreflejos.com.ar\/2021\/festejos-protocolos-permisos-de-circulacion-y-la-reapertura-de-las-reservas-naturales-de-la-comarca-temas-relevantes-del-turismo-nota-con-gustavo-sandoval\/\" \/>\n<meta property=\"og:locale\" content=\"es_ES\" \/>\n<meta property=\"og:type\" content=\"article\" \/>\n<meta property=\"og:title\" content=\"Festejos, protocolos, permisos de circulaci\u00f3n y la reapertura de las reservas naturales de la comarca. Temas relevantes del turismo; nota con Gustavo Sandoval - Noticias Radio Reflejos\" \/>\n<meta property=\"og:description\" content=\"Gustavo Sandobal, Subsecretario de Turismo de Tornquist Municipio, convers\u00f3 con nosotros esta ma\u00f1ana para informarnos sobre distintos temas relevantes de la temporada estival 2020-2021. En esta nota, da importantes anuncios y tambi\u00e9n despeja dudas de los potenciales turistas.\" \/>\n<meta property=\"og:url\" content=\"https:\/\/www.noticiasradioreflejos.com.ar\/2021\/festejos-protocolos-permisos-de-circulacion-y-la-reapertura-de-las-reservas-naturales-de-la-comarca-temas-relevantes-del-turismo-nota-con-gustavo-sandoval\/\" \/>\n<meta property=\"og:site_name\" content=\"Noticias Radio Reflejos\" \/>\n<meta property=\"article:published_time\" content=\"2020-12-02T20:11:31+00:00\" \/>\n<meta property=\"og:image\" content=\"https:\/\/www.noticiasradioreflejos.com.ar\/2021\/wp-content\/uploads\/2017\/04\/IMG_20170414_161600021-2.jpg\" \/>\n\t<meta property=\"og:image:width\" content=\"1024\" \/>\n\t<meta property=\"og:image:height\" content=\"768\" \/>\n\t<meta property=\"og:image:type\" content=\"image\/jpeg\" \/>\n<meta name=\"author\" content=\"Arnaldo Botto\" \/>\n<meta name=\"twitter:card\" content=\"summary_large_image\" \/>\n<script type=\"application\/ld+json\" class=\"yoast-schema-graph\">{\"@context\":\"https:\/\/schema.org\",\"@graph\":[{\"@type\":\"WebPage\",\"@id\":\"https:\/\/www.noticiasradioreflejos.com.ar\/2021\/festejos-protocolos-permisos-de-circulacion-y-la-reapertura-de-las-reservas-naturales-de-la-comarca-temas-relevantes-del-turismo-nota-con-gustavo-sandoval\/\",\"url\":\"https:\/\/www.noticiasradioreflejos.com.ar\/2021\/festejos-protocolos-permisos-de-circulacion-y-la-reapertura-de-las-reservas-naturales-de-la-comarca-temas-relevantes-del-turismo-nota-con-gustavo-sandoval\/\",\"name\":\"Festejos, protocolos, permisos de circulaci\u00f3n y la reapertura de las reservas naturales de la comarca. Temas relevantes del turismo; nota con Gustavo Sandoval - Noticias Radio Reflejos\",\"isPartOf\":{\"@id\":\"https:\/\/www.noticiasradioreflejos.com.ar\/2021\/#website\"},\"primaryImageOfPage\":{\"@id\":\"https:\/\/www.noticiasradioreflejos.com.ar\/2021\/festejos-protocolos-permisos-de-circulacion-y-la-reapertura-de-las-reservas-naturales-de-la-comarca-temas-relevantes-del-turismo-nota-con-gustavo-sandoval\/#primaryimage\"},\"image\":{\"@id\":\"https:\/\/www.noticiasradioreflejos.com.ar\/2021\/festejos-protocolos-permisos-de-circulacion-y-la-reapertura-de-las-reservas-naturales-de-la-comarca-temas-relevantes-del-turismo-nota-con-gustavo-sandoval\/#primaryimage\"},\"thumbnailUrl\":\"https:\/\/www.noticiasradioreflejos.com.ar\/2021\/wp-content\/uploads\/2017\/04\/IMG_20170414_161600021-2.jpg\",\"datePublished\":\"2020-12-02T20:11:31+00:00\",\"author\":{\"@id\":\"https:\/\/www.noticiasradioreflejos.com.ar\/2021\/#\/schema\/person\/ad82545263dcc5ec0996818884fd5fb1\"},\"breadcrumb\":{\"@id\":\"https:\/\/www.noticiasradioreflejos.com.ar\/2021\/festejos-protocolos-permisos-de-circulacion-y-la-reapertura-de-las-reservas-naturales-de-la-comarca-temas-relevantes-del-turismo-nota-con-gustavo-sandoval\/#breadcrumb\"},\"inLanguage\":\"es\",\"potentialAction\":[{\"@type\":\"ReadAction\",\"target\":[\"https:\/\/www.noticiasradioreflejos.com.ar\/2021\/festejos-protocolos-permisos-de-circulacion-y-la-reapertura-de-las-reservas-naturales-de-la-comarca-temas-relevantes-del-turismo-nota-con-gustavo-sandoval\/\"]}]},{\"@type\":\"ImageObject\",\"inLanguage\":\"es\",\"@id\":\"https:\/\/www.noticiasradioreflejos.com.ar\/2021\/festejos-protocolos-permisos-de-circulacion-y-la-reapertura-de-las-reservas-naturales-de-la-comarca-temas-relevantes-del-turismo-nota-con-gustavo-sandoval\/#primaryimage\",\"url\":\"https:\/\/www.noticiasradioreflejos.com.ar\/2021\/wp-content\/uploads\/2017\/04\/IMG_20170414_161600021-2.jpg\",\"contentUrl\":\"https:\/\/www.noticiasradioreflejos.com.ar\/2021\/wp-content\/uploads\/2017\/04\/IMG_20170414_161600021-2.jpg\",\"width\":1024,\"height\":768},{\"@type\":\"BreadcrumbList\",\"@id\":\"https:\/\/www.noticiasradioreflejos.com.ar\/2021\/festejos-protocolos-permisos-de-circulacion-y-la-reapertura-de-las-reservas-naturales-de-la-comarca-temas-relevantes-del-turismo-nota-con-gustavo-sandoval\/#breadcrumb\",\"itemListElement\":[{\"@type\":\"ListItem\",\"position\":1,\"name\":\"Portada\",\"item\":\"https:\/\/www.noticiasradioreflejos.com.ar\/2021\/\"},{\"@type\":\"ListItem\",\"position\":2,\"name\":\"Festejos, protocolos, permisos de circulaci\u00f3n y la reapertura de las reservas naturales de la comarca. Temas relevantes del turismo; nota con Gustavo Sandoval\"}]},{\"@type\":\"WebSite\",\"@id\":\"https:\/\/www.noticiasradioreflejos.com.ar\/2021\/#website\",\"url\":\"https:\/\/www.noticiasradioreflejos.com.ar\/2021\/\",\"name\":\"Noticias Radio Reflejos\",\"description\":\"Las noticias de mi comarca\",\"potentialAction\":[{\"@type\":\"SearchAction\",\"target\":{\"@type\":\"EntryPoint\",\"urlTemplate\":\"https:\/\/www.noticiasradioreflejos.com.ar\/2021\/?s={search_term_string}\"},\"query-input\":{\"@type\":\"PropertyValueSpecification\",\"valueRequired\":true,\"valueName\":\"search_term_string\"}}],\"inLanguage\":\"es\"},{\"@type\":\"Person\",\"@id\":\"https:\/\/www.noticiasradioreflejos.com.ar\/2021\/#\/schema\/person\/ad82545263dcc5ec0996818884fd5fb1\",\"name\":\"Arnaldo Botto\",\"image\":{\"@type\":\"ImageObject\",\"inLanguage\":\"es\",\"@id\":\"https:\/\/www.noticiasradioreflejos.com.ar\/2021\/#\/schema\/person\/image\/\",\"url\":\"https:\/\/secure.gravatar.com\/avatar\/55cb5e37c1efa326397366e6974cb338056df65cb50e7d64d1cf314e87504837?s=96&d=mm&r=g\",\"contentUrl\":\"https:\/\/secure.gravatar.com\/avatar\/55cb5e37c1efa326397366e6974cb338056df65cb50e7d64d1cf314e87504837?s=96&d=mm&r=g\",\"caption\":\"Arnaldo Botto\"},\"url\":\"https:\/\/www.noticiasradioreflejos.com.ar\/2021\/author\/arnaldo\/\"}]}<\/script>\n<!-- \/ Yoast SEO plugin. -->","yoast_head_json":{"title":"Festejos, protocolos, permisos de circulaci\u00f3n y la reapertura de las reservas naturales de la comarca. Temas relevantes del turismo; nota con Gustavo Sandoval - Noticias Radio Reflejos","robots":{"index":"index","follow":"follow","max-snippet":"max-snippet:-1","max-image-preview":"max-image-preview:large","max-video-preview":"max-video-preview:-1"},"canonical":"https:\/\/www.noticiasradioreflejos.com.ar\/2021\/festejos-protocolos-permisos-de-circulacion-y-la-reapertura-de-las-reservas-naturales-de-la-comarca-temas-relevantes-del-turismo-nota-con-gustavo-sandoval\/","og_locale":"es_ES","og_type":"article","og_title":"Festejos, protocolos, permisos de circulaci\u00f3n y la reapertura de las reservas naturales de la comarca. Temas relevantes del turismo; nota con Gustavo Sandoval - Noticias Radio Reflejos","og_description":"Gustavo Sandobal, Subsecretario de Turismo de Tornquist Municipio, convers\u00f3 con nosotros esta ma\u00f1ana para informarnos sobre distintos temas relevantes de la temporada estival 2020-2021. En esta nota, da importantes anuncios y tambi\u00e9n despeja dudas de los potenciales turistas.","og_url":"https:\/\/www.noticiasradioreflejos.com.ar\/2021\/festejos-protocolos-permisos-de-circulacion-y-la-reapertura-de-las-reservas-naturales-de-la-comarca-temas-relevantes-del-turismo-nota-con-gustavo-sandoval\/","og_site_name":"Noticias Radio Reflejos","article_published_time":"2020-12-02T20:11:31+00:00","og_image":[{"width":1024,"height":768,"url":"https:\/\/www.noticiasradioreflejos.com.ar\/2021\/wp-content\/uploads\/2017\/04\/IMG_20170414_161600021-2.jpg","type":"image\/jpeg"}],"author":"Arnaldo Botto","twitter_card":"summary_large_image","schema":{"@context":"https:\/\/schema.org","@graph":[{"@type":"WebPage","@id":"https:\/\/www.noticiasradioreflejos.com.ar\/2021\/festejos-protocolos-permisos-de-circulacion-y-la-reapertura-de-las-reservas-naturales-de-la-comarca-temas-relevantes-del-turismo-nota-con-gustavo-sandoval\/","url":"https:\/\/www.noticiasradioreflejos.com.ar\/2021\/festejos-protocolos-permisos-de-circulacion-y-la-reapertura-de-las-reservas-naturales-de-la-comarca-temas-relevantes-del-turismo-nota-con-gustavo-sandoval\/","name":"Festejos, protocolos, permisos de circulaci\u00f3n y la reapertura de las reservas naturales de la comarca. Temas relevantes del turismo; nota con Gustavo Sandoval - Noticias Radio Reflejos","isPartOf":{"@id":"https:\/\/www.noticiasradioreflejos.com.ar\/2021\/#website"},"primaryImageOfPage":{"@id":"https:\/\/www.noticiasradioreflejos.com.ar\/2021\/festejos-protocolos-permisos-de-circulacion-y-la-reapertura-de-las-reservas-naturales-de-la-comarca-temas-relevantes-del-turismo-nota-con-gustavo-sandoval\/#primaryimage"},"image":{"@id":"https:\/\/www.noticiasradioreflejos.com.ar\/2021\/festejos-protocolos-permisos-de-circulacion-y-la-reapertura-de-las-reservas-naturales-de-la-comarca-temas-relevantes-del-turismo-nota-con-gustavo-sandoval\/#primaryimage"},"thumbnailUrl":"https:\/\/www.noticiasradioreflejos.com.ar\/2021\/wp-content\/uploads\/2017\/04\/IMG_20170414_161600021-2.jpg","datePublished":"2020-12-02T20:11:31+00:00","author":{"@id":"https:\/\/www.noticiasradioreflejos.com.ar\/2021\/#\/schema\/person\/ad82545263dcc5ec0996818884fd5fb1"},"breadcrumb":{"@id":"https:\/\/www.noticiasradioreflejos.com.ar\/2021\/festejos-protocolos-permisos-de-circulacion-y-la-reapertura-de-las-reservas-naturales-de-la-comarca-temas-relevantes-del-turismo-nota-con-gustavo-sandoval\/#breadcrumb"},"inLanguage":"es","potentialAction":[{"@type":"ReadAction","target":["https:\/\/www.noticiasradioreflejos.com.ar\/2021\/festejos-protocolos-permisos-de-circulacion-y-la-reapertura-de-las-reservas-naturales-de-la-comarca-temas-relevantes-del-turismo-nota-con-gustavo-sandoval\/"]}]},{"@type":"ImageObject","inLanguage":"es","@id":"https:\/\/www.noticiasradioreflejos.com.ar\/2021\/festejos-protocolos-permisos-de-circulacion-y-la-reapertura-de-las-reservas-naturales-de-la-comarca-temas-relevantes-del-turismo-nota-con-gustavo-sandoval\/#primaryimage","url":"https:\/\/www.noticiasradioreflejos.com.ar\/2021\/wp-content\/uploads\/2017\/04\/IMG_20170414_161600021-2.jpg","contentUrl":"https:\/\/www.noticiasradioreflejos.com.ar\/2021\/wp-content\/uploads\/2017\/04\/IMG_20170414_161600021-2.jpg","width":1024,"height":768},{"@type":"BreadcrumbList","@id":"https:\/\/www.noticiasradioreflejos.com.ar\/2021\/festejos-protocolos-permisos-de-circulacion-y-la-reapertura-de-las-reservas-naturales-de-la-comarca-temas-relevantes-del-turismo-nota-con-gustavo-sandoval\/#breadcrumb","itemListElement":[{"@type":"ListItem","position":1,"name":"Portada","item":"https:\/\/www.noticiasradioreflejos.com.ar\/2021\/"},{"@type":"ListItem","position":2,"name":"Festejos, protocolos, permisos de circulaci\u00f3n y la reapertura de las reservas naturales de la comarca. Temas relevantes del turismo; nota con Gustavo Sandoval"}]},{"@type":"WebSite","@id":"https:\/\/www.noticiasradioreflejos.com.ar\/2021\/#website","url":"https:\/\/www.noticiasradioreflejos.com.ar\/2021\/","name":"Noticias Radio Reflejos","description":"Las noticias de mi comarca","potentialAction":[{"@type":"SearchAction","target":{"@type":"EntryPoint","urlTemplate":"https:\/\/www.noticiasradioreflejos.com.ar\/2021\/?s={search_term_string}"},"query-input":{"@type":"PropertyValueSpecification","valueRequired":true,"valueName":"search_term_string"}}],"inLanguage":"es"},{"@type":"Person","@id":"https:\/\/www.noticiasradioreflejos.com.ar\/2021\/#\/schema\/person\/ad82545263dcc5ec0996818884fd5fb1","name":"Arnaldo Botto","image":{"@type":"ImageObject","inLanguage":"es","@id":"https:\/\/www.noticiasradioreflejos.com.ar\/2021\/#\/schema\/person\/image\/","url":"https:\/\/secure.gravatar.com\/avatar\/55cb5e37c1efa326397366e6974cb338056df65cb50e7d64d1cf314e87504837?s=96&d=mm&r=g","contentUrl":"https:\/\/secure.gravatar.com\/avatar\/55cb5e37c1efa326397366e6974cb338056df65cb50e7d64d1cf314e87504837?s=96&d=mm&r=g","caption":"Arnaldo Botto"},"url":"https:\/\/www.noticiasradioreflejos.com.ar\/2021\/author\/arnaldo\/"}]}},"_links":{"self":[{"href":"https:\/\/www.noticiasradioreflejos.com.ar\/2021\/wp-json\/wp\/v2\/posts\/49936","targetHints":{"allow":["GET"]}}],"collection":[{"href":"https:\/\/www.noticiasradioreflejos.com.ar\/2021\/wp-json\/wp\/v2\/posts"}],"about":[{"href":"https:\/\/www.noticiasradioreflejos.com.ar\/2021\/wp-json\/wp\/v2\/types\/post"}],"author":[{"embeddable":true,"href":"https:\/\/www.noticiasradioreflejos.com.ar\/2021\/wp-json\/wp\/v2\/users\/3"}],"replies":[{"embeddable":true,"href":"https:\/\/www.noticiasradioreflejos.com.ar\/2021\/wp-json\/wp\/v2\/comments?post=49936"}],"version-history":[{"count":0,"href":"https:\/\/www.noticiasradioreflejos.com.ar\/2021\/wp-json\/wp\/v2\/posts\/49936\/revisions"}],"wp:featuredmedia":[{"embeddable":true,"href":"https:\/\/www.noticiasradioreflejos.com.ar\/2021\/wp-json\/wp\/v2\/media\/9152"}],"wp:attachment":[{"href":"https:\/\/www.noticiasradioreflejos.com.ar\/2021\/wp-json\/wp\/v2\/media?parent=49936"}],"wp:term":[{"taxonomy":"category","embeddable":true,"href":"https:\/\/www.noticiasradioreflejos.com.ar\/2021\/wp-json\/wp\/v2\/categories?post=49936"},{"taxonomy":"post_tag","embeddable":true,"href":"https:\/\/www.noticiasradioreflejos.com.ar\/2021\/wp-json\/wp\/v2\/tags?post=49936"}],"curies":[{"name":"wp","href":"https:\/\/api.w.org\/{rel}","templated":true}]}}