{"id":49700,"date":"2020-11-26T10:09:15","date_gmt":"2020-11-26T13:09:15","guid":{"rendered":"http:\/\/www.noticiasradioreflejos.com.ar\/noticias\/?p=49700"},"modified":"2020-11-26T10:09:15","modified_gmt":"2020-11-26T13:09:15","slug":"la-multitudinaria-soledad-y-muerte-del-idolo","status":"publish","type":"post","link":"https:\/\/www.noticiasradioreflejos.com.ar\/2021\/la-multitudinaria-soledad-y-muerte-del-idolo\/","title":{"rendered":"La multitudinaria soledad (y muerte) del \u00eddolo"},"content":{"rendered":"<p><strong>De Rosa<\/strong> como m\u00e9dico forense, neur\u00f3logo y psiquiatra desliza una mirada abarcativa y m\u00faltiple sobre el \u00eddolo deportivo. \u00bfHombre o Dios? Aqu\u00ed De Rosa se pregunta y analiza por qu\u00e9 un \u00eddolo llega a morir en soledad<!--more--><\/p>\n<p>Hace un tiempo un psic\u00f3logo espa\u00f1ol realiz\u00f3 un simple y elegante experimento, les pidi\u00f3 a diferentes personas que vinieran con la gente m\u00e1s pr\u00f3xima y cercana a cada uno de ellos. Luego los interrogaba, largamente, sobre la relaci\u00f3n entre ellos y entre medio de las preguntas indagaba sobre la frecuencia de sus encuentros, finalmente los reun\u00eda por grupos para anunciarles cu\u00e1nto tiempo m\u00e1s se ver\u00edan antes de morir.<\/p>\n<p class=\"paragraph\">La respuesta uniforme, era el desconcierto y la negaci\u00f3n de estar confrontados con algo que conocemos perfectamente, pero preferimos ignorar,<mark class=\"hl_yellow\">\u00a0<b>y es que, desde el instante de nuestro nacimiento, empieza a correr el reloj de nuestra partida, y que la haremos como llegamos: solos.\u00a0<\/b><\/mark>Esa caracter\u00edstica que es la que nos permite al mismo tiempo imaginar nuestra vida, en la que podr\u00eda no haber un devenir si imaginamos la muerte como constante, queda interrumpida un d\u00eda por una visita al m\u00e9dico, o por una llamada que nunca quisi\u00e9ramos recibir, o una noticia sin tiempo.<\/p>\n<p class=\"paragraph\"><mark class=\"hl_yellow\"><b>Esa noticia ocurri\u00f3 hoy. Con la no sorprendente -y tantas veces anunciada- noticia de la muerte de Diego Armando Maradona.<\/b><\/mark>\u00a0Las sucesivas resurrecciones esta vez hab\u00edan llegado a su fin, y ese ser ahora entrar\u00e1 a tener su historia reescrita por todos, ya que a todos nos pertenec\u00eda en apariencia cuando se convert\u00eda en motivo de tantas opiniones como juicios posibles. Es decir, pasar\u00e1 a lo que los antiguos consideraban un Dios o semi Dios m\u00edtico, sujeto a las m\u00e1s diversas interpretaciones.<\/p>\n<picture class=\"visual__image\"><source srcset=\"https:\/\/www.infobae.com\/new-resizer\/x15ul5b9Zuep6Vxpb85k8MUuKXI=\/768x432\/filters:format(jpg):quality(85)\/cloudfront-us-east-1.images.arcpublishing.com\/infobae\/K7KEU7O3EJCNHACMBMVUNPY72I.jpg 1200w\" type=\"image\/jpg\" \/><source srcset=\"https:\/\/www.infobae.com\/new-resizer\/x15ul5b9Zuep6Vxpb85k8MUuKXI=\/768x432\/filters:format(jpg):quality(85)\/cloudfront-us-east-1.images.arcpublishing.com\/infobae\/K7KEU7O3EJCNHACMBMVUNPY72I.jpg 992w\" type=\"image\/jpg\" \/><source srcset=\"https:\/\/www.infobae.com\/new-resizer\/x15ul5b9Zuep6Vxpb85k8MUuKXI=\/768x432\/filters:format(jpg):quality(85)\/cloudfront-us-east-1.images.arcpublishing.com\/infobae\/K7KEU7O3EJCNHACMBMVUNPY72I.jpg 768w\" type=\"image\/jpg\" \/><source srcset=\"https:\/\/www.infobae.com\/new-resizer\/tw1gBGtCkRfftg6LyNrtSxRA4K0=\/420x236\/filters:format(jpg):quality(85)\/cloudfront-us-east-1.images.arcpublishing.com\/infobae\/K7KEU7O3EJCNHACMBMVUNPY72I.jpg 420w\" type=\"image\/jpg\" \/><img loading=\"lazy\" decoding=\"async\" src=\"https:\/\/www.infobae.com\/new-resizer\/tw1gBGtCkRfftg6LyNrtSxRA4K0=\/420x236\/filters:format(jpg):quality(85)\/\/cloudfront-us-east-1.images.arcpublishing.com\/infobae\/K7KEU7O3EJCNHACMBMVUNPY72I.jpg\" alt=\"Uno de los homenajes al 10 en el estadio de Argentinos Juniors (Franco Fafasuli)\" width=\"1920\" height=\"1080\" \/>Uno de los homenajes al 10 en el estadio de Argentinos Juniors (Franco Fafasuli)<\/picture>\n<p class=\"paragraph\">Sin duda aparecer\u00e1n aquellos que se apoderar\u00e1n de una parte de su ser, contando ese fragmento de la memoria que poseen. El mito nos pertenece a todos y al igual que estos ofrece las m\u00e1s diversas interpretaciones.<\/p>\n<p class=\"paragraph\">Todos tendr\u00e1n una parte de Diego, el mito, a tal punto que en medio de una pandemia global y de protocolos que impidieron despedir a los seres queridos de miles de personas,\u00a0<mark class=\"hl_yellow\"><b>se har\u00e1n funerales nacionales y multitudinarios en todo el globo, con los honores de un jefe de estado, a\u00fan m\u00e1s, de un rey atemporal. Es que Diego, el mito, vivi\u00f3 rodeado de todo y de todos, sin provocar la indiferencia de nadie.<\/b><\/mark><\/p>\n<p class=\"paragraph\">Ninguna de las visitas que recibi\u00f3 de las Parcas en todos sus a\u00f1os y que eficazmente \u201cgambete\u00f3\u201d, tan bien como cuando lo hac\u00eda en las canchas, hab\u00eda logrado su cometido. Por eso de alguna manera, todos cre\u00edmos que ese momento nunca iba a llegar.<\/p>\n<p class=\"paragraph\">Fuimos espectadores del Diego 360\u00b0 y global, ofrendando todo lo que ten\u00eda para dar en sus \u00faltimos a\u00f1os inclusive su ser, su salud, su cuerpo; lo ve\u00edamos caer, pero siempre cre\u00edmos que se iba a levantar\u2026como en los partidos.<\/p>\n<picture class=\"visual__image\"><source srcset=\"https:\/\/www.infobae.com\/new-resizer\/q1p2zeSlV1nLy1tb8q0nFe-KYjw=\/768x512\/filters:format(jpg):quality(85)\/cloudfront-us-east-1.images.arcpublishing.com\/infobae\/ELIDEI6K6NCZLL5BR3CLHMXMRA.jpg 1200w\" type=\"image\/jpg\" \/><source srcset=\"https:\/\/www.infobae.com\/new-resizer\/q1p2zeSlV1nLy1tb8q0nFe-KYjw=\/768x512\/filters:format(jpg):quality(85)\/cloudfront-us-east-1.images.arcpublishing.com\/infobae\/ELIDEI6K6NCZLL5BR3CLHMXMRA.jpg 992w\" type=\"image\/jpg\" \/><source srcset=\"https:\/\/www.infobae.com\/new-resizer\/q1p2zeSlV1nLy1tb8q0nFe-KYjw=\/768x512\/filters:format(jpg):quality(85)\/cloudfront-us-east-1.images.arcpublishing.com\/infobae\/ELIDEI6K6NCZLL5BR3CLHMXMRA.jpg 768w\" type=\"image\/jpg\" \/><source srcset=\"https:\/\/www.infobae.com\/new-resizer\/uV0EAnI_prZFb-A5Fi30NH195Io=\/420x280\/filters:format(jpg):quality(85)\/cloudfront-us-east-1.images.arcpublishing.com\/infobae\/ELIDEI6K6NCZLL5BR3CLHMXMRA.jpg 420w\" type=\"image\/jpg\" \/><img loading=\"lazy\" decoding=\"async\" src=\"https:\/\/www.infobae.com\/new-resizer\/uV0EAnI_prZFb-A5Fi30NH195Io=\/420x280\/filters:format(jpg):quality(85)\/\/cloudfront-us-east-1.images.arcpublishing.com\/infobae\/ELIDEI6K6NCZLL5BR3CLHMXMRA.jpg\" alt=\"Diego en este 2020 hab\u00eda sido operado de un hematoma subdural (Photo by Dibyangshu SARKAR \/ AFP)\" width=\"3500\" height=\"2203\" \/>Diego en este 2020 hab\u00eda sido operado de un hematoma subdural (Photo by Dibyangshu SARKAR \/ AFP)<\/picture>\n<p class=\"paragraph\">La salud de Diego fue una segunda saga, que posiblemente disfrutamos, vergonzosa, pero irresistiblemente, quiz\u00e1s, m\u00e1s que la primera.\u00a0<mark class=\"hl_yellow\"><b>Aqu\u00ed el mito cumpl\u00eda las funciones de tal, y estaba como todos los h\u00e9roes, dioses y semidioses, frente a un destino al cual se enfrentaba solo.<\/b><\/mark><\/p>\n<p class=\"paragraph\">En su calidad de mito, inevitablemente no se le concedi\u00f3 la posibilidad de la compasi\u00f3n o la subjetividad del hombre y as\u00ed estuvo solo. Nadie pod\u00eda con Diego, era la frase recurrente, en realidad quiz\u00e1s Diego, el hombre hab\u00eda sido olvidado, excepto entre sus m\u00e1s pr\u00f3ximos y queridos, a los cuales el mito lo hab\u00eda relegado.<\/p>\n<p class=\"paragraph\">Como Jano, en sus dos facetas, faltaba la unidad del hombre o quiz\u00e1s simplemente estaba solo. Ese hombre quiz\u00e1s nunca pudo ser protegido del mito, del dios, que se lo impulsaba a ser.<\/p>\n<p class=\"paragraph\"><mark class=\"hl_yellow\"><b>El \u00eddolo, el mito ser\u00e1 velado con rituales multitudinarios, el hombre vivi\u00f3 sus \u00faltimos a\u00f1os y muri\u00f3, solo, como los dioses olvidados.<\/b><\/mark><\/p>\n<p class=\"paragraph\"><i><b>*Enrique De Rosa (MN 63406) es m\u00e9dico forense, neur\u00f3logo y psiquiatra. Aqu\u00ed se refiere y analiza por qu\u00e9 un \u00eddolo llega a morir en soledad.<\/b><\/i><\/p>\n","protected":false},"excerpt":{"rendered":"<p>De Rosa como m\u00e9dico forense, neur\u00f3logo y psiquiatra desliza una mirada abarcativa y m\u00faltiple sobre el \u00eddolo deportivo. \u00bfHombre o Dios? Aqu\u00ed De Rosa se pregunta y analiza por qu\u00e9 un \u00eddolo llega a morir en soledad<\/p>\n","protected":false},"author":3,"featured_media":0,"comment_status":"closed","ping_status":"open","sticky":false,"template":"","format":"standard","meta":{"footnotes":""},"categories":[25],"tags":[],"class_list":["post-49700","post","type-post","status-publish","format-standard","hentry","category-uncategorized"],"yoast_head":"<!-- This site is optimized with the Yoast SEO plugin v25.9 - https:\/\/yoast.com\/wordpress\/plugins\/seo\/ -->\n<title>La multitudinaria soledad (y muerte) del \u00eddolo - Noticias Radio Reflejos<\/title>\n<meta name=\"robots\" content=\"index, follow, max-snippet:-1, max-image-preview:large, max-video-preview:-1\" \/>\n<link rel=\"canonical\" href=\"https:\/\/www.noticiasradioreflejos.com.ar\/2021\/la-multitudinaria-soledad-y-muerte-del-idolo\/\" \/>\n<meta property=\"og:locale\" content=\"es_ES\" \/>\n<meta property=\"og:type\" content=\"article\" \/>\n<meta property=\"og:title\" content=\"La multitudinaria soledad (y muerte) del \u00eddolo - Noticias Radio Reflejos\" \/>\n<meta property=\"og:description\" content=\"De Rosa como m\u00e9dico forense, neur\u00f3logo y psiquiatra desliza una mirada abarcativa y m\u00faltiple sobre el \u00eddolo deportivo. \u00bfHombre o Dios? Aqu\u00ed De Rosa se pregunta y analiza por qu\u00e9 un \u00eddolo llega a morir en soledad\" \/>\n<meta property=\"og:url\" content=\"https:\/\/www.noticiasradioreflejos.com.ar\/2021\/la-multitudinaria-soledad-y-muerte-del-idolo\/\" \/>\n<meta property=\"og:site_name\" content=\"Noticias Radio Reflejos\" \/>\n<meta property=\"article:published_time\" content=\"2020-11-26T13:09:15+00:00\" \/>\n<meta property=\"og:image\" content=\"https:\/\/www.infobae.com\/new-resizer\/tw1gBGtCkRfftg6LyNrtSxRA4K0=\/420x236\/filters:format(jpg):quality(85)\/\/cloudfront-us-east-1.images.arcpublishing.com\/infobae\/K7KEU7O3EJCNHACMBMVUNPY72I.jpg\" \/>\n<meta name=\"author\" content=\"Arnaldo Botto\" \/>\n<meta name=\"twitter:card\" content=\"summary_large_image\" \/>\n<script type=\"application\/ld+json\" class=\"yoast-schema-graph\">{\"@context\":\"https:\/\/schema.org\",\"@graph\":[{\"@type\":\"WebPage\",\"@id\":\"https:\/\/www.noticiasradioreflejos.com.ar\/2021\/la-multitudinaria-soledad-y-muerte-del-idolo\/\",\"url\":\"https:\/\/www.noticiasradioreflejos.com.ar\/2021\/la-multitudinaria-soledad-y-muerte-del-idolo\/\",\"name\":\"La multitudinaria soledad (y muerte) del \u00eddolo - Noticias Radio Reflejos\",\"isPartOf\":{\"@id\":\"https:\/\/www.noticiasradioreflejos.com.ar\/2021\/#website\"},\"primaryImageOfPage\":{\"@id\":\"https:\/\/www.noticiasradioreflejos.com.ar\/2021\/la-multitudinaria-soledad-y-muerte-del-idolo\/#primaryimage\"},\"image\":{\"@id\":\"https:\/\/www.noticiasradioreflejos.com.ar\/2021\/la-multitudinaria-soledad-y-muerte-del-idolo\/#primaryimage\"},\"thumbnailUrl\":\"https:\/\/www.infobae.com\/new-resizer\/tw1gBGtCkRfftg6LyNrtSxRA4K0=\/420x236\/filters:format(jpg):quality(85)\/\/cloudfront-us-east-1.images.arcpublishing.com\/infobae\/K7KEU7O3EJCNHACMBMVUNPY72I.jpg\",\"datePublished\":\"2020-11-26T13:09:15+00:00\",\"author\":{\"@id\":\"https:\/\/www.noticiasradioreflejos.com.ar\/2021\/#\/schema\/person\/ad82545263dcc5ec0996818884fd5fb1\"},\"breadcrumb\":{\"@id\":\"https:\/\/www.noticiasradioreflejos.com.ar\/2021\/la-multitudinaria-soledad-y-muerte-del-idolo\/#breadcrumb\"},\"inLanguage\":\"es\",\"potentialAction\":[{\"@type\":\"ReadAction\",\"target\":[\"https:\/\/www.noticiasradioreflejos.com.ar\/2021\/la-multitudinaria-soledad-y-muerte-del-idolo\/\"]}]},{\"@type\":\"ImageObject\",\"inLanguage\":\"es\",\"@id\":\"https:\/\/www.noticiasradioreflejos.com.ar\/2021\/la-multitudinaria-soledad-y-muerte-del-idolo\/#primaryimage\",\"url\":\"https:\/\/www.infobae.com\/new-resizer\/tw1gBGtCkRfftg6LyNrtSxRA4K0=\/420x236\/filters:format(jpg):quality(85)\/\/cloudfront-us-east-1.images.arcpublishing.com\/infobae\/K7KEU7O3EJCNHACMBMVUNPY72I.jpg\",\"contentUrl\":\"https:\/\/www.infobae.com\/new-resizer\/tw1gBGtCkRfftg6LyNrtSxRA4K0=\/420x236\/filters:format(jpg):quality(85)\/\/cloudfront-us-east-1.images.arcpublishing.com\/infobae\/K7KEU7O3EJCNHACMBMVUNPY72I.jpg\"},{\"@type\":\"BreadcrumbList\",\"@id\":\"https:\/\/www.noticiasradioreflejos.com.ar\/2021\/la-multitudinaria-soledad-y-muerte-del-idolo\/#breadcrumb\",\"itemListElement\":[{\"@type\":\"ListItem\",\"position\":1,\"name\":\"Portada\",\"item\":\"https:\/\/www.noticiasradioreflejos.com.ar\/2021\/\"},{\"@type\":\"ListItem\",\"position\":2,\"name\":\"La multitudinaria soledad (y muerte) del \u00eddolo\"}]},{\"@type\":\"WebSite\",\"@id\":\"https:\/\/www.noticiasradioreflejos.com.ar\/2021\/#website\",\"url\":\"https:\/\/www.noticiasradioreflejos.com.ar\/2021\/\",\"name\":\"Noticias Radio Reflejos\",\"description\":\"Las noticias de mi comarca\",\"potentialAction\":[{\"@type\":\"SearchAction\",\"target\":{\"@type\":\"EntryPoint\",\"urlTemplate\":\"https:\/\/www.noticiasradioreflejos.com.ar\/2021\/?s={search_term_string}\"},\"query-input\":{\"@type\":\"PropertyValueSpecification\",\"valueRequired\":true,\"valueName\":\"search_term_string\"}}],\"inLanguage\":\"es\"},{\"@type\":\"Person\",\"@id\":\"https:\/\/www.noticiasradioreflejos.com.ar\/2021\/#\/schema\/person\/ad82545263dcc5ec0996818884fd5fb1\",\"name\":\"Arnaldo Botto\",\"image\":{\"@type\":\"ImageObject\",\"inLanguage\":\"es\",\"@id\":\"https:\/\/www.noticiasradioreflejos.com.ar\/2021\/#\/schema\/person\/image\/\",\"url\":\"https:\/\/secure.gravatar.com\/avatar\/55cb5e37c1efa326397366e6974cb338056df65cb50e7d64d1cf314e87504837?s=96&d=mm&r=g\",\"contentUrl\":\"https:\/\/secure.gravatar.com\/avatar\/55cb5e37c1efa326397366e6974cb338056df65cb50e7d64d1cf314e87504837?s=96&d=mm&r=g\",\"caption\":\"Arnaldo Botto\"},\"url\":\"https:\/\/www.noticiasradioreflejos.com.ar\/2021\/author\/arnaldo\/\"}]}<\/script>\n<!-- \/ Yoast SEO plugin. -->","yoast_head_json":{"title":"La multitudinaria soledad (y muerte) del \u00eddolo - Noticias Radio Reflejos","robots":{"index":"index","follow":"follow","max-snippet":"max-snippet:-1","max-image-preview":"max-image-preview:large","max-video-preview":"max-video-preview:-1"},"canonical":"https:\/\/www.noticiasradioreflejos.com.ar\/2021\/la-multitudinaria-soledad-y-muerte-del-idolo\/","og_locale":"es_ES","og_type":"article","og_title":"La multitudinaria soledad (y muerte) del \u00eddolo - Noticias Radio Reflejos","og_description":"De Rosa como m\u00e9dico forense, neur\u00f3logo y psiquiatra desliza una mirada abarcativa y m\u00faltiple sobre el \u00eddolo deportivo. \u00bfHombre o Dios? Aqu\u00ed De Rosa se pregunta y analiza por qu\u00e9 un \u00eddolo llega a morir en soledad","og_url":"https:\/\/www.noticiasradioreflejos.com.ar\/2021\/la-multitudinaria-soledad-y-muerte-del-idolo\/","og_site_name":"Noticias Radio Reflejos","article_published_time":"2020-11-26T13:09:15+00:00","og_image":[{"url":"https:\/\/www.infobae.com\/new-resizer\/tw1gBGtCkRfftg6LyNrtSxRA4K0=\/420x236\/filters:format(jpg):quality(85)\/\/cloudfront-us-east-1.images.arcpublishing.com\/infobae\/K7KEU7O3EJCNHACMBMVUNPY72I.jpg","type":"","width":"","height":""}],"author":"Arnaldo Botto","twitter_card":"summary_large_image","schema":{"@context":"https:\/\/schema.org","@graph":[{"@type":"WebPage","@id":"https:\/\/www.noticiasradioreflejos.com.ar\/2021\/la-multitudinaria-soledad-y-muerte-del-idolo\/","url":"https:\/\/www.noticiasradioreflejos.com.ar\/2021\/la-multitudinaria-soledad-y-muerte-del-idolo\/","name":"La multitudinaria soledad (y muerte) del \u00eddolo - Noticias Radio Reflejos","isPartOf":{"@id":"https:\/\/www.noticiasradioreflejos.com.ar\/2021\/#website"},"primaryImageOfPage":{"@id":"https:\/\/www.noticiasradioreflejos.com.ar\/2021\/la-multitudinaria-soledad-y-muerte-del-idolo\/#primaryimage"},"image":{"@id":"https:\/\/www.noticiasradioreflejos.com.ar\/2021\/la-multitudinaria-soledad-y-muerte-del-idolo\/#primaryimage"},"thumbnailUrl":"https:\/\/www.infobae.com\/new-resizer\/tw1gBGtCkRfftg6LyNrtSxRA4K0=\/420x236\/filters:format(jpg):quality(85)\/\/cloudfront-us-east-1.images.arcpublishing.com\/infobae\/K7KEU7O3EJCNHACMBMVUNPY72I.jpg","datePublished":"2020-11-26T13:09:15+00:00","author":{"@id":"https:\/\/www.noticiasradioreflejos.com.ar\/2021\/#\/schema\/person\/ad82545263dcc5ec0996818884fd5fb1"},"breadcrumb":{"@id":"https:\/\/www.noticiasradioreflejos.com.ar\/2021\/la-multitudinaria-soledad-y-muerte-del-idolo\/#breadcrumb"},"inLanguage":"es","potentialAction":[{"@type":"ReadAction","target":["https:\/\/www.noticiasradioreflejos.com.ar\/2021\/la-multitudinaria-soledad-y-muerte-del-idolo\/"]}]},{"@type":"ImageObject","inLanguage":"es","@id":"https:\/\/www.noticiasradioreflejos.com.ar\/2021\/la-multitudinaria-soledad-y-muerte-del-idolo\/#primaryimage","url":"https:\/\/www.infobae.com\/new-resizer\/tw1gBGtCkRfftg6LyNrtSxRA4K0=\/420x236\/filters:format(jpg):quality(85)\/\/cloudfront-us-east-1.images.arcpublishing.com\/infobae\/K7KEU7O3EJCNHACMBMVUNPY72I.jpg","contentUrl":"https:\/\/www.infobae.com\/new-resizer\/tw1gBGtCkRfftg6LyNrtSxRA4K0=\/420x236\/filters:format(jpg):quality(85)\/\/cloudfront-us-east-1.images.arcpublishing.com\/infobae\/K7KEU7O3EJCNHACMBMVUNPY72I.jpg"},{"@type":"BreadcrumbList","@id":"https:\/\/www.noticiasradioreflejos.com.ar\/2021\/la-multitudinaria-soledad-y-muerte-del-idolo\/#breadcrumb","itemListElement":[{"@type":"ListItem","position":1,"name":"Portada","item":"https:\/\/www.noticiasradioreflejos.com.ar\/2021\/"},{"@type":"ListItem","position":2,"name":"La multitudinaria soledad (y muerte) del \u00eddolo"}]},{"@type":"WebSite","@id":"https:\/\/www.noticiasradioreflejos.com.ar\/2021\/#website","url":"https:\/\/www.noticiasradioreflejos.com.ar\/2021\/","name":"Noticias Radio Reflejos","description":"Las noticias de mi comarca","potentialAction":[{"@type":"SearchAction","target":{"@type":"EntryPoint","urlTemplate":"https:\/\/www.noticiasradioreflejos.com.ar\/2021\/?s={search_term_string}"},"query-input":{"@type":"PropertyValueSpecification","valueRequired":true,"valueName":"search_term_string"}}],"inLanguage":"es"},{"@type":"Person","@id":"https:\/\/www.noticiasradioreflejos.com.ar\/2021\/#\/schema\/person\/ad82545263dcc5ec0996818884fd5fb1","name":"Arnaldo Botto","image":{"@type":"ImageObject","inLanguage":"es","@id":"https:\/\/www.noticiasradioreflejos.com.ar\/2021\/#\/schema\/person\/image\/","url":"https:\/\/secure.gravatar.com\/avatar\/55cb5e37c1efa326397366e6974cb338056df65cb50e7d64d1cf314e87504837?s=96&d=mm&r=g","contentUrl":"https:\/\/secure.gravatar.com\/avatar\/55cb5e37c1efa326397366e6974cb338056df65cb50e7d64d1cf314e87504837?s=96&d=mm&r=g","caption":"Arnaldo Botto"},"url":"https:\/\/www.noticiasradioreflejos.com.ar\/2021\/author\/arnaldo\/"}]}},"_links":{"self":[{"href":"https:\/\/www.noticiasradioreflejos.com.ar\/2021\/wp-json\/wp\/v2\/posts\/49700","targetHints":{"allow":["GET"]}}],"collection":[{"href":"https:\/\/www.noticiasradioreflejos.com.ar\/2021\/wp-json\/wp\/v2\/posts"}],"about":[{"href":"https:\/\/www.noticiasradioreflejos.com.ar\/2021\/wp-json\/wp\/v2\/types\/post"}],"author":[{"embeddable":true,"href":"https:\/\/www.noticiasradioreflejos.com.ar\/2021\/wp-json\/wp\/v2\/users\/3"}],"replies":[{"embeddable":true,"href":"https:\/\/www.noticiasradioreflejos.com.ar\/2021\/wp-json\/wp\/v2\/comments?post=49700"}],"version-history":[{"count":0,"href":"https:\/\/www.noticiasradioreflejos.com.ar\/2021\/wp-json\/wp\/v2\/posts\/49700\/revisions"}],"wp:attachment":[{"href":"https:\/\/www.noticiasradioreflejos.com.ar\/2021\/wp-json\/wp\/v2\/media?parent=49700"}],"wp:term":[{"taxonomy":"category","embeddable":true,"href":"https:\/\/www.noticiasradioreflejos.com.ar\/2021\/wp-json\/wp\/v2\/categories?post=49700"},{"taxonomy":"post_tag","embeddable":true,"href":"https:\/\/www.noticiasradioreflejos.com.ar\/2021\/wp-json\/wp\/v2\/tags?post=49700"}],"curies":[{"name":"wp","href":"https:\/\/api.w.org\/{rel}","templated":true}]}}