{"id":49607,"date":"2020-11-24T09:06:03","date_gmt":"2020-11-24T12:06:03","guid":{"rendered":"http:\/\/www.noticiasradioreflejos.com.ar\/noticias\/?p=49607"},"modified":"2020-11-24T09:06:03","modified_gmt":"2020-11-24T12:06:03","slug":"la-recoleccion-de-bolsa-verde-en-sierra-de-la-ventana-se-realizara-manana-miercoles-25","status":"publish","type":"post","link":"https:\/\/www.noticiasradioreflejos.com.ar\/2021\/la-recoleccion-de-bolsa-verde-en-sierra-de-la-ventana-se-realizara-manana-miercoles-25\/","title":{"rendered":"La recolecci\u00f3n de bolsa verde en Sierra de la ventana se realizar\u00e1 ma\u00f1ana mi\u00e9rcoles 25."},"content":{"rendered":"<p>La Direcci\u00f3n de Medio Ambiente, informa que la recolecci\u00f3n de la bolsa verde prevista para el d\u00eda de hoy en Sierra de la Ventana, se traspasar\u00e1 para \u00a0ma\u00f1ana, mi\u00e9rcoles 25 de noviembre.<!--more--><\/p>\n<p>La misma se realizar\u00e1 en horas de la ma\u00f1ana en los barrios Centro, Golf, Valle Hermoso, y La Cumbre.<\/p>\n","protected":false},"excerpt":{"rendered":"<p>La Direcci\u00f3n de Medio Ambiente, informa que la recolecci\u00f3n de la bolsa verde prevista para el d\u00eda de hoy en Sierra de la Ventana, se traspasar\u00e1 para \u00a0ma\u00f1ana, mi\u00e9rcoles 25 de noviembre.<\/p>\n","protected":false},"author":3,"featured_media":37368,"comment_status":"closed","ping_status":"open","sticky":false,"template":"","format":"standard","meta":{"footnotes":""},"categories":[28],"tags":[],"class_list":["post-49607","post","type-post","status-publish","format-standard","has-post-thumbnail","hentry","category-municipales"],"yoast_head":"<!-- This site is optimized with the Yoast SEO plugin v25.9 - https:\/\/yoast.com\/wordpress\/plugins\/seo\/ -->\n<title>La recolecci\u00f3n de bolsa verde en Sierra de la ventana se realizar\u00e1 ma\u00f1ana mi\u00e9rcoles 25. - Noticias Radio Reflejos<\/title>\n<meta name=\"robots\" content=\"index, follow, max-snippet:-1, max-image-preview:large, max-video-preview:-1\" \/>\n<link rel=\"canonical\" href=\"https:\/\/www.noticiasradioreflejos.com.ar\/2021\/la-recoleccion-de-bolsa-verde-en-sierra-de-la-ventana-se-realizara-manana-miercoles-25\/\" \/>\n<meta property=\"og:locale\" content=\"es_ES\" \/>\n<meta property=\"og:type\" content=\"article\" \/>\n<meta property=\"og:title\" content=\"La recolecci\u00f3n de bolsa verde en Sierra de la ventana se realizar\u00e1 ma\u00f1ana mi\u00e9rcoles 25. - Noticias Radio Reflejos\" \/>\n<meta property=\"og:description\" content=\"La Direcci\u00f3n de Medio Ambiente, informa que la recolecci\u00f3n de la bolsa verde prevista para el d\u00eda de hoy en Sierra de la Ventana, se traspasar\u00e1 para \u00a0ma\u00f1ana, mi\u00e9rcoles 25 de noviembre.\" \/>\n<meta property=\"og:url\" content=\"https:\/\/www.noticiasradioreflejos.com.ar\/2021\/la-recoleccion-de-bolsa-verde-en-sierra-de-la-ventana-se-realizara-manana-miercoles-25\/\" \/>\n<meta property=\"og:site_name\" content=\"Noticias Radio Reflejos\" \/>\n<meta property=\"article:published_time\" content=\"2020-11-24T12:06:03+00:00\" \/>\n<meta property=\"og:image\" content=\"https:\/\/www.noticiasradioreflejos.com.ar\/2021\/wp-content\/uploads\/2019\/12\/Recoleccion.jpg\" \/>\n\t<meta property=\"og:image:width\" content=\"720\" \/>\n\t<meta property=\"og:image:height\" content=\"380\" \/>\n\t<meta property=\"og:image:type\" content=\"image\/jpeg\" \/>\n<meta name=\"author\" content=\"Arnaldo Botto\" \/>\n<meta name=\"twitter:card\" content=\"summary_large_image\" \/>\n<script type=\"application\/ld+json\" class=\"yoast-schema-graph\">{\"@context\":\"https:\/\/schema.org\",\"@graph\":[{\"@type\":\"WebPage\",\"@id\":\"https:\/\/www.noticiasradioreflejos.com.ar\/2021\/la-recoleccion-de-bolsa-verde-en-sierra-de-la-ventana-se-realizara-manana-miercoles-25\/\",\"url\":\"https:\/\/www.noticiasradioreflejos.com.ar\/2021\/la-recoleccion-de-bolsa-verde-en-sierra-de-la-ventana-se-realizara-manana-miercoles-25\/\",\"name\":\"La recolecci\u00f3n de bolsa verde en Sierra de la ventana se realizar\u00e1 ma\u00f1ana mi\u00e9rcoles 25. - Noticias Radio Reflejos\",\"isPartOf\":{\"@id\":\"https:\/\/www.noticiasradioreflejos.com.ar\/2021\/#website\"},\"primaryImageOfPage\":{\"@id\":\"https:\/\/www.noticiasradioreflejos.com.ar\/2021\/la-recoleccion-de-bolsa-verde-en-sierra-de-la-ventana-se-realizara-manana-miercoles-25\/#primaryimage\"},\"image\":{\"@id\":\"https:\/\/www.noticiasradioreflejos.com.ar\/2021\/la-recoleccion-de-bolsa-verde-en-sierra-de-la-ventana-se-realizara-manana-miercoles-25\/#primaryimage\"},\"thumbnailUrl\":\"https:\/\/www.noticiasradioreflejos.com.ar\/2021\/wp-content\/uploads\/2019\/12\/Recoleccion.jpg\",\"datePublished\":\"2020-11-24T12:06:03+00:00\",\"author\":{\"@id\":\"https:\/\/www.noticiasradioreflejos.com.ar\/2021\/#\/schema\/person\/ad82545263dcc5ec0996818884fd5fb1\"},\"breadcrumb\":{\"@id\":\"https:\/\/www.noticiasradioreflejos.com.ar\/2021\/la-recoleccion-de-bolsa-verde-en-sierra-de-la-ventana-se-realizara-manana-miercoles-25\/#breadcrumb\"},\"inLanguage\":\"es\",\"potentialAction\":[{\"@type\":\"ReadAction\",\"target\":[\"https:\/\/www.noticiasradioreflejos.com.ar\/2021\/la-recoleccion-de-bolsa-verde-en-sierra-de-la-ventana-se-realizara-manana-miercoles-25\/\"]}]},{\"@type\":\"ImageObject\",\"inLanguage\":\"es\",\"@id\":\"https:\/\/www.noticiasradioreflejos.com.ar\/2021\/la-recoleccion-de-bolsa-verde-en-sierra-de-la-ventana-se-realizara-manana-miercoles-25\/#primaryimage\",\"url\":\"https:\/\/www.noticiasradioreflejos.com.ar\/2021\/wp-content\/uploads\/2019\/12\/Recoleccion.jpg\",\"contentUrl\":\"https:\/\/www.noticiasradioreflejos.com.ar\/2021\/wp-content\/uploads\/2019\/12\/Recoleccion.jpg\",\"width\":720,\"height\":380},{\"@type\":\"BreadcrumbList\",\"@id\":\"https:\/\/www.noticiasradioreflejos.com.ar\/2021\/la-recoleccion-de-bolsa-verde-en-sierra-de-la-ventana-se-realizara-manana-miercoles-25\/#breadcrumb\",\"itemListElement\":[{\"@type\":\"ListItem\",\"position\":1,\"name\":\"Portada\",\"item\":\"https:\/\/www.noticiasradioreflejos.com.ar\/2021\/\"},{\"@type\":\"ListItem\",\"position\":2,\"name\":\"La recolecci\u00f3n de bolsa verde en Sierra de la ventana se realizar\u00e1 ma\u00f1ana mi\u00e9rcoles 25.\"}]},{\"@type\":\"WebSite\",\"@id\":\"https:\/\/www.noticiasradioreflejos.com.ar\/2021\/#website\",\"url\":\"https:\/\/www.noticiasradioreflejos.com.ar\/2021\/\",\"name\":\"Noticias Radio Reflejos\",\"description\":\"Las noticias de mi comarca\",\"potentialAction\":[{\"@type\":\"SearchAction\",\"target\":{\"@type\":\"EntryPoint\",\"urlTemplate\":\"https:\/\/www.noticiasradioreflejos.com.ar\/2021\/?s={search_term_string}\"},\"query-input\":{\"@type\":\"PropertyValueSpecification\",\"valueRequired\":true,\"valueName\":\"search_term_string\"}}],\"inLanguage\":\"es\"},{\"@type\":\"Person\",\"@id\":\"https:\/\/www.noticiasradioreflejos.com.ar\/2021\/#\/schema\/person\/ad82545263dcc5ec0996818884fd5fb1\",\"name\":\"Arnaldo Botto\",\"image\":{\"@type\":\"ImageObject\",\"inLanguage\":\"es\",\"@id\":\"https:\/\/www.noticiasradioreflejos.com.ar\/2021\/#\/schema\/person\/image\/\",\"url\":\"https:\/\/secure.gravatar.com\/avatar\/55cb5e37c1efa326397366e6974cb338056df65cb50e7d64d1cf314e87504837?s=96&d=mm&r=g\",\"contentUrl\":\"https:\/\/secure.gravatar.com\/avatar\/55cb5e37c1efa326397366e6974cb338056df65cb50e7d64d1cf314e87504837?s=96&d=mm&r=g\",\"caption\":\"Arnaldo Botto\"},\"url\":\"https:\/\/www.noticiasradioreflejos.com.ar\/2021\/author\/arnaldo\/\"}]}<\/script>\n<!-- \/ Yoast SEO plugin. -->","yoast_head_json":{"title":"La recolecci\u00f3n de bolsa verde en Sierra de la ventana se realizar\u00e1 ma\u00f1ana mi\u00e9rcoles 25. - Noticias Radio Reflejos","robots":{"index":"index","follow":"follow","max-snippet":"max-snippet:-1","max-image-preview":"max-image-preview:large","max-video-preview":"max-video-preview:-1"},"canonical":"https:\/\/www.noticiasradioreflejos.com.ar\/2021\/la-recoleccion-de-bolsa-verde-en-sierra-de-la-ventana-se-realizara-manana-miercoles-25\/","og_locale":"es_ES","og_type":"article","og_title":"La recolecci\u00f3n de bolsa verde en Sierra de la ventana se realizar\u00e1 ma\u00f1ana mi\u00e9rcoles 25. - Noticias Radio Reflejos","og_description":"La Direcci\u00f3n de Medio Ambiente, informa que la recolecci\u00f3n de la bolsa verde prevista para el d\u00eda de hoy en Sierra de la Ventana, se traspasar\u00e1 para \u00a0ma\u00f1ana, mi\u00e9rcoles 25 de noviembre.","og_url":"https:\/\/www.noticiasradioreflejos.com.ar\/2021\/la-recoleccion-de-bolsa-verde-en-sierra-de-la-ventana-se-realizara-manana-miercoles-25\/","og_site_name":"Noticias Radio Reflejos","article_published_time":"2020-11-24T12:06:03+00:00","og_image":[{"width":720,"height":380,"url":"https:\/\/www.noticiasradioreflejos.com.ar\/2021\/wp-content\/uploads\/2019\/12\/Recoleccion.jpg","type":"image\/jpeg"}],"author":"Arnaldo Botto","twitter_card":"summary_large_image","schema":{"@context":"https:\/\/schema.org","@graph":[{"@type":"WebPage","@id":"https:\/\/www.noticiasradioreflejos.com.ar\/2021\/la-recoleccion-de-bolsa-verde-en-sierra-de-la-ventana-se-realizara-manana-miercoles-25\/","url":"https:\/\/www.noticiasradioreflejos.com.ar\/2021\/la-recoleccion-de-bolsa-verde-en-sierra-de-la-ventana-se-realizara-manana-miercoles-25\/","name":"La recolecci\u00f3n de bolsa verde en Sierra de la ventana se realizar\u00e1 ma\u00f1ana mi\u00e9rcoles 25. - Noticias Radio Reflejos","isPartOf":{"@id":"https:\/\/www.noticiasradioreflejos.com.ar\/2021\/#website"},"primaryImageOfPage":{"@id":"https:\/\/www.noticiasradioreflejos.com.ar\/2021\/la-recoleccion-de-bolsa-verde-en-sierra-de-la-ventana-se-realizara-manana-miercoles-25\/#primaryimage"},"image":{"@id":"https:\/\/www.noticiasradioreflejos.com.ar\/2021\/la-recoleccion-de-bolsa-verde-en-sierra-de-la-ventana-se-realizara-manana-miercoles-25\/#primaryimage"},"thumbnailUrl":"https:\/\/www.noticiasradioreflejos.com.ar\/2021\/wp-content\/uploads\/2019\/12\/Recoleccion.jpg","datePublished":"2020-11-24T12:06:03+00:00","author":{"@id":"https:\/\/www.noticiasradioreflejos.com.ar\/2021\/#\/schema\/person\/ad82545263dcc5ec0996818884fd5fb1"},"breadcrumb":{"@id":"https:\/\/www.noticiasradioreflejos.com.ar\/2021\/la-recoleccion-de-bolsa-verde-en-sierra-de-la-ventana-se-realizara-manana-miercoles-25\/#breadcrumb"},"inLanguage":"es","potentialAction":[{"@type":"ReadAction","target":["https:\/\/www.noticiasradioreflejos.com.ar\/2021\/la-recoleccion-de-bolsa-verde-en-sierra-de-la-ventana-se-realizara-manana-miercoles-25\/"]}]},{"@type":"ImageObject","inLanguage":"es","@id":"https:\/\/www.noticiasradioreflejos.com.ar\/2021\/la-recoleccion-de-bolsa-verde-en-sierra-de-la-ventana-se-realizara-manana-miercoles-25\/#primaryimage","url":"https:\/\/www.noticiasradioreflejos.com.ar\/2021\/wp-content\/uploads\/2019\/12\/Recoleccion.jpg","contentUrl":"https:\/\/www.noticiasradioreflejos.com.ar\/2021\/wp-content\/uploads\/2019\/12\/Recoleccion.jpg","width":720,"height":380},{"@type":"BreadcrumbList","@id":"https:\/\/www.noticiasradioreflejos.com.ar\/2021\/la-recoleccion-de-bolsa-verde-en-sierra-de-la-ventana-se-realizara-manana-miercoles-25\/#breadcrumb","itemListElement":[{"@type":"ListItem","position":1,"name":"Portada","item":"https:\/\/www.noticiasradioreflejos.com.ar\/2021\/"},{"@type":"ListItem","position":2,"name":"La recolecci\u00f3n de bolsa verde en Sierra de la ventana se realizar\u00e1 ma\u00f1ana mi\u00e9rcoles 25."}]},{"@type":"WebSite","@id":"https:\/\/www.noticiasradioreflejos.com.ar\/2021\/#website","url":"https:\/\/www.noticiasradioreflejos.com.ar\/2021\/","name":"Noticias Radio Reflejos","description":"Las noticias de mi comarca","potentialAction":[{"@type":"SearchAction","target":{"@type":"EntryPoint","urlTemplate":"https:\/\/www.noticiasradioreflejos.com.ar\/2021\/?s={search_term_string}"},"query-input":{"@type":"PropertyValueSpecification","valueRequired":true,"valueName":"search_term_string"}}],"inLanguage":"es"},{"@type":"Person","@id":"https:\/\/www.noticiasradioreflejos.com.ar\/2021\/#\/schema\/person\/ad82545263dcc5ec0996818884fd5fb1","name":"Arnaldo Botto","image":{"@type":"ImageObject","inLanguage":"es","@id":"https:\/\/www.noticiasradioreflejos.com.ar\/2021\/#\/schema\/person\/image\/","url":"https:\/\/secure.gravatar.com\/avatar\/55cb5e37c1efa326397366e6974cb338056df65cb50e7d64d1cf314e87504837?s=96&d=mm&r=g","contentUrl":"https:\/\/secure.gravatar.com\/avatar\/55cb5e37c1efa326397366e6974cb338056df65cb50e7d64d1cf314e87504837?s=96&d=mm&r=g","caption":"Arnaldo Botto"},"url":"https:\/\/www.noticiasradioreflejos.com.ar\/2021\/author\/arnaldo\/"}]}},"_links":{"self":[{"href":"https:\/\/www.noticiasradioreflejos.com.ar\/2021\/wp-json\/wp\/v2\/posts\/49607","targetHints":{"allow":["GET"]}}],"collection":[{"href":"https:\/\/www.noticiasradioreflejos.com.ar\/2021\/wp-json\/wp\/v2\/posts"}],"about":[{"href":"https:\/\/www.noticiasradioreflejos.com.ar\/2021\/wp-json\/wp\/v2\/types\/post"}],"author":[{"embeddable":true,"href":"https:\/\/www.noticiasradioreflejos.com.ar\/2021\/wp-json\/wp\/v2\/users\/3"}],"replies":[{"embeddable":true,"href":"https:\/\/www.noticiasradioreflejos.com.ar\/2021\/wp-json\/wp\/v2\/comments?post=49607"}],"version-history":[{"count":0,"href":"https:\/\/www.noticiasradioreflejos.com.ar\/2021\/wp-json\/wp\/v2\/posts\/49607\/revisions"}],"wp:featuredmedia":[{"embeddable":true,"href":"https:\/\/www.noticiasradioreflejos.com.ar\/2021\/wp-json\/wp\/v2\/media\/37368"}],"wp:attachment":[{"href":"https:\/\/www.noticiasradioreflejos.com.ar\/2021\/wp-json\/wp\/v2\/media?parent=49607"}],"wp:term":[{"taxonomy":"category","embeddable":true,"href":"https:\/\/www.noticiasradioreflejos.com.ar\/2021\/wp-json\/wp\/v2\/categories?post=49607"},{"taxonomy":"post_tag","embeddable":true,"href":"https:\/\/www.noticiasradioreflejos.com.ar\/2021\/wp-json\/wp\/v2\/tags?post=49607"}],"curies":[{"name":"wp","href":"https:\/\/api.w.org\/{rel}","templated":true}]}}