{"id":49587,"date":"2020-11-23T21:27:13","date_gmt":"2020-11-24T00:27:13","guid":{"rendered":"http:\/\/www.noticiasradioreflejos.com.ar\/noticias\/?p=49587"},"modified":"2020-11-23T21:27:13","modified_gmt":"2020-11-24T00:27:13","slug":"fin-de-semana-turistico-a-pleno-en-la-comarca-que-se-vendra","status":"publish","type":"post","link":"https:\/\/www.noticiasradioreflejos.com.ar\/2021\/fin-de-semana-turistico-a-pleno-en-la-comarca-que-se-vendra\/","title":{"rendered":"Fin de semana tur\u00edstico a pleno en la comarca. Qu\u00e9 se vendr\u00e1..??"},"content":{"rendered":"<p>Se cumplieron las expectativas y los pron\u00f3sticos m\u00e1s positivos. Los turistas inundaron la comarca serrana. Alojamientos, supermercados, comercios, gastron\u00f3micos, helader\u00edas, calles, estacionamientos, paradores y balnearios como cualquier finde largo de la otra vida, la previa a la pandemia.<!--more--><\/p>\n<p><a title=\"127005566_3530514623684692_6619845317835489399_n\" href=\"http:\/\/live.staticflickr.com\/65535\/50639770097_fcd1c455c2_s.jpg\" rel=\"\"><img loading=\"lazy\" decoding=\"async\" class=\"aligncenter\" title=\"127005566_3530514623684692_6619845317835489399_n\" src=\"http:\/\/live.staticflickr.com\/65535\/50639770097_fcd1c455c2_c.jpg\" alt=\"127005566_3530514623684692_6619845317835489399_n\" width=\"800\" height=\"390\" \/><\/a><\/p>\n<p><span style=\"color: #008000;\"><b style=\"color: #008000;\">\u00a0 \u00a0 \u00a0 \u00a0 \u00a0 \u00a0 \u00a0 \u00a0 \u00a0 \u00a0 \u00a0 \u00a0 \u00a0 \u00a0 \u00a0 \u00a0 \u00a0 \u00a0 \u00a0 \u00a0 \u00a0 \u00a0 \u00a0 \u00a0 \u00a0 \u00a0<em> \u00a0Parador Namaste, junto al Arroyo San Bernardo y su <\/em><\/b><em><span style=\"color: #008000;\"><b>Diquecito<\/b><\/span><b style=\"color: #008000;\">.<\/b><\/em><\/span><\/p>\n<p>Es momento de an\u00e1lisis para un fin de semana largo que se esperaba, tal cu\u00e1l ya se hab\u00eda visto en los findes anteriores, a partir del momento en que se levantaron los controles, todas las localidades de nuestro distrito explotaron de visitantes.<br \/>\nComo las recordadas semanas santas de anta\u00f1o, o los \u00faltimos a\u00f1os de carnavales, que pon\u00edan al feriado de 4 d\u00edas al tope del registro de visitantes, este fin de semana, el distrito experiment\u00f3 un fuerte golpe, positivo, en cuanto al trabajo para todos los que viven de la industria sin chimeneas, y de preocupaci\u00f3n para quienes durante meses vienen cuid\u00e1ndose del contagio que trajo aparejada una pandemia a nivel mundial.<br \/>\n<strong>\u00abDe estar cerrados completamente, al descontrol total\u00bb<\/strong> expres\u00f3 con preocupaci\u00f3n una vecina de la localidad que vivi\u00f3 la primer ola de la pandemia en Europa y testigo de tanto dolor y sufrimiento en los pa\u00edses en que estuvo.<br \/>\nUna bocanada de aire para los agotados bolsillos de comerciantes y prestadores y trabajadores del sector que hace algunos meses, no ve\u00edan con entusiasmo lo que traer\u00eda la temporada veraniega.<\/p>\n<p><a title=\"127456042_904423960109112_2526181362855374487_n\" href=\"http:\/\/live.staticflickr.com\/65535\/50638940238_a8d2e91f45_s.jpg\" rel=\"\"><img loading=\"lazy\" decoding=\"async\" class=\"aligncenter\" title=\"127456042_904423960109112_2526181362855374487_n\" src=\"http:\/\/live.staticflickr.com\/65535\/50638940238_a8d2e91f45_c.jpg\" alt=\"127456042_904423960109112_2526181362855374487_n\" width=\"800\" height=\"342\" \/><\/a><span style=\"color: #008000;\"><em><strong>Balneario La Hoya, a orillas del Sauce Grande, con sombra y hermosos lugares para ba\u00f1arse, cumpliendo protocolos. (<a href=\"https:\/\/www.facebook.com\/majo.yesterday\/\">Fotos de Majo Ocampo<\/a>)<\/strong><\/em><\/span><\/p>\n<p>C\u00e1maras de comercio junto a sus asociados y municipio, trabajaron intensamente para tener un <strong>\u00abdestino seguro\u00bb.<\/strong><br \/>\nHabitantes de toda la regi\u00f3n llegaron de variadas maneras a nuestras sierras, campers, motos, veh\u00edculos familiares se destacaron en los estacionamientos y bulevares del centro de Sierra, que se vieron desbordados.<br \/>\n<a title=\"127486987_214913536692880_2895071283411449583_n\" href=\"http:\/\/live.staticflickr.com\/65535\/50639770287_cb155bfe36_s.jpg\" rel=\"\"><img loading=\"lazy\" decoding=\"async\" class=\"aligncenter\" title=\"127486987_214913536692880_2895071283411449583_n\" src=\"http:\/\/live.staticflickr.com\/65535\/50639770287_cb155bfe36_z.jpg\" alt=\"127486987_214913536692880_2895071283411449583_n\" width=\"443\" height=\"640\" \/><\/a><\/p>\n<p><span style=\"color: #008000;\"><em><a style=\"color: #008000;\" href=\"https:\/\/www.facebook.com\/majo.yesterday\/\">\u00a0Tragos de Bel\u00e9n y Ezequiel en el Parador La Hoya<\/a>\u00a0<strong>\u00a0(<a href=\"https:\/\/www.facebook.com\/majo.yesterday\/\">Fotos de Majo Ocampo<\/a>)<\/strong><\/em><\/span><br \/>\nPor las calles, de todo, grupos con los cuidados y respetando los protocolos y otros que nada, como si vivieran en el 2018.<br \/>\nCon ese panorama nos encontramos; comerciants haciendo cumplir a sus clientes con el ingreso restringido y el uso de tapabocas o \u00ab<strong>no entra\u00bb<\/strong>; gastron\u00f3micos con mesas separadas y personal cumpliendo y otros que muy poco.<\/p>\n<p>As\u00ed queda librada la suerte de la gente, los que entienden de responsabilidades y los que todo les<strong> Ch&#8230; un H&#8230;.!<\/strong><\/p>\n<p><a title=\"2020-11-23_09-45-40\" href=\"http:\/\/live.staticflickr.com\/65535\/50639681646_92d1f67d13_s.jpg\" rel=\"\"><img loading=\"lazy\" decoding=\"async\" class=\"aligncenter\" title=\"2020-11-23_09-45-40\" src=\"http:\/\/live.staticflickr.com\/65535\/50639681646_92d1f67d13_c.jpg\" alt=\"2020-11-23_09-45-40\" width=\"800\" height=\"450\" \/><\/a><\/p>\n<p><span style=\"color: #008000;\"><em>\u00a0<strong>Incesante tr\u00e1nsito de veh\u00edculos en todas las calles y arterias de Sierra de la Ventana<\/strong><\/em><\/span><\/p>\n<p>Estos d\u00edas de feriado\u00a0 cayeron a fin de mes, y se viene el \u00faltimo <strong>\u00abLargo\u00bb<\/strong>,\u00a0ser\u00e1n 4 d\u00edas y con plata en los bolsillos porque caer\u00e1 en los primeros d\u00edas de diciembre, con el turismo \u00abOficialmente\u00bb habilitado a todo el pa\u00eds, lo que hace pensar en un desborde total de visitantes.<\/p>\n<p>Criterios diferentes en cada distrito, algunos que buscan la forma y modo de seguir cuidando a sus pobladores y otros que se las arreglaran como puedan.\u00a0 El movimiento esta en marcha y las cartas echadas, veremos qui\u00e9n tendr\u00e1 el as de espada para quedarse con la partida.<\/p>\n<p><strong>Salud y\u00a0Dinero <\/strong>siguen pareciendo las dos caras de la moneda.<\/p>\n<p><a title=\"2020-11-23_09-46-37\" href=\"http:\/\/live.staticflickr.com\/65535\/50639684026_b4254351ca_s.jpg\" rel=\"\"><img loading=\"lazy\" decoding=\"async\" class=\"aligncenter\" title=\"2020-11-23_09-46-37\" src=\"http:\/\/live.staticflickr.com\/65535\/50639684026_b4254351ca_c.jpg\" alt=\"2020-11-23_09-46-37\" width=\"800\" height=\"450\" \/><\/a><\/p>\n<p><a title=\"1606175137750\" href=\"http:\/\/live.staticflickr.com\/65535\/50639622962_0d17842ab9_s.jpg\" rel=\"\"><img loading=\"lazy\" decoding=\"async\" class=\"aligncenter\" title=\"1606175137750\" src=\"http:\/\/live.staticflickr.com\/65535\/50639622962_0d17842ab9_c.jpg\" alt=\"1606175137750\" width=\"800\" height=\"450\" \/><\/a><\/p>\n<p><a title=\"1606175137747\" href=\"http:\/\/live.staticflickr.com\/65535\/50638791858_a0c6ffea24_s.jpg\" rel=\"\"><img loading=\"lazy\" decoding=\"async\" class=\"aligncenter\" title=\"1606175137747\" src=\"http:\/\/live.staticflickr.com\/65535\/50638791858_a0c6ffea24_c.jpg\" alt=\"1606175137747\" width=\"800\" height=\"450\" \/><\/a><\/p>\n<p><a title=\"1606175137753\" href=\"http:\/\/live.staticflickr.com\/65535\/50638792043_f8698540f1_s.jpg\" rel=\"\"><img loading=\"lazy\" decoding=\"async\" class=\"aligncenter\" title=\"1606175137753\" src=\"http:\/\/live.staticflickr.com\/65535\/50638792043_f8698540f1_c.jpg\" alt=\"1606175137753\" width=\"800\" height=\"450\" \/><\/a><\/p>\n","protected":false},"excerpt":{"rendered":"<p>Se cumplieron las expectativas y los pron\u00f3sticos m\u00e1s positivos. Los turistas inundaron la comarca serrana. Alojamientos, supermercados, comercios, gastron\u00f3micos, helader\u00edas, calles, estacionamientos, paradores y balnearios como cualquier finde largo de la otra vida, la previa a la pandemia.<\/p>\n","protected":false},"author":3,"featured_media":0,"comment_status":"closed","ping_status":"open","sticky":false,"template":"","format":"standard","meta":{"footnotes":""},"categories":[24,26],"tags":[],"class_list":["post-49587","post","type-post","status-publish","format-standard","hentry","category-politica","category-sociedad"],"yoast_head":"<!-- This site is optimized with the Yoast SEO plugin v25.9 - https:\/\/yoast.com\/wordpress\/plugins\/seo\/ -->\n<title>Fin de semana tur\u00edstico a pleno en la comarca. Qu\u00e9 se vendr\u00e1..?? - Noticias Radio Reflejos<\/title>\n<meta name=\"robots\" content=\"index, follow, max-snippet:-1, max-image-preview:large, max-video-preview:-1\" \/>\n<link rel=\"canonical\" href=\"https:\/\/www.noticiasradioreflejos.com.ar\/2021\/fin-de-semana-turistico-a-pleno-en-la-comarca-que-se-vendra\/\" \/>\n<meta property=\"og:locale\" content=\"es_ES\" \/>\n<meta property=\"og:type\" content=\"article\" \/>\n<meta property=\"og:title\" content=\"Fin de semana tur\u00edstico a pleno en la comarca. Qu\u00e9 se vendr\u00e1..?? - Noticias Radio Reflejos\" \/>\n<meta property=\"og:description\" content=\"Se cumplieron las expectativas y los pron\u00f3sticos m\u00e1s positivos. Los turistas inundaron la comarca serrana. Alojamientos, supermercados, comercios, gastron\u00f3micos, helader\u00edas, calles, estacionamientos, paradores y balnearios como cualquier finde largo de la otra vida, la previa a la pandemia.\" \/>\n<meta property=\"og:url\" content=\"https:\/\/www.noticiasradioreflejos.com.ar\/2021\/fin-de-semana-turistico-a-pleno-en-la-comarca-que-se-vendra\/\" \/>\n<meta property=\"og:site_name\" content=\"Noticias Radio Reflejos\" \/>\n<meta property=\"article:published_time\" content=\"2020-11-24T00:27:13+00:00\" \/>\n<meta property=\"og:image\" content=\"http:\/\/live.staticflickr.com\/65535\/50639770097_fcd1c455c2_c.jpg\" \/>\n<meta name=\"author\" content=\"Arnaldo Botto\" \/>\n<meta name=\"twitter:card\" content=\"summary_large_image\" \/>\n<script type=\"application\/ld+json\" class=\"yoast-schema-graph\">{\"@context\":\"https:\/\/schema.org\",\"@graph\":[{\"@type\":\"WebPage\",\"@id\":\"https:\/\/www.noticiasradioreflejos.com.ar\/2021\/fin-de-semana-turistico-a-pleno-en-la-comarca-que-se-vendra\/\",\"url\":\"https:\/\/www.noticiasradioreflejos.com.ar\/2021\/fin-de-semana-turistico-a-pleno-en-la-comarca-que-se-vendra\/\",\"name\":\"Fin de semana tur\u00edstico a pleno en la comarca. Qu\u00e9 se vendr\u00e1..?? - Noticias Radio Reflejos\",\"isPartOf\":{\"@id\":\"https:\/\/www.noticiasradioreflejos.com.ar\/2021\/#website\"},\"primaryImageOfPage\":{\"@id\":\"https:\/\/www.noticiasradioreflejos.com.ar\/2021\/fin-de-semana-turistico-a-pleno-en-la-comarca-que-se-vendra\/#primaryimage\"},\"image\":{\"@id\":\"https:\/\/www.noticiasradioreflejos.com.ar\/2021\/fin-de-semana-turistico-a-pleno-en-la-comarca-que-se-vendra\/#primaryimage\"},\"thumbnailUrl\":\"http:\/\/live.staticflickr.com\/65535\/50639770097_fcd1c455c2_c.jpg\",\"datePublished\":\"2020-11-24T00:27:13+00:00\",\"author\":{\"@id\":\"https:\/\/www.noticiasradioreflejos.com.ar\/2021\/#\/schema\/person\/ad82545263dcc5ec0996818884fd5fb1\"},\"breadcrumb\":{\"@id\":\"https:\/\/www.noticiasradioreflejos.com.ar\/2021\/fin-de-semana-turistico-a-pleno-en-la-comarca-que-se-vendra\/#breadcrumb\"},\"inLanguage\":\"es\",\"potentialAction\":[{\"@type\":\"ReadAction\",\"target\":[\"https:\/\/www.noticiasradioreflejos.com.ar\/2021\/fin-de-semana-turistico-a-pleno-en-la-comarca-que-se-vendra\/\"]}]},{\"@type\":\"ImageObject\",\"inLanguage\":\"es\",\"@id\":\"https:\/\/www.noticiasradioreflejos.com.ar\/2021\/fin-de-semana-turistico-a-pleno-en-la-comarca-que-se-vendra\/#primaryimage\",\"url\":\"http:\/\/live.staticflickr.com\/65535\/50639770097_fcd1c455c2_c.jpg\",\"contentUrl\":\"http:\/\/live.staticflickr.com\/65535\/50639770097_fcd1c455c2_c.jpg\"},{\"@type\":\"BreadcrumbList\",\"@id\":\"https:\/\/www.noticiasradioreflejos.com.ar\/2021\/fin-de-semana-turistico-a-pleno-en-la-comarca-que-se-vendra\/#breadcrumb\",\"itemListElement\":[{\"@type\":\"ListItem\",\"position\":1,\"name\":\"Portada\",\"item\":\"https:\/\/www.noticiasradioreflejos.com.ar\/2021\/\"},{\"@type\":\"ListItem\",\"position\":2,\"name\":\"Fin de semana tur\u00edstico a pleno en la comarca. Qu\u00e9 se vendr\u00e1..??\"}]},{\"@type\":\"WebSite\",\"@id\":\"https:\/\/www.noticiasradioreflejos.com.ar\/2021\/#website\",\"url\":\"https:\/\/www.noticiasradioreflejos.com.ar\/2021\/\",\"name\":\"Noticias Radio Reflejos\",\"description\":\"Las noticias de mi comarca\",\"potentialAction\":[{\"@type\":\"SearchAction\",\"target\":{\"@type\":\"EntryPoint\",\"urlTemplate\":\"https:\/\/www.noticiasradioreflejos.com.ar\/2021\/?s={search_term_string}\"},\"query-input\":{\"@type\":\"PropertyValueSpecification\",\"valueRequired\":true,\"valueName\":\"search_term_string\"}}],\"inLanguage\":\"es\"},{\"@type\":\"Person\",\"@id\":\"https:\/\/www.noticiasradioreflejos.com.ar\/2021\/#\/schema\/person\/ad82545263dcc5ec0996818884fd5fb1\",\"name\":\"Arnaldo Botto\",\"image\":{\"@type\":\"ImageObject\",\"inLanguage\":\"es\",\"@id\":\"https:\/\/www.noticiasradioreflejos.com.ar\/2021\/#\/schema\/person\/image\/\",\"url\":\"https:\/\/secure.gravatar.com\/avatar\/55cb5e37c1efa326397366e6974cb338056df65cb50e7d64d1cf314e87504837?s=96&d=mm&r=g\",\"contentUrl\":\"https:\/\/secure.gravatar.com\/avatar\/55cb5e37c1efa326397366e6974cb338056df65cb50e7d64d1cf314e87504837?s=96&d=mm&r=g\",\"caption\":\"Arnaldo Botto\"},\"url\":\"https:\/\/www.noticiasradioreflejos.com.ar\/2021\/author\/arnaldo\/\"}]}<\/script>\n<!-- \/ Yoast SEO plugin. -->","yoast_head_json":{"title":"Fin de semana tur\u00edstico a pleno en la comarca. Qu\u00e9 se vendr\u00e1..?? - Noticias Radio Reflejos","robots":{"index":"index","follow":"follow","max-snippet":"max-snippet:-1","max-image-preview":"max-image-preview:large","max-video-preview":"max-video-preview:-1"},"canonical":"https:\/\/www.noticiasradioreflejos.com.ar\/2021\/fin-de-semana-turistico-a-pleno-en-la-comarca-que-se-vendra\/","og_locale":"es_ES","og_type":"article","og_title":"Fin de semana tur\u00edstico a pleno en la comarca. Qu\u00e9 se vendr\u00e1..?? - Noticias Radio Reflejos","og_description":"Se cumplieron las expectativas y los pron\u00f3sticos m\u00e1s positivos. Los turistas inundaron la comarca serrana. Alojamientos, supermercados, comercios, gastron\u00f3micos, helader\u00edas, calles, estacionamientos, paradores y balnearios como cualquier finde largo de la otra vida, la previa a la pandemia.","og_url":"https:\/\/www.noticiasradioreflejos.com.ar\/2021\/fin-de-semana-turistico-a-pleno-en-la-comarca-que-se-vendra\/","og_site_name":"Noticias Radio Reflejos","article_published_time":"2020-11-24T00:27:13+00:00","og_image":[{"url":"http:\/\/live.staticflickr.com\/65535\/50639770097_fcd1c455c2_c.jpg","type":"","width":"","height":""}],"author":"Arnaldo Botto","twitter_card":"summary_large_image","schema":{"@context":"https:\/\/schema.org","@graph":[{"@type":"WebPage","@id":"https:\/\/www.noticiasradioreflejos.com.ar\/2021\/fin-de-semana-turistico-a-pleno-en-la-comarca-que-se-vendra\/","url":"https:\/\/www.noticiasradioreflejos.com.ar\/2021\/fin-de-semana-turistico-a-pleno-en-la-comarca-que-se-vendra\/","name":"Fin de semana tur\u00edstico a pleno en la comarca. Qu\u00e9 se vendr\u00e1..?? - Noticias Radio Reflejos","isPartOf":{"@id":"https:\/\/www.noticiasradioreflejos.com.ar\/2021\/#website"},"primaryImageOfPage":{"@id":"https:\/\/www.noticiasradioreflejos.com.ar\/2021\/fin-de-semana-turistico-a-pleno-en-la-comarca-que-se-vendra\/#primaryimage"},"image":{"@id":"https:\/\/www.noticiasradioreflejos.com.ar\/2021\/fin-de-semana-turistico-a-pleno-en-la-comarca-que-se-vendra\/#primaryimage"},"thumbnailUrl":"http:\/\/live.staticflickr.com\/65535\/50639770097_fcd1c455c2_c.jpg","datePublished":"2020-11-24T00:27:13+00:00","author":{"@id":"https:\/\/www.noticiasradioreflejos.com.ar\/2021\/#\/schema\/person\/ad82545263dcc5ec0996818884fd5fb1"},"breadcrumb":{"@id":"https:\/\/www.noticiasradioreflejos.com.ar\/2021\/fin-de-semana-turistico-a-pleno-en-la-comarca-que-se-vendra\/#breadcrumb"},"inLanguage":"es","potentialAction":[{"@type":"ReadAction","target":["https:\/\/www.noticiasradioreflejos.com.ar\/2021\/fin-de-semana-turistico-a-pleno-en-la-comarca-que-se-vendra\/"]}]},{"@type":"ImageObject","inLanguage":"es","@id":"https:\/\/www.noticiasradioreflejos.com.ar\/2021\/fin-de-semana-turistico-a-pleno-en-la-comarca-que-se-vendra\/#primaryimage","url":"http:\/\/live.staticflickr.com\/65535\/50639770097_fcd1c455c2_c.jpg","contentUrl":"http:\/\/live.staticflickr.com\/65535\/50639770097_fcd1c455c2_c.jpg"},{"@type":"BreadcrumbList","@id":"https:\/\/www.noticiasradioreflejos.com.ar\/2021\/fin-de-semana-turistico-a-pleno-en-la-comarca-que-se-vendra\/#breadcrumb","itemListElement":[{"@type":"ListItem","position":1,"name":"Portada","item":"https:\/\/www.noticiasradioreflejos.com.ar\/2021\/"},{"@type":"ListItem","position":2,"name":"Fin de semana tur\u00edstico a pleno en la comarca. Qu\u00e9 se vendr\u00e1..??"}]},{"@type":"WebSite","@id":"https:\/\/www.noticiasradioreflejos.com.ar\/2021\/#website","url":"https:\/\/www.noticiasradioreflejos.com.ar\/2021\/","name":"Noticias Radio Reflejos","description":"Las noticias de mi comarca","potentialAction":[{"@type":"SearchAction","target":{"@type":"EntryPoint","urlTemplate":"https:\/\/www.noticiasradioreflejos.com.ar\/2021\/?s={search_term_string}"},"query-input":{"@type":"PropertyValueSpecification","valueRequired":true,"valueName":"search_term_string"}}],"inLanguage":"es"},{"@type":"Person","@id":"https:\/\/www.noticiasradioreflejos.com.ar\/2021\/#\/schema\/person\/ad82545263dcc5ec0996818884fd5fb1","name":"Arnaldo Botto","image":{"@type":"ImageObject","inLanguage":"es","@id":"https:\/\/www.noticiasradioreflejos.com.ar\/2021\/#\/schema\/person\/image\/","url":"https:\/\/secure.gravatar.com\/avatar\/55cb5e37c1efa326397366e6974cb338056df65cb50e7d64d1cf314e87504837?s=96&d=mm&r=g","contentUrl":"https:\/\/secure.gravatar.com\/avatar\/55cb5e37c1efa326397366e6974cb338056df65cb50e7d64d1cf314e87504837?s=96&d=mm&r=g","caption":"Arnaldo Botto"},"url":"https:\/\/www.noticiasradioreflejos.com.ar\/2021\/author\/arnaldo\/"}]}},"_links":{"self":[{"href":"https:\/\/www.noticiasradioreflejos.com.ar\/2021\/wp-json\/wp\/v2\/posts\/49587","targetHints":{"allow":["GET"]}}],"collection":[{"href":"https:\/\/www.noticiasradioreflejos.com.ar\/2021\/wp-json\/wp\/v2\/posts"}],"about":[{"href":"https:\/\/www.noticiasradioreflejos.com.ar\/2021\/wp-json\/wp\/v2\/types\/post"}],"author":[{"embeddable":true,"href":"https:\/\/www.noticiasradioreflejos.com.ar\/2021\/wp-json\/wp\/v2\/users\/3"}],"replies":[{"embeddable":true,"href":"https:\/\/www.noticiasradioreflejos.com.ar\/2021\/wp-json\/wp\/v2\/comments?post=49587"}],"version-history":[{"count":0,"href":"https:\/\/www.noticiasradioreflejos.com.ar\/2021\/wp-json\/wp\/v2\/posts\/49587\/revisions"}],"wp:attachment":[{"href":"https:\/\/www.noticiasradioreflejos.com.ar\/2021\/wp-json\/wp\/v2\/media?parent=49587"}],"wp:term":[{"taxonomy":"category","embeddable":true,"href":"https:\/\/www.noticiasradioreflejos.com.ar\/2021\/wp-json\/wp\/v2\/categories?post=49587"},{"taxonomy":"post_tag","embeddable":true,"href":"https:\/\/www.noticiasradioreflejos.com.ar\/2021\/wp-json\/wp\/v2\/tags?post=49587"}],"curies":[{"name":"wp","href":"https:\/\/api.w.org\/{rel}","templated":true}]}}