{"id":49568,"date":"2020-11-23T20:26:35","date_gmt":"2020-11-23T23:26:35","guid":{"rendered":"http:\/\/www.noticiasradioreflejos.com.ar\/noticias\/?p=49568"},"modified":"2020-11-23T20:26:35","modified_gmt":"2020-11-23T23:26:35","slug":"lunes-feriado-con-lluvia-truenos-rayos-y-centellas","status":"publish","type":"post","link":"https:\/\/www.noticiasradioreflejos.com.ar\/2021\/lunes-feriado-con-lluvia-truenos-rayos-y-centellas\/","title":{"rendered":"Lunes feriado: Con lluvia, truenos, rayos y centellas."},"content":{"rendered":"<p>Una jornada de tiempo inestable, tormentas el\u00e9ctricas y muy lluvioso se vivi\u00f3 en toda la Comarca Serrana.<!--more--><\/p>\n<p>El espect\u00e1culo comenz\u00f3 las 02:30 de la madrugada de este lunes 23 de noviembre, con un cielo cubierto y encendido por los numerosos rayos y rel\u00e1mpagos que iluminaban todo el oscuro horizonte, preparando a las localidades de la comarca para lo que se vendr\u00eda.<\/p>\n<p><a title=\"127018814_4924571594249558_4863395960194138830_o\" href=\"http:\/\/live.staticflickr.com\/65535\/50639489386_223e87dbea_s.jpg\" rel=\"\"><img loading=\"lazy\" decoding=\"async\" class=\"aligncenter\" title=\"127018814_4924571594249558_4863395960194138830_o\" src=\"http:\/\/live.staticflickr.com\/65535\/50639489386_223e87dbea_c.jpg\" alt=\"127018814_4924571594249558_4863395960194138830_o\" width=\"800\" height=\"533\" \/><\/a><br \/>\nLas precipitaciones no se hicieron esperar, y llovi\u00f3 casi todo el d\u00eda de corrido. Por momentos se plantaba una tensa calma de los vientos y el cielo se tornaba m\u00e1s luminoso como dando un anticipo m\u00e1s de lo que se vendr\u00eda; a los pocos minutos, fuertes descargas el\u00e9ctricas y arrancaba otra vez la lluvia. As\u00ed, a lo largo de toda la jornada, dando hasta las 20 horas un total de 38 mm de precipitaciones. A esto debemos sumarle los sorpresivos 10 mm del s\u00e1bado, lo que llevar\u00eda a casi medio centenar de mil\u00edmetros en pocas horas.<br \/>\nLos registros fotogr\u00e1ficos de <a href=\"https:\/\/www.facebook.com\/photo?fbid=4924572034249514&amp;set=pcb.4924583327581718\" target=\"_blank\" rel=\"noopener\"><strong>Franco Scialpi<\/strong><\/a> dan cuenta del magn\u00edfico cuadro que se fue registrando durante la madrugada de hoy con sus excelentes tomas. Tambi\u00e9n , las descargas el\u00e9ctricas causaron algunos inconvenientes en los servicios dentro de la localidad de Sierra de la Ventana, como el caso del servicio de internet que presta la Cooperativa el\u00e9ctrica local, que qued\u00f3 fuera de servicio por la ca\u00edda de un rayo en sus centro de distribuci\u00f3n, lo que da\u00f1\u00f3 equipamiento y mantuvo sin conexi\u00f3n por un par de horas a sus usuarios.<\/p>\n<p><a title=\"127190172_4924571677582883_8352296760344550297_o\" href=\"http:\/\/live.staticflickr.com\/65535\/50639489266_1e50c2b873_s.jpg\" rel=\"\"><img loading=\"lazy\" decoding=\"async\" title=\"127190172_4924571677582883_8352296760344550297_o\" src=\"http:\/\/live.staticflickr.com\/65535\/50639489266_1e50c2b873_c.jpg\" alt=\"127190172_4924571677582883_8352296760344550297_o\" width=\"800\" height=\"533\" \/><\/a><br \/>\nEl pron\u00f3stico prevee que continuar\u00e1 lloviendo durante la noche de hoy y parte de la madrugada, mejorando a partir de la hora 11, aunque el cielo permanecer\u00e1 nublado en gran parte del d\u00eda de ma\u00f1ana; en tanto las temperaturas ir\u00edan de 16 a 27 grados cent\u00edgrados.<br \/>\nEl mi\u00e9rcoles se anticipa ventoso con r\u00e1fagas fuertes del oeste, cielos despejados y 13\u00b0 de m\u00ednima para llegar a los 23\u00b0.<\/p>\n<p><strong>Totales de lluvia del d\u00eda de hoy en la zona:<\/strong><br \/>\n38 mm en Sierra de la Ventana<br \/>\n35 mm en Calqu\u00edn<br \/>\n44 mm en Villa Ventana<br \/>\n33.6 mm en Saldungaray<br \/>\n40 mm en Tornquist<br \/>\n10.5 mm. en Pig\u00fc\u00e9<br \/>\n19.8 mm en Pu\u00e1n<br \/>\n38.6 mm en Dufaur<br \/>\n43.5 mm en El Pantanoso<br \/>\n23.5 mm en 17 de Agosto<br \/>\n29 mm en San Eloy<br \/>\n41.6 mm en Cnel. Pringles<br \/>\n49 mm en La Paloma (Cnel Pringles)<br \/>\n22 mm en Cabildo<br \/>\n32.5 mm en Frapal<br \/>\n12 mm en Cnel. Su\u00e1rez<br \/>\n12.5 mm en Cura Malal<br \/>\n42.6 mm Cnel. Dorrego<br \/>\n14.6 mm en Monte Hermoso<br \/>\n30 mm en M\u00e9danos<br \/>\n40 mm en Tres Arroyos<br \/>\n26 mm en Azopardo<br \/>\n30 mm en Nueva Roma<br \/>\n35 mm en La Vit\u00edcola<br \/>\n16 mm en Bah\u00eda Blanca<br \/>\n18 mm en Teniente Origone<br \/>\n10.6 mm en Bajo Hondo<br \/>\n12 mm en Punta Alta<\/p>\n","protected":false},"excerpt":{"rendered":"<p>Una jornada de tiempo inestable, tormentas el\u00e9ctricas y muy lluvioso se vivi\u00f3 en toda la Comarca Serrana.<\/p>\n","protected":false},"author":3,"featured_media":0,"comment_status":"closed","ping_status":"open","sticky":false,"template":"","format":"standard","meta":{"footnotes":""},"categories":[26],"tags":[],"class_list":["post-49568","post","type-post","status-publish","format-standard","hentry","category-sociedad"],"yoast_head":"<!-- This site is optimized with the Yoast SEO plugin v25.9 - https:\/\/yoast.com\/wordpress\/plugins\/seo\/ -->\n<title>Lunes feriado: Con lluvia, truenos, rayos y centellas. - Noticias Radio Reflejos<\/title>\n<meta name=\"robots\" content=\"index, follow, max-snippet:-1, max-image-preview:large, max-video-preview:-1\" \/>\n<link rel=\"canonical\" href=\"https:\/\/www.noticiasradioreflejos.com.ar\/2021\/lunes-feriado-con-lluvia-truenos-rayos-y-centellas\/\" \/>\n<meta property=\"og:locale\" content=\"es_ES\" \/>\n<meta property=\"og:type\" content=\"article\" \/>\n<meta property=\"og:title\" content=\"Lunes feriado: Con lluvia, truenos, rayos y centellas. - Noticias Radio Reflejos\" \/>\n<meta property=\"og:description\" content=\"Una jornada de tiempo inestable, tormentas el\u00e9ctricas y muy lluvioso se vivi\u00f3 en toda la Comarca Serrana.\" \/>\n<meta property=\"og:url\" content=\"https:\/\/www.noticiasradioreflejos.com.ar\/2021\/lunes-feriado-con-lluvia-truenos-rayos-y-centellas\/\" \/>\n<meta property=\"og:site_name\" content=\"Noticias Radio Reflejos\" \/>\n<meta property=\"article:published_time\" content=\"2020-11-23T23:26:35+00:00\" \/>\n<meta property=\"og:image\" content=\"http:\/\/live.staticflickr.com\/65535\/50639489386_223e87dbea_c.jpg\" \/>\n<meta name=\"author\" content=\"Arnaldo Botto\" \/>\n<meta name=\"twitter:card\" content=\"summary_large_image\" \/>\n<script type=\"application\/ld+json\" class=\"yoast-schema-graph\">{\"@context\":\"https:\/\/schema.org\",\"@graph\":[{\"@type\":\"WebPage\",\"@id\":\"https:\/\/www.noticiasradioreflejos.com.ar\/2021\/lunes-feriado-con-lluvia-truenos-rayos-y-centellas\/\",\"url\":\"https:\/\/www.noticiasradioreflejos.com.ar\/2021\/lunes-feriado-con-lluvia-truenos-rayos-y-centellas\/\",\"name\":\"Lunes feriado: Con lluvia, truenos, rayos y centellas. - Noticias Radio Reflejos\",\"isPartOf\":{\"@id\":\"https:\/\/www.noticiasradioreflejos.com.ar\/2021\/#website\"},\"primaryImageOfPage\":{\"@id\":\"https:\/\/www.noticiasradioreflejos.com.ar\/2021\/lunes-feriado-con-lluvia-truenos-rayos-y-centellas\/#primaryimage\"},\"image\":{\"@id\":\"https:\/\/www.noticiasradioreflejos.com.ar\/2021\/lunes-feriado-con-lluvia-truenos-rayos-y-centellas\/#primaryimage\"},\"thumbnailUrl\":\"http:\/\/live.staticflickr.com\/65535\/50639489386_223e87dbea_c.jpg\",\"datePublished\":\"2020-11-23T23:26:35+00:00\",\"author\":{\"@id\":\"https:\/\/www.noticiasradioreflejos.com.ar\/2021\/#\/schema\/person\/ad82545263dcc5ec0996818884fd5fb1\"},\"breadcrumb\":{\"@id\":\"https:\/\/www.noticiasradioreflejos.com.ar\/2021\/lunes-feriado-con-lluvia-truenos-rayos-y-centellas\/#breadcrumb\"},\"inLanguage\":\"es\",\"potentialAction\":[{\"@type\":\"ReadAction\",\"target\":[\"https:\/\/www.noticiasradioreflejos.com.ar\/2021\/lunes-feriado-con-lluvia-truenos-rayos-y-centellas\/\"]}]},{\"@type\":\"ImageObject\",\"inLanguage\":\"es\",\"@id\":\"https:\/\/www.noticiasradioreflejos.com.ar\/2021\/lunes-feriado-con-lluvia-truenos-rayos-y-centellas\/#primaryimage\",\"url\":\"http:\/\/live.staticflickr.com\/65535\/50639489386_223e87dbea_c.jpg\",\"contentUrl\":\"http:\/\/live.staticflickr.com\/65535\/50639489386_223e87dbea_c.jpg\"},{\"@type\":\"BreadcrumbList\",\"@id\":\"https:\/\/www.noticiasradioreflejos.com.ar\/2021\/lunes-feriado-con-lluvia-truenos-rayos-y-centellas\/#breadcrumb\",\"itemListElement\":[{\"@type\":\"ListItem\",\"position\":1,\"name\":\"Portada\",\"item\":\"https:\/\/www.noticiasradioreflejos.com.ar\/2021\/\"},{\"@type\":\"ListItem\",\"position\":2,\"name\":\"Lunes feriado: Con lluvia, truenos, rayos y centellas.\"}]},{\"@type\":\"WebSite\",\"@id\":\"https:\/\/www.noticiasradioreflejos.com.ar\/2021\/#website\",\"url\":\"https:\/\/www.noticiasradioreflejos.com.ar\/2021\/\",\"name\":\"Noticias Radio Reflejos\",\"description\":\"Las noticias de mi comarca\",\"potentialAction\":[{\"@type\":\"SearchAction\",\"target\":{\"@type\":\"EntryPoint\",\"urlTemplate\":\"https:\/\/www.noticiasradioreflejos.com.ar\/2021\/?s={search_term_string}\"},\"query-input\":{\"@type\":\"PropertyValueSpecification\",\"valueRequired\":true,\"valueName\":\"search_term_string\"}}],\"inLanguage\":\"es\"},{\"@type\":\"Person\",\"@id\":\"https:\/\/www.noticiasradioreflejos.com.ar\/2021\/#\/schema\/person\/ad82545263dcc5ec0996818884fd5fb1\",\"name\":\"Arnaldo Botto\",\"image\":{\"@type\":\"ImageObject\",\"inLanguage\":\"es\",\"@id\":\"https:\/\/www.noticiasradioreflejos.com.ar\/2021\/#\/schema\/person\/image\/\",\"url\":\"https:\/\/secure.gravatar.com\/avatar\/55cb5e37c1efa326397366e6974cb338056df65cb50e7d64d1cf314e87504837?s=96&d=mm&r=g\",\"contentUrl\":\"https:\/\/secure.gravatar.com\/avatar\/55cb5e37c1efa326397366e6974cb338056df65cb50e7d64d1cf314e87504837?s=96&d=mm&r=g\",\"caption\":\"Arnaldo Botto\"},\"url\":\"https:\/\/www.noticiasradioreflejos.com.ar\/2021\/author\/arnaldo\/\"}]}<\/script>\n<!-- \/ Yoast SEO plugin. -->","yoast_head_json":{"title":"Lunes feriado: Con lluvia, truenos, rayos y centellas. - Noticias Radio Reflejos","robots":{"index":"index","follow":"follow","max-snippet":"max-snippet:-1","max-image-preview":"max-image-preview:large","max-video-preview":"max-video-preview:-1"},"canonical":"https:\/\/www.noticiasradioreflejos.com.ar\/2021\/lunes-feriado-con-lluvia-truenos-rayos-y-centellas\/","og_locale":"es_ES","og_type":"article","og_title":"Lunes feriado: Con lluvia, truenos, rayos y centellas. - Noticias Radio Reflejos","og_description":"Una jornada de tiempo inestable, tormentas el\u00e9ctricas y muy lluvioso se vivi\u00f3 en toda la Comarca Serrana.","og_url":"https:\/\/www.noticiasradioreflejos.com.ar\/2021\/lunes-feriado-con-lluvia-truenos-rayos-y-centellas\/","og_site_name":"Noticias Radio Reflejos","article_published_time":"2020-11-23T23:26:35+00:00","og_image":[{"url":"http:\/\/live.staticflickr.com\/65535\/50639489386_223e87dbea_c.jpg","type":"","width":"","height":""}],"author":"Arnaldo Botto","twitter_card":"summary_large_image","schema":{"@context":"https:\/\/schema.org","@graph":[{"@type":"WebPage","@id":"https:\/\/www.noticiasradioreflejos.com.ar\/2021\/lunes-feriado-con-lluvia-truenos-rayos-y-centellas\/","url":"https:\/\/www.noticiasradioreflejos.com.ar\/2021\/lunes-feriado-con-lluvia-truenos-rayos-y-centellas\/","name":"Lunes feriado: Con lluvia, truenos, rayos y centellas. - Noticias Radio Reflejos","isPartOf":{"@id":"https:\/\/www.noticiasradioreflejos.com.ar\/2021\/#website"},"primaryImageOfPage":{"@id":"https:\/\/www.noticiasradioreflejos.com.ar\/2021\/lunes-feriado-con-lluvia-truenos-rayos-y-centellas\/#primaryimage"},"image":{"@id":"https:\/\/www.noticiasradioreflejos.com.ar\/2021\/lunes-feriado-con-lluvia-truenos-rayos-y-centellas\/#primaryimage"},"thumbnailUrl":"http:\/\/live.staticflickr.com\/65535\/50639489386_223e87dbea_c.jpg","datePublished":"2020-11-23T23:26:35+00:00","author":{"@id":"https:\/\/www.noticiasradioreflejos.com.ar\/2021\/#\/schema\/person\/ad82545263dcc5ec0996818884fd5fb1"},"breadcrumb":{"@id":"https:\/\/www.noticiasradioreflejos.com.ar\/2021\/lunes-feriado-con-lluvia-truenos-rayos-y-centellas\/#breadcrumb"},"inLanguage":"es","potentialAction":[{"@type":"ReadAction","target":["https:\/\/www.noticiasradioreflejos.com.ar\/2021\/lunes-feriado-con-lluvia-truenos-rayos-y-centellas\/"]}]},{"@type":"ImageObject","inLanguage":"es","@id":"https:\/\/www.noticiasradioreflejos.com.ar\/2021\/lunes-feriado-con-lluvia-truenos-rayos-y-centellas\/#primaryimage","url":"http:\/\/live.staticflickr.com\/65535\/50639489386_223e87dbea_c.jpg","contentUrl":"http:\/\/live.staticflickr.com\/65535\/50639489386_223e87dbea_c.jpg"},{"@type":"BreadcrumbList","@id":"https:\/\/www.noticiasradioreflejos.com.ar\/2021\/lunes-feriado-con-lluvia-truenos-rayos-y-centellas\/#breadcrumb","itemListElement":[{"@type":"ListItem","position":1,"name":"Portada","item":"https:\/\/www.noticiasradioreflejos.com.ar\/2021\/"},{"@type":"ListItem","position":2,"name":"Lunes feriado: Con lluvia, truenos, rayos y centellas."}]},{"@type":"WebSite","@id":"https:\/\/www.noticiasradioreflejos.com.ar\/2021\/#website","url":"https:\/\/www.noticiasradioreflejos.com.ar\/2021\/","name":"Noticias Radio Reflejos","description":"Las noticias de mi comarca","potentialAction":[{"@type":"SearchAction","target":{"@type":"EntryPoint","urlTemplate":"https:\/\/www.noticiasradioreflejos.com.ar\/2021\/?s={search_term_string}"},"query-input":{"@type":"PropertyValueSpecification","valueRequired":true,"valueName":"search_term_string"}}],"inLanguage":"es"},{"@type":"Person","@id":"https:\/\/www.noticiasradioreflejos.com.ar\/2021\/#\/schema\/person\/ad82545263dcc5ec0996818884fd5fb1","name":"Arnaldo Botto","image":{"@type":"ImageObject","inLanguage":"es","@id":"https:\/\/www.noticiasradioreflejos.com.ar\/2021\/#\/schema\/person\/image\/","url":"https:\/\/secure.gravatar.com\/avatar\/55cb5e37c1efa326397366e6974cb338056df65cb50e7d64d1cf314e87504837?s=96&d=mm&r=g","contentUrl":"https:\/\/secure.gravatar.com\/avatar\/55cb5e37c1efa326397366e6974cb338056df65cb50e7d64d1cf314e87504837?s=96&d=mm&r=g","caption":"Arnaldo Botto"},"url":"https:\/\/www.noticiasradioreflejos.com.ar\/2021\/author\/arnaldo\/"}]}},"_links":{"self":[{"href":"https:\/\/www.noticiasradioreflejos.com.ar\/2021\/wp-json\/wp\/v2\/posts\/49568","targetHints":{"allow":["GET"]}}],"collection":[{"href":"https:\/\/www.noticiasradioreflejos.com.ar\/2021\/wp-json\/wp\/v2\/posts"}],"about":[{"href":"https:\/\/www.noticiasradioreflejos.com.ar\/2021\/wp-json\/wp\/v2\/types\/post"}],"author":[{"embeddable":true,"href":"https:\/\/www.noticiasradioreflejos.com.ar\/2021\/wp-json\/wp\/v2\/users\/3"}],"replies":[{"embeddable":true,"href":"https:\/\/www.noticiasradioreflejos.com.ar\/2021\/wp-json\/wp\/v2\/comments?post=49568"}],"version-history":[{"count":0,"href":"https:\/\/www.noticiasradioreflejos.com.ar\/2021\/wp-json\/wp\/v2\/posts\/49568\/revisions"}],"wp:attachment":[{"href":"https:\/\/www.noticiasradioreflejos.com.ar\/2021\/wp-json\/wp\/v2\/media?parent=49568"}],"wp:term":[{"taxonomy":"category","embeddable":true,"href":"https:\/\/www.noticiasradioreflejos.com.ar\/2021\/wp-json\/wp\/v2\/categories?post=49568"},{"taxonomy":"post_tag","embeddable":true,"href":"https:\/\/www.noticiasradioreflejos.com.ar\/2021\/wp-json\/wp\/v2\/tags?post=49568"}],"curies":[{"name":"wp","href":"https:\/\/api.w.org\/{rel}","templated":true}]}}