{"id":49562,"date":"2020-11-23T18:32:52","date_gmt":"2020-11-23T21:32:52","guid":{"rendered":"http:\/\/www.noticiasradioreflejos.com.ar\/noticias\/?p=49562"},"modified":"2020-11-23T18:32:52","modified_gmt":"2020-11-23T21:32:52","slug":"variados-hechos-policiales-durante-el-fin-de-semana","status":"publish","type":"post","link":"https:\/\/www.noticiasradioreflejos.com.ar\/2021\/variados-hechos-policiales-durante-el-fin-de-semana\/","title":{"rendered":"Variados hechos policiales durante el fin de semana"},"content":{"rendered":"<p>Hurto de veh\u00edculos, choque en la madrugada (ver video), un menor desaparecido y fiestas clandestinas.<!--more--><\/p>\n<p>La Secretar\u00eda de Seguridad de la Municipalidad de Tornquist lleva a conocimiento de la poblaci\u00f3n respecto de los \u00faltimos procedimientos policiales llevados a cabo por la Estaci\u00f3n Polic\u00eda de Seguridad Comunal de Tornquist.-<br \/>\nHURTO AGRAVADO DE MOTO VEHICULO<br \/>\nSe pone en conocimiento que con fecha 20 del corriente, denunci\u00f3 el ciudadano CRISTIAN GUILLERMO DIAZ, quien resulta ser propietario de una motocicleta marca BRAVA, modelo ELEKTRA 150, dominio colocado 608 \u2013 KCH, la cual dejara estacionada sobre la vereda de su domicilio, constatando en horas tempranas de la ma\u00f1ana que autor\/es ignorado\/s sin violencia le hab\u00edan sustra\u00eddo dicho rodado. Inmediatamente personal policial de dicha seccional comienza a realizar tareas investigativas para dar con el moto veh\u00edculo, logrando dar con la misma en la ciudad de Bah\u00eda Blanca, logrando establecer que el rodado en cuesti\u00f3n hab\u00eda sido secuestrado por personal policial del Comando de Patrullas y personal de la Guardia Urbana de dicha ciudad, estableci\u00e9ndose que su conductor hab\u00eda sido el mismo que habr\u00eda sustra\u00eddo el rodado desde el domicilio del damnificado, trat\u00e1ndose \u00e9ste de un menor de 16 a\u00f1os, del cual se omite dar datos filiatorios dada su condici\u00f3n, y mismo que resulta ser oriundo de la ciudad de Bah\u00eda Blanca. Interviene la Fiscal\u00eda de Menores en Turno de la ciudad de Bah\u00eda Blanca.<\/p>\n<p>AVERIGUACION DE PARADERO<br \/>\nCon misma fecha, 20 del corriente, denunci\u00f3 la ciudadana SILVANA SCHWAB, progenitora del menor Tom\u00e1s David Ferreyra, de 14 a\u00f1os de edad, quien se ausentara de su domicilio con fecha 19 del mes en curso en horas de la noche. Inmediatamente se activa el protocolo de b\u00fasqueda del menor, inici\u00e1ndose actuaciones Prevencionales por AVERIGUACION DE PARADERO, realiz\u00e1ndose amplias tareas investigativas con el objeto de dar con el menor. Que en horas tempranas del d\u00eda 21 del corriente a trav\u00e9s de la progenitora del menor se pudo establecer que \u00e9ste se encontraba en la ciudad de Bah\u00eda Blanca, en la vivienda de una amiga de Schwab en buenas condiciones de salud. De forma r\u00e1pida se comisiona personal policial junto a la progenitora, a los fines de buscar al menor en la vecina ciudad, regresando de inmediato el mismo con su madre. Intervino la Ayudant\u00eda Fiscal de Tornquist.<\/p>\n<p><a title=\"1606166943051\" href=\"http:\/\/live.staticflickr.com\/65535\/50639189486_4f1cec5f2f_s.jpg\" rel=\"\"><img loading=\"lazy\" decoding=\"async\" class=\"aligncenter\" title=\"1606166943051\" src=\"http:\/\/live.staticflickr.com\/65535\/50639189486_4f1cec5f2f_c.jpg\" alt=\"1606166943051\" width=\"800\" height=\"450\" \/><\/a><\/p>\n<p>ACTUACIONES PREVENCIONALES POR LESIONES CULPOSAS<br \/>\nCon fecha 21 del mes en curso, 07:00 horas, personal de la seccional policial local, toma conocimiento de una accidente automovil\u00edstico a la altura del cementerio local. De inmediato se comisiona a los servidores p\u00fablicos, constatando que sobre la avenida Moreno entre las calles Pedro Safont\u00e1s y Quinquela Mart\u00edn hab\u00edan colisionado tres veh\u00edculos resultando con lesiones sus conductores y acompa\u00f1antes. Por motivos que son tarea de investigaci\u00f3n, se pudo establecer que los tres rodados circulaban por la Avenida Moreno en la misma direcci\u00f3n hacia el interior de la ciudad, y en cuanto los dos primeros veh\u00edculos frenaran por la loma de burro existente en el lugar, el tercer veh\u00edculo part\u00edcipe los colisiona en sus partes traseras. Se instruyen Actuaciones Prevencionales bajo la car\u00e1tula de LESIONES CULPOSAS, con intervenci\u00f3n de la Ayudant\u00eda Fiscal de Tornquist.<\/p>\n<div class=\"jeg_video_container jeg_video_content\"><iframe loading=\"lazy\" title=\"23 de noviembre de 2020\" width=\"500\" height=\"375\" src=\"https:\/\/www.youtube.com\/embed\/RvWNcUYQBNc?feature=oembed\" frameborder=\"0\" allow=\"accelerometer; autoplay; clipboard-write; encrypted-media; gyroscope; picture-in-picture; web-share\" referrerpolicy=\"strict-origin-when-cross-origin\" allowfullscreen><\/iframe><\/div>\n<p>INFRACCION AL ARTICULO 205 DEL CODIGO PENAL<br \/>\nPor \u00faltimo, se informa que con motivo de las restricciones impuestas por el Distanciamiento Social, Preventivo y Obligatorio dictadas en el marco de la pandemia por el Virus Covid-19, se han podido detectar fiestas privadas en las cuales los j\u00f3venes de esta ciudad de Tornquist y zonas aleda\u00f1as, optan por autoconvocarse en el acceso norte sobre Ruta Provincial 76, lugar al cual llegan en veh\u00edculos propios y escuchan m\u00fasica e interact\u00faan. Que atento a ello, en horas de la madrugada del d\u00eda 22 del corriente, se lograron desarticular algunas fiestas en viviendas privadas y tras ello, los j\u00f3venes nuevamente se autoconvocaron a trav\u00e9s de las redes sociales y se dirigieron al acceso norte, reuni\u00e9ndose un gran numero de personas, lugar donde pasaron m\u00fasica con un DJ e interactuaron en su conjunto sin ning\u00fan tipo de medidas establecidas. Que de acuerdo a ello y previo a mantenerse comunicaci\u00f3n telef\u00f3nica con el Juzgado Federal en Turno poniendo en conocimiento del masivo evento llevado a cabo, se iniciaron Actuaciones Prevencionales por INFRACCION AL ARTICULO 205 DEL C\u00d3DIGO PENAL, imput\u00e1ndose el delito en su principio a los organizadores de la fiesta. Interviene el Juzgado Federal N\u00famero 1 de la ciudad de Bahia Blanca.<br \/>\nSECRETARIA DE SEGURIDAD \u2013 MUNICIPALIDAD DE TORNQUIST<br \/>\n23 DE NOVIEMBRE DE 2020.<\/p>\n","protected":false},"excerpt":{"rendered":"<p>Hurto de veh\u00edculos, choque en la madrugada (ver video), un menor desaparecido y fiestas clandestinas.<\/p>\n","protected":false},"author":3,"featured_media":0,"comment_status":"closed","ping_status":"open","sticky":false,"template":"","format":"standard","meta":{"footnotes":""},"categories":[29],"tags":[],"class_list":["post-49562","post","type-post","status-publish","format-standard","hentry","category-policiales"],"yoast_head":"<!-- This site is optimized with the Yoast SEO plugin v25.9 - https:\/\/yoast.com\/wordpress\/plugins\/seo\/ -->\n<title>Variados hechos policiales durante el fin de semana - Noticias Radio Reflejos<\/title>\n<meta name=\"robots\" content=\"index, follow, max-snippet:-1, max-image-preview:large, max-video-preview:-1\" \/>\n<link rel=\"canonical\" href=\"https:\/\/www.noticiasradioreflejos.com.ar\/2021\/variados-hechos-policiales-durante-el-fin-de-semana\/\" \/>\n<meta property=\"og:locale\" content=\"es_ES\" \/>\n<meta property=\"og:type\" content=\"article\" \/>\n<meta property=\"og:title\" content=\"Variados hechos policiales durante el fin de semana - Noticias Radio Reflejos\" \/>\n<meta property=\"og:description\" content=\"Hurto de veh\u00edculos, choque en la madrugada (ver video), un menor desaparecido y fiestas clandestinas.\" \/>\n<meta property=\"og:url\" content=\"https:\/\/www.noticiasradioreflejos.com.ar\/2021\/variados-hechos-policiales-durante-el-fin-de-semana\/\" \/>\n<meta property=\"og:site_name\" content=\"Noticias Radio Reflejos\" \/>\n<meta property=\"article:published_time\" content=\"2020-11-23T21:32:52+00:00\" \/>\n<meta property=\"og:image\" content=\"http:\/\/live.staticflickr.com\/65535\/50639189486_4f1cec5f2f_c.jpg\" \/>\n<meta name=\"author\" content=\"Arnaldo Botto\" \/>\n<meta name=\"twitter:card\" content=\"summary_large_image\" \/>\n<script type=\"application\/ld+json\" class=\"yoast-schema-graph\">{\"@context\":\"https:\/\/schema.org\",\"@graph\":[{\"@type\":\"WebPage\",\"@id\":\"https:\/\/www.noticiasradioreflejos.com.ar\/2021\/variados-hechos-policiales-durante-el-fin-de-semana\/\",\"url\":\"https:\/\/www.noticiasradioreflejos.com.ar\/2021\/variados-hechos-policiales-durante-el-fin-de-semana\/\",\"name\":\"Variados hechos policiales durante el fin de semana - Noticias Radio Reflejos\",\"isPartOf\":{\"@id\":\"https:\/\/www.noticiasradioreflejos.com.ar\/2021\/#website\"},\"primaryImageOfPage\":{\"@id\":\"https:\/\/www.noticiasradioreflejos.com.ar\/2021\/variados-hechos-policiales-durante-el-fin-de-semana\/#primaryimage\"},\"image\":{\"@id\":\"https:\/\/www.noticiasradioreflejos.com.ar\/2021\/variados-hechos-policiales-durante-el-fin-de-semana\/#primaryimage\"},\"thumbnailUrl\":\"http:\/\/live.staticflickr.com\/65535\/50639189486_4f1cec5f2f_c.jpg\",\"datePublished\":\"2020-11-23T21:32:52+00:00\",\"author\":{\"@id\":\"https:\/\/www.noticiasradioreflejos.com.ar\/2021\/#\/schema\/person\/ad82545263dcc5ec0996818884fd5fb1\"},\"breadcrumb\":{\"@id\":\"https:\/\/www.noticiasradioreflejos.com.ar\/2021\/variados-hechos-policiales-durante-el-fin-de-semana\/#breadcrumb\"},\"inLanguage\":\"es\",\"potentialAction\":[{\"@type\":\"ReadAction\",\"target\":[\"https:\/\/www.noticiasradioreflejos.com.ar\/2021\/variados-hechos-policiales-durante-el-fin-de-semana\/\"]}]},{\"@type\":\"ImageObject\",\"inLanguage\":\"es\",\"@id\":\"https:\/\/www.noticiasradioreflejos.com.ar\/2021\/variados-hechos-policiales-durante-el-fin-de-semana\/#primaryimage\",\"url\":\"http:\/\/live.staticflickr.com\/65535\/50639189486_4f1cec5f2f_c.jpg\",\"contentUrl\":\"http:\/\/live.staticflickr.com\/65535\/50639189486_4f1cec5f2f_c.jpg\"},{\"@type\":\"BreadcrumbList\",\"@id\":\"https:\/\/www.noticiasradioreflejos.com.ar\/2021\/variados-hechos-policiales-durante-el-fin-de-semana\/#breadcrumb\",\"itemListElement\":[{\"@type\":\"ListItem\",\"position\":1,\"name\":\"Portada\",\"item\":\"https:\/\/www.noticiasradioreflejos.com.ar\/2021\/\"},{\"@type\":\"ListItem\",\"position\":2,\"name\":\"Variados hechos policiales durante el fin de semana\"}]},{\"@type\":\"WebSite\",\"@id\":\"https:\/\/www.noticiasradioreflejos.com.ar\/2021\/#website\",\"url\":\"https:\/\/www.noticiasradioreflejos.com.ar\/2021\/\",\"name\":\"Noticias Radio Reflejos\",\"description\":\"Las noticias de mi comarca\",\"potentialAction\":[{\"@type\":\"SearchAction\",\"target\":{\"@type\":\"EntryPoint\",\"urlTemplate\":\"https:\/\/www.noticiasradioreflejos.com.ar\/2021\/?s={search_term_string}\"},\"query-input\":{\"@type\":\"PropertyValueSpecification\",\"valueRequired\":true,\"valueName\":\"search_term_string\"}}],\"inLanguage\":\"es\"},{\"@type\":\"Person\",\"@id\":\"https:\/\/www.noticiasradioreflejos.com.ar\/2021\/#\/schema\/person\/ad82545263dcc5ec0996818884fd5fb1\",\"name\":\"Arnaldo Botto\",\"image\":{\"@type\":\"ImageObject\",\"inLanguage\":\"es\",\"@id\":\"https:\/\/www.noticiasradioreflejos.com.ar\/2021\/#\/schema\/person\/image\/\",\"url\":\"https:\/\/secure.gravatar.com\/avatar\/55cb5e37c1efa326397366e6974cb338056df65cb50e7d64d1cf314e87504837?s=96&d=mm&r=g\",\"contentUrl\":\"https:\/\/secure.gravatar.com\/avatar\/55cb5e37c1efa326397366e6974cb338056df65cb50e7d64d1cf314e87504837?s=96&d=mm&r=g\",\"caption\":\"Arnaldo Botto\"},\"url\":\"https:\/\/www.noticiasradioreflejos.com.ar\/2021\/author\/arnaldo\/\"}]}<\/script>\n<!-- \/ Yoast SEO plugin. -->","yoast_head_json":{"title":"Variados hechos policiales durante el fin de semana - Noticias Radio Reflejos","robots":{"index":"index","follow":"follow","max-snippet":"max-snippet:-1","max-image-preview":"max-image-preview:large","max-video-preview":"max-video-preview:-1"},"canonical":"https:\/\/www.noticiasradioreflejos.com.ar\/2021\/variados-hechos-policiales-durante-el-fin-de-semana\/","og_locale":"es_ES","og_type":"article","og_title":"Variados hechos policiales durante el fin de semana - Noticias Radio Reflejos","og_description":"Hurto de veh\u00edculos, choque en la madrugada (ver video), un menor desaparecido y fiestas clandestinas.","og_url":"https:\/\/www.noticiasradioreflejos.com.ar\/2021\/variados-hechos-policiales-durante-el-fin-de-semana\/","og_site_name":"Noticias Radio Reflejos","article_published_time":"2020-11-23T21:32:52+00:00","og_image":[{"url":"http:\/\/live.staticflickr.com\/65535\/50639189486_4f1cec5f2f_c.jpg","type":"","width":"","height":""}],"author":"Arnaldo Botto","twitter_card":"summary_large_image","schema":{"@context":"https:\/\/schema.org","@graph":[{"@type":"WebPage","@id":"https:\/\/www.noticiasradioreflejos.com.ar\/2021\/variados-hechos-policiales-durante-el-fin-de-semana\/","url":"https:\/\/www.noticiasradioreflejos.com.ar\/2021\/variados-hechos-policiales-durante-el-fin-de-semana\/","name":"Variados hechos policiales durante el fin de semana - Noticias Radio Reflejos","isPartOf":{"@id":"https:\/\/www.noticiasradioreflejos.com.ar\/2021\/#website"},"primaryImageOfPage":{"@id":"https:\/\/www.noticiasradioreflejos.com.ar\/2021\/variados-hechos-policiales-durante-el-fin-de-semana\/#primaryimage"},"image":{"@id":"https:\/\/www.noticiasradioreflejos.com.ar\/2021\/variados-hechos-policiales-durante-el-fin-de-semana\/#primaryimage"},"thumbnailUrl":"http:\/\/live.staticflickr.com\/65535\/50639189486_4f1cec5f2f_c.jpg","datePublished":"2020-11-23T21:32:52+00:00","author":{"@id":"https:\/\/www.noticiasradioreflejos.com.ar\/2021\/#\/schema\/person\/ad82545263dcc5ec0996818884fd5fb1"},"breadcrumb":{"@id":"https:\/\/www.noticiasradioreflejos.com.ar\/2021\/variados-hechos-policiales-durante-el-fin-de-semana\/#breadcrumb"},"inLanguage":"es","potentialAction":[{"@type":"ReadAction","target":["https:\/\/www.noticiasradioreflejos.com.ar\/2021\/variados-hechos-policiales-durante-el-fin-de-semana\/"]}]},{"@type":"ImageObject","inLanguage":"es","@id":"https:\/\/www.noticiasradioreflejos.com.ar\/2021\/variados-hechos-policiales-durante-el-fin-de-semana\/#primaryimage","url":"http:\/\/live.staticflickr.com\/65535\/50639189486_4f1cec5f2f_c.jpg","contentUrl":"http:\/\/live.staticflickr.com\/65535\/50639189486_4f1cec5f2f_c.jpg"},{"@type":"BreadcrumbList","@id":"https:\/\/www.noticiasradioreflejos.com.ar\/2021\/variados-hechos-policiales-durante-el-fin-de-semana\/#breadcrumb","itemListElement":[{"@type":"ListItem","position":1,"name":"Portada","item":"https:\/\/www.noticiasradioreflejos.com.ar\/2021\/"},{"@type":"ListItem","position":2,"name":"Variados hechos policiales durante el fin de semana"}]},{"@type":"WebSite","@id":"https:\/\/www.noticiasradioreflejos.com.ar\/2021\/#website","url":"https:\/\/www.noticiasradioreflejos.com.ar\/2021\/","name":"Noticias Radio Reflejos","description":"Las noticias de mi comarca","potentialAction":[{"@type":"SearchAction","target":{"@type":"EntryPoint","urlTemplate":"https:\/\/www.noticiasradioreflejos.com.ar\/2021\/?s={search_term_string}"},"query-input":{"@type":"PropertyValueSpecification","valueRequired":true,"valueName":"search_term_string"}}],"inLanguage":"es"},{"@type":"Person","@id":"https:\/\/www.noticiasradioreflejos.com.ar\/2021\/#\/schema\/person\/ad82545263dcc5ec0996818884fd5fb1","name":"Arnaldo Botto","image":{"@type":"ImageObject","inLanguage":"es","@id":"https:\/\/www.noticiasradioreflejos.com.ar\/2021\/#\/schema\/person\/image\/","url":"https:\/\/secure.gravatar.com\/avatar\/55cb5e37c1efa326397366e6974cb338056df65cb50e7d64d1cf314e87504837?s=96&d=mm&r=g","contentUrl":"https:\/\/secure.gravatar.com\/avatar\/55cb5e37c1efa326397366e6974cb338056df65cb50e7d64d1cf314e87504837?s=96&d=mm&r=g","caption":"Arnaldo Botto"},"url":"https:\/\/www.noticiasradioreflejos.com.ar\/2021\/author\/arnaldo\/"}]}},"_links":{"self":[{"href":"https:\/\/www.noticiasradioreflejos.com.ar\/2021\/wp-json\/wp\/v2\/posts\/49562","targetHints":{"allow":["GET"]}}],"collection":[{"href":"https:\/\/www.noticiasradioreflejos.com.ar\/2021\/wp-json\/wp\/v2\/posts"}],"about":[{"href":"https:\/\/www.noticiasradioreflejos.com.ar\/2021\/wp-json\/wp\/v2\/types\/post"}],"author":[{"embeddable":true,"href":"https:\/\/www.noticiasradioreflejos.com.ar\/2021\/wp-json\/wp\/v2\/users\/3"}],"replies":[{"embeddable":true,"href":"https:\/\/www.noticiasradioreflejos.com.ar\/2021\/wp-json\/wp\/v2\/comments?post=49562"}],"version-history":[{"count":0,"href":"https:\/\/www.noticiasradioreflejos.com.ar\/2021\/wp-json\/wp\/v2\/posts\/49562\/revisions"}],"wp:attachment":[{"href":"https:\/\/www.noticiasradioreflejos.com.ar\/2021\/wp-json\/wp\/v2\/media?parent=49562"}],"wp:term":[{"taxonomy":"category","embeddable":true,"href":"https:\/\/www.noticiasradioreflejos.com.ar\/2021\/wp-json\/wp\/v2\/categories?post=49562"},{"taxonomy":"post_tag","embeddable":true,"href":"https:\/\/www.noticiasradioreflejos.com.ar\/2021\/wp-json\/wp\/v2\/tags?post=49562"}],"curies":[{"name":"wp","href":"https:\/\/api.w.org\/{rel}","templated":true}]}}