{"id":49548,"date":"2020-11-23T11:31:40","date_gmt":"2020-11-23T14:31:40","guid":{"rendered":"http:\/\/www.noticiasradioreflejos.com.ar\/noticias\/?p=49548"},"modified":"2020-11-23T11:31:40","modified_gmt":"2020-11-23T14:31:40","slug":"ellas-son-las-luchadoras-esenciales-por-la-iguladad-la-libertad-y-la-paz-elles-es-solo-el-plural-ll","status":"publish","type":"post","link":"https:\/\/www.noticiasradioreflejos.com.ar\/2021\/ellas-son-las-luchadoras-esenciales-por-la-iguladad-la-libertad-y-la-paz-elles-es-solo-el-plural-ll\/","title":{"rendered":"Ellas son las luchadoras esenciales por la igualdad, la libertad y la paz, elles es solo el plural LL."},"content":{"rendered":"<p>Nota de opini\u00f3n de<strong> FABIO ABRAHAM.<\/strong><br \/>\nSin necesidad de entrar en el debate si el llamado idioma \u00abinclusivo\u00bb es una aberraci\u00f3n gramatical y si la Real Academia Espa\u00f1ola lo ha aprobado o no, como as\u00ed mismo sin entrar en el puro debate acad\u00e9mico que sostiene que el lenguaje en s\u00ed mismo, por s\u00ed solo, no incluye ni excluye, sino que lo hace la gente que lo usa y a los efectos de no entrar en la confrontaci\u00f3n que es m\u00e1s conflictiva a\u00fan y siempre teniendo presente que la disparidad del g\u00e9nero lamentablemente existe en nuestra sociedad y que no estamos de acuerdo, abordaremos la perspectiva del lenguaje llamado \u00abinclusivo\u00bb<!--more--><\/p>\n<p>Para hablar del tema tenemos que visibilizar la problem\u00e1tica de las mujeres que con sus hijos, son las que m\u00e1s sufren la marginaci\u00f3n social. M\u00e1s de 50 % de la sociedad bajo la l\u00ednea de pobreza y mayoritariamente son ni\u00f1os y mujeres.<br \/>\nLas mujeres que trabajan a igual tarea que un hombre, ganan 20 o 30 % menos.<br \/>\nNo son \u00abelles\u00bb son ellas mayoritariamente las adolescentes y j\u00f3venes que son explotadas sexualmente en las miles de luces rojas que hay en todas la rutas argentinas.<br \/>\nSon ellas las que pasan horas de fr\u00edo, a veces bajo la lluvia, para sacar un certificado de pobreza en el Anses para cobrar un plan y darle de comer a sus hijos.<br \/>\nTambi\u00e9n son ellas las que cuando se disuelve el Matrimonio o convivencia andan por tribunales durante meses, para reclamar la cuota alimentaria y muchas veces hasta son maltratadas.<br \/>\nPienso en esa mujer que su concubino se fue sin dejar rastro y a la noche despu\u00e9s de dormir a sus hijos y dejarlo al cuidado de una vecina, sale a escondidas para que el vecindario no la vea y va a pararse en Camino Cintura para al otro d\u00eda comprar leche para sus hijos y antes de despertarlos y darles un beso se ba\u00f1a una y otra vez porque intenta limpiar las culpas que no tiene.<br \/>\nCu\u00e1ntos de los que hablan idioma \u00abinclusivo\u00bb estuvieron con ella. Muchos.<br \/>\nCu\u00e1ntos de los que se expresan de esa manera, cuando ven a una mujer pidiendo con sus hijos a cuesta, dan vuelta la cara.<br \/>\nCu\u00e1nta hipocres\u00eda!!! Quiero pelear por una verdadera inclusi\u00f3n, para eso no necesito hablar otro idioma.<br \/>\nSon ellas y muchas las que pelean por una cuota alimentaria para sus hijos y son ellos y muchos los que se niegan a pagar.<br \/>\nSon ellas y muchas las v\u00edctimas de femicidio y son ellos y muchos los femicidas.<br \/>\nDecir muches todes todxs es englobar v\u00edctima y victimario, me niego a esa barbaridad.<br \/>\nEn lo que a m\u00ed respecta son ellas y el orgullo de su lucha por una igualdad real de derechos.<\/p>\n<p><strong> FABIO ABRAHAM<br \/>\nMovilizaci\u00f3n Partidaria<br \/>\nEx Sec. de Gobierno<br \/>\nConcejal ( MC)<br \/>\nLomas de Zamora<br \/>\nfabioabraham@hotmail.com.ar<\/strong><\/p>\n","protected":false},"excerpt":{"rendered":"<p>Nota de opini\u00f3n de FABIO ABRAHAM. Sin necesidad de entrar en el debate si el llamado idioma \u00abinclusivo\u00bb es una aberraci\u00f3n gramatical y si la Real Academia Espa\u00f1ola lo ha aprobado o no, como as\u00ed mismo sin entrar en el puro debate acad\u00e9mico que sostiene que el lenguaje en s\u00ed mismo, por s\u00ed solo, no [&hellip;]<\/p>\n","protected":false},"author":3,"featured_media":0,"comment_status":"closed","ping_status":"open","sticky":false,"template":"","format":"standard","meta":{"footnotes":""},"categories":[24],"tags":[],"class_list":["post-49548","post","type-post","status-publish","format-standard","hentry","category-politica"],"yoast_head":"<!-- This site is optimized with the Yoast SEO plugin v25.9 - https:\/\/yoast.com\/wordpress\/plugins\/seo\/ -->\n<title>Ellas son las luchadoras esenciales por la igualdad, la libertad y la paz, elles es solo el plural LL. - Noticias Radio Reflejos<\/title>\n<meta name=\"robots\" content=\"index, follow, max-snippet:-1, max-image-preview:large, max-video-preview:-1\" \/>\n<link rel=\"canonical\" href=\"https:\/\/www.noticiasradioreflejos.com.ar\/2021\/ellas-son-las-luchadoras-esenciales-por-la-iguladad-la-libertad-y-la-paz-elles-es-solo-el-plural-ll\/\" \/>\n<meta property=\"og:locale\" content=\"es_ES\" \/>\n<meta property=\"og:type\" content=\"article\" \/>\n<meta property=\"og:title\" content=\"Ellas son las luchadoras esenciales por la igualdad, la libertad y la paz, elles es solo el plural LL. - Noticias Radio Reflejos\" \/>\n<meta property=\"og:description\" content=\"Nota de opini\u00f3n de FABIO ABRAHAM. Sin necesidad de entrar en el debate si el llamado idioma \u00abinclusivo\u00bb es una aberraci\u00f3n gramatical y si la Real Academia Espa\u00f1ola lo ha aprobado o no, como as\u00ed mismo sin entrar en el puro debate acad\u00e9mico que sostiene que el lenguaje en s\u00ed mismo, por s\u00ed solo, no [&hellip;]\" \/>\n<meta property=\"og:url\" content=\"https:\/\/www.noticiasradioreflejos.com.ar\/2021\/ellas-son-las-luchadoras-esenciales-por-la-iguladad-la-libertad-y-la-paz-elles-es-solo-el-plural-ll\/\" \/>\n<meta property=\"og:site_name\" content=\"Noticias Radio Reflejos\" \/>\n<meta property=\"article:published_time\" content=\"2020-11-23T14:31:40+00:00\" \/>\n<meta property=\"og:image\" content=\"https:\/\/www.noticiasradioreflejos.com.ar\/2021\/wp-content\/uploads\/2018\/04\/carta_lector_1.jpg\" \/>\n\t<meta property=\"og:image:width\" content=\"935\" \/>\n\t<meta property=\"og:image:height\" content=\"595\" \/>\n\t<meta property=\"og:image:type\" content=\"image\/jpeg\" \/>\n<meta name=\"author\" content=\"Arnaldo Botto\" \/>\n<meta name=\"twitter:card\" content=\"summary_large_image\" \/>\n<script type=\"application\/ld+json\" class=\"yoast-schema-graph\">{\"@context\":\"https:\/\/schema.org\",\"@graph\":[{\"@type\":\"WebPage\",\"@id\":\"https:\/\/www.noticiasradioreflejos.com.ar\/2021\/ellas-son-las-luchadoras-esenciales-por-la-iguladad-la-libertad-y-la-paz-elles-es-solo-el-plural-ll\/\",\"url\":\"https:\/\/www.noticiasradioreflejos.com.ar\/2021\/ellas-son-las-luchadoras-esenciales-por-la-iguladad-la-libertad-y-la-paz-elles-es-solo-el-plural-ll\/\",\"name\":\"Ellas son las luchadoras esenciales por la igualdad, la libertad y la paz, elles es solo el plural LL. - Noticias Radio Reflejos\",\"isPartOf\":{\"@id\":\"https:\/\/www.noticiasradioreflejos.com.ar\/2021\/#website\"},\"datePublished\":\"2020-11-23T14:31:40+00:00\",\"author\":{\"@id\":\"https:\/\/www.noticiasradioreflejos.com.ar\/2021\/#\/schema\/person\/ad82545263dcc5ec0996818884fd5fb1\"},\"breadcrumb\":{\"@id\":\"https:\/\/www.noticiasradioreflejos.com.ar\/2021\/ellas-son-las-luchadoras-esenciales-por-la-iguladad-la-libertad-y-la-paz-elles-es-solo-el-plural-ll\/#breadcrumb\"},\"inLanguage\":\"es\",\"potentialAction\":[{\"@type\":\"ReadAction\",\"target\":[\"https:\/\/www.noticiasradioreflejos.com.ar\/2021\/ellas-son-las-luchadoras-esenciales-por-la-iguladad-la-libertad-y-la-paz-elles-es-solo-el-plural-ll\/\"]}]},{\"@type\":\"BreadcrumbList\",\"@id\":\"https:\/\/www.noticiasradioreflejos.com.ar\/2021\/ellas-son-las-luchadoras-esenciales-por-la-iguladad-la-libertad-y-la-paz-elles-es-solo-el-plural-ll\/#breadcrumb\",\"itemListElement\":[{\"@type\":\"ListItem\",\"position\":1,\"name\":\"Portada\",\"item\":\"https:\/\/www.noticiasradioreflejos.com.ar\/2021\/\"},{\"@type\":\"ListItem\",\"position\":2,\"name\":\"Ellas son las luchadoras esenciales por la igualdad, la libertad y la paz, elles es solo el plural LL.\"}]},{\"@type\":\"WebSite\",\"@id\":\"https:\/\/www.noticiasradioreflejos.com.ar\/2021\/#website\",\"url\":\"https:\/\/www.noticiasradioreflejos.com.ar\/2021\/\",\"name\":\"Noticias Radio Reflejos\",\"description\":\"Las noticias de mi comarca\",\"potentialAction\":[{\"@type\":\"SearchAction\",\"target\":{\"@type\":\"EntryPoint\",\"urlTemplate\":\"https:\/\/www.noticiasradioreflejos.com.ar\/2021\/?s={search_term_string}\"},\"query-input\":{\"@type\":\"PropertyValueSpecification\",\"valueRequired\":true,\"valueName\":\"search_term_string\"}}],\"inLanguage\":\"es\"},{\"@type\":\"Person\",\"@id\":\"https:\/\/www.noticiasradioreflejos.com.ar\/2021\/#\/schema\/person\/ad82545263dcc5ec0996818884fd5fb1\",\"name\":\"Arnaldo Botto\",\"image\":{\"@type\":\"ImageObject\",\"inLanguage\":\"es\",\"@id\":\"https:\/\/www.noticiasradioreflejos.com.ar\/2021\/#\/schema\/person\/image\/\",\"url\":\"https:\/\/secure.gravatar.com\/avatar\/55cb5e37c1efa326397366e6974cb338056df65cb50e7d64d1cf314e87504837?s=96&d=mm&r=g\",\"contentUrl\":\"https:\/\/secure.gravatar.com\/avatar\/55cb5e37c1efa326397366e6974cb338056df65cb50e7d64d1cf314e87504837?s=96&d=mm&r=g\",\"caption\":\"Arnaldo Botto\"},\"url\":\"https:\/\/www.noticiasradioreflejos.com.ar\/2021\/author\/arnaldo\/\"}]}<\/script>\n<!-- \/ Yoast SEO plugin. -->","yoast_head_json":{"title":"Ellas son las luchadoras esenciales por la igualdad, la libertad y la paz, elles es solo el plural LL. - Noticias Radio Reflejos","robots":{"index":"index","follow":"follow","max-snippet":"max-snippet:-1","max-image-preview":"max-image-preview:large","max-video-preview":"max-video-preview:-1"},"canonical":"https:\/\/www.noticiasradioreflejos.com.ar\/2021\/ellas-son-las-luchadoras-esenciales-por-la-iguladad-la-libertad-y-la-paz-elles-es-solo-el-plural-ll\/","og_locale":"es_ES","og_type":"article","og_title":"Ellas son las luchadoras esenciales por la igualdad, la libertad y la paz, elles es solo el plural LL. - Noticias Radio Reflejos","og_description":"Nota de opini\u00f3n de FABIO ABRAHAM. Sin necesidad de entrar en el debate si el llamado idioma \u00abinclusivo\u00bb es una aberraci\u00f3n gramatical y si la Real Academia Espa\u00f1ola lo ha aprobado o no, como as\u00ed mismo sin entrar en el puro debate acad\u00e9mico que sostiene que el lenguaje en s\u00ed mismo, por s\u00ed solo, no [&hellip;]","og_url":"https:\/\/www.noticiasradioreflejos.com.ar\/2021\/ellas-son-las-luchadoras-esenciales-por-la-iguladad-la-libertad-y-la-paz-elles-es-solo-el-plural-ll\/","og_site_name":"Noticias Radio Reflejos","article_published_time":"2020-11-23T14:31:40+00:00","og_image":[{"width":935,"height":595,"url":"https:\/\/www.noticiasradioreflejos.com.ar\/2021\/wp-content\/uploads\/2018\/04\/carta_lector_1.jpg","type":"image\/jpeg"}],"author":"Arnaldo Botto","twitter_card":"summary_large_image","schema":{"@context":"https:\/\/schema.org","@graph":[{"@type":"WebPage","@id":"https:\/\/www.noticiasradioreflejos.com.ar\/2021\/ellas-son-las-luchadoras-esenciales-por-la-iguladad-la-libertad-y-la-paz-elles-es-solo-el-plural-ll\/","url":"https:\/\/www.noticiasradioreflejos.com.ar\/2021\/ellas-son-las-luchadoras-esenciales-por-la-iguladad-la-libertad-y-la-paz-elles-es-solo-el-plural-ll\/","name":"Ellas son las luchadoras esenciales por la igualdad, la libertad y la paz, elles es solo el plural LL. - Noticias Radio Reflejos","isPartOf":{"@id":"https:\/\/www.noticiasradioreflejos.com.ar\/2021\/#website"},"datePublished":"2020-11-23T14:31:40+00:00","author":{"@id":"https:\/\/www.noticiasradioreflejos.com.ar\/2021\/#\/schema\/person\/ad82545263dcc5ec0996818884fd5fb1"},"breadcrumb":{"@id":"https:\/\/www.noticiasradioreflejos.com.ar\/2021\/ellas-son-las-luchadoras-esenciales-por-la-iguladad-la-libertad-y-la-paz-elles-es-solo-el-plural-ll\/#breadcrumb"},"inLanguage":"es","potentialAction":[{"@type":"ReadAction","target":["https:\/\/www.noticiasradioreflejos.com.ar\/2021\/ellas-son-las-luchadoras-esenciales-por-la-iguladad-la-libertad-y-la-paz-elles-es-solo-el-plural-ll\/"]}]},{"@type":"BreadcrumbList","@id":"https:\/\/www.noticiasradioreflejos.com.ar\/2021\/ellas-son-las-luchadoras-esenciales-por-la-iguladad-la-libertad-y-la-paz-elles-es-solo-el-plural-ll\/#breadcrumb","itemListElement":[{"@type":"ListItem","position":1,"name":"Portada","item":"https:\/\/www.noticiasradioreflejos.com.ar\/2021\/"},{"@type":"ListItem","position":2,"name":"Ellas son las luchadoras esenciales por la igualdad, la libertad y la paz, elles es solo el plural LL."}]},{"@type":"WebSite","@id":"https:\/\/www.noticiasradioreflejos.com.ar\/2021\/#website","url":"https:\/\/www.noticiasradioreflejos.com.ar\/2021\/","name":"Noticias Radio Reflejos","description":"Las noticias de mi comarca","potentialAction":[{"@type":"SearchAction","target":{"@type":"EntryPoint","urlTemplate":"https:\/\/www.noticiasradioreflejos.com.ar\/2021\/?s={search_term_string}"},"query-input":{"@type":"PropertyValueSpecification","valueRequired":true,"valueName":"search_term_string"}}],"inLanguage":"es"},{"@type":"Person","@id":"https:\/\/www.noticiasradioreflejos.com.ar\/2021\/#\/schema\/person\/ad82545263dcc5ec0996818884fd5fb1","name":"Arnaldo Botto","image":{"@type":"ImageObject","inLanguage":"es","@id":"https:\/\/www.noticiasradioreflejos.com.ar\/2021\/#\/schema\/person\/image\/","url":"https:\/\/secure.gravatar.com\/avatar\/55cb5e37c1efa326397366e6974cb338056df65cb50e7d64d1cf314e87504837?s=96&d=mm&r=g","contentUrl":"https:\/\/secure.gravatar.com\/avatar\/55cb5e37c1efa326397366e6974cb338056df65cb50e7d64d1cf314e87504837?s=96&d=mm&r=g","caption":"Arnaldo Botto"},"url":"https:\/\/www.noticiasradioreflejos.com.ar\/2021\/author\/arnaldo\/"}]}},"_links":{"self":[{"href":"https:\/\/www.noticiasradioreflejos.com.ar\/2021\/wp-json\/wp\/v2\/posts\/49548","targetHints":{"allow":["GET"]}}],"collection":[{"href":"https:\/\/www.noticiasradioreflejos.com.ar\/2021\/wp-json\/wp\/v2\/posts"}],"about":[{"href":"https:\/\/www.noticiasradioreflejos.com.ar\/2021\/wp-json\/wp\/v2\/types\/post"}],"author":[{"embeddable":true,"href":"https:\/\/www.noticiasradioreflejos.com.ar\/2021\/wp-json\/wp\/v2\/users\/3"}],"replies":[{"embeddable":true,"href":"https:\/\/www.noticiasradioreflejos.com.ar\/2021\/wp-json\/wp\/v2\/comments?post=49548"}],"version-history":[{"count":0,"href":"https:\/\/www.noticiasradioreflejos.com.ar\/2021\/wp-json\/wp\/v2\/posts\/49548\/revisions"}],"wp:attachment":[{"href":"https:\/\/www.noticiasradioreflejos.com.ar\/2021\/wp-json\/wp\/v2\/media?parent=49548"}],"wp:term":[{"taxonomy":"category","embeddable":true,"href":"https:\/\/www.noticiasradioreflejos.com.ar\/2021\/wp-json\/wp\/v2\/categories?post=49548"},{"taxonomy":"post_tag","embeddable":true,"href":"https:\/\/www.noticiasradioreflejos.com.ar\/2021\/wp-json\/wp\/v2\/tags?post=49548"}],"curies":[{"name":"wp","href":"https:\/\/api.w.org\/{rel}","templated":true}]}}