{"id":49529,"date":"2020-11-21T19:24:25","date_gmt":"2020-11-21T22:24:25","guid":{"rendered":"http:\/\/www.noticiasradioreflejos.com.ar\/noticias\/?p=49529"},"modified":"2020-11-21T19:24:25","modified_gmt":"2020-11-21T22:24:25","slug":"tormenta-electrica-y-un-fuerte-chaparron-en-la-tarde-serrana","status":"publish","type":"post","link":"https:\/\/www.noticiasradioreflejos.com.ar\/2021\/tormenta-electrica-y-un-fuerte-chaparron-en-la-tarde-serrana\/","title":{"rendered":"Tormenta el\u00e9ctrica y un fuerte chaparr\u00f3n en la tarde serrana."},"content":{"rendered":"<p>Con el cielo gris y amenazante desde la madrugada, a las 14,30 hs lleg\u00f3 una tormenta que dej\u00f3 un total de 10 mm de lluvia. El sol se impuso pasadas las 17 hs y el resto de la tarde con un leve descenso de temperatura y cielos despejados.<!--more--><br \/>\nCuando el term\u00f3metro estuvo por alcanzar los 30\u00b0 en la zona serrana y la presi\u00f3n se hund\u00eda poco a poco, lleg\u00f3 una fuerte tormenta con mucho ruido de truenos y variadas descargas el\u00e9ctricas, el viento se hizo sentir por varios minutos y un chaparr\u00f3n dejo 10 mm de precipitaciones que cayeron en un lapso de 40 min.<br \/>\nEl aire comenz\u00f3 a sentirse m\u00e1s fresco y el term\u00f3metro descendi\u00f3 hasta los 22\u00b0 inmediatamente, m\u00e1s tarde comenz\u00f3 a despejar el cielo y se pint\u00f3 un tarde brillante en toda la comarca.<br \/>\nEl pron\u00f3stico anticipa para ma\u00f1ana domingo un amanecer de 12\u00b0 y una m\u00e1xima que rondar\u00e1 los 32\u00b0 con cielos despejados y vientos de suaves a moderados del sector noroeste. PAra el lunes 16\u00b0 a 33\u00b0, cielos cubiertos y probabilidad de lluvias hasta el martes 24 de noviembre.<\/p>\n<p><strong>Totales de lluvia en la zona :<\/strong><br \/>\n11mm en Sierra de la Ventana<br \/>\n10 mm en Calqu\u00edn<br \/>\n12\u00a0mm en Villa Ventana<br \/>\n5 mm en Tornquist<br \/>\n0.5 mm. en Pig\u00fc\u00e9<br \/>\n1.8 mm en Puan<br \/>\n3.4\u00a0mm en Dufaur<br \/>\n4.5 mm en El Pantanoso<br \/>\n4.2 mm en 17 de Agosto<br \/>\n4.5\u00a0mm en San Eloy<br \/>\n0.6 mm en Cnel Pringles<br \/>\n4.6 mm en Cabildo<br \/>\n6.3\u00a0mm en Frapal<br \/>\n2 mm en Cnel Suarez<br \/>\n2.0\u00a0mm en Cura Malal<br \/>\n7.7 mm en Pasman<br \/>\n1.5 mm Cnel Dorrego<br \/>\n0.5 mm en Monte Hermoso<\/p>\n<p><span style=\"color: #008000;\"><a style=\"color: #008000;\" href=\"https:\/\/www.facebook.com\/photo.php?fbid=4883025198404198&amp;set=pb.100000902980281.-2207520000..&amp;type=3\" target=\"_blank\" rel=\"noopener\"><em><strong>Foto de portada de Franco Scialpi<\/strong><\/em><\/a><\/span><\/p>\n","protected":false},"excerpt":{"rendered":"<p>Con el cielo gris y amenazante desde la madrugada, a las 14,30 hs lleg\u00f3 una tormenta que dej\u00f3 un total de 10 mm de lluvia. El sol se impuso pasadas las 17 hs y el resto de la tarde con un leve descenso de temperatura y cielos despejados.<\/p>\n","protected":false},"author":3,"featured_media":0,"comment_status":"closed","ping_status":"open","sticky":false,"template":"","format":"standard","meta":{"footnotes":""},"categories":[26],"tags":[],"class_list":["post-49529","post","type-post","status-publish","format-standard","hentry","category-sociedad"],"yoast_head":"<!-- This site is optimized with the Yoast SEO plugin v25.9 - https:\/\/yoast.com\/wordpress\/plugins\/seo\/ -->\n<title>Tormenta el\u00e9ctrica y un fuerte chaparr\u00f3n en la tarde serrana. - Noticias Radio Reflejos<\/title>\n<meta name=\"robots\" content=\"index, follow, max-snippet:-1, max-image-preview:large, max-video-preview:-1\" \/>\n<link rel=\"canonical\" href=\"https:\/\/www.noticiasradioreflejos.com.ar\/2021\/tormenta-electrica-y-un-fuerte-chaparron-en-la-tarde-serrana\/\" \/>\n<meta property=\"og:locale\" content=\"es_ES\" \/>\n<meta property=\"og:type\" content=\"article\" \/>\n<meta property=\"og:title\" content=\"Tormenta el\u00e9ctrica y un fuerte chaparr\u00f3n en la tarde serrana. - Noticias Radio Reflejos\" \/>\n<meta property=\"og:description\" content=\"Con el cielo gris y amenazante desde la madrugada, a las 14,30 hs lleg\u00f3 una tormenta que dej\u00f3 un total de 10 mm de lluvia. El sol se impuso pasadas las 17 hs y el resto de la tarde con un leve descenso de temperatura y cielos despejados.\" \/>\n<meta property=\"og:url\" content=\"https:\/\/www.noticiasradioreflejos.com.ar\/2021\/tormenta-electrica-y-un-fuerte-chaparron-en-la-tarde-serrana\/\" \/>\n<meta property=\"og:site_name\" content=\"Noticias Radio Reflejos\" \/>\n<meta property=\"article:published_time\" content=\"2020-11-21T22:24:25+00:00\" \/>\n<meta property=\"og:image\" content=\"https:\/\/www.noticiasradioreflejos.com.ar\/2021\/wp-content\/uploads\/2021\/07\/logosol300x200.png\" \/>\n\t<meta property=\"og:image:width\" content=\"300\" \/>\n\t<meta property=\"og:image:height\" content=\"200\" \/>\n\t<meta property=\"og:image:type\" content=\"image\/png\" \/>\n<meta name=\"author\" content=\"Arnaldo Botto\" \/>\n<meta name=\"twitter:card\" content=\"summary_large_image\" \/>\n<script type=\"application\/ld+json\" class=\"yoast-schema-graph\">{\"@context\":\"https:\/\/schema.org\",\"@graph\":[{\"@type\":\"WebPage\",\"@id\":\"https:\/\/www.noticiasradioreflejos.com.ar\/2021\/tormenta-electrica-y-un-fuerte-chaparron-en-la-tarde-serrana\/\",\"url\":\"https:\/\/www.noticiasradioreflejos.com.ar\/2021\/tormenta-electrica-y-un-fuerte-chaparron-en-la-tarde-serrana\/\",\"name\":\"Tormenta el\u00e9ctrica y un fuerte chaparr\u00f3n en la tarde serrana. - Noticias Radio Reflejos\",\"isPartOf\":{\"@id\":\"https:\/\/www.noticiasradioreflejos.com.ar\/2021\/#website\"},\"datePublished\":\"2020-11-21T22:24:25+00:00\",\"author\":{\"@id\":\"https:\/\/www.noticiasradioreflejos.com.ar\/2021\/#\/schema\/person\/ad82545263dcc5ec0996818884fd5fb1\"},\"breadcrumb\":{\"@id\":\"https:\/\/www.noticiasradioreflejos.com.ar\/2021\/tormenta-electrica-y-un-fuerte-chaparron-en-la-tarde-serrana\/#breadcrumb\"},\"inLanguage\":\"es\",\"potentialAction\":[{\"@type\":\"ReadAction\",\"target\":[\"https:\/\/www.noticiasradioreflejos.com.ar\/2021\/tormenta-electrica-y-un-fuerte-chaparron-en-la-tarde-serrana\/\"]}]},{\"@type\":\"BreadcrumbList\",\"@id\":\"https:\/\/www.noticiasradioreflejos.com.ar\/2021\/tormenta-electrica-y-un-fuerte-chaparron-en-la-tarde-serrana\/#breadcrumb\",\"itemListElement\":[{\"@type\":\"ListItem\",\"position\":1,\"name\":\"Portada\",\"item\":\"https:\/\/www.noticiasradioreflejos.com.ar\/2021\/\"},{\"@type\":\"ListItem\",\"position\":2,\"name\":\"Tormenta el\u00e9ctrica y un fuerte chaparr\u00f3n en la tarde serrana.\"}]},{\"@type\":\"WebSite\",\"@id\":\"https:\/\/www.noticiasradioreflejos.com.ar\/2021\/#website\",\"url\":\"https:\/\/www.noticiasradioreflejos.com.ar\/2021\/\",\"name\":\"Noticias Radio Reflejos\",\"description\":\"Las noticias de mi comarca\",\"potentialAction\":[{\"@type\":\"SearchAction\",\"target\":{\"@type\":\"EntryPoint\",\"urlTemplate\":\"https:\/\/www.noticiasradioreflejos.com.ar\/2021\/?s={search_term_string}\"},\"query-input\":{\"@type\":\"PropertyValueSpecification\",\"valueRequired\":true,\"valueName\":\"search_term_string\"}}],\"inLanguage\":\"es\"},{\"@type\":\"Person\",\"@id\":\"https:\/\/www.noticiasradioreflejos.com.ar\/2021\/#\/schema\/person\/ad82545263dcc5ec0996818884fd5fb1\",\"name\":\"Arnaldo Botto\",\"image\":{\"@type\":\"ImageObject\",\"inLanguage\":\"es\",\"@id\":\"https:\/\/www.noticiasradioreflejos.com.ar\/2021\/#\/schema\/person\/image\/\",\"url\":\"https:\/\/secure.gravatar.com\/avatar\/55cb5e37c1efa326397366e6974cb338056df65cb50e7d64d1cf314e87504837?s=96&d=mm&r=g\",\"contentUrl\":\"https:\/\/secure.gravatar.com\/avatar\/55cb5e37c1efa326397366e6974cb338056df65cb50e7d64d1cf314e87504837?s=96&d=mm&r=g\",\"caption\":\"Arnaldo Botto\"},\"url\":\"https:\/\/www.noticiasradioreflejos.com.ar\/2021\/author\/arnaldo\/\"}]}<\/script>\n<!-- \/ Yoast SEO plugin. -->","yoast_head_json":{"title":"Tormenta el\u00e9ctrica y un fuerte chaparr\u00f3n en la tarde serrana. - Noticias Radio Reflejos","robots":{"index":"index","follow":"follow","max-snippet":"max-snippet:-1","max-image-preview":"max-image-preview:large","max-video-preview":"max-video-preview:-1"},"canonical":"https:\/\/www.noticiasradioreflejos.com.ar\/2021\/tormenta-electrica-y-un-fuerte-chaparron-en-la-tarde-serrana\/","og_locale":"es_ES","og_type":"article","og_title":"Tormenta el\u00e9ctrica y un fuerte chaparr\u00f3n en la tarde serrana. - Noticias Radio Reflejos","og_description":"Con el cielo gris y amenazante desde la madrugada, a las 14,30 hs lleg\u00f3 una tormenta que dej\u00f3 un total de 10 mm de lluvia. El sol se impuso pasadas las 17 hs y el resto de la tarde con un leve descenso de temperatura y cielos despejados.","og_url":"https:\/\/www.noticiasradioreflejos.com.ar\/2021\/tormenta-electrica-y-un-fuerte-chaparron-en-la-tarde-serrana\/","og_site_name":"Noticias Radio Reflejos","article_published_time":"2020-11-21T22:24:25+00:00","og_image":[{"width":300,"height":200,"url":"https:\/\/www.noticiasradioreflejos.com.ar\/2021\/wp-content\/uploads\/2021\/07\/logosol300x200.png","type":"image\/png"}],"author":"Arnaldo Botto","twitter_card":"summary_large_image","schema":{"@context":"https:\/\/schema.org","@graph":[{"@type":"WebPage","@id":"https:\/\/www.noticiasradioreflejos.com.ar\/2021\/tormenta-electrica-y-un-fuerte-chaparron-en-la-tarde-serrana\/","url":"https:\/\/www.noticiasradioreflejos.com.ar\/2021\/tormenta-electrica-y-un-fuerte-chaparron-en-la-tarde-serrana\/","name":"Tormenta el\u00e9ctrica y un fuerte chaparr\u00f3n en la tarde serrana. - Noticias Radio Reflejos","isPartOf":{"@id":"https:\/\/www.noticiasradioreflejos.com.ar\/2021\/#website"},"datePublished":"2020-11-21T22:24:25+00:00","author":{"@id":"https:\/\/www.noticiasradioreflejos.com.ar\/2021\/#\/schema\/person\/ad82545263dcc5ec0996818884fd5fb1"},"breadcrumb":{"@id":"https:\/\/www.noticiasradioreflejos.com.ar\/2021\/tormenta-electrica-y-un-fuerte-chaparron-en-la-tarde-serrana\/#breadcrumb"},"inLanguage":"es","potentialAction":[{"@type":"ReadAction","target":["https:\/\/www.noticiasradioreflejos.com.ar\/2021\/tormenta-electrica-y-un-fuerte-chaparron-en-la-tarde-serrana\/"]}]},{"@type":"BreadcrumbList","@id":"https:\/\/www.noticiasradioreflejos.com.ar\/2021\/tormenta-electrica-y-un-fuerte-chaparron-en-la-tarde-serrana\/#breadcrumb","itemListElement":[{"@type":"ListItem","position":1,"name":"Portada","item":"https:\/\/www.noticiasradioreflejos.com.ar\/2021\/"},{"@type":"ListItem","position":2,"name":"Tormenta el\u00e9ctrica y un fuerte chaparr\u00f3n en la tarde serrana."}]},{"@type":"WebSite","@id":"https:\/\/www.noticiasradioreflejos.com.ar\/2021\/#website","url":"https:\/\/www.noticiasradioreflejos.com.ar\/2021\/","name":"Noticias Radio Reflejos","description":"Las noticias de mi comarca","potentialAction":[{"@type":"SearchAction","target":{"@type":"EntryPoint","urlTemplate":"https:\/\/www.noticiasradioreflejos.com.ar\/2021\/?s={search_term_string}"},"query-input":{"@type":"PropertyValueSpecification","valueRequired":true,"valueName":"search_term_string"}}],"inLanguage":"es"},{"@type":"Person","@id":"https:\/\/www.noticiasradioreflejos.com.ar\/2021\/#\/schema\/person\/ad82545263dcc5ec0996818884fd5fb1","name":"Arnaldo Botto","image":{"@type":"ImageObject","inLanguage":"es","@id":"https:\/\/www.noticiasradioreflejos.com.ar\/2021\/#\/schema\/person\/image\/","url":"https:\/\/secure.gravatar.com\/avatar\/55cb5e37c1efa326397366e6974cb338056df65cb50e7d64d1cf314e87504837?s=96&d=mm&r=g","contentUrl":"https:\/\/secure.gravatar.com\/avatar\/55cb5e37c1efa326397366e6974cb338056df65cb50e7d64d1cf314e87504837?s=96&d=mm&r=g","caption":"Arnaldo Botto"},"url":"https:\/\/www.noticiasradioreflejos.com.ar\/2021\/author\/arnaldo\/"}]}},"_links":{"self":[{"href":"https:\/\/www.noticiasradioreflejos.com.ar\/2021\/wp-json\/wp\/v2\/posts\/49529","targetHints":{"allow":["GET"]}}],"collection":[{"href":"https:\/\/www.noticiasradioreflejos.com.ar\/2021\/wp-json\/wp\/v2\/posts"}],"about":[{"href":"https:\/\/www.noticiasradioreflejos.com.ar\/2021\/wp-json\/wp\/v2\/types\/post"}],"author":[{"embeddable":true,"href":"https:\/\/www.noticiasradioreflejos.com.ar\/2021\/wp-json\/wp\/v2\/users\/3"}],"replies":[{"embeddable":true,"href":"https:\/\/www.noticiasradioreflejos.com.ar\/2021\/wp-json\/wp\/v2\/comments?post=49529"}],"version-history":[{"count":0,"href":"https:\/\/www.noticiasradioreflejos.com.ar\/2021\/wp-json\/wp\/v2\/posts\/49529\/revisions"}],"wp:attachment":[{"href":"https:\/\/www.noticiasradioreflejos.com.ar\/2021\/wp-json\/wp\/v2\/media?parent=49529"}],"wp:term":[{"taxonomy":"category","embeddable":true,"href":"https:\/\/www.noticiasradioreflejos.com.ar\/2021\/wp-json\/wp\/v2\/categories?post=49529"},{"taxonomy":"post_tag","embeddable":true,"href":"https:\/\/www.noticiasradioreflejos.com.ar\/2021\/wp-json\/wp\/v2\/tags?post=49529"}],"curies":[{"name":"wp","href":"https:\/\/api.w.org\/{rel}","templated":true}]}}