{"id":49525,"date":"2020-11-21T18:52:38","date_gmt":"2020-11-21T21:52:38","guid":{"rendered":"http:\/\/www.noticiasradioreflejos.com.ar\/noticias\/?p=49525"},"modified":"2020-11-21T18:52:38","modified_gmt":"2020-11-21T21:52:38","slug":"pehuen-co-no-recibira-visitas-por-el-dia","status":"publish","type":"post","link":"https:\/\/www.noticiasradioreflejos.com.ar\/2021\/pehuen-co-no-recibira-visitas-por-el-dia\/","title":{"rendered":"Pehuen C\u00f3 no recibir\u00e1 visitas \u00abpor el d\u00eda\u00bb"},"content":{"rendered":"<p>El intendente de Coronel Rosales, Mariano Uset, aclar\u00f3 esta ma\u00f1ana en\u00a0LA BR\u00daJULA 24\u00a0que Pehuen C\u00f3 no habilitar\u00e1 el turismo \u00abpor el d\u00eda\u00bb, para evitar el colapso sanitario.<!--more--><\/p>\n<p>En di\u00e1logo con el programa\u00a0<strong>\u00abUna buena raz\u00f3n\u00bb,<\/strong>\u00a0el jefe comunal remarc\u00f3 que \u00abnuestra preocupaci\u00f3n vino con una novedad, cuando en principio se daba como \u00fanica herramienta para validar el acceso a destinos tur\u00edsticos a partir del certificado que se obtiene en la p\u00e1gina circular del gobierno\u00bb.<\/p>\n<div class=\"code-block code-block-11\"><\/div>\n<p><iframe loading=\"lazy\" src=\"https:\/\/w.soundcloud.com\/player\/?url=https%3A\/\/api.soundcloud.com\/tracks\/933434080&amp;color=%233697c6&amp;auto_play=false&amp;hide_related=true&amp;show_comments=false&amp;show_user=true&amp;show_reposts=false&amp;show_teaser=false\" width=\"100%\" height=\"166\" frameborder=\"no\" scrolling=\"no\"><\/iframe><\/p>\n<div>\u00abEso es contrario a lo que ven\u00edamos planificando en los \u00faltimos 40 d\u00edas, desde que se anunci\u00f3 la app Cuidar Verano con la cual \u00edbamos a tener un rol que nos permit\u00eda ver las postulaciones que hay para acceder al distrito y en funci\u00f3n de eso intervenir\u00bb, sostuvo.<\/div>\n<p>En este punto, Uset se\u00f1al\u00f3 que eso implica \u00abb\u00e1sicamente que el visitante tenga un alojamiento, ya sea casa, hotel o camping. Esa fue la principal preocupaci\u00f3n, que el bicho es el mismo est\u00e1 claro, pero no nosotros ya tenemos un 10% de poblaci\u00f3n inmunizada biol\u00f3gicamente\u00bb.<\/p>\n<p><a title=\"uset-1\" href=\"http:\/\/live.staticflickr.com\/65535\/50630559047_888fc566cd_s.jpg\" rel=\"\"><img loading=\"lazy\" decoding=\"async\" class=\"aligncenter\" title=\"uset-1\" src=\"http:\/\/live.staticflickr.com\/65535\/50630559047_888fc566cd_c.jpg\" alt=\"uset-1\" width=\"800\" height=\"480\" \/><\/a><\/p>\n<div class=\"code-block code-block-1\">\u00a0La otra cuesti\u00f3n es la inmunidad social, todo lo que aprendimos en los \u00faltimos meses. Sabemos que podemos estar en la calle, cuid\u00e1ndonos, y esto es lo que nos agarra distinto\u00bb, dijo en otro tramo de la entrevista radial.<\/div>\n<p>Y agreg\u00f3: \u00abAlgunos sostienen que puede que no sea el mismo el virus que al principio porque cuando circula en una comunidad donde ya hay una masa cr\u00edtica inmunizada es distinto, con una carga viral m\u00e1s d\u00e9bil, pero eso no lo puedo sostener\u00bb.<\/p>\n<p>\u00abNosotros nunca prohibimos el acceso, pero tampoco lo permitimos del todo. Cuando levantemos la barrera va a ser con un control, en especial porque todav\u00eda estamos aprendiendo. Me preocupar\u00eda ahora que sea un viva la pepa\u00bb, argument\u00f3.<\/p>\n<p>\u00abCon lo que ten\u00edamos planificado, el que no tiene un segunda residencia en Pehuen C\u00f3 tiene que demostrar que va a quedar en uno de los alojamientos establecidos. Eso nosotros vamos a contrastarlo y en funci\u00f3n de eso vamos a analizarlo\u00bb.<\/p>\n<p>\u00abPor el momento venir a pasar el d\u00eda no estar\u00e1 permitido, aunque eso es en funci\u00f3n de que no haya m\u00e1s sorpresas como tuvimos el otro d\u00eda. Lo que estamos tratando de hacer es contar con previsibilidad, no queremos que nos desborde la playa\u00bb.<\/p>\n<p>\u00abEl sem\u00e1foro &#8211;<em>por la App Cuidar Verano<\/em>&#8211; lo quiero en la puerta de tu casa y no en la puerta de Pehuen C\u00f3. Ser\u00eda muy inc\u00f3modo que la gente vaya en el camino implorando que lo dejen pasar\u00bb.<\/p>\n","protected":false},"excerpt":{"rendered":"<p>El intendente de Coronel Rosales, Mariano Uset, aclar\u00f3 esta ma\u00f1ana en\u00a0LA BR\u00daJULA 24\u00a0que Pehuen C\u00f3 no habilitar\u00e1 el turismo \u00abpor el d\u00eda\u00bb, para evitar el colapso sanitario.<\/p>\n","protected":false},"author":3,"featured_media":0,"comment_status":"closed","ping_status":"open","sticky":false,"template":"","format":"standard","meta":{"footnotes":""},"categories":[33],"tags":[],"class_list":["post-49525","post","type-post","status-publish","format-standard","hentry","category-turismo"],"yoast_head":"<!-- This site is optimized with the Yoast SEO plugin v25.9 - https:\/\/yoast.com\/wordpress\/plugins\/seo\/ -->\n<title>Pehuen C\u00f3 no recibir\u00e1 visitas &quot;por el d\u00eda&quot; - Noticias Radio Reflejos<\/title>\n<meta name=\"robots\" content=\"index, follow, max-snippet:-1, max-image-preview:large, max-video-preview:-1\" \/>\n<link rel=\"canonical\" href=\"https:\/\/www.noticiasradioreflejos.com.ar\/2021\/pehuen-co-no-recibira-visitas-por-el-dia\/\" \/>\n<meta property=\"og:locale\" content=\"es_ES\" \/>\n<meta property=\"og:type\" content=\"article\" \/>\n<meta property=\"og:title\" content=\"Pehuen C\u00f3 no recibir\u00e1 visitas &quot;por el d\u00eda&quot; - Noticias Radio Reflejos\" \/>\n<meta property=\"og:description\" content=\"El intendente de Coronel Rosales, Mariano Uset, aclar\u00f3 esta ma\u00f1ana en\u00a0LA BR\u00daJULA 24\u00a0que Pehuen C\u00f3 no habilitar\u00e1 el turismo \u00abpor el d\u00eda\u00bb, para evitar el colapso sanitario.\" \/>\n<meta property=\"og:url\" content=\"https:\/\/www.noticiasradioreflejos.com.ar\/2021\/pehuen-co-no-recibira-visitas-por-el-dia\/\" \/>\n<meta property=\"og:site_name\" content=\"Noticias Radio Reflejos\" \/>\n<meta property=\"article:published_time\" content=\"2020-11-21T21:52:38+00:00\" \/>\n<meta property=\"og:image\" content=\"http:\/\/live.staticflickr.com\/65535\/50630559047_888fc566cd_c.jpg\" \/>\n<meta name=\"author\" content=\"Arnaldo Botto\" \/>\n<meta name=\"twitter:card\" content=\"summary_large_image\" \/>\n<script type=\"application\/ld+json\" class=\"yoast-schema-graph\">{\"@context\":\"https:\/\/schema.org\",\"@graph\":[{\"@type\":\"WebPage\",\"@id\":\"https:\/\/www.noticiasradioreflejos.com.ar\/2021\/pehuen-co-no-recibira-visitas-por-el-dia\/\",\"url\":\"https:\/\/www.noticiasradioreflejos.com.ar\/2021\/pehuen-co-no-recibira-visitas-por-el-dia\/\",\"name\":\"Pehuen C\u00f3 no recibir\u00e1 visitas \\\"por el d\u00eda\\\" - Noticias Radio Reflejos\",\"isPartOf\":{\"@id\":\"https:\/\/www.noticiasradioreflejos.com.ar\/2021\/#website\"},\"primaryImageOfPage\":{\"@id\":\"https:\/\/www.noticiasradioreflejos.com.ar\/2021\/pehuen-co-no-recibira-visitas-por-el-dia\/#primaryimage\"},\"image\":{\"@id\":\"https:\/\/www.noticiasradioreflejos.com.ar\/2021\/pehuen-co-no-recibira-visitas-por-el-dia\/#primaryimage\"},\"thumbnailUrl\":\"http:\/\/live.staticflickr.com\/65535\/50630559047_888fc566cd_c.jpg\",\"datePublished\":\"2020-11-21T21:52:38+00:00\",\"author\":{\"@id\":\"https:\/\/www.noticiasradioreflejos.com.ar\/2021\/#\/schema\/person\/ad82545263dcc5ec0996818884fd5fb1\"},\"breadcrumb\":{\"@id\":\"https:\/\/www.noticiasradioreflejos.com.ar\/2021\/pehuen-co-no-recibira-visitas-por-el-dia\/#breadcrumb\"},\"inLanguage\":\"es\",\"potentialAction\":[{\"@type\":\"ReadAction\",\"target\":[\"https:\/\/www.noticiasradioreflejos.com.ar\/2021\/pehuen-co-no-recibira-visitas-por-el-dia\/\"]}]},{\"@type\":\"ImageObject\",\"inLanguage\":\"es\",\"@id\":\"https:\/\/www.noticiasradioreflejos.com.ar\/2021\/pehuen-co-no-recibira-visitas-por-el-dia\/#primaryimage\",\"url\":\"http:\/\/live.staticflickr.com\/65535\/50630559047_888fc566cd_c.jpg\",\"contentUrl\":\"http:\/\/live.staticflickr.com\/65535\/50630559047_888fc566cd_c.jpg\"},{\"@type\":\"BreadcrumbList\",\"@id\":\"https:\/\/www.noticiasradioreflejos.com.ar\/2021\/pehuen-co-no-recibira-visitas-por-el-dia\/#breadcrumb\",\"itemListElement\":[{\"@type\":\"ListItem\",\"position\":1,\"name\":\"Portada\",\"item\":\"https:\/\/www.noticiasradioreflejos.com.ar\/2021\/\"},{\"@type\":\"ListItem\",\"position\":2,\"name\":\"Pehuen C\u00f3 no recibir\u00e1 visitas \u00abpor el d\u00eda\u00bb\"}]},{\"@type\":\"WebSite\",\"@id\":\"https:\/\/www.noticiasradioreflejos.com.ar\/2021\/#website\",\"url\":\"https:\/\/www.noticiasradioreflejos.com.ar\/2021\/\",\"name\":\"Noticias Radio Reflejos\",\"description\":\"Las noticias de mi comarca\",\"potentialAction\":[{\"@type\":\"SearchAction\",\"target\":{\"@type\":\"EntryPoint\",\"urlTemplate\":\"https:\/\/www.noticiasradioreflejos.com.ar\/2021\/?s={search_term_string}\"},\"query-input\":{\"@type\":\"PropertyValueSpecification\",\"valueRequired\":true,\"valueName\":\"search_term_string\"}}],\"inLanguage\":\"es\"},{\"@type\":\"Person\",\"@id\":\"https:\/\/www.noticiasradioreflejos.com.ar\/2021\/#\/schema\/person\/ad82545263dcc5ec0996818884fd5fb1\",\"name\":\"Arnaldo Botto\",\"image\":{\"@type\":\"ImageObject\",\"inLanguage\":\"es\",\"@id\":\"https:\/\/www.noticiasradioreflejos.com.ar\/2021\/#\/schema\/person\/image\/\",\"url\":\"https:\/\/secure.gravatar.com\/avatar\/55cb5e37c1efa326397366e6974cb338056df65cb50e7d64d1cf314e87504837?s=96&d=mm&r=g\",\"contentUrl\":\"https:\/\/secure.gravatar.com\/avatar\/55cb5e37c1efa326397366e6974cb338056df65cb50e7d64d1cf314e87504837?s=96&d=mm&r=g\",\"caption\":\"Arnaldo Botto\"},\"url\":\"https:\/\/www.noticiasradioreflejos.com.ar\/2021\/author\/arnaldo\/\"}]}<\/script>\n<!-- \/ Yoast SEO plugin. -->","yoast_head_json":{"title":"Pehuen C\u00f3 no recibir\u00e1 visitas \"por el d\u00eda\" - Noticias Radio Reflejos","robots":{"index":"index","follow":"follow","max-snippet":"max-snippet:-1","max-image-preview":"max-image-preview:large","max-video-preview":"max-video-preview:-1"},"canonical":"https:\/\/www.noticiasradioreflejos.com.ar\/2021\/pehuen-co-no-recibira-visitas-por-el-dia\/","og_locale":"es_ES","og_type":"article","og_title":"Pehuen C\u00f3 no recibir\u00e1 visitas \"por el d\u00eda\" - Noticias Radio Reflejos","og_description":"El intendente de Coronel Rosales, Mariano Uset, aclar\u00f3 esta ma\u00f1ana en\u00a0LA BR\u00daJULA 24\u00a0que Pehuen C\u00f3 no habilitar\u00e1 el turismo \u00abpor el d\u00eda\u00bb, para evitar el colapso sanitario.","og_url":"https:\/\/www.noticiasradioreflejos.com.ar\/2021\/pehuen-co-no-recibira-visitas-por-el-dia\/","og_site_name":"Noticias Radio Reflejos","article_published_time":"2020-11-21T21:52:38+00:00","og_image":[{"url":"http:\/\/live.staticflickr.com\/65535\/50630559047_888fc566cd_c.jpg","type":"","width":"","height":""}],"author":"Arnaldo Botto","twitter_card":"summary_large_image","schema":{"@context":"https:\/\/schema.org","@graph":[{"@type":"WebPage","@id":"https:\/\/www.noticiasradioreflejos.com.ar\/2021\/pehuen-co-no-recibira-visitas-por-el-dia\/","url":"https:\/\/www.noticiasradioreflejos.com.ar\/2021\/pehuen-co-no-recibira-visitas-por-el-dia\/","name":"Pehuen C\u00f3 no recibir\u00e1 visitas \"por el d\u00eda\" - Noticias Radio Reflejos","isPartOf":{"@id":"https:\/\/www.noticiasradioreflejos.com.ar\/2021\/#website"},"primaryImageOfPage":{"@id":"https:\/\/www.noticiasradioreflejos.com.ar\/2021\/pehuen-co-no-recibira-visitas-por-el-dia\/#primaryimage"},"image":{"@id":"https:\/\/www.noticiasradioreflejos.com.ar\/2021\/pehuen-co-no-recibira-visitas-por-el-dia\/#primaryimage"},"thumbnailUrl":"http:\/\/live.staticflickr.com\/65535\/50630559047_888fc566cd_c.jpg","datePublished":"2020-11-21T21:52:38+00:00","author":{"@id":"https:\/\/www.noticiasradioreflejos.com.ar\/2021\/#\/schema\/person\/ad82545263dcc5ec0996818884fd5fb1"},"breadcrumb":{"@id":"https:\/\/www.noticiasradioreflejos.com.ar\/2021\/pehuen-co-no-recibira-visitas-por-el-dia\/#breadcrumb"},"inLanguage":"es","potentialAction":[{"@type":"ReadAction","target":["https:\/\/www.noticiasradioreflejos.com.ar\/2021\/pehuen-co-no-recibira-visitas-por-el-dia\/"]}]},{"@type":"ImageObject","inLanguage":"es","@id":"https:\/\/www.noticiasradioreflejos.com.ar\/2021\/pehuen-co-no-recibira-visitas-por-el-dia\/#primaryimage","url":"http:\/\/live.staticflickr.com\/65535\/50630559047_888fc566cd_c.jpg","contentUrl":"http:\/\/live.staticflickr.com\/65535\/50630559047_888fc566cd_c.jpg"},{"@type":"BreadcrumbList","@id":"https:\/\/www.noticiasradioreflejos.com.ar\/2021\/pehuen-co-no-recibira-visitas-por-el-dia\/#breadcrumb","itemListElement":[{"@type":"ListItem","position":1,"name":"Portada","item":"https:\/\/www.noticiasradioreflejos.com.ar\/2021\/"},{"@type":"ListItem","position":2,"name":"Pehuen C\u00f3 no recibir\u00e1 visitas \u00abpor el d\u00eda\u00bb"}]},{"@type":"WebSite","@id":"https:\/\/www.noticiasradioreflejos.com.ar\/2021\/#website","url":"https:\/\/www.noticiasradioreflejos.com.ar\/2021\/","name":"Noticias Radio Reflejos","description":"Las noticias de mi comarca","potentialAction":[{"@type":"SearchAction","target":{"@type":"EntryPoint","urlTemplate":"https:\/\/www.noticiasradioreflejos.com.ar\/2021\/?s={search_term_string}"},"query-input":{"@type":"PropertyValueSpecification","valueRequired":true,"valueName":"search_term_string"}}],"inLanguage":"es"},{"@type":"Person","@id":"https:\/\/www.noticiasradioreflejos.com.ar\/2021\/#\/schema\/person\/ad82545263dcc5ec0996818884fd5fb1","name":"Arnaldo Botto","image":{"@type":"ImageObject","inLanguage":"es","@id":"https:\/\/www.noticiasradioreflejos.com.ar\/2021\/#\/schema\/person\/image\/","url":"https:\/\/secure.gravatar.com\/avatar\/55cb5e37c1efa326397366e6974cb338056df65cb50e7d64d1cf314e87504837?s=96&d=mm&r=g","contentUrl":"https:\/\/secure.gravatar.com\/avatar\/55cb5e37c1efa326397366e6974cb338056df65cb50e7d64d1cf314e87504837?s=96&d=mm&r=g","caption":"Arnaldo Botto"},"url":"https:\/\/www.noticiasradioreflejos.com.ar\/2021\/author\/arnaldo\/"}]}},"_links":{"self":[{"href":"https:\/\/www.noticiasradioreflejos.com.ar\/2021\/wp-json\/wp\/v2\/posts\/49525","targetHints":{"allow":["GET"]}}],"collection":[{"href":"https:\/\/www.noticiasradioreflejos.com.ar\/2021\/wp-json\/wp\/v2\/posts"}],"about":[{"href":"https:\/\/www.noticiasradioreflejos.com.ar\/2021\/wp-json\/wp\/v2\/types\/post"}],"author":[{"embeddable":true,"href":"https:\/\/www.noticiasradioreflejos.com.ar\/2021\/wp-json\/wp\/v2\/users\/3"}],"replies":[{"embeddable":true,"href":"https:\/\/www.noticiasradioreflejos.com.ar\/2021\/wp-json\/wp\/v2\/comments?post=49525"}],"version-history":[{"count":0,"href":"https:\/\/www.noticiasradioreflejos.com.ar\/2021\/wp-json\/wp\/v2\/posts\/49525\/revisions"}],"wp:attachment":[{"href":"https:\/\/www.noticiasradioreflejos.com.ar\/2021\/wp-json\/wp\/v2\/media?parent=49525"}],"wp:term":[{"taxonomy":"category","embeddable":true,"href":"https:\/\/www.noticiasradioreflejos.com.ar\/2021\/wp-json\/wp\/v2\/categories?post=49525"},{"taxonomy":"post_tag","embeddable":true,"href":"https:\/\/www.noticiasradioreflejos.com.ar\/2021\/wp-json\/wp\/v2\/tags?post=49525"}],"curies":[{"name":"wp","href":"https:\/\/api.w.org\/{rel}","templated":true}]}}