{"id":49522,"date":"2020-11-21T15:14:29","date_gmt":"2020-11-21T18:14:29","guid":{"rendered":"http:\/\/www.noticiasradioreflejos.com.ar\/noticias\/?p=49522"},"modified":"2020-11-21T15:14:29","modified_gmt":"2020-11-21T18:14:29","slug":"maradona-una-metafora-de-nuestra-sociedad","status":"publish","type":"post","link":"https:\/\/www.noticiasradioreflejos.com.ar\/2021\/maradona-una-metafora-de-nuestra-sociedad\/","title":{"rendered":"Maradona, una met\u00e1fora de nuestra sociedad"},"content":{"rendered":"<p><em><strong><span style=\"color: #993366;\">Por Enrique De Rosa Alabaster<\/span><\/strong><\/em><\/p>\n<p><strong>Joseph Campbell<\/strong> compar\u00f3 mitos y leyendas de una incre\u00edble diversidad de culturas y \u00e9pocas de la humanidad y vio que hab\u00eda patrones que se repet\u00edan de manera asombrosa, en un mundo en el que cada aldea imaginaba ser un mundo e ignoraba la existencia de otra cosa. As\u00ed estableci\u00f3, hace muchos a\u00f1os, lo que dio en llamar el ciclo del h\u00e9roe.<!--more--><\/p>\n<p>Los mitos forman parte de la cultura que permiti\u00f3 a la humanidad dominar el caos primordial y al avance de aquella. Implic\u00f3 el progreso de la humanidad, y en ese contexto, siempre han sido necesarios los h\u00e9roes, ya que ellos nos anteced\u00edan y superaban nuestras limitaciones humanas. Les pedimos, los idolatramos y ocasionalmente los odiamos, al no encontrar respuesta o imaginar que su respuesta era un castigo. Jordan Peterson dice que aquello que no podemos ver, la cultura, nos protege de lo que no comprendemos, el caos, y haremos cualquier cosa con tal de sostener esa cultura, esa ret\u00f3rica. El inconveniente es que lo que podemos hacer a veces es nuestro mal, o dicho de otra manera, el remedio es la enfermedad.<\/p>\n<p>El h\u00e9roe tiene un origen en general humilde o negado su linaje, pasa por mil pruebas, sufre varios episodios cercanos a la muerte o inclusive vuelve de ella y en muchos casos sufre un destino tr\u00e1gico o es negado por aquellos a quienes protege.<\/p>\n<p>Su vida o su historia cl\u00ednica se transformaron en la comidilla de las noticias y en el objeto de proyecciones morales que perversamente ve\u00edan como una persona padec\u00eda todos los males, pero aun as\u00ed era idolatrado<\/p>\n<p>En estos d\u00edas, Diego Maradona, como Prometeo quiz\u00e1s, un adelantado, \u00fanico, distinto, que suma a su habilidad su astucia, vuelve a padecer su destino, el castigo repetido sin fin. Zeus castiga a Prometeo, que le da el fuego (la luz de la conciencia) a los seres humanos, y es encadenado y su h\u00edgado es comido por un \u00e1guila, pero al ser inmortal se regenera, est\u00e1 a punto de morir y resucita.<\/p>\n<p>En los \u00faltimos 30 a\u00f1os hemos visto la vida del \u00eddolo popular m\u00e1s emblem\u00e1tico morir varias veces y otras tantas resucitar. Su vida o su historia cl\u00ednica se transformaron en la comidilla de las noticias y en el objeto de proyecciones morales que perversamente ve\u00edan como una persona padec\u00eda todos los males, pero aun as\u00ed era idolatrado. En el plano de lo concreto, los m\u00e9dicos que lo han tratado -y todos en general- lo vemos como alguien con problemas que implicar\u00edan el final de un ser humano com\u00fan y corriente, y que sigue transitando a\u00f1o tras a\u00f1o por todos los estados. Quiz\u00e1s el castigo de los dioses frente a su irreverencia sea un espejo en el que nos miramos sin reconocernos. Esto \u00faltimo explicar\u00eda la ambivalencia de la pasi\u00f3n, tan amado como criticado y especialmente juzgado, pocas veces ayudado, ya que no es un humano es un tit\u00e1n o un semidi\u00f3s, y nadie puede con ellos.<\/p>\n<p>Su saga nos refiere como met\u00e1fora de nuestra sociedad, que teniendo todo, siendo la admiraci\u00f3n universal, es desde hace a\u00f1os \u00abel caso argentino\u00bb, de la eterna agon\u00eda y aun as\u00ed no termina de caer nunca, siempre puede haber un gol providencial. Sin embargo, esa extra\u00f1a resiliencia tiene un aspecto sombr\u00edo y es que en lugar de poder progresar y evolucionar, quedamos cristalizados como Diego en sobrevivir. El argentino descuella en la habilidad de lograr lo imposible y reponerse a todas las adversidades, pero sin nunca salir de ellas y el c\u00edrculo del eterno retorno. Diego ha padecido patolog\u00edas expuestas imp\u00fadicamente, m\u00e1s aun hoy en \u00e9poca de redes sociales, viralizadas, y no es contenido como un enfermo, sino un h\u00e9roe ca\u00eddo, pero sobreviviente, como los argentinos. En la adolescente negaci\u00f3n de la muerte, donde no hay l\u00edmites y s\u00ed b\u00fasqueda de emociones fuertes, que nos impide valorar y comprender el misterio de la vida, y as\u00ed respetarla y empezar a madurar definitivamente, fuera de la fantas\u00eda del h\u00e9roe.<\/p>\n<p>Quiz\u00e1s necesitamos menos un Diego\/h\u00e9roe y m\u00e1s sentir compasi\u00f3n, empat\u00eda, agradecimiento y porqu\u00e9 no amor por el hombre, con todos sus matices. Quiz\u00e1s -ni m\u00e1s ni menos- lo que necesitamos nosotros como sociedad e individuos para salir del eterno retorno, en el que el \u00e1guila nos devora diariamente nuestro h\u00edgado, el \u00f3rgano que se regenera pero no sirve eternamente enfermo, ya que all\u00ed est\u00e1n nuestras emociones m\u00e1s b\u00e1sicas.<\/p>\n<p>&nbsp;<\/p>\n<p><em><span style=\"color: #993366;\"><strong>Enrique De Rosa Alabaster<\/strong><\/span><\/em><\/p>\n<p><em><span style=\"color: #993366;\"><strong>M\u00e9dico psiquiatra, neur\u00f3logo legista<\/strong><\/span><\/em><\/p>\n<p><strong>Para La Naci\u00f3n<\/strong><\/p>\n","protected":false},"excerpt":{"rendered":"<p>Por Enrique De Rosa Alabaster Joseph Campbell compar\u00f3 mitos y leyendas de una incre\u00edble diversidad de culturas y \u00e9pocas de la humanidad y vio que hab\u00eda patrones que se repet\u00edan de manera asombrosa, en un mundo en el que cada aldea imaginaba ser un mundo e ignoraba la existencia de otra cosa. As\u00ed estableci\u00f3, hace [&hellip;]<\/p>\n","protected":false},"author":3,"featured_media":0,"comment_status":"closed","ping_status":"open","sticky":false,"template":"","format":"standard","meta":{"footnotes":""},"categories":[26],"tags":[],"class_list":["post-49522","post","type-post","status-publish","format-standard","hentry","category-sociedad"],"yoast_head":"<!-- This site is optimized with the Yoast SEO plugin v25.9 - https:\/\/yoast.com\/wordpress\/plugins\/seo\/ -->\n<title>Maradona, una met\u00e1fora de nuestra sociedad - Noticias Radio Reflejos<\/title>\n<meta name=\"robots\" content=\"index, follow, max-snippet:-1, max-image-preview:large, max-video-preview:-1\" \/>\n<link rel=\"canonical\" href=\"https:\/\/www.noticiasradioreflejos.com.ar\/2021\/maradona-una-metafora-de-nuestra-sociedad\/\" \/>\n<meta property=\"og:locale\" content=\"es_ES\" \/>\n<meta property=\"og:type\" content=\"article\" \/>\n<meta property=\"og:title\" content=\"Maradona, una met\u00e1fora de nuestra sociedad - Noticias Radio Reflejos\" \/>\n<meta property=\"og:description\" content=\"Por Enrique De Rosa Alabaster Joseph Campbell compar\u00f3 mitos y leyendas de una incre\u00edble diversidad de culturas y \u00e9pocas de la humanidad y vio que hab\u00eda patrones que se repet\u00edan de manera asombrosa, en un mundo en el que cada aldea imaginaba ser un mundo e ignoraba la existencia de otra cosa. As\u00ed estableci\u00f3, hace [&hellip;]\" \/>\n<meta property=\"og:url\" content=\"https:\/\/www.noticiasradioreflejos.com.ar\/2021\/maradona-una-metafora-de-nuestra-sociedad\/\" \/>\n<meta property=\"og:site_name\" content=\"Noticias Radio Reflejos\" \/>\n<meta property=\"article:published_time\" content=\"2020-11-21T18:14:29+00:00\" \/>\n<meta property=\"og:image\" content=\"https:\/\/www.noticiasradioreflejos.com.ar\/2021\/wp-content\/uploads\/2021\/07\/logosol300x200.png\" \/>\n\t<meta property=\"og:image:width\" content=\"300\" \/>\n\t<meta property=\"og:image:height\" content=\"200\" \/>\n\t<meta property=\"og:image:type\" content=\"image\/png\" \/>\n<meta name=\"author\" content=\"Arnaldo Botto\" \/>\n<meta name=\"twitter:card\" content=\"summary_large_image\" \/>\n<script type=\"application\/ld+json\" class=\"yoast-schema-graph\">{\"@context\":\"https:\/\/schema.org\",\"@graph\":[{\"@type\":\"WebPage\",\"@id\":\"https:\/\/www.noticiasradioreflejos.com.ar\/2021\/maradona-una-metafora-de-nuestra-sociedad\/\",\"url\":\"https:\/\/www.noticiasradioreflejos.com.ar\/2021\/maradona-una-metafora-de-nuestra-sociedad\/\",\"name\":\"Maradona, una met\u00e1fora de nuestra sociedad - Noticias Radio Reflejos\",\"isPartOf\":{\"@id\":\"https:\/\/www.noticiasradioreflejos.com.ar\/2021\/#website\"},\"datePublished\":\"2020-11-21T18:14:29+00:00\",\"author\":{\"@id\":\"https:\/\/www.noticiasradioreflejos.com.ar\/2021\/#\/schema\/person\/ad82545263dcc5ec0996818884fd5fb1\"},\"breadcrumb\":{\"@id\":\"https:\/\/www.noticiasradioreflejos.com.ar\/2021\/maradona-una-metafora-de-nuestra-sociedad\/#breadcrumb\"},\"inLanguage\":\"es\",\"potentialAction\":[{\"@type\":\"ReadAction\",\"target\":[\"https:\/\/www.noticiasradioreflejos.com.ar\/2021\/maradona-una-metafora-de-nuestra-sociedad\/\"]}]},{\"@type\":\"BreadcrumbList\",\"@id\":\"https:\/\/www.noticiasradioreflejos.com.ar\/2021\/maradona-una-metafora-de-nuestra-sociedad\/#breadcrumb\",\"itemListElement\":[{\"@type\":\"ListItem\",\"position\":1,\"name\":\"Portada\",\"item\":\"https:\/\/www.noticiasradioreflejos.com.ar\/2021\/\"},{\"@type\":\"ListItem\",\"position\":2,\"name\":\"Maradona, una met\u00e1fora de nuestra sociedad\"}]},{\"@type\":\"WebSite\",\"@id\":\"https:\/\/www.noticiasradioreflejos.com.ar\/2021\/#website\",\"url\":\"https:\/\/www.noticiasradioreflejos.com.ar\/2021\/\",\"name\":\"Noticias Radio Reflejos\",\"description\":\"Las noticias de mi comarca\",\"potentialAction\":[{\"@type\":\"SearchAction\",\"target\":{\"@type\":\"EntryPoint\",\"urlTemplate\":\"https:\/\/www.noticiasradioreflejos.com.ar\/2021\/?s={search_term_string}\"},\"query-input\":{\"@type\":\"PropertyValueSpecification\",\"valueRequired\":true,\"valueName\":\"search_term_string\"}}],\"inLanguage\":\"es\"},{\"@type\":\"Person\",\"@id\":\"https:\/\/www.noticiasradioreflejos.com.ar\/2021\/#\/schema\/person\/ad82545263dcc5ec0996818884fd5fb1\",\"name\":\"Arnaldo Botto\",\"image\":{\"@type\":\"ImageObject\",\"inLanguage\":\"es\",\"@id\":\"https:\/\/www.noticiasradioreflejos.com.ar\/2021\/#\/schema\/person\/image\/\",\"url\":\"https:\/\/secure.gravatar.com\/avatar\/55cb5e37c1efa326397366e6974cb338056df65cb50e7d64d1cf314e87504837?s=96&d=mm&r=g\",\"contentUrl\":\"https:\/\/secure.gravatar.com\/avatar\/55cb5e37c1efa326397366e6974cb338056df65cb50e7d64d1cf314e87504837?s=96&d=mm&r=g\",\"caption\":\"Arnaldo Botto\"},\"url\":\"https:\/\/www.noticiasradioreflejos.com.ar\/2021\/author\/arnaldo\/\"}]}<\/script>\n<!-- \/ Yoast SEO plugin. -->","yoast_head_json":{"title":"Maradona, una met\u00e1fora de nuestra sociedad - Noticias Radio Reflejos","robots":{"index":"index","follow":"follow","max-snippet":"max-snippet:-1","max-image-preview":"max-image-preview:large","max-video-preview":"max-video-preview:-1"},"canonical":"https:\/\/www.noticiasradioreflejos.com.ar\/2021\/maradona-una-metafora-de-nuestra-sociedad\/","og_locale":"es_ES","og_type":"article","og_title":"Maradona, una met\u00e1fora de nuestra sociedad - Noticias Radio Reflejos","og_description":"Por Enrique De Rosa Alabaster Joseph Campbell compar\u00f3 mitos y leyendas de una incre\u00edble diversidad de culturas y \u00e9pocas de la humanidad y vio que hab\u00eda patrones que se repet\u00edan de manera asombrosa, en un mundo en el que cada aldea imaginaba ser un mundo e ignoraba la existencia de otra cosa. As\u00ed estableci\u00f3, hace [&hellip;]","og_url":"https:\/\/www.noticiasradioreflejos.com.ar\/2021\/maradona-una-metafora-de-nuestra-sociedad\/","og_site_name":"Noticias Radio Reflejos","article_published_time":"2020-11-21T18:14:29+00:00","og_image":[{"width":300,"height":200,"url":"https:\/\/www.noticiasradioreflejos.com.ar\/2021\/wp-content\/uploads\/2021\/07\/logosol300x200.png","type":"image\/png"}],"author":"Arnaldo Botto","twitter_card":"summary_large_image","schema":{"@context":"https:\/\/schema.org","@graph":[{"@type":"WebPage","@id":"https:\/\/www.noticiasradioreflejos.com.ar\/2021\/maradona-una-metafora-de-nuestra-sociedad\/","url":"https:\/\/www.noticiasradioreflejos.com.ar\/2021\/maradona-una-metafora-de-nuestra-sociedad\/","name":"Maradona, una met\u00e1fora de nuestra sociedad - Noticias Radio Reflejos","isPartOf":{"@id":"https:\/\/www.noticiasradioreflejos.com.ar\/2021\/#website"},"datePublished":"2020-11-21T18:14:29+00:00","author":{"@id":"https:\/\/www.noticiasradioreflejos.com.ar\/2021\/#\/schema\/person\/ad82545263dcc5ec0996818884fd5fb1"},"breadcrumb":{"@id":"https:\/\/www.noticiasradioreflejos.com.ar\/2021\/maradona-una-metafora-de-nuestra-sociedad\/#breadcrumb"},"inLanguage":"es","potentialAction":[{"@type":"ReadAction","target":["https:\/\/www.noticiasradioreflejos.com.ar\/2021\/maradona-una-metafora-de-nuestra-sociedad\/"]}]},{"@type":"BreadcrumbList","@id":"https:\/\/www.noticiasradioreflejos.com.ar\/2021\/maradona-una-metafora-de-nuestra-sociedad\/#breadcrumb","itemListElement":[{"@type":"ListItem","position":1,"name":"Portada","item":"https:\/\/www.noticiasradioreflejos.com.ar\/2021\/"},{"@type":"ListItem","position":2,"name":"Maradona, una met\u00e1fora de nuestra sociedad"}]},{"@type":"WebSite","@id":"https:\/\/www.noticiasradioreflejos.com.ar\/2021\/#website","url":"https:\/\/www.noticiasradioreflejos.com.ar\/2021\/","name":"Noticias Radio Reflejos","description":"Las noticias de mi comarca","potentialAction":[{"@type":"SearchAction","target":{"@type":"EntryPoint","urlTemplate":"https:\/\/www.noticiasradioreflejos.com.ar\/2021\/?s={search_term_string}"},"query-input":{"@type":"PropertyValueSpecification","valueRequired":true,"valueName":"search_term_string"}}],"inLanguage":"es"},{"@type":"Person","@id":"https:\/\/www.noticiasradioreflejos.com.ar\/2021\/#\/schema\/person\/ad82545263dcc5ec0996818884fd5fb1","name":"Arnaldo Botto","image":{"@type":"ImageObject","inLanguage":"es","@id":"https:\/\/www.noticiasradioreflejos.com.ar\/2021\/#\/schema\/person\/image\/","url":"https:\/\/secure.gravatar.com\/avatar\/55cb5e37c1efa326397366e6974cb338056df65cb50e7d64d1cf314e87504837?s=96&d=mm&r=g","contentUrl":"https:\/\/secure.gravatar.com\/avatar\/55cb5e37c1efa326397366e6974cb338056df65cb50e7d64d1cf314e87504837?s=96&d=mm&r=g","caption":"Arnaldo Botto"},"url":"https:\/\/www.noticiasradioreflejos.com.ar\/2021\/author\/arnaldo\/"}]}},"_links":{"self":[{"href":"https:\/\/www.noticiasradioreflejos.com.ar\/2021\/wp-json\/wp\/v2\/posts\/49522","targetHints":{"allow":["GET"]}}],"collection":[{"href":"https:\/\/www.noticiasradioreflejos.com.ar\/2021\/wp-json\/wp\/v2\/posts"}],"about":[{"href":"https:\/\/www.noticiasradioreflejos.com.ar\/2021\/wp-json\/wp\/v2\/types\/post"}],"author":[{"embeddable":true,"href":"https:\/\/www.noticiasradioreflejos.com.ar\/2021\/wp-json\/wp\/v2\/users\/3"}],"replies":[{"embeddable":true,"href":"https:\/\/www.noticiasradioreflejos.com.ar\/2021\/wp-json\/wp\/v2\/comments?post=49522"}],"version-history":[{"count":0,"href":"https:\/\/www.noticiasradioreflejos.com.ar\/2021\/wp-json\/wp\/v2\/posts\/49522\/revisions"}],"wp:attachment":[{"href":"https:\/\/www.noticiasradioreflejos.com.ar\/2021\/wp-json\/wp\/v2\/media?parent=49522"}],"wp:term":[{"taxonomy":"category","embeddable":true,"href":"https:\/\/www.noticiasradioreflejos.com.ar\/2021\/wp-json\/wp\/v2\/categories?post=49522"},{"taxonomy":"post_tag","embeddable":true,"href":"https:\/\/www.noticiasradioreflejos.com.ar\/2021\/wp-json\/wp\/v2\/tags?post=49522"}],"curies":[{"name":"wp","href":"https:\/\/api.w.org\/{rel}","templated":true}]}}