{"id":49515,"date":"2020-11-21T13:39:58","date_gmt":"2020-11-21T16:39:58","guid":{"rendered":"http:\/\/www.noticiasradioreflejos.com.ar\/noticias\/?p=49515"},"modified":"2020-11-21T13:39:58","modified_gmt":"2020-11-21T16:39:58","slug":"dia-de-la-enfermeria-argentina","status":"publish","type":"post","link":"https:\/\/www.noticiasradioreflejos.com.ar\/2021\/dia-de-la-enfermeria-argentina\/","title":{"rendered":"D\u00eda de la Enfermer\u00eda Argentina."},"content":{"rendered":"<p>En la Rep\u00fablica Argentina, el 21 de noviembre celebramos el d\u00eda de la Enfermer\u00eda, por cuanto en esa fecha, en el a\u00f1o 1935, se fund\u00f3 la Federaci\u00f3n de Asociaciones de Profesionales Cat\u00f3licas de Enfermer\u00eda, que nombr\u00f3 como patrona a la Virgen de los remedios, cuya festividad es en est a fecha.<!--more--><\/p>\n<p>El Ministerio de Salud de la Naci\u00f3n instituy\u00f3 por decreto, el 21 de noviembre como el D\u00eda de la Enfermer\u00eda, en coincidencia con la festividad de Nuestra Se\u00f1ora de los Remedios, considerada patrona de la actividad.<br \/>\nNo se deja de mencionar que desde distintos estamentos te\u00f3ricos y profesionales de nuestro pa\u00eds, en cuestionamiento a lo anterior instaurado, se propone celebrar el 21 de noviembre DIA FE LA ENFERMER\u00cdA EN  ARGENTINA, en honor a CECILIA GRIERSON, quien se la reconoce como la te\u00f3rica que fund\u00f3 la enfermer\u00eda moderna de todo el continente de Am\u00e9rica Latina. Esta personalidad fue la fundadora de la Primer Escuela de Enfermer\u00eda de Am\u00e9rica del Sur, justamente en nuestro pa\u00eds, iniciando las clases en la ciudad de Buenos Aires, all\u00e1 por el a\u00f1o 1886.<br \/>\n Aunque para muchos su labor pasa desapercibida, SON FUNDAMENTALES en los tratamientos m\u00e9dicos y en especial en este a\u00f1o 2020, a\u00f1o de pandemia, en el cual y en la mayor\u00eda de los casos, su labor ha sido de 24 x 7.<br \/>\nDesde MOVILIZACI\u00d3N PARTIDARIA UCR,  hoy queremos destacar la labor de estos profesionales de la salud incansables luchadores, que rien y lloran junto a qui\u00e9nes asisten en esos momentos de mayor vulnerabilidad&#8230; por todo el amor brindado, dedicaci\u00f3n, empatia y vocaci\u00f3n de servicio&#8230;<br \/>\nGRACIAS&#8230;MUCHAS GRACIAS!!!!<\/p>\n<p>FELIZ DIA ENFERMERAS Y ENFERMEROS!<\/p>\n<p>                                  MOVILIZACI\u00d3N PARTIDARIA<br \/>\nUCR &#8211; VI SECCI\u00d3N<br \/>\nMariana Gotta<\/p>\n","protected":false},"excerpt":{"rendered":"<p>En la Rep\u00fablica Argentina, el 21 de noviembre celebramos el d\u00eda de la Enfermer\u00eda, por cuanto en esa fecha, en el a\u00f1o 1935, se fund\u00f3 la Federaci\u00f3n de Asociaciones de Profesionales Cat\u00f3licas de Enfermer\u00eda, que nombr\u00f3 como patrona a la Virgen de los remedios, cuya festividad es en est a fecha.<\/p>\n","protected":false},"author":3,"featured_media":0,"comment_status":"closed","ping_status":"open","sticky":false,"template":"","format":"standard","meta":{"footnotes":""},"categories":[26],"tags":[],"class_list":["post-49515","post","type-post","status-publish","format-standard","hentry","category-sociedad"],"yoast_head":"<!-- This site is optimized with the Yoast SEO plugin v25.9 - https:\/\/yoast.com\/wordpress\/plugins\/seo\/ -->\n<title>D\u00eda de la Enfermer\u00eda Argentina. - Noticias Radio Reflejos<\/title>\n<meta name=\"robots\" content=\"index, follow, max-snippet:-1, max-image-preview:large, max-video-preview:-1\" \/>\n<link rel=\"canonical\" href=\"https:\/\/www.noticiasradioreflejos.com.ar\/2021\/dia-de-la-enfermeria-argentina\/\" \/>\n<meta property=\"og:locale\" content=\"es_ES\" \/>\n<meta property=\"og:type\" content=\"article\" \/>\n<meta property=\"og:title\" content=\"D\u00eda de la Enfermer\u00eda Argentina. - Noticias Radio Reflejos\" \/>\n<meta property=\"og:description\" content=\"En la Rep\u00fablica Argentina, el 21 de noviembre celebramos el d\u00eda de la Enfermer\u00eda, por cuanto en esa fecha, en el a\u00f1o 1935, se fund\u00f3 la Federaci\u00f3n de Asociaciones de Profesionales Cat\u00f3licas de Enfermer\u00eda, que nombr\u00f3 como patrona a la Virgen de los remedios, cuya festividad es en est a fecha.\" \/>\n<meta property=\"og:url\" content=\"https:\/\/www.noticiasradioreflejos.com.ar\/2021\/dia-de-la-enfermeria-argentina\/\" \/>\n<meta property=\"og:site_name\" content=\"Noticias Radio Reflejos\" \/>\n<meta property=\"article:published_time\" content=\"2020-11-21T16:39:58+00:00\" \/>\n<meta property=\"og:image\" content=\"https:\/\/www.noticiasradioreflejos.com.ar\/2021\/wp-content\/uploads\/2021\/07\/logosol300x200.png\" \/>\n\t<meta property=\"og:image:width\" content=\"300\" \/>\n\t<meta property=\"og:image:height\" content=\"200\" \/>\n\t<meta property=\"og:image:type\" content=\"image\/png\" \/>\n<meta name=\"author\" content=\"Arnaldo Botto\" \/>\n<meta name=\"twitter:card\" content=\"summary_large_image\" \/>\n<script type=\"application\/ld+json\" class=\"yoast-schema-graph\">{\"@context\":\"https:\/\/schema.org\",\"@graph\":[{\"@type\":\"WebPage\",\"@id\":\"https:\/\/www.noticiasradioreflejos.com.ar\/2021\/dia-de-la-enfermeria-argentina\/\",\"url\":\"https:\/\/www.noticiasradioreflejos.com.ar\/2021\/dia-de-la-enfermeria-argentina\/\",\"name\":\"D\u00eda de la Enfermer\u00eda Argentina. - Noticias Radio Reflejos\",\"isPartOf\":{\"@id\":\"https:\/\/www.noticiasradioreflejos.com.ar\/2021\/#website\"},\"datePublished\":\"2020-11-21T16:39:58+00:00\",\"author\":{\"@id\":\"https:\/\/www.noticiasradioreflejos.com.ar\/2021\/#\/schema\/person\/ad82545263dcc5ec0996818884fd5fb1\"},\"breadcrumb\":{\"@id\":\"https:\/\/www.noticiasradioreflejos.com.ar\/2021\/dia-de-la-enfermeria-argentina\/#breadcrumb\"},\"inLanguage\":\"es\",\"potentialAction\":[{\"@type\":\"ReadAction\",\"target\":[\"https:\/\/www.noticiasradioreflejos.com.ar\/2021\/dia-de-la-enfermeria-argentina\/\"]}]},{\"@type\":\"BreadcrumbList\",\"@id\":\"https:\/\/www.noticiasradioreflejos.com.ar\/2021\/dia-de-la-enfermeria-argentina\/#breadcrumb\",\"itemListElement\":[{\"@type\":\"ListItem\",\"position\":1,\"name\":\"Portada\",\"item\":\"https:\/\/www.noticiasradioreflejos.com.ar\/2021\/\"},{\"@type\":\"ListItem\",\"position\":2,\"name\":\"D\u00eda de la Enfermer\u00eda Argentina.\"}]},{\"@type\":\"WebSite\",\"@id\":\"https:\/\/www.noticiasradioreflejos.com.ar\/2021\/#website\",\"url\":\"https:\/\/www.noticiasradioreflejos.com.ar\/2021\/\",\"name\":\"Noticias Radio Reflejos\",\"description\":\"Las noticias de mi comarca\",\"potentialAction\":[{\"@type\":\"SearchAction\",\"target\":{\"@type\":\"EntryPoint\",\"urlTemplate\":\"https:\/\/www.noticiasradioreflejos.com.ar\/2021\/?s={search_term_string}\"},\"query-input\":{\"@type\":\"PropertyValueSpecification\",\"valueRequired\":true,\"valueName\":\"search_term_string\"}}],\"inLanguage\":\"es\"},{\"@type\":\"Person\",\"@id\":\"https:\/\/www.noticiasradioreflejos.com.ar\/2021\/#\/schema\/person\/ad82545263dcc5ec0996818884fd5fb1\",\"name\":\"Arnaldo Botto\",\"image\":{\"@type\":\"ImageObject\",\"inLanguage\":\"es\",\"@id\":\"https:\/\/www.noticiasradioreflejos.com.ar\/2021\/#\/schema\/person\/image\/\",\"url\":\"https:\/\/secure.gravatar.com\/avatar\/55cb5e37c1efa326397366e6974cb338056df65cb50e7d64d1cf314e87504837?s=96&d=mm&r=g\",\"contentUrl\":\"https:\/\/secure.gravatar.com\/avatar\/55cb5e37c1efa326397366e6974cb338056df65cb50e7d64d1cf314e87504837?s=96&d=mm&r=g\",\"caption\":\"Arnaldo Botto\"},\"url\":\"https:\/\/www.noticiasradioreflejos.com.ar\/2021\/author\/arnaldo\/\"}]}<\/script>\n<!-- \/ Yoast SEO plugin. -->","yoast_head_json":{"title":"D\u00eda de la Enfermer\u00eda Argentina. - Noticias Radio Reflejos","robots":{"index":"index","follow":"follow","max-snippet":"max-snippet:-1","max-image-preview":"max-image-preview:large","max-video-preview":"max-video-preview:-1"},"canonical":"https:\/\/www.noticiasradioreflejos.com.ar\/2021\/dia-de-la-enfermeria-argentina\/","og_locale":"es_ES","og_type":"article","og_title":"D\u00eda de la Enfermer\u00eda Argentina. - Noticias Radio Reflejos","og_description":"En la Rep\u00fablica Argentina, el 21 de noviembre celebramos el d\u00eda de la Enfermer\u00eda, por cuanto en esa fecha, en el a\u00f1o 1935, se fund\u00f3 la Federaci\u00f3n de Asociaciones de Profesionales Cat\u00f3licas de Enfermer\u00eda, que nombr\u00f3 como patrona a la Virgen de los remedios, cuya festividad es en est a fecha.","og_url":"https:\/\/www.noticiasradioreflejos.com.ar\/2021\/dia-de-la-enfermeria-argentina\/","og_site_name":"Noticias Radio Reflejos","article_published_time":"2020-11-21T16:39:58+00:00","og_image":[{"width":300,"height":200,"url":"https:\/\/www.noticiasradioreflejos.com.ar\/2021\/wp-content\/uploads\/2021\/07\/logosol300x200.png","type":"image\/png"}],"author":"Arnaldo Botto","twitter_card":"summary_large_image","schema":{"@context":"https:\/\/schema.org","@graph":[{"@type":"WebPage","@id":"https:\/\/www.noticiasradioreflejos.com.ar\/2021\/dia-de-la-enfermeria-argentina\/","url":"https:\/\/www.noticiasradioreflejos.com.ar\/2021\/dia-de-la-enfermeria-argentina\/","name":"D\u00eda de la Enfermer\u00eda Argentina. - Noticias Radio Reflejos","isPartOf":{"@id":"https:\/\/www.noticiasradioreflejos.com.ar\/2021\/#website"},"datePublished":"2020-11-21T16:39:58+00:00","author":{"@id":"https:\/\/www.noticiasradioreflejos.com.ar\/2021\/#\/schema\/person\/ad82545263dcc5ec0996818884fd5fb1"},"breadcrumb":{"@id":"https:\/\/www.noticiasradioreflejos.com.ar\/2021\/dia-de-la-enfermeria-argentina\/#breadcrumb"},"inLanguage":"es","potentialAction":[{"@type":"ReadAction","target":["https:\/\/www.noticiasradioreflejos.com.ar\/2021\/dia-de-la-enfermeria-argentina\/"]}]},{"@type":"BreadcrumbList","@id":"https:\/\/www.noticiasradioreflejos.com.ar\/2021\/dia-de-la-enfermeria-argentina\/#breadcrumb","itemListElement":[{"@type":"ListItem","position":1,"name":"Portada","item":"https:\/\/www.noticiasradioreflejos.com.ar\/2021\/"},{"@type":"ListItem","position":2,"name":"D\u00eda de la Enfermer\u00eda Argentina."}]},{"@type":"WebSite","@id":"https:\/\/www.noticiasradioreflejos.com.ar\/2021\/#website","url":"https:\/\/www.noticiasradioreflejos.com.ar\/2021\/","name":"Noticias Radio Reflejos","description":"Las noticias de mi comarca","potentialAction":[{"@type":"SearchAction","target":{"@type":"EntryPoint","urlTemplate":"https:\/\/www.noticiasradioreflejos.com.ar\/2021\/?s={search_term_string}"},"query-input":{"@type":"PropertyValueSpecification","valueRequired":true,"valueName":"search_term_string"}}],"inLanguage":"es"},{"@type":"Person","@id":"https:\/\/www.noticiasradioreflejos.com.ar\/2021\/#\/schema\/person\/ad82545263dcc5ec0996818884fd5fb1","name":"Arnaldo Botto","image":{"@type":"ImageObject","inLanguage":"es","@id":"https:\/\/www.noticiasradioreflejos.com.ar\/2021\/#\/schema\/person\/image\/","url":"https:\/\/secure.gravatar.com\/avatar\/55cb5e37c1efa326397366e6974cb338056df65cb50e7d64d1cf314e87504837?s=96&d=mm&r=g","contentUrl":"https:\/\/secure.gravatar.com\/avatar\/55cb5e37c1efa326397366e6974cb338056df65cb50e7d64d1cf314e87504837?s=96&d=mm&r=g","caption":"Arnaldo Botto"},"url":"https:\/\/www.noticiasradioreflejos.com.ar\/2021\/author\/arnaldo\/"}]}},"_links":{"self":[{"href":"https:\/\/www.noticiasradioreflejos.com.ar\/2021\/wp-json\/wp\/v2\/posts\/49515","targetHints":{"allow":["GET"]}}],"collection":[{"href":"https:\/\/www.noticiasradioreflejos.com.ar\/2021\/wp-json\/wp\/v2\/posts"}],"about":[{"href":"https:\/\/www.noticiasradioreflejos.com.ar\/2021\/wp-json\/wp\/v2\/types\/post"}],"author":[{"embeddable":true,"href":"https:\/\/www.noticiasradioreflejos.com.ar\/2021\/wp-json\/wp\/v2\/users\/3"}],"replies":[{"embeddable":true,"href":"https:\/\/www.noticiasradioreflejos.com.ar\/2021\/wp-json\/wp\/v2\/comments?post=49515"}],"version-history":[{"count":0,"href":"https:\/\/www.noticiasradioreflejos.com.ar\/2021\/wp-json\/wp\/v2\/posts\/49515\/revisions"}],"wp:attachment":[{"href":"https:\/\/www.noticiasradioreflejos.com.ar\/2021\/wp-json\/wp\/v2\/media?parent=49515"}],"wp:term":[{"taxonomy":"category","embeddable":true,"href":"https:\/\/www.noticiasradioreflejos.com.ar\/2021\/wp-json\/wp\/v2\/categories?post=49515"},{"taxonomy":"post_tag","embeddable":true,"href":"https:\/\/www.noticiasradioreflejos.com.ar\/2021\/wp-json\/wp\/v2\/tags?post=49515"}],"curies":[{"name":"wp","href":"https:\/\/api.w.org\/{rel}","templated":true}]}}