{"id":49512,"date":"2020-11-21T13:33:36","date_gmt":"2020-11-21T16:33:36","guid":{"rendered":"http:\/\/www.noticiasradioreflejos.com.ar\/noticias\/?p=49512"},"modified":"2020-11-21T13:33:36","modified_gmt":"2020-11-21T16:33:36","slug":"se-busca-a-un-joven-de-14-anos-que-no-volvio-a-su-domicilio-de-tornquist","status":"publish","type":"post","link":"https:\/\/www.noticiasradioreflejos.com.ar\/2021\/se-busca-a-un-joven-de-14-anos-que-no-volvio-a-su-domicilio-de-tornquist\/","title":{"rendered":"Se busca a un joven de 14 a\u00f1os que no volvi\u00f3 a su domicilio de Tornquist."},"content":{"rendered":"<p>La Estaci\u00f3n de Polic\u00eda Comunal de Tornquist, a trav\u00e9s de la presente SOLICITA COLABORACI\u00d3N a los fines difundir la fotograf\u00eda que se adjunta, a los efectos de dar con el paradero de la menor FERREYRA DAVID TOMAS , de 14 a\u00f1os de edad,<!--more--><\/p>\n<p>quien en horas de la madrugada del d\u00eda 19\/11\/2020 se ausenta de su domicilio de Tornquist con destino incierto, labr\u00e1ndose en la seccional policial de Tornquist actuaciones prevencionales por AVERIGUACI\u00d3N DE PARADERO con intervenci\u00f3n de la Unidad Funcional de Instrucci\u00f3n y Juicio N\u00famero 12 de Bah\u00eda Blanca. Ante cualquier novedad comunicarse en forma urgente al n\u00famero de abonado 0291-4941071, perteneciente a la Dependencia Policial de Tornquist.-<\/p>\n<p>ESTACION DE POLICIA COMUNAL DE TORNQUIST.- NOVIEMBRE 20 DE 2020.-<\/p>\n","protected":false},"excerpt":{"rendered":"<p>La Estaci\u00f3n de Polic\u00eda Comunal de Tornquist, a trav\u00e9s de la presente SOLICITA COLABORACI\u00d3N a los fines difundir la fotograf\u00eda que se adjunta, a los efectos de dar con el paradero de la menor FERREYRA DAVID TOMAS , de 14 a\u00f1os de edad,<\/p>\n","protected":false},"author":3,"featured_media":0,"comment_status":"closed","ping_status":"open","sticky":false,"template":"","format":"standard","meta":{"footnotes":""},"categories":[29],"tags":[],"class_list":["post-49512","post","type-post","status-publish","format-standard","hentry","category-policiales"],"yoast_head":"<!-- This site is optimized with the Yoast SEO plugin v25.9 - https:\/\/yoast.com\/wordpress\/plugins\/seo\/ -->\n<title>Se busca a un joven de 14 a\u00f1os que no volvi\u00f3 a su domicilio de Tornquist. - Noticias Radio Reflejos<\/title>\n<meta name=\"robots\" content=\"index, follow, max-snippet:-1, max-image-preview:large, max-video-preview:-1\" \/>\n<link rel=\"canonical\" href=\"https:\/\/www.noticiasradioreflejos.com.ar\/2021\/se-busca-a-un-joven-de-14-anos-que-no-volvio-a-su-domicilio-de-tornquist\/\" \/>\n<meta property=\"og:locale\" content=\"es_ES\" \/>\n<meta property=\"og:type\" content=\"article\" \/>\n<meta property=\"og:title\" content=\"Se busca a un joven de 14 a\u00f1os que no volvi\u00f3 a su domicilio de Tornquist. - Noticias Radio Reflejos\" \/>\n<meta property=\"og:description\" content=\"La Estaci\u00f3n de Polic\u00eda Comunal de Tornquist, a trav\u00e9s de la presente SOLICITA COLABORACI\u00d3N a los fines difundir la fotograf\u00eda que se adjunta, a los efectos de dar con el paradero de la menor FERREYRA DAVID TOMAS , de 14 a\u00f1os de edad,\" \/>\n<meta property=\"og:url\" content=\"https:\/\/www.noticiasradioreflejos.com.ar\/2021\/se-busca-a-un-joven-de-14-anos-que-no-volvio-a-su-domicilio-de-tornquist\/\" \/>\n<meta property=\"og:site_name\" content=\"Noticias Radio Reflejos\" \/>\n<meta property=\"article:published_time\" content=\"2020-11-21T16:33:36+00:00\" \/>\n<meta property=\"og:image\" content=\"https:\/\/www.noticiasradioreflejos.com.ar\/2021\/wp-content\/uploads\/2021\/07\/logosol300x200.png\" \/>\n\t<meta property=\"og:image:width\" content=\"300\" \/>\n\t<meta property=\"og:image:height\" content=\"200\" \/>\n\t<meta property=\"og:image:type\" content=\"image\/png\" \/>\n<meta name=\"author\" content=\"Arnaldo Botto\" \/>\n<meta name=\"twitter:card\" content=\"summary_large_image\" \/>\n<script type=\"application\/ld+json\" class=\"yoast-schema-graph\">{\"@context\":\"https:\/\/schema.org\",\"@graph\":[{\"@type\":\"WebPage\",\"@id\":\"https:\/\/www.noticiasradioreflejos.com.ar\/2021\/se-busca-a-un-joven-de-14-anos-que-no-volvio-a-su-domicilio-de-tornquist\/\",\"url\":\"https:\/\/www.noticiasradioreflejos.com.ar\/2021\/se-busca-a-un-joven-de-14-anos-que-no-volvio-a-su-domicilio-de-tornquist\/\",\"name\":\"Se busca a un joven de 14 a\u00f1os que no volvi\u00f3 a su domicilio de Tornquist. - Noticias Radio Reflejos\",\"isPartOf\":{\"@id\":\"https:\/\/www.noticiasradioreflejos.com.ar\/2021\/#website\"},\"datePublished\":\"2020-11-21T16:33:36+00:00\",\"author\":{\"@id\":\"https:\/\/www.noticiasradioreflejos.com.ar\/2021\/#\/schema\/person\/ad82545263dcc5ec0996818884fd5fb1\"},\"breadcrumb\":{\"@id\":\"https:\/\/www.noticiasradioreflejos.com.ar\/2021\/se-busca-a-un-joven-de-14-anos-que-no-volvio-a-su-domicilio-de-tornquist\/#breadcrumb\"},\"inLanguage\":\"es\",\"potentialAction\":[{\"@type\":\"ReadAction\",\"target\":[\"https:\/\/www.noticiasradioreflejos.com.ar\/2021\/se-busca-a-un-joven-de-14-anos-que-no-volvio-a-su-domicilio-de-tornquist\/\"]}]},{\"@type\":\"BreadcrumbList\",\"@id\":\"https:\/\/www.noticiasradioreflejos.com.ar\/2021\/se-busca-a-un-joven-de-14-anos-que-no-volvio-a-su-domicilio-de-tornquist\/#breadcrumb\",\"itemListElement\":[{\"@type\":\"ListItem\",\"position\":1,\"name\":\"Portada\",\"item\":\"https:\/\/www.noticiasradioreflejos.com.ar\/2021\/\"},{\"@type\":\"ListItem\",\"position\":2,\"name\":\"Se busca a un joven de 14 a\u00f1os que no volvi\u00f3 a su domicilio de Tornquist.\"}]},{\"@type\":\"WebSite\",\"@id\":\"https:\/\/www.noticiasradioreflejos.com.ar\/2021\/#website\",\"url\":\"https:\/\/www.noticiasradioreflejos.com.ar\/2021\/\",\"name\":\"Noticias Radio Reflejos\",\"description\":\"Las noticias de mi comarca\",\"potentialAction\":[{\"@type\":\"SearchAction\",\"target\":{\"@type\":\"EntryPoint\",\"urlTemplate\":\"https:\/\/www.noticiasradioreflejos.com.ar\/2021\/?s={search_term_string}\"},\"query-input\":{\"@type\":\"PropertyValueSpecification\",\"valueRequired\":true,\"valueName\":\"search_term_string\"}}],\"inLanguage\":\"es\"},{\"@type\":\"Person\",\"@id\":\"https:\/\/www.noticiasradioreflejos.com.ar\/2021\/#\/schema\/person\/ad82545263dcc5ec0996818884fd5fb1\",\"name\":\"Arnaldo Botto\",\"image\":{\"@type\":\"ImageObject\",\"inLanguage\":\"es\",\"@id\":\"https:\/\/www.noticiasradioreflejos.com.ar\/2021\/#\/schema\/person\/image\/\",\"url\":\"https:\/\/secure.gravatar.com\/avatar\/55cb5e37c1efa326397366e6974cb338056df65cb50e7d64d1cf314e87504837?s=96&d=mm&r=g\",\"contentUrl\":\"https:\/\/secure.gravatar.com\/avatar\/55cb5e37c1efa326397366e6974cb338056df65cb50e7d64d1cf314e87504837?s=96&d=mm&r=g\",\"caption\":\"Arnaldo Botto\"},\"url\":\"https:\/\/www.noticiasradioreflejos.com.ar\/2021\/author\/arnaldo\/\"}]}<\/script>\n<!-- \/ Yoast SEO plugin. -->","yoast_head_json":{"title":"Se busca a un joven de 14 a\u00f1os que no volvi\u00f3 a su domicilio de Tornquist. - Noticias Radio Reflejos","robots":{"index":"index","follow":"follow","max-snippet":"max-snippet:-1","max-image-preview":"max-image-preview:large","max-video-preview":"max-video-preview:-1"},"canonical":"https:\/\/www.noticiasradioreflejos.com.ar\/2021\/se-busca-a-un-joven-de-14-anos-que-no-volvio-a-su-domicilio-de-tornquist\/","og_locale":"es_ES","og_type":"article","og_title":"Se busca a un joven de 14 a\u00f1os que no volvi\u00f3 a su domicilio de Tornquist. - Noticias Radio Reflejos","og_description":"La Estaci\u00f3n de Polic\u00eda Comunal de Tornquist, a trav\u00e9s de la presente SOLICITA COLABORACI\u00d3N a los fines difundir la fotograf\u00eda que se adjunta, a los efectos de dar con el paradero de la menor FERREYRA DAVID TOMAS , de 14 a\u00f1os de edad,","og_url":"https:\/\/www.noticiasradioreflejos.com.ar\/2021\/se-busca-a-un-joven-de-14-anos-que-no-volvio-a-su-domicilio-de-tornquist\/","og_site_name":"Noticias Radio Reflejos","article_published_time":"2020-11-21T16:33:36+00:00","og_image":[{"width":300,"height":200,"url":"https:\/\/www.noticiasradioreflejos.com.ar\/2021\/wp-content\/uploads\/2021\/07\/logosol300x200.png","type":"image\/png"}],"author":"Arnaldo Botto","twitter_card":"summary_large_image","schema":{"@context":"https:\/\/schema.org","@graph":[{"@type":"WebPage","@id":"https:\/\/www.noticiasradioreflejos.com.ar\/2021\/se-busca-a-un-joven-de-14-anos-que-no-volvio-a-su-domicilio-de-tornquist\/","url":"https:\/\/www.noticiasradioreflejos.com.ar\/2021\/se-busca-a-un-joven-de-14-anos-que-no-volvio-a-su-domicilio-de-tornquist\/","name":"Se busca a un joven de 14 a\u00f1os que no volvi\u00f3 a su domicilio de Tornquist. - Noticias Radio Reflejos","isPartOf":{"@id":"https:\/\/www.noticiasradioreflejos.com.ar\/2021\/#website"},"datePublished":"2020-11-21T16:33:36+00:00","author":{"@id":"https:\/\/www.noticiasradioreflejos.com.ar\/2021\/#\/schema\/person\/ad82545263dcc5ec0996818884fd5fb1"},"breadcrumb":{"@id":"https:\/\/www.noticiasradioreflejos.com.ar\/2021\/se-busca-a-un-joven-de-14-anos-que-no-volvio-a-su-domicilio-de-tornquist\/#breadcrumb"},"inLanguage":"es","potentialAction":[{"@type":"ReadAction","target":["https:\/\/www.noticiasradioreflejos.com.ar\/2021\/se-busca-a-un-joven-de-14-anos-que-no-volvio-a-su-domicilio-de-tornquist\/"]}]},{"@type":"BreadcrumbList","@id":"https:\/\/www.noticiasradioreflejos.com.ar\/2021\/se-busca-a-un-joven-de-14-anos-que-no-volvio-a-su-domicilio-de-tornquist\/#breadcrumb","itemListElement":[{"@type":"ListItem","position":1,"name":"Portada","item":"https:\/\/www.noticiasradioreflejos.com.ar\/2021\/"},{"@type":"ListItem","position":2,"name":"Se busca a un joven de 14 a\u00f1os que no volvi\u00f3 a su domicilio de Tornquist."}]},{"@type":"WebSite","@id":"https:\/\/www.noticiasradioreflejos.com.ar\/2021\/#website","url":"https:\/\/www.noticiasradioreflejos.com.ar\/2021\/","name":"Noticias Radio Reflejos","description":"Las noticias de mi comarca","potentialAction":[{"@type":"SearchAction","target":{"@type":"EntryPoint","urlTemplate":"https:\/\/www.noticiasradioreflejos.com.ar\/2021\/?s={search_term_string}"},"query-input":{"@type":"PropertyValueSpecification","valueRequired":true,"valueName":"search_term_string"}}],"inLanguage":"es"},{"@type":"Person","@id":"https:\/\/www.noticiasradioreflejos.com.ar\/2021\/#\/schema\/person\/ad82545263dcc5ec0996818884fd5fb1","name":"Arnaldo Botto","image":{"@type":"ImageObject","inLanguage":"es","@id":"https:\/\/www.noticiasradioreflejos.com.ar\/2021\/#\/schema\/person\/image\/","url":"https:\/\/secure.gravatar.com\/avatar\/55cb5e37c1efa326397366e6974cb338056df65cb50e7d64d1cf314e87504837?s=96&d=mm&r=g","contentUrl":"https:\/\/secure.gravatar.com\/avatar\/55cb5e37c1efa326397366e6974cb338056df65cb50e7d64d1cf314e87504837?s=96&d=mm&r=g","caption":"Arnaldo Botto"},"url":"https:\/\/www.noticiasradioreflejos.com.ar\/2021\/author\/arnaldo\/"}]}},"_links":{"self":[{"href":"https:\/\/www.noticiasradioreflejos.com.ar\/2021\/wp-json\/wp\/v2\/posts\/49512","targetHints":{"allow":["GET"]}}],"collection":[{"href":"https:\/\/www.noticiasradioreflejos.com.ar\/2021\/wp-json\/wp\/v2\/posts"}],"about":[{"href":"https:\/\/www.noticiasradioreflejos.com.ar\/2021\/wp-json\/wp\/v2\/types\/post"}],"author":[{"embeddable":true,"href":"https:\/\/www.noticiasradioreflejos.com.ar\/2021\/wp-json\/wp\/v2\/users\/3"}],"replies":[{"embeddable":true,"href":"https:\/\/www.noticiasradioreflejos.com.ar\/2021\/wp-json\/wp\/v2\/comments?post=49512"}],"version-history":[{"count":0,"href":"https:\/\/www.noticiasradioreflejos.com.ar\/2021\/wp-json\/wp\/v2\/posts\/49512\/revisions"}],"wp:attachment":[{"href":"https:\/\/www.noticiasradioreflejos.com.ar\/2021\/wp-json\/wp\/v2\/media?parent=49512"}],"wp:term":[{"taxonomy":"category","embeddable":true,"href":"https:\/\/www.noticiasradioreflejos.com.ar\/2021\/wp-json\/wp\/v2\/categories?post=49512"},{"taxonomy":"post_tag","embeddable":true,"href":"https:\/\/www.noticiasradioreflejos.com.ar\/2021\/wp-json\/wp\/v2\/tags?post=49512"}],"curies":[{"name":"wp","href":"https:\/\/api.w.org\/{rel}","templated":true}]}}