{"id":49507,"date":"2020-11-21T13:28:04","date_gmt":"2020-11-21T16:28:04","guid":{"rendered":"http:\/\/www.noticiasradioreflejos.com.ar\/noticias\/?p=49507"},"modified":"2020-11-21T13:28:04","modified_gmt":"2020-11-21T16:28:04","slug":"valeria-visotsky-vamos-a-volver-fortalecidos-nos-vamos-a-quedar-con-lo-nuevo-bueno-y-esto-significa-evolucionar","status":"publish","type":"post","link":"https:\/\/www.noticiasradioreflejos.com.ar\/2021\/valeria-visotsky-vamos-a-volver-fortalecidos-nos-vamos-a-quedar-con-lo-nuevo-bueno-y-esto-significa-evolucionar\/","title":{"rendered":"Valeria Visotsky, \u201cVamos a volver fortalecidos, nos vamos a quedar con lo nuevo bueno y esto significa evolucionar\u201d"},"content":{"rendered":"<p>En el micro Tiempo Educativo del 20 de Noviembre primero hicimos un homenaje al d\u00eda de la soberan\u00eda nacional, y seguidamente pudimos entrevistar a la inspectora jefa de educaci\u00f3n de la regi\u00f3n 23 la profesora Valeria Visotsky.<!--more--><\/p>\n<p>Comenz\u00f3 la nota narrando la complejidad del a\u00f1o 2020 al cual pidi\u00f3 poder titular como en las pel\u00edculas, \u201csolo apto para personas creativas y capaces de asumir desaf\u00edos nuevos\u201d. Toda la rutina que tenemos marcada durante muchos a\u00f1os, sobre tiempos, organizaci\u00f3n del a\u00f1o, todo estaba pautado y ten\u00eda su ritmo propio, lo que ha pasado es que, todo lo que sab\u00edamos como hacer lo tenemos que hacer y de una manera diferente, sin cercenar derechos del alumno\/a y del estudiante a aprender, tampoco lo derechos de los docentes a ense\u00f1ar, sin limitar las acciones estatutarias y los derechos de las familias.<\/p>\n<p>Todo este aprendizaje ha originado un desgaste muy grande para todos, incluido las familias que no fueron protagonistas menores sino todo lo contrario.<\/p>\n<p>Al respecto de las expresiones de Soledad Acu\u00f1a actual ministra de educaci\u00f3n de la ciudad de Buenos Aires (PRO-UCR-CC), Valeria dijo no estar de acuerdo con los que opinan que los dichos de la ministra fueron \u201cexpresiones desafortunadas\u201d; al contrario ella piensa que las palabras de la ministra muestran claramente lo que piensan esos sectores pol\u00edticos.<\/p>\n<p>La sociedad est\u00e1 compuesta por diversas formas de pensar, y lo que dijo Acu\u00f1a muestra lo que piensan los sectores que fueron gobierno durante 4 a\u00f1os en nuestro pa\u00eds y en la provincia de Buenos Aires, y que hoy siguen gobernando la capital federal. As\u00ed como Vidal dijo: \u201cpara que mantener tantas universidades si los pobres no llegan a la universidad\u201d, as\u00ed Acu\u00f1a, muestra como mira ella a la educaci\u00f3n, a los docentes y al espacio educativo.<\/p>\n<p>Adem\u00e1s sobre sus expresiones peyorativas hacia la militancia, agreg\u00f3, creo que es un error porque yo me animar\u00eda decir que casi el 90 % de la poblaci\u00f3n milita en iglesias, poniendo el cuerpo y dejando todo de s\u00ed, hay otros\/as que militamos en espacios pol\u00edticos, sindicales, todos mirando al otro como un compa\u00f1ero, porque solos no podemos construir un mundo mejor; adem\u00e1s desde que nacemos necesitamos del otro, y m\u00e1s que nada en el \u00e1mbito educativo, y termino diciendo que para ella una persona que piensa as\u00ed no deber\u00eda estar donde est\u00e1, me pregunto, \u00bfqu\u00e9 piensan los docentes sobre lo que dijo?, son expresiones muy dolorosas y de alguien que muestra no estar a la altura de las circunstancias.<\/p>\n<p>Como hoy se conmemora el d\u00eda Mundial del Ni\u00f1o, le preguntamos sobre la expresi\u00f3n de la UNICEF sobre \u201cuna generaci\u00f3n perdida\u201d en relaci\u00f3n a la pandemia y a la cuarentena. Valeria al respecto nos dice que volvemos a preguntarnos, \u00bfqu\u00e9 miramos cuando miramos, qu\u00e9 decimos cuando decimos generaci\u00f3n ganada o perdida?. Yo no coincido y sobre todo le preguntar\u00eda a las familias que sienten, cuando dicen que este a\u00f1o no hubo clases o que no se hizo nada. En las reuniones las familias expresan agotamiento por el trabajo escolar en casa, lo que no existi\u00f3 fue presencialidad. Agreg\u00f3, yo no coincido que fue un a\u00f1o perdido, es un a\u00f1o que nos puso en el desaf\u00edo de hacer las cosas de otra manera, de mirar las cosas de otra manera, de ver posibilidades en otros lugares, hemos descubierto posibilidades donde no las ve\u00edamos y tambi\u00e9n hemos descubierto falencias aunque no es un a\u00f1o perdido; estamos terminando las evaluaciones a los docentes y eso tambi\u00e9n ha sido un desaf\u00edo muy grande.<\/p>\n<p>Enfatiz\u00f3 diciendo que, estos momentos cr\u00edticos que son dolorosos para muchas familias, nos van a dejar ganancias, aprender a ver fortalezas donde antes no la ve\u00edamos, como dijo la ministra Agustina Vila, en su \u00faltima recorrida por la regi\u00f3n, \u201ctenemos que poner las ganas, el deseo en otros lugares, tenemos que trabajar juntos, y para eso tenemos un estado presente; todos los d\u00edas hay pol\u00edticas dirigidas a las necesidades de la sociedad argentina,-el PROCREAR, los cuadernillos, los ATR, etc-, hay un estado que nos cuida, vamos a salir de esta situaci\u00f3n y as\u00ed lo vamos a hacer fortalecidos<\/p>\n<p>Al ser consultada sobre la situaci\u00f3n de infraestructura afirma que tenemos un gobernador y una Ministra con la decisi\u00f3n de aprovechar este momento para llevar adelante obras, y sobre todo obras de importancia, esas decisiones deben definirse y los espacios distritales que son los que fijan prioridades.<\/p>\n<p>Al respecto de la continuidad para el a\u00f1o 2021 expres\u00f3, \u201cestamos con los preparativos con los ATR, esto significa que a partir de los docentes que no consiguieron trabajo y los estudiantes de los \u00faltimos a\u00f1os del terciario, y con los cuidados necesarios, esas personas se van a acercar a las casas para ayudar a los alumnos\/as y estudiantes que por diversos motivos no pudieron continuar conectados y vinculados a la escuela. La realidad es muy diversa hay familias que tienen un solo celular para todas las familias, y a esas familias que tuvieron dificultades con la continuidad del aprendizaje los vamos a ir a visitar para ayudarlos a re-vincularse. Tambi\u00e9n est\u00e1n llegando los protocolos para los actos de fin de curso. Quienes transitamos la secundaria sabemos la importancia de ese a\u00f1o y del acto de fin de a\u00f1o, los estudiantes no pudieron vivir un a\u00f1o como lo esperaban y con cuidado vamos a concretar actividades para poder cerrar el a\u00f1o de la mejor manera posible<\/p>\n<p>Finaliz\u00f3 diciendo que para el a\u00f1o 2021 tambi\u00e9n las universidades e institutos de estudios superiores deber\u00e1n adaptase a una nueva realidad.<\/p>\n<p>Vamos a volver fortalecidos, nos vamos a quedar con lo nuevo bueno y esto significa evolucionar. No tuvimos un cartelito que nos dijera ojo en unos d\u00edas viene la pandemia, la pandemia nos sorprendi\u00f3 y de eso se trata la vida, ah\u00ed tenemos que tener fortaleza y esa es una actitud colectiva, apoyada por un estado que estuvo presente. En el 2021 tendremos otros desaf\u00edos por delante.<\/p>\n<p><iframe loading=\"lazy\" src=\"https:\/\/w.soundcloud.com\/player\/?url=https%3A\/\/api.soundcloud.com\/tracks\/933243433&amp;color=%23ff5500&amp;auto_play=false&amp;hide_related=false&amp;show_comments=true&amp;show_user=true&amp;show_reposts=false&amp;show_teaser=true&amp;visual=true\" width=\"100%\" height=\"300\" frameborder=\"no\" scrolling=\"no\"><\/iframe><\/p>\n<div style=\"font-size: 10px; color: #cccccc; line-break: anywhere; word-break: normal; overflow: hidden; white-space: nowrap; text-overflow: ellipsis; font-family: Interstate,Lucida Grande,Lucida Sans Unicode,Lucida Sans,Garuda,Verdana,Tahoma,sans-serif; font-weight: 100;\"><a style=\"color: #cccccc; text-decoration: none;\" title=\"fmreflejos 103.7\" href=\"https:\/\/soundcloud.com\/fmreflejos-103-7\" target=\"_blank\" rel=\"noopener\">fmreflejos 103.7<\/a> \u00b7 <a style=\"color: #cccccc; text-decoration: none;\" title=\"nota valeria visotsky.mp3\" href=\"https:\/\/soundcloud.com\/fmreflejos-103-7\/nota-valeria-visotsky-mp3\" target=\"_blank\" rel=\"noopener\">nota valeria visotsky.mp3<\/a><\/div>\n","protected":false},"excerpt":{"rendered":"<p>En el micro Tiempo Educativo del 20 de Noviembre primero hicimos un homenaje al d\u00eda de la soberan\u00eda nacional, y seguidamente pudimos entrevistar a la inspectora jefa de educaci\u00f3n de la regi\u00f3n 23 la profesora Valeria Visotsky.<\/p>\n","protected":false},"author":3,"featured_media":0,"comment_status":"closed","ping_status":"open","sticky":false,"template":"","format":"standard","meta":{"footnotes":""},"categories":[34],"tags":[],"class_list":["post-49507","post","type-post","status-publish","format-standard","hentry","category-educacion"],"yoast_head":"<!-- This site is optimized with the Yoast SEO plugin v25.9 - https:\/\/yoast.com\/wordpress\/plugins\/seo\/ -->\n<title>Valeria Visotsky, \u201cVamos a volver fortalecidos, nos vamos a quedar con lo nuevo bueno y esto significa evolucionar\u201d - Noticias Radio Reflejos<\/title>\n<meta name=\"robots\" content=\"index, follow, max-snippet:-1, max-image-preview:large, max-video-preview:-1\" \/>\n<link rel=\"canonical\" href=\"https:\/\/www.noticiasradioreflejos.com.ar\/2021\/valeria-visotsky-vamos-a-volver-fortalecidos-nos-vamos-a-quedar-con-lo-nuevo-bueno-y-esto-significa-evolucionar\/\" \/>\n<meta property=\"og:locale\" content=\"es_ES\" \/>\n<meta property=\"og:type\" content=\"article\" \/>\n<meta property=\"og:title\" content=\"Valeria Visotsky, \u201cVamos a volver fortalecidos, nos vamos a quedar con lo nuevo bueno y esto significa evolucionar\u201d - Noticias Radio Reflejos\" \/>\n<meta property=\"og:description\" content=\"En el micro Tiempo Educativo del 20 de Noviembre primero hicimos un homenaje al d\u00eda de la soberan\u00eda nacional, y seguidamente pudimos entrevistar a la inspectora jefa de educaci\u00f3n de la regi\u00f3n 23 la profesora Valeria Visotsky.\" \/>\n<meta property=\"og:url\" content=\"https:\/\/www.noticiasradioreflejos.com.ar\/2021\/valeria-visotsky-vamos-a-volver-fortalecidos-nos-vamos-a-quedar-con-lo-nuevo-bueno-y-esto-significa-evolucionar\/\" \/>\n<meta property=\"og:site_name\" content=\"Noticias Radio Reflejos\" \/>\n<meta property=\"article:published_time\" content=\"2020-11-21T16:28:04+00:00\" \/>\n<meta property=\"og:image\" content=\"https:\/\/www.noticiasradioreflejos.com.ar\/2021\/wp-content\/uploads\/2021\/07\/logosol300x200.png\" \/>\n\t<meta property=\"og:image:width\" content=\"300\" \/>\n\t<meta property=\"og:image:height\" content=\"200\" \/>\n\t<meta property=\"og:image:type\" content=\"image\/png\" \/>\n<meta name=\"author\" content=\"Arnaldo Botto\" \/>\n<meta name=\"twitter:card\" content=\"summary_large_image\" \/>\n<script type=\"application\/ld+json\" class=\"yoast-schema-graph\">{\"@context\":\"https:\/\/schema.org\",\"@graph\":[{\"@type\":\"WebPage\",\"@id\":\"https:\/\/www.noticiasradioreflejos.com.ar\/2021\/valeria-visotsky-vamos-a-volver-fortalecidos-nos-vamos-a-quedar-con-lo-nuevo-bueno-y-esto-significa-evolucionar\/\",\"url\":\"https:\/\/www.noticiasradioreflejos.com.ar\/2021\/valeria-visotsky-vamos-a-volver-fortalecidos-nos-vamos-a-quedar-con-lo-nuevo-bueno-y-esto-significa-evolucionar\/\",\"name\":\"Valeria Visotsky, \u201cVamos a volver fortalecidos, nos vamos a quedar con lo nuevo bueno y esto significa evolucionar\u201d - Noticias Radio Reflejos\",\"isPartOf\":{\"@id\":\"https:\/\/www.noticiasradioreflejos.com.ar\/2021\/#website\"},\"datePublished\":\"2020-11-21T16:28:04+00:00\",\"author\":{\"@id\":\"https:\/\/www.noticiasradioreflejos.com.ar\/2021\/#\/schema\/person\/ad82545263dcc5ec0996818884fd5fb1\"},\"breadcrumb\":{\"@id\":\"https:\/\/www.noticiasradioreflejos.com.ar\/2021\/valeria-visotsky-vamos-a-volver-fortalecidos-nos-vamos-a-quedar-con-lo-nuevo-bueno-y-esto-significa-evolucionar\/#breadcrumb\"},\"inLanguage\":\"es\",\"potentialAction\":[{\"@type\":\"ReadAction\",\"target\":[\"https:\/\/www.noticiasradioreflejos.com.ar\/2021\/valeria-visotsky-vamos-a-volver-fortalecidos-nos-vamos-a-quedar-con-lo-nuevo-bueno-y-esto-significa-evolucionar\/\"]}]},{\"@type\":\"BreadcrumbList\",\"@id\":\"https:\/\/www.noticiasradioreflejos.com.ar\/2021\/valeria-visotsky-vamos-a-volver-fortalecidos-nos-vamos-a-quedar-con-lo-nuevo-bueno-y-esto-significa-evolucionar\/#breadcrumb\",\"itemListElement\":[{\"@type\":\"ListItem\",\"position\":1,\"name\":\"Portada\",\"item\":\"https:\/\/www.noticiasradioreflejos.com.ar\/2021\/\"},{\"@type\":\"ListItem\",\"position\":2,\"name\":\"Valeria Visotsky, \u201cVamos a volver fortalecidos, nos vamos a quedar con lo nuevo bueno y esto significa evolucionar\u201d\"}]},{\"@type\":\"WebSite\",\"@id\":\"https:\/\/www.noticiasradioreflejos.com.ar\/2021\/#website\",\"url\":\"https:\/\/www.noticiasradioreflejos.com.ar\/2021\/\",\"name\":\"Noticias Radio Reflejos\",\"description\":\"Las noticias de mi comarca\",\"potentialAction\":[{\"@type\":\"SearchAction\",\"target\":{\"@type\":\"EntryPoint\",\"urlTemplate\":\"https:\/\/www.noticiasradioreflejos.com.ar\/2021\/?s={search_term_string}\"},\"query-input\":{\"@type\":\"PropertyValueSpecification\",\"valueRequired\":true,\"valueName\":\"search_term_string\"}}],\"inLanguage\":\"es\"},{\"@type\":\"Person\",\"@id\":\"https:\/\/www.noticiasradioreflejos.com.ar\/2021\/#\/schema\/person\/ad82545263dcc5ec0996818884fd5fb1\",\"name\":\"Arnaldo Botto\",\"image\":{\"@type\":\"ImageObject\",\"inLanguage\":\"es\",\"@id\":\"https:\/\/www.noticiasradioreflejos.com.ar\/2021\/#\/schema\/person\/image\/\",\"url\":\"https:\/\/secure.gravatar.com\/avatar\/55cb5e37c1efa326397366e6974cb338056df65cb50e7d64d1cf314e87504837?s=96&d=mm&r=g\",\"contentUrl\":\"https:\/\/secure.gravatar.com\/avatar\/55cb5e37c1efa326397366e6974cb338056df65cb50e7d64d1cf314e87504837?s=96&d=mm&r=g\",\"caption\":\"Arnaldo Botto\"},\"url\":\"https:\/\/www.noticiasradioreflejos.com.ar\/2021\/author\/arnaldo\/\"}]}<\/script>\n<!-- \/ Yoast SEO plugin. -->","yoast_head_json":{"title":"Valeria Visotsky, \u201cVamos a volver fortalecidos, nos vamos a quedar con lo nuevo bueno y esto significa evolucionar\u201d - Noticias Radio Reflejos","robots":{"index":"index","follow":"follow","max-snippet":"max-snippet:-1","max-image-preview":"max-image-preview:large","max-video-preview":"max-video-preview:-1"},"canonical":"https:\/\/www.noticiasradioreflejos.com.ar\/2021\/valeria-visotsky-vamos-a-volver-fortalecidos-nos-vamos-a-quedar-con-lo-nuevo-bueno-y-esto-significa-evolucionar\/","og_locale":"es_ES","og_type":"article","og_title":"Valeria Visotsky, \u201cVamos a volver fortalecidos, nos vamos a quedar con lo nuevo bueno y esto significa evolucionar\u201d - Noticias Radio Reflejos","og_description":"En el micro Tiempo Educativo del 20 de Noviembre primero hicimos un homenaje al d\u00eda de la soberan\u00eda nacional, y seguidamente pudimos entrevistar a la inspectora jefa de educaci\u00f3n de la regi\u00f3n 23 la profesora Valeria Visotsky.","og_url":"https:\/\/www.noticiasradioreflejos.com.ar\/2021\/valeria-visotsky-vamos-a-volver-fortalecidos-nos-vamos-a-quedar-con-lo-nuevo-bueno-y-esto-significa-evolucionar\/","og_site_name":"Noticias Radio Reflejos","article_published_time":"2020-11-21T16:28:04+00:00","og_image":[{"width":300,"height":200,"url":"https:\/\/www.noticiasradioreflejos.com.ar\/2021\/wp-content\/uploads\/2021\/07\/logosol300x200.png","type":"image\/png"}],"author":"Arnaldo Botto","twitter_card":"summary_large_image","schema":{"@context":"https:\/\/schema.org","@graph":[{"@type":"WebPage","@id":"https:\/\/www.noticiasradioreflejos.com.ar\/2021\/valeria-visotsky-vamos-a-volver-fortalecidos-nos-vamos-a-quedar-con-lo-nuevo-bueno-y-esto-significa-evolucionar\/","url":"https:\/\/www.noticiasradioreflejos.com.ar\/2021\/valeria-visotsky-vamos-a-volver-fortalecidos-nos-vamos-a-quedar-con-lo-nuevo-bueno-y-esto-significa-evolucionar\/","name":"Valeria Visotsky, \u201cVamos a volver fortalecidos, nos vamos a quedar con lo nuevo bueno y esto significa evolucionar\u201d - Noticias Radio Reflejos","isPartOf":{"@id":"https:\/\/www.noticiasradioreflejos.com.ar\/2021\/#website"},"datePublished":"2020-11-21T16:28:04+00:00","author":{"@id":"https:\/\/www.noticiasradioreflejos.com.ar\/2021\/#\/schema\/person\/ad82545263dcc5ec0996818884fd5fb1"},"breadcrumb":{"@id":"https:\/\/www.noticiasradioreflejos.com.ar\/2021\/valeria-visotsky-vamos-a-volver-fortalecidos-nos-vamos-a-quedar-con-lo-nuevo-bueno-y-esto-significa-evolucionar\/#breadcrumb"},"inLanguage":"es","potentialAction":[{"@type":"ReadAction","target":["https:\/\/www.noticiasradioreflejos.com.ar\/2021\/valeria-visotsky-vamos-a-volver-fortalecidos-nos-vamos-a-quedar-con-lo-nuevo-bueno-y-esto-significa-evolucionar\/"]}]},{"@type":"BreadcrumbList","@id":"https:\/\/www.noticiasradioreflejos.com.ar\/2021\/valeria-visotsky-vamos-a-volver-fortalecidos-nos-vamos-a-quedar-con-lo-nuevo-bueno-y-esto-significa-evolucionar\/#breadcrumb","itemListElement":[{"@type":"ListItem","position":1,"name":"Portada","item":"https:\/\/www.noticiasradioreflejos.com.ar\/2021\/"},{"@type":"ListItem","position":2,"name":"Valeria Visotsky, \u201cVamos a volver fortalecidos, nos vamos a quedar con lo nuevo bueno y esto significa evolucionar\u201d"}]},{"@type":"WebSite","@id":"https:\/\/www.noticiasradioreflejos.com.ar\/2021\/#website","url":"https:\/\/www.noticiasradioreflejos.com.ar\/2021\/","name":"Noticias Radio Reflejos","description":"Las noticias de mi comarca","potentialAction":[{"@type":"SearchAction","target":{"@type":"EntryPoint","urlTemplate":"https:\/\/www.noticiasradioreflejos.com.ar\/2021\/?s={search_term_string}"},"query-input":{"@type":"PropertyValueSpecification","valueRequired":true,"valueName":"search_term_string"}}],"inLanguage":"es"},{"@type":"Person","@id":"https:\/\/www.noticiasradioreflejos.com.ar\/2021\/#\/schema\/person\/ad82545263dcc5ec0996818884fd5fb1","name":"Arnaldo Botto","image":{"@type":"ImageObject","inLanguage":"es","@id":"https:\/\/www.noticiasradioreflejos.com.ar\/2021\/#\/schema\/person\/image\/","url":"https:\/\/secure.gravatar.com\/avatar\/55cb5e37c1efa326397366e6974cb338056df65cb50e7d64d1cf314e87504837?s=96&d=mm&r=g","contentUrl":"https:\/\/secure.gravatar.com\/avatar\/55cb5e37c1efa326397366e6974cb338056df65cb50e7d64d1cf314e87504837?s=96&d=mm&r=g","caption":"Arnaldo Botto"},"url":"https:\/\/www.noticiasradioreflejos.com.ar\/2021\/author\/arnaldo\/"}]}},"_links":{"self":[{"href":"https:\/\/www.noticiasradioreflejos.com.ar\/2021\/wp-json\/wp\/v2\/posts\/49507","targetHints":{"allow":["GET"]}}],"collection":[{"href":"https:\/\/www.noticiasradioreflejos.com.ar\/2021\/wp-json\/wp\/v2\/posts"}],"about":[{"href":"https:\/\/www.noticiasradioreflejos.com.ar\/2021\/wp-json\/wp\/v2\/types\/post"}],"author":[{"embeddable":true,"href":"https:\/\/www.noticiasradioreflejos.com.ar\/2021\/wp-json\/wp\/v2\/users\/3"}],"replies":[{"embeddable":true,"href":"https:\/\/www.noticiasradioreflejos.com.ar\/2021\/wp-json\/wp\/v2\/comments?post=49507"}],"version-history":[{"count":0,"href":"https:\/\/www.noticiasradioreflejos.com.ar\/2021\/wp-json\/wp\/v2\/posts\/49507\/revisions"}],"wp:attachment":[{"href":"https:\/\/www.noticiasradioreflejos.com.ar\/2021\/wp-json\/wp\/v2\/media?parent=49507"}],"wp:term":[{"taxonomy":"category","embeddable":true,"href":"https:\/\/www.noticiasradioreflejos.com.ar\/2021\/wp-json\/wp\/v2\/categories?post=49507"},{"taxonomy":"post_tag","embeddable":true,"href":"https:\/\/www.noticiasradioreflejos.com.ar\/2021\/wp-json\/wp\/v2\/tags?post=49507"}],"curies":[{"name":"wp","href":"https:\/\/api.w.org\/{rel}","templated":true}]}}