{"id":49485,"date":"2020-11-20T16:38:08","date_gmt":"2020-11-20T19:38:08","guid":{"rendered":"http:\/\/www.noticiasradioreflejos.com.ar\/noticias\/?p=49485"},"modified":"2020-11-20T16:38:08","modified_gmt":"2020-11-20T19:38:08","slug":"la-ruta-del-vino-bonaerense-sabores-y-paisajes-inolvidables","status":"publish","type":"post","link":"https:\/\/www.noticiasradioreflejos.com.ar\/2021\/la-ruta-del-vino-bonaerense-sabores-y-paisajes-inolvidables\/","title":{"rendered":"La ruta del vino bonaerense: sabores y paisajes inolvidables."},"content":{"rendered":"<p>Las bodegas de la provincia de Buenos Aires proponen a los turistas momentos \u00fanicos para disfrutar con todos los sentidos. Los sabores que explotan en el paladar se conjugan con paisajes sublimes y hacen del enoturismo una experiencia inolvidable.<!--more--><\/p>\n<p>El pr\u00f3ximo 24 de noviembre se celebra el D\u00eda del Vino Argentino como Bebida Nacional, declaratoria que recibi\u00f3 este producto en 2013 a trav\u00e9s de la ley 26.870. Sin dudas, una ocasi\u00f3n ideal para conocer la Ruta del Vino bonaerense, sus bodegas, cepas y regiones.<\/p>\n<p><strong>La vitivinicultura en la Provincia<\/strong><\/p>\n<p>Los primeros proyectos vitivin\u00edcolas germinaron en el sudoeste bonaerense entre 2000 y 2001. Seg\u00fan Daniel Di Nucci, de bodegas \u201cAl este\u201d, se trat\u00f3 de la segunda etapa, ya que la primera se hab\u00eda dado hace m\u00e1s de un siglo con la llegada de inmigrantes espa\u00f1oles e italianos que en sus quintas elaboraban su propio vino. Era una actividad productiva que tambi\u00e9n los conectaba con los sentimientos de su tierra natal.<\/p>\n<p>Sin embargo, en 1934 la ley 12.137 prohibi\u00f3 la producci\u00f3n de vid en varias provincias, entre ellas Buenos Aires. A mediados de la d\u00e9cada del noventa esa restricci\u00f3n qued\u00f3 sin efecto y a principios de este siglo comenzaron las iniciativas experimentales en el sudoeste provincial.<\/p>\n<p>En la actualidad hay treinta y cuatro localidades que tienen proyectos vitivin\u00edcolas en diferentes etapas de desarrollo, de acuerdo con la investigaci\u00f3n y el mapa elaborado por Guillermo Corona, geof\u00edsico y amante del vino.<\/p>\n<p><a title=\"1605900825192\" href=\"http:\/\/live.staticflickr.com\/65535\/50625989727_4a7cf735c7_s.jpg\" rel=\"\"><img loading=\"lazy\" decoding=\"async\" class=\"aligncenter\" title=\"1605900825192\" src=\"http:\/\/live.staticflickr.com\/65535\/50625989727_4a7cf735c7_c.jpg\" alt=\"1605900825192\" width=\"800\" height=\"686\" \/><\/a><\/p>\n<p><strong>Cepas y regiones<\/strong><\/p>\n<p>La Ruta del Vino consiste en una invitaci\u00f3n a descubrir el imperio de los sentidos con visitas guiadas, catas dirigidas, degustaciones y entornos naturales incre\u00edbles. La provincia de Buenos Aires cuenta con tres zonas enotur\u00edsticas cerca de grandes ciudades.<\/p>\n<p>En la regi\u00f3n sudoeste, con epicentro en Bah\u00eda Blanca, la serran\u00eda de Ventania y la confluencia de vientos oce\u00e1nicos y continentales favorecen el desarrollo de determinadas cepas: malbec, pinot noir, cabernet franc, tempranillo, cabernet sauvignon, tannat, merlot, sauvignon blanc y chardonnay.<\/p>\n<p>En el \u00e1rea centro, con Mar del Plata como ciudad de referencia, los vinos adquieren las caracter\u00edstica de las sierras de Tandilia y los vientos del Atl\u00e1ntico. All\u00ed se destacan variedades como carmenere, cabernet franc, merlot, syrah, pinot noir, chardonnay, sauvignon blanc y s\u00e9millon.<\/p>\n<p>&nbsp;<\/p>\n<p>En tanto en la regi\u00f3n norte, cerca de la Ciudad Aut\u00f3noma de Buenos Aires, se pueden degustar tannat, syrah, pinot noir, marselan sauvignon blanc, chardonnay y la uva vitis labrusca, en sus variedades isabella y niagara, que crece en la ribera berissense.<\/p>\n<p>&nbsp;<\/p>\n<p>En el d\u00eda de nuestra bebida nacional la premisa es celebrar y agradecer a la tierra las bondades que ofrece para que la vitivinicultura se desarrolle en el territorio bonaerense.<\/p>\n<p><strong>Establecimientos vitivin\u00edcolas de la provincia de Buenos Aires<\/strong><\/p>\n<p>REGI\u00d3N SUDOESTE<\/p>\n<p>Bodega SALDUNGARAY<br \/>\nSaldungaray, Tornquist<br \/>\nwww.bodegasaldungaray.com.ar<br \/>\nFB: Bodega Saldungaray<br \/>\nIG: @bodegasaldungaray<\/p>\n<p>&nbsp;<\/p>\n<p>ALESTE Bodega &amp; Vi\u00f1edos<br \/>\nM\u00e9danos, Villarino<br \/>\nwww.bodegaaleste.com.ar<br \/>\nFB:Bodega Al Este<br \/>\nIG: @bodegaaleste<\/p>\n<p>&nbsp;<\/p>\n<p>LA CATALINA<br \/>\nCoronel Pringles<br \/>\nwww.facebook.com\/mylcolores<br \/>\nIG: @mylcolores<\/p>\n<p><a title=\"2020-11-20_04-37-00\" href=\"http:\/\/live.staticflickr.com\/65535\/50625151618_c6b8c52745_s.jpg\" rel=\"\"><img loading=\"lazy\" decoding=\"async\" class=\"aligncenter\" title=\"2020-11-20_04-37-00\" src=\"http:\/\/live.staticflickr.com\/65535\/50625151618_c6b8c52745_c.jpg\" alt=\"2020-11-20_04-37-00\" width=\"800\" height=\"686\" \/><\/a><\/p>\n<p><strong>REGI\u00d3N CENTRO<\/strong><br \/>\nCORD\u00d3N BLANCO<\/p>\n<p>Tandil<br \/>\nwww.cordonblanco.com<br \/>\nFB: Cord\u00f3n Blanco<br \/>\nIG: Cord\u00f3n Blanco<\/p>\n<p>TRAPICHE CHAPADMALAL<br \/>\nChapadmalal, General Pueyrred\u00f3n<br \/>\nwww.trapiche.com.ar\/comi<br \/>\nFB: @Trapiche<br \/>\nIG: @trapichearg<\/p>\n<p>REGI\u00d3N NORTE<br \/>\nFINCA DON ATILIO<br \/>\nUribelarrea, Ca\u00f1uelas<br \/>\nwww.vinos-uribelarrea.com<br \/>\nFB: @vinosuribelarrea<\/p>\n<p>IG: @vinos.uribelarrea<\/p>\n<p>&nbsp;<\/p>\n<p>&nbsp;<\/p>\n<p>&nbsp;<\/p>\n<p>COOPERATIVA DE LA COSTA DE BERISSO<\/p>\n<p>Berisso<\/p>\n<p>FB:Vino costa de Berisso<\/p>\n<p>IG:@vinocostadeberisso<\/p>\n<p>&nbsp;<\/p>\n<p>&nbsp;<\/p>\n<p>Cr\u00e9dito fotos<\/p>\n<p>Ruta del vino 2: Finca La Catalina<\/p>\n<p>Ruta del Vino 6: Finca Don Atilio<\/p>\n<p>&nbsp;<\/p>\n<p>&nbsp;<\/p>\n","protected":false},"excerpt":{"rendered":"<p>Las bodegas de la provincia de Buenos Aires proponen a los turistas momentos \u00fanicos para disfrutar con todos los sentidos. Los sabores que explotan en el paladar se conjugan con paisajes sublimes y hacen del enoturismo una experiencia inolvidable.<\/p>\n","protected":false},"author":3,"featured_media":0,"comment_status":"closed","ping_status":"open","sticky":false,"template":"","format":"standard","meta":{"footnotes":""},"categories":[33],"tags":[],"class_list":["post-49485","post","type-post","status-publish","format-standard","hentry","category-turismo"],"yoast_head":"<!-- This site is optimized with the Yoast SEO plugin v25.9 - https:\/\/yoast.com\/wordpress\/plugins\/seo\/ -->\n<title>La ruta del vino bonaerense: sabores y paisajes inolvidables. - Noticias Radio Reflejos<\/title>\n<meta name=\"robots\" content=\"index, follow, max-snippet:-1, max-image-preview:large, max-video-preview:-1\" \/>\n<link rel=\"canonical\" href=\"https:\/\/www.noticiasradioreflejos.com.ar\/2021\/la-ruta-del-vino-bonaerense-sabores-y-paisajes-inolvidables\/\" \/>\n<meta property=\"og:locale\" content=\"es_ES\" \/>\n<meta property=\"og:type\" content=\"article\" \/>\n<meta property=\"og:title\" content=\"La ruta del vino bonaerense: sabores y paisajes inolvidables. - Noticias Radio Reflejos\" \/>\n<meta property=\"og:description\" content=\"Las bodegas de la provincia de Buenos Aires proponen a los turistas momentos \u00fanicos para disfrutar con todos los sentidos. Los sabores que explotan en el paladar se conjugan con paisajes sublimes y hacen del enoturismo una experiencia inolvidable.\" \/>\n<meta property=\"og:url\" content=\"https:\/\/www.noticiasradioreflejos.com.ar\/2021\/la-ruta-del-vino-bonaerense-sabores-y-paisajes-inolvidables\/\" \/>\n<meta property=\"og:site_name\" content=\"Noticias Radio Reflejos\" \/>\n<meta property=\"article:published_time\" content=\"2020-11-20T19:38:08+00:00\" \/>\n<meta property=\"og:image\" content=\"http:\/\/live.staticflickr.com\/65535\/50625989727_4a7cf735c7_c.jpg\" \/>\n<meta name=\"author\" content=\"Arnaldo Botto\" \/>\n<meta name=\"twitter:card\" content=\"summary_large_image\" \/>\n<script type=\"application\/ld+json\" class=\"yoast-schema-graph\">{\"@context\":\"https:\/\/schema.org\",\"@graph\":[{\"@type\":\"WebPage\",\"@id\":\"https:\/\/www.noticiasradioreflejos.com.ar\/2021\/la-ruta-del-vino-bonaerense-sabores-y-paisajes-inolvidables\/\",\"url\":\"https:\/\/www.noticiasradioreflejos.com.ar\/2021\/la-ruta-del-vino-bonaerense-sabores-y-paisajes-inolvidables\/\",\"name\":\"La ruta del vino bonaerense: sabores y paisajes inolvidables. - Noticias Radio Reflejos\",\"isPartOf\":{\"@id\":\"https:\/\/www.noticiasradioreflejos.com.ar\/2021\/#website\"},\"primaryImageOfPage\":{\"@id\":\"https:\/\/www.noticiasradioreflejos.com.ar\/2021\/la-ruta-del-vino-bonaerense-sabores-y-paisajes-inolvidables\/#primaryimage\"},\"image\":{\"@id\":\"https:\/\/www.noticiasradioreflejos.com.ar\/2021\/la-ruta-del-vino-bonaerense-sabores-y-paisajes-inolvidables\/#primaryimage\"},\"thumbnailUrl\":\"http:\/\/live.staticflickr.com\/65535\/50625989727_4a7cf735c7_c.jpg\",\"datePublished\":\"2020-11-20T19:38:08+00:00\",\"author\":{\"@id\":\"https:\/\/www.noticiasradioreflejos.com.ar\/2021\/#\/schema\/person\/ad82545263dcc5ec0996818884fd5fb1\"},\"breadcrumb\":{\"@id\":\"https:\/\/www.noticiasradioreflejos.com.ar\/2021\/la-ruta-del-vino-bonaerense-sabores-y-paisajes-inolvidables\/#breadcrumb\"},\"inLanguage\":\"es\",\"potentialAction\":[{\"@type\":\"ReadAction\",\"target\":[\"https:\/\/www.noticiasradioreflejos.com.ar\/2021\/la-ruta-del-vino-bonaerense-sabores-y-paisajes-inolvidables\/\"]}]},{\"@type\":\"ImageObject\",\"inLanguage\":\"es\",\"@id\":\"https:\/\/www.noticiasradioreflejos.com.ar\/2021\/la-ruta-del-vino-bonaerense-sabores-y-paisajes-inolvidables\/#primaryimage\",\"url\":\"http:\/\/live.staticflickr.com\/65535\/50625989727_4a7cf735c7_c.jpg\",\"contentUrl\":\"http:\/\/live.staticflickr.com\/65535\/50625989727_4a7cf735c7_c.jpg\"},{\"@type\":\"BreadcrumbList\",\"@id\":\"https:\/\/www.noticiasradioreflejos.com.ar\/2021\/la-ruta-del-vino-bonaerense-sabores-y-paisajes-inolvidables\/#breadcrumb\",\"itemListElement\":[{\"@type\":\"ListItem\",\"position\":1,\"name\":\"Portada\",\"item\":\"https:\/\/www.noticiasradioreflejos.com.ar\/2021\/\"},{\"@type\":\"ListItem\",\"position\":2,\"name\":\"La ruta del vino bonaerense: sabores y paisajes inolvidables.\"}]},{\"@type\":\"WebSite\",\"@id\":\"https:\/\/www.noticiasradioreflejos.com.ar\/2021\/#website\",\"url\":\"https:\/\/www.noticiasradioreflejos.com.ar\/2021\/\",\"name\":\"Noticias Radio Reflejos\",\"description\":\"Las noticias de mi comarca\",\"potentialAction\":[{\"@type\":\"SearchAction\",\"target\":{\"@type\":\"EntryPoint\",\"urlTemplate\":\"https:\/\/www.noticiasradioreflejos.com.ar\/2021\/?s={search_term_string}\"},\"query-input\":{\"@type\":\"PropertyValueSpecification\",\"valueRequired\":true,\"valueName\":\"search_term_string\"}}],\"inLanguage\":\"es\"},{\"@type\":\"Person\",\"@id\":\"https:\/\/www.noticiasradioreflejos.com.ar\/2021\/#\/schema\/person\/ad82545263dcc5ec0996818884fd5fb1\",\"name\":\"Arnaldo Botto\",\"image\":{\"@type\":\"ImageObject\",\"inLanguage\":\"es\",\"@id\":\"https:\/\/www.noticiasradioreflejos.com.ar\/2021\/#\/schema\/person\/image\/\",\"url\":\"https:\/\/secure.gravatar.com\/avatar\/55cb5e37c1efa326397366e6974cb338056df65cb50e7d64d1cf314e87504837?s=96&d=mm&r=g\",\"contentUrl\":\"https:\/\/secure.gravatar.com\/avatar\/55cb5e37c1efa326397366e6974cb338056df65cb50e7d64d1cf314e87504837?s=96&d=mm&r=g\",\"caption\":\"Arnaldo Botto\"},\"url\":\"https:\/\/www.noticiasradioreflejos.com.ar\/2021\/author\/arnaldo\/\"}]}<\/script>\n<!-- \/ Yoast SEO plugin. -->","yoast_head_json":{"title":"La ruta del vino bonaerense: sabores y paisajes inolvidables. - Noticias Radio Reflejos","robots":{"index":"index","follow":"follow","max-snippet":"max-snippet:-1","max-image-preview":"max-image-preview:large","max-video-preview":"max-video-preview:-1"},"canonical":"https:\/\/www.noticiasradioreflejos.com.ar\/2021\/la-ruta-del-vino-bonaerense-sabores-y-paisajes-inolvidables\/","og_locale":"es_ES","og_type":"article","og_title":"La ruta del vino bonaerense: sabores y paisajes inolvidables. - Noticias Radio Reflejos","og_description":"Las bodegas de la provincia de Buenos Aires proponen a los turistas momentos \u00fanicos para disfrutar con todos los sentidos. Los sabores que explotan en el paladar se conjugan con paisajes sublimes y hacen del enoturismo una experiencia inolvidable.","og_url":"https:\/\/www.noticiasradioreflejos.com.ar\/2021\/la-ruta-del-vino-bonaerense-sabores-y-paisajes-inolvidables\/","og_site_name":"Noticias Radio Reflejos","article_published_time":"2020-11-20T19:38:08+00:00","og_image":[{"url":"http:\/\/live.staticflickr.com\/65535\/50625989727_4a7cf735c7_c.jpg","type":"","width":"","height":""}],"author":"Arnaldo Botto","twitter_card":"summary_large_image","schema":{"@context":"https:\/\/schema.org","@graph":[{"@type":"WebPage","@id":"https:\/\/www.noticiasradioreflejos.com.ar\/2021\/la-ruta-del-vino-bonaerense-sabores-y-paisajes-inolvidables\/","url":"https:\/\/www.noticiasradioreflejos.com.ar\/2021\/la-ruta-del-vino-bonaerense-sabores-y-paisajes-inolvidables\/","name":"La ruta del vino bonaerense: sabores y paisajes inolvidables. - Noticias Radio Reflejos","isPartOf":{"@id":"https:\/\/www.noticiasradioreflejos.com.ar\/2021\/#website"},"primaryImageOfPage":{"@id":"https:\/\/www.noticiasradioreflejos.com.ar\/2021\/la-ruta-del-vino-bonaerense-sabores-y-paisajes-inolvidables\/#primaryimage"},"image":{"@id":"https:\/\/www.noticiasradioreflejos.com.ar\/2021\/la-ruta-del-vino-bonaerense-sabores-y-paisajes-inolvidables\/#primaryimage"},"thumbnailUrl":"http:\/\/live.staticflickr.com\/65535\/50625989727_4a7cf735c7_c.jpg","datePublished":"2020-11-20T19:38:08+00:00","author":{"@id":"https:\/\/www.noticiasradioreflejos.com.ar\/2021\/#\/schema\/person\/ad82545263dcc5ec0996818884fd5fb1"},"breadcrumb":{"@id":"https:\/\/www.noticiasradioreflejos.com.ar\/2021\/la-ruta-del-vino-bonaerense-sabores-y-paisajes-inolvidables\/#breadcrumb"},"inLanguage":"es","potentialAction":[{"@type":"ReadAction","target":["https:\/\/www.noticiasradioreflejos.com.ar\/2021\/la-ruta-del-vino-bonaerense-sabores-y-paisajes-inolvidables\/"]}]},{"@type":"ImageObject","inLanguage":"es","@id":"https:\/\/www.noticiasradioreflejos.com.ar\/2021\/la-ruta-del-vino-bonaerense-sabores-y-paisajes-inolvidables\/#primaryimage","url":"http:\/\/live.staticflickr.com\/65535\/50625989727_4a7cf735c7_c.jpg","contentUrl":"http:\/\/live.staticflickr.com\/65535\/50625989727_4a7cf735c7_c.jpg"},{"@type":"BreadcrumbList","@id":"https:\/\/www.noticiasradioreflejos.com.ar\/2021\/la-ruta-del-vino-bonaerense-sabores-y-paisajes-inolvidables\/#breadcrumb","itemListElement":[{"@type":"ListItem","position":1,"name":"Portada","item":"https:\/\/www.noticiasradioreflejos.com.ar\/2021\/"},{"@type":"ListItem","position":2,"name":"La ruta del vino bonaerense: sabores y paisajes inolvidables."}]},{"@type":"WebSite","@id":"https:\/\/www.noticiasradioreflejos.com.ar\/2021\/#website","url":"https:\/\/www.noticiasradioreflejos.com.ar\/2021\/","name":"Noticias Radio Reflejos","description":"Las noticias de mi comarca","potentialAction":[{"@type":"SearchAction","target":{"@type":"EntryPoint","urlTemplate":"https:\/\/www.noticiasradioreflejos.com.ar\/2021\/?s={search_term_string}"},"query-input":{"@type":"PropertyValueSpecification","valueRequired":true,"valueName":"search_term_string"}}],"inLanguage":"es"},{"@type":"Person","@id":"https:\/\/www.noticiasradioreflejos.com.ar\/2021\/#\/schema\/person\/ad82545263dcc5ec0996818884fd5fb1","name":"Arnaldo Botto","image":{"@type":"ImageObject","inLanguage":"es","@id":"https:\/\/www.noticiasradioreflejos.com.ar\/2021\/#\/schema\/person\/image\/","url":"https:\/\/secure.gravatar.com\/avatar\/55cb5e37c1efa326397366e6974cb338056df65cb50e7d64d1cf314e87504837?s=96&d=mm&r=g","contentUrl":"https:\/\/secure.gravatar.com\/avatar\/55cb5e37c1efa326397366e6974cb338056df65cb50e7d64d1cf314e87504837?s=96&d=mm&r=g","caption":"Arnaldo Botto"},"url":"https:\/\/www.noticiasradioreflejos.com.ar\/2021\/author\/arnaldo\/"}]}},"_links":{"self":[{"href":"https:\/\/www.noticiasradioreflejos.com.ar\/2021\/wp-json\/wp\/v2\/posts\/49485","targetHints":{"allow":["GET"]}}],"collection":[{"href":"https:\/\/www.noticiasradioreflejos.com.ar\/2021\/wp-json\/wp\/v2\/posts"}],"about":[{"href":"https:\/\/www.noticiasradioreflejos.com.ar\/2021\/wp-json\/wp\/v2\/types\/post"}],"author":[{"embeddable":true,"href":"https:\/\/www.noticiasradioreflejos.com.ar\/2021\/wp-json\/wp\/v2\/users\/3"}],"replies":[{"embeddable":true,"href":"https:\/\/www.noticiasradioreflejos.com.ar\/2021\/wp-json\/wp\/v2\/comments?post=49485"}],"version-history":[{"count":0,"href":"https:\/\/www.noticiasradioreflejos.com.ar\/2021\/wp-json\/wp\/v2\/posts\/49485\/revisions"}],"wp:attachment":[{"href":"https:\/\/www.noticiasradioreflejos.com.ar\/2021\/wp-json\/wp\/v2\/media?parent=49485"}],"wp:term":[{"taxonomy":"category","embeddable":true,"href":"https:\/\/www.noticiasradioreflejos.com.ar\/2021\/wp-json\/wp\/v2\/categories?post=49485"},{"taxonomy":"post_tag","embeddable":true,"href":"https:\/\/www.noticiasradioreflejos.com.ar\/2021\/wp-json\/wp\/v2\/tags?post=49485"}],"curies":[{"name":"wp","href":"https:\/\/api.w.org\/{rel}","templated":true}]}}