{"id":49482,"date":"2020-11-20T16:21:46","date_gmt":"2020-11-20T19:21:46","guid":{"rendered":"http:\/\/www.noticiasradioreflejos.com.ar\/noticias\/?p=49482"},"modified":"2020-11-20T16:21:46","modified_gmt":"2020-11-20T19:21:46","slug":"tornquist-dice-presente-en-la-feria-internacional-de-destinos-inteligentes","status":"publish","type":"post","link":"https:\/\/www.noticiasradioreflejos.com.ar\/2021\/tornquist-dice-presente-en-la-feria-internacional-de-destinos-inteligentes\/","title":{"rendered":"Tornquist dice presente en la Feria Internacional de Destinos Inteligentes"},"content":{"rendered":"<p>A trav\u00e9s de la Secretar\u00eda de Turismo, Tornquist Municipio dice presente en la Feria Internacional de Destinos Inteligentes (FIDI), un encuentro virtual donde empresas l\u00edderes y funcionarios p\u00fablicos de turismo y tecnolog\u00eda de todo el mundo compartir\u00e1n experiencias y conocimientos acerca del modelo de destino inteligente. <!--more--><br \/>\n<a title=\"1605900010020\" href=\"http:\/\/live.staticflickr.com\/65535\/50625824191_ea780fb034_s.jpg\" rel=\"\"><img loading=\"lazy\" decoding=\"async\" class=\"aligncenter\" title=\"1605900010020\" src=\"http:\/\/live.staticflickr.com\/65535\/50625824191_ea780fb034_c.jpg\" alt=\"1605900010020\" width=\"800\" height=\"450\" \/><\/a><br \/>\nEl evento inici\u00f3 este viernes y se desarrollar\u00e1 hasta el domingo 29 de noviembre, donde representantes de todos los sectores involucrados podr\u00e1n posicionar su destino o marca, crear v\u00ednculos, inspirarse y capturar tendencias.<br \/>\nPor el distrito, fueron seleccionados para exponer los proyectos \u2018Experimento Ventania\u2019 y \u2018Sello de calidad sanitaria\u2019, cuya disertaci\u00f3n, que tendr\u00e1 lugar el s\u00e1bado 28 en vivo a las 15.30 hs, estar\u00e1 a cargo de Ludmila Corvatta y Virginia \u00c1balos.<\/p>\n<p><a title=\"1605900010025\" href=\"http:\/\/live.staticflickr.com\/65535\/50625925717_822c9f2459_s.jpg\" rel=\"\"><img loading=\"lazy\" decoding=\"async\" class=\"aligncenter\" title=\"1605900010025\" src=\"http:\/\/live.staticflickr.com\/65535\/50625925717_822c9f2459_c.jpg\" alt=\"1605900010025\" width=\"800\" height=\"451\" \/><\/a><br \/>\nLa FIDI, que tambi\u00e9n cuenta con un espacio para hacer networking, workshop, seminarios y formar parte de rondas de negocios, es organizada por el Instituto Ciudades del Futuro y la Universidad Tecnol\u00f3gica Nacional sede Buenos Aires, y cuenta con la colaboraci\u00f3n los ministerios de la Naci\u00f3n de Desarrollo Productivo y Turismo y Deportes<\/p>\n<p><a title=\"1605900010014\" href=\"http:\/\/live.staticflickr.com\/65535\/50625925712_36219f6861_s.jpg\" rel=\"\"><img loading=\"lazy\" decoding=\"async\" class=\"aligncenter\" title=\"1605900010014\" src=\"http:\/\/live.staticflickr.com\/65535\/50625925712_36219f6861_c.jpg\" alt=\"1605900010014\" width=\"800\" height=\"450\" \/><\/a><\/p>\n","protected":false},"excerpt":{"rendered":"<p>A trav\u00e9s de la Secretar\u00eda de Turismo, Tornquist Municipio dice presente en la Feria Internacional de Destinos Inteligentes (FIDI), un encuentro virtual donde empresas l\u00edderes y funcionarios p\u00fablicos de turismo y tecnolog\u00eda de todo el mundo compartir\u00e1n experiencias y conocimientos acerca del modelo de destino inteligente.<\/p>\n","protected":false},"author":3,"featured_media":0,"comment_status":"closed","ping_status":"open","sticky":false,"template":"","format":"standard","meta":{"footnotes":""},"categories":[33],"tags":[],"class_list":["post-49482","post","type-post","status-publish","format-standard","hentry","category-turismo"],"yoast_head":"<!-- This site is optimized with the Yoast SEO plugin v25.9 - https:\/\/yoast.com\/wordpress\/plugins\/seo\/ -->\n<title>Tornquist dice presente en la Feria Internacional de Destinos Inteligentes - Noticias Radio Reflejos<\/title>\n<meta name=\"robots\" content=\"index, follow, max-snippet:-1, max-image-preview:large, max-video-preview:-1\" \/>\n<link rel=\"canonical\" href=\"https:\/\/www.noticiasradioreflejos.com.ar\/2021\/tornquist-dice-presente-en-la-feria-internacional-de-destinos-inteligentes\/\" \/>\n<meta property=\"og:locale\" content=\"es_ES\" \/>\n<meta property=\"og:type\" content=\"article\" \/>\n<meta property=\"og:title\" content=\"Tornquist dice presente en la Feria Internacional de Destinos Inteligentes - Noticias Radio Reflejos\" \/>\n<meta property=\"og:description\" content=\"A trav\u00e9s de la Secretar\u00eda de Turismo, Tornquist Municipio dice presente en la Feria Internacional de Destinos Inteligentes (FIDI), un encuentro virtual donde empresas l\u00edderes y funcionarios p\u00fablicos de turismo y tecnolog\u00eda de todo el mundo compartir\u00e1n experiencias y conocimientos acerca del modelo de destino inteligente.\" \/>\n<meta property=\"og:url\" content=\"https:\/\/www.noticiasradioreflejos.com.ar\/2021\/tornquist-dice-presente-en-la-feria-internacional-de-destinos-inteligentes\/\" \/>\n<meta property=\"og:site_name\" content=\"Noticias Radio Reflejos\" \/>\n<meta property=\"article:published_time\" content=\"2020-11-20T19:21:46+00:00\" \/>\n<meta property=\"og:image\" content=\"http:\/\/live.staticflickr.com\/65535\/50625824191_ea780fb034_c.jpg\" \/>\n<meta name=\"author\" content=\"Arnaldo Botto\" \/>\n<meta name=\"twitter:card\" content=\"summary_large_image\" \/>\n<script type=\"application\/ld+json\" class=\"yoast-schema-graph\">{\"@context\":\"https:\/\/schema.org\",\"@graph\":[{\"@type\":\"WebPage\",\"@id\":\"https:\/\/www.noticiasradioreflejos.com.ar\/2021\/tornquist-dice-presente-en-la-feria-internacional-de-destinos-inteligentes\/\",\"url\":\"https:\/\/www.noticiasradioreflejos.com.ar\/2021\/tornquist-dice-presente-en-la-feria-internacional-de-destinos-inteligentes\/\",\"name\":\"Tornquist dice presente en la Feria Internacional de Destinos Inteligentes - Noticias Radio Reflejos\",\"isPartOf\":{\"@id\":\"https:\/\/www.noticiasradioreflejos.com.ar\/2021\/#website\"},\"primaryImageOfPage\":{\"@id\":\"https:\/\/www.noticiasradioreflejos.com.ar\/2021\/tornquist-dice-presente-en-la-feria-internacional-de-destinos-inteligentes\/#primaryimage\"},\"image\":{\"@id\":\"https:\/\/www.noticiasradioreflejos.com.ar\/2021\/tornquist-dice-presente-en-la-feria-internacional-de-destinos-inteligentes\/#primaryimage\"},\"thumbnailUrl\":\"http:\/\/live.staticflickr.com\/65535\/50625824191_ea780fb034_c.jpg\",\"datePublished\":\"2020-11-20T19:21:46+00:00\",\"author\":{\"@id\":\"https:\/\/www.noticiasradioreflejos.com.ar\/2021\/#\/schema\/person\/ad82545263dcc5ec0996818884fd5fb1\"},\"breadcrumb\":{\"@id\":\"https:\/\/www.noticiasradioreflejos.com.ar\/2021\/tornquist-dice-presente-en-la-feria-internacional-de-destinos-inteligentes\/#breadcrumb\"},\"inLanguage\":\"es\",\"potentialAction\":[{\"@type\":\"ReadAction\",\"target\":[\"https:\/\/www.noticiasradioreflejos.com.ar\/2021\/tornquist-dice-presente-en-la-feria-internacional-de-destinos-inteligentes\/\"]}]},{\"@type\":\"ImageObject\",\"inLanguage\":\"es\",\"@id\":\"https:\/\/www.noticiasradioreflejos.com.ar\/2021\/tornquist-dice-presente-en-la-feria-internacional-de-destinos-inteligentes\/#primaryimage\",\"url\":\"http:\/\/live.staticflickr.com\/65535\/50625824191_ea780fb034_c.jpg\",\"contentUrl\":\"http:\/\/live.staticflickr.com\/65535\/50625824191_ea780fb034_c.jpg\"},{\"@type\":\"BreadcrumbList\",\"@id\":\"https:\/\/www.noticiasradioreflejos.com.ar\/2021\/tornquist-dice-presente-en-la-feria-internacional-de-destinos-inteligentes\/#breadcrumb\",\"itemListElement\":[{\"@type\":\"ListItem\",\"position\":1,\"name\":\"Portada\",\"item\":\"https:\/\/www.noticiasradioreflejos.com.ar\/2021\/\"},{\"@type\":\"ListItem\",\"position\":2,\"name\":\"Tornquist dice presente en la Feria Internacional de Destinos Inteligentes\"}]},{\"@type\":\"WebSite\",\"@id\":\"https:\/\/www.noticiasradioreflejos.com.ar\/2021\/#website\",\"url\":\"https:\/\/www.noticiasradioreflejos.com.ar\/2021\/\",\"name\":\"Noticias Radio Reflejos\",\"description\":\"Las noticias de mi comarca\",\"potentialAction\":[{\"@type\":\"SearchAction\",\"target\":{\"@type\":\"EntryPoint\",\"urlTemplate\":\"https:\/\/www.noticiasradioreflejos.com.ar\/2021\/?s={search_term_string}\"},\"query-input\":{\"@type\":\"PropertyValueSpecification\",\"valueRequired\":true,\"valueName\":\"search_term_string\"}}],\"inLanguage\":\"es\"},{\"@type\":\"Person\",\"@id\":\"https:\/\/www.noticiasradioreflejos.com.ar\/2021\/#\/schema\/person\/ad82545263dcc5ec0996818884fd5fb1\",\"name\":\"Arnaldo Botto\",\"image\":{\"@type\":\"ImageObject\",\"inLanguage\":\"es\",\"@id\":\"https:\/\/www.noticiasradioreflejos.com.ar\/2021\/#\/schema\/person\/image\/\",\"url\":\"https:\/\/secure.gravatar.com\/avatar\/55cb5e37c1efa326397366e6974cb338056df65cb50e7d64d1cf314e87504837?s=96&d=mm&r=g\",\"contentUrl\":\"https:\/\/secure.gravatar.com\/avatar\/55cb5e37c1efa326397366e6974cb338056df65cb50e7d64d1cf314e87504837?s=96&d=mm&r=g\",\"caption\":\"Arnaldo Botto\"},\"url\":\"https:\/\/www.noticiasradioreflejos.com.ar\/2021\/author\/arnaldo\/\"}]}<\/script>\n<!-- \/ Yoast SEO plugin. -->","yoast_head_json":{"title":"Tornquist dice presente en la Feria Internacional de Destinos Inteligentes - Noticias Radio Reflejos","robots":{"index":"index","follow":"follow","max-snippet":"max-snippet:-1","max-image-preview":"max-image-preview:large","max-video-preview":"max-video-preview:-1"},"canonical":"https:\/\/www.noticiasradioreflejos.com.ar\/2021\/tornquist-dice-presente-en-la-feria-internacional-de-destinos-inteligentes\/","og_locale":"es_ES","og_type":"article","og_title":"Tornquist dice presente en la Feria Internacional de Destinos Inteligentes - Noticias Radio Reflejos","og_description":"A trav\u00e9s de la Secretar\u00eda de Turismo, Tornquist Municipio dice presente en la Feria Internacional de Destinos Inteligentes (FIDI), un encuentro virtual donde empresas l\u00edderes y funcionarios p\u00fablicos de turismo y tecnolog\u00eda de todo el mundo compartir\u00e1n experiencias y conocimientos acerca del modelo de destino inteligente.","og_url":"https:\/\/www.noticiasradioreflejos.com.ar\/2021\/tornquist-dice-presente-en-la-feria-internacional-de-destinos-inteligentes\/","og_site_name":"Noticias Radio Reflejos","article_published_time":"2020-11-20T19:21:46+00:00","og_image":[{"url":"http:\/\/live.staticflickr.com\/65535\/50625824191_ea780fb034_c.jpg","type":"","width":"","height":""}],"author":"Arnaldo Botto","twitter_card":"summary_large_image","schema":{"@context":"https:\/\/schema.org","@graph":[{"@type":"WebPage","@id":"https:\/\/www.noticiasradioreflejos.com.ar\/2021\/tornquist-dice-presente-en-la-feria-internacional-de-destinos-inteligentes\/","url":"https:\/\/www.noticiasradioreflejos.com.ar\/2021\/tornquist-dice-presente-en-la-feria-internacional-de-destinos-inteligentes\/","name":"Tornquist dice presente en la Feria Internacional de Destinos Inteligentes - Noticias Radio Reflejos","isPartOf":{"@id":"https:\/\/www.noticiasradioreflejos.com.ar\/2021\/#website"},"primaryImageOfPage":{"@id":"https:\/\/www.noticiasradioreflejos.com.ar\/2021\/tornquist-dice-presente-en-la-feria-internacional-de-destinos-inteligentes\/#primaryimage"},"image":{"@id":"https:\/\/www.noticiasradioreflejos.com.ar\/2021\/tornquist-dice-presente-en-la-feria-internacional-de-destinos-inteligentes\/#primaryimage"},"thumbnailUrl":"http:\/\/live.staticflickr.com\/65535\/50625824191_ea780fb034_c.jpg","datePublished":"2020-11-20T19:21:46+00:00","author":{"@id":"https:\/\/www.noticiasradioreflejos.com.ar\/2021\/#\/schema\/person\/ad82545263dcc5ec0996818884fd5fb1"},"breadcrumb":{"@id":"https:\/\/www.noticiasradioreflejos.com.ar\/2021\/tornquist-dice-presente-en-la-feria-internacional-de-destinos-inteligentes\/#breadcrumb"},"inLanguage":"es","potentialAction":[{"@type":"ReadAction","target":["https:\/\/www.noticiasradioreflejos.com.ar\/2021\/tornquist-dice-presente-en-la-feria-internacional-de-destinos-inteligentes\/"]}]},{"@type":"ImageObject","inLanguage":"es","@id":"https:\/\/www.noticiasradioreflejos.com.ar\/2021\/tornquist-dice-presente-en-la-feria-internacional-de-destinos-inteligentes\/#primaryimage","url":"http:\/\/live.staticflickr.com\/65535\/50625824191_ea780fb034_c.jpg","contentUrl":"http:\/\/live.staticflickr.com\/65535\/50625824191_ea780fb034_c.jpg"},{"@type":"BreadcrumbList","@id":"https:\/\/www.noticiasradioreflejos.com.ar\/2021\/tornquist-dice-presente-en-la-feria-internacional-de-destinos-inteligentes\/#breadcrumb","itemListElement":[{"@type":"ListItem","position":1,"name":"Portada","item":"https:\/\/www.noticiasradioreflejos.com.ar\/2021\/"},{"@type":"ListItem","position":2,"name":"Tornquist dice presente en la Feria Internacional de Destinos Inteligentes"}]},{"@type":"WebSite","@id":"https:\/\/www.noticiasradioreflejos.com.ar\/2021\/#website","url":"https:\/\/www.noticiasradioreflejos.com.ar\/2021\/","name":"Noticias Radio Reflejos","description":"Las noticias de mi comarca","potentialAction":[{"@type":"SearchAction","target":{"@type":"EntryPoint","urlTemplate":"https:\/\/www.noticiasradioreflejos.com.ar\/2021\/?s={search_term_string}"},"query-input":{"@type":"PropertyValueSpecification","valueRequired":true,"valueName":"search_term_string"}}],"inLanguage":"es"},{"@type":"Person","@id":"https:\/\/www.noticiasradioreflejos.com.ar\/2021\/#\/schema\/person\/ad82545263dcc5ec0996818884fd5fb1","name":"Arnaldo Botto","image":{"@type":"ImageObject","inLanguage":"es","@id":"https:\/\/www.noticiasradioreflejos.com.ar\/2021\/#\/schema\/person\/image\/","url":"https:\/\/secure.gravatar.com\/avatar\/55cb5e37c1efa326397366e6974cb338056df65cb50e7d64d1cf314e87504837?s=96&d=mm&r=g","contentUrl":"https:\/\/secure.gravatar.com\/avatar\/55cb5e37c1efa326397366e6974cb338056df65cb50e7d64d1cf314e87504837?s=96&d=mm&r=g","caption":"Arnaldo Botto"},"url":"https:\/\/www.noticiasradioreflejos.com.ar\/2021\/author\/arnaldo\/"}]}},"_links":{"self":[{"href":"https:\/\/www.noticiasradioreflejos.com.ar\/2021\/wp-json\/wp\/v2\/posts\/49482","targetHints":{"allow":["GET"]}}],"collection":[{"href":"https:\/\/www.noticiasradioreflejos.com.ar\/2021\/wp-json\/wp\/v2\/posts"}],"about":[{"href":"https:\/\/www.noticiasradioreflejos.com.ar\/2021\/wp-json\/wp\/v2\/types\/post"}],"author":[{"embeddable":true,"href":"https:\/\/www.noticiasradioreflejos.com.ar\/2021\/wp-json\/wp\/v2\/users\/3"}],"replies":[{"embeddable":true,"href":"https:\/\/www.noticiasradioreflejos.com.ar\/2021\/wp-json\/wp\/v2\/comments?post=49482"}],"version-history":[{"count":0,"href":"https:\/\/www.noticiasradioreflejos.com.ar\/2021\/wp-json\/wp\/v2\/posts\/49482\/revisions"}],"wp:attachment":[{"href":"https:\/\/www.noticiasradioreflejos.com.ar\/2021\/wp-json\/wp\/v2\/media?parent=49482"}],"wp:term":[{"taxonomy":"category","embeddable":true,"href":"https:\/\/www.noticiasradioreflejos.com.ar\/2021\/wp-json\/wp\/v2\/categories?post=49482"},{"taxonomy":"post_tag","embeddable":true,"href":"https:\/\/www.noticiasradioreflejos.com.ar\/2021\/wp-json\/wp\/v2\/tags?post=49482"}],"curies":[{"name":"wp","href":"https:\/\/api.w.org\/{rel}","templated":true}]}}