{"id":49472,"date":"2020-11-20T12:48:58","date_gmt":"2020-11-20T15:48:58","guid":{"rendered":"http:\/\/www.noticiasradioreflejos.com.ar\/noticias\/?p=49472"},"modified":"2020-11-20T12:48:58","modified_gmt":"2020-11-20T15:48:58","slug":"la-ansesdefine-acciones-para-la-ampliacion-de-la-asignacion-universal","status":"publish","type":"post","link":"https:\/\/www.noticiasradioreflejos.com.ar\/2021\/la-ansesdefine-acciones-para-la-ampliacion-de-la-asignacion-universal\/","title":{"rendered":"La ANSES define acciones para la ampliaci\u00f3n de la Asignaci\u00f3n Universal"},"content":{"rendered":"<p>Con el fin de incorporar a nuevos ni\u00f1os y ni\u00f1as a la Asignaci\u00f3n Universal por Hijo (AUH) y agilizar la realizaci\u00f3n de tr\u00e1mites para el acceso a las prestaciones, la directora ejecutiva de la ANSES, Fernanda Raverta, mantuvo reuniones de trabajo con los ministros de Desarrollo Social, Educaci\u00f3n y Salud, Daniel Arroyo, Nicol\u00e1s Trotta y Gin\u00e9s Gonz\u00e1lez Garc\u00eda, respectivamente.<!--more--><\/p>\n<p>Junto a Arroyo, Raverta acord\u00f3 intercambiar informaci\u00f3n que permita encontrar a los 300 mil destinatarios de la AUH no identificados. \u201cUna red que establecer\u00e1 una b\u00fasqueda activa para que, en la Argentina, por fin, no haya ning\u00fan nene, ninguna nena, que no tenga su asignaci\u00f3n universal\u201d, subray\u00f3.<\/p>\n<p>En tanto, con Trotta, la titular de la ANSES decidi\u00f3 establecer un sistema de intercambio de datos para no evitar presentar documentaci\u00f3n para acreditar escolaridad. \u201cQueremos hacer un poco m\u00e1s sencilla su vida, sus proyectos, sus sue\u00f1os y sus aspiraciones\u201d, remarc\u00f3.<\/p>\n<p>Asimismo, con Gonz\u00e1lez Garc\u00eda firm\u00f3 un convenio para simplificar la acreditaci\u00f3n de diversos beneficios. \u201cQueremos poner en di\u00e1logo a las distintas dependencias del Estado y generar un sistema de alertas que encuentre a quienes no tienen cobertura\u201d, se\u00f1al\u00f3.<\/p>\n<p>A once a\u00f1os de la creaci\u00f3n de AUH, esta decisi\u00f3n del Gobierno Nacional significa, en primera instancia, la inclusi\u00f3n de 723.987 chicos y chicas, con una inversi\u00f3n mensual ser\u00e1 de 2482 millones de pesos.<\/p>\n","protected":false},"excerpt":{"rendered":"<p>Con el fin de incorporar a nuevos ni\u00f1os y ni\u00f1as a la Asignaci\u00f3n Universal por Hijo (AUH) y agilizar la realizaci\u00f3n de tr\u00e1mites para el acceso a las prestaciones, la directora ejecutiva de la ANSES, Fernanda Raverta, mantuvo reuniones de trabajo con los ministros de Desarrollo Social, Educaci\u00f3n y Salud, Daniel Arroyo, Nicol\u00e1s Trotta y [&hellip;]<\/p>\n","protected":false},"author":3,"featured_media":0,"comment_status":"closed","ping_status":"open","sticky":false,"template":"","format":"standard","meta":{"footnotes":""},"categories":[24],"tags":[],"class_list":["post-49472","post","type-post","status-publish","format-standard","hentry","category-politica"],"yoast_head":"<!-- This site is optimized with the Yoast SEO plugin v25.9 - https:\/\/yoast.com\/wordpress\/plugins\/seo\/ -->\n<title>La ANSES define acciones para la ampliaci\u00f3n de la Asignaci\u00f3n Universal - Noticias Radio Reflejos<\/title>\n<meta name=\"robots\" content=\"index, follow, max-snippet:-1, max-image-preview:large, max-video-preview:-1\" \/>\n<link rel=\"canonical\" href=\"https:\/\/www.noticiasradioreflejos.com.ar\/2021\/la-ansesdefine-acciones-para-la-ampliacion-de-la-asignacion-universal\/\" \/>\n<meta property=\"og:locale\" content=\"es_ES\" \/>\n<meta property=\"og:type\" content=\"article\" \/>\n<meta property=\"og:title\" content=\"La ANSES define acciones para la ampliaci\u00f3n de la Asignaci\u00f3n Universal - Noticias Radio Reflejos\" \/>\n<meta property=\"og:description\" content=\"Con el fin de incorporar a nuevos ni\u00f1os y ni\u00f1as a la Asignaci\u00f3n Universal por Hijo (AUH) y agilizar la realizaci\u00f3n de tr\u00e1mites para el acceso a las prestaciones, la directora ejecutiva de la ANSES, Fernanda Raverta, mantuvo reuniones de trabajo con los ministros de Desarrollo Social, Educaci\u00f3n y Salud, Daniel Arroyo, Nicol\u00e1s Trotta y [&hellip;]\" \/>\n<meta property=\"og:url\" content=\"https:\/\/www.noticiasradioreflejos.com.ar\/2021\/la-ansesdefine-acciones-para-la-ampliacion-de-la-asignacion-universal\/\" \/>\n<meta property=\"og:site_name\" content=\"Noticias Radio Reflejos\" \/>\n<meta property=\"article:published_time\" content=\"2020-11-20T15:48:58+00:00\" \/>\n<meta property=\"og:image\" content=\"https:\/\/www.noticiasradioreflejos.com.ar\/2021\/wp-content\/uploads\/2021\/07\/logosol300x200.png\" \/>\n\t<meta property=\"og:image:width\" content=\"300\" \/>\n\t<meta property=\"og:image:height\" content=\"200\" \/>\n\t<meta property=\"og:image:type\" content=\"image\/png\" \/>\n<meta name=\"author\" content=\"Arnaldo Botto\" \/>\n<meta name=\"twitter:card\" content=\"summary_large_image\" \/>\n<script type=\"application\/ld+json\" class=\"yoast-schema-graph\">{\"@context\":\"https:\/\/schema.org\",\"@graph\":[{\"@type\":\"WebPage\",\"@id\":\"https:\/\/www.noticiasradioreflejos.com.ar\/2021\/la-ansesdefine-acciones-para-la-ampliacion-de-la-asignacion-universal\/\",\"url\":\"https:\/\/www.noticiasradioreflejos.com.ar\/2021\/la-ansesdefine-acciones-para-la-ampliacion-de-la-asignacion-universal\/\",\"name\":\"La ANSES define acciones para la ampliaci\u00f3n de la Asignaci\u00f3n Universal - Noticias Radio Reflejos\",\"isPartOf\":{\"@id\":\"https:\/\/www.noticiasradioreflejos.com.ar\/2021\/#website\"},\"datePublished\":\"2020-11-20T15:48:58+00:00\",\"author\":{\"@id\":\"https:\/\/www.noticiasradioreflejos.com.ar\/2021\/#\/schema\/person\/ad82545263dcc5ec0996818884fd5fb1\"},\"breadcrumb\":{\"@id\":\"https:\/\/www.noticiasradioreflejos.com.ar\/2021\/la-ansesdefine-acciones-para-la-ampliacion-de-la-asignacion-universal\/#breadcrumb\"},\"inLanguage\":\"es\",\"potentialAction\":[{\"@type\":\"ReadAction\",\"target\":[\"https:\/\/www.noticiasradioreflejos.com.ar\/2021\/la-ansesdefine-acciones-para-la-ampliacion-de-la-asignacion-universal\/\"]}]},{\"@type\":\"BreadcrumbList\",\"@id\":\"https:\/\/www.noticiasradioreflejos.com.ar\/2021\/la-ansesdefine-acciones-para-la-ampliacion-de-la-asignacion-universal\/#breadcrumb\",\"itemListElement\":[{\"@type\":\"ListItem\",\"position\":1,\"name\":\"Portada\",\"item\":\"https:\/\/www.noticiasradioreflejos.com.ar\/2021\/\"},{\"@type\":\"ListItem\",\"position\":2,\"name\":\"La ANSES define acciones para la ampliaci\u00f3n de la Asignaci\u00f3n Universal\"}]},{\"@type\":\"WebSite\",\"@id\":\"https:\/\/www.noticiasradioreflejos.com.ar\/2021\/#website\",\"url\":\"https:\/\/www.noticiasradioreflejos.com.ar\/2021\/\",\"name\":\"Noticias Radio Reflejos\",\"description\":\"Las noticias de mi comarca\",\"potentialAction\":[{\"@type\":\"SearchAction\",\"target\":{\"@type\":\"EntryPoint\",\"urlTemplate\":\"https:\/\/www.noticiasradioreflejos.com.ar\/2021\/?s={search_term_string}\"},\"query-input\":{\"@type\":\"PropertyValueSpecification\",\"valueRequired\":true,\"valueName\":\"search_term_string\"}}],\"inLanguage\":\"es\"},{\"@type\":\"Person\",\"@id\":\"https:\/\/www.noticiasradioreflejos.com.ar\/2021\/#\/schema\/person\/ad82545263dcc5ec0996818884fd5fb1\",\"name\":\"Arnaldo Botto\",\"image\":{\"@type\":\"ImageObject\",\"inLanguage\":\"es\",\"@id\":\"https:\/\/www.noticiasradioreflejos.com.ar\/2021\/#\/schema\/person\/image\/\",\"url\":\"https:\/\/secure.gravatar.com\/avatar\/55cb5e37c1efa326397366e6974cb338056df65cb50e7d64d1cf314e87504837?s=96&d=mm&r=g\",\"contentUrl\":\"https:\/\/secure.gravatar.com\/avatar\/55cb5e37c1efa326397366e6974cb338056df65cb50e7d64d1cf314e87504837?s=96&d=mm&r=g\",\"caption\":\"Arnaldo Botto\"},\"url\":\"https:\/\/www.noticiasradioreflejos.com.ar\/2021\/author\/arnaldo\/\"}]}<\/script>\n<!-- \/ Yoast SEO plugin. -->","yoast_head_json":{"title":"La ANSES define acciones para la ampliaci\u00f3n de la Asignaci\u00f3n Universal - Noticias Radio Reflejos","robots":{"index":"index","follow":"follow","max-snippet":"max-snippet:-1","max-image-preview":"max-image-preview:large","max-video-preview":"max-video-preview:-1"},"canonical":"https:\/\/www.noticiasradioreflejos.com.ar\/2021\/la-ansesdefine-acciones-para-la-ampliacion-de-la-asignacion-universal\/","og_locale":"es_ES","og_type":"article","og_title":"La ANSES define acciones para la ampliaci\u00f3n de la Asignaci\u00f3n Universal - Noticias Radio Reflejos","og_description":"Con el fin de incorporar a nuevos ni\u00f1os y ni\u00f1as a la Asignaci\u00f3n Universal por Hijo (AUH) y agilizar la realizaci\u00f3n de tr\u00e1mites para el acceso a las prestaciones, la directora ejecutiva de la ANSES, Fernanda Raverta, mantuvo reuniones de trabajo con los ministros de Desarrollo Social, Educaci\u00f3n y Salud, Daniel Arroyo, Nicol\u00e1s Trotta y [&hellip;]","og_url":"https:\/\/www.noticiasradioreflejos.com.ar\/2021\/la-ansesdefine-acciones-para-la-ampliacion-de-la-asignacion-universal\/","og_site_name":"Noticias Radio Reflejos","article_published_time":"2020-11-20T15:48:58+00:00","og_image":[{"width":300,"height":200,"url":"https:\/\/www.noticiasradioreflejos.com.ar\/2021\/wp-content\/uploads\/2021\/07\/logosol300x200.png","type":"image\/png"}],"author":"Arnaldo Botto","twitter_card":"summary_large_image","schema":{"@context":"https:\/\/schema.org","@graph":[{"@type":"WebPage","@id":"https:\/\/www.noticiasradioreflejos.com.ar\/2021\/la-ansesdefine-acciones-para-la-ampliacion-de-la-asignacion-universal\/","url":"https:\/\/www.noticiasradioreflejos.com.ar\/2021\/la-ansesdefine-acciones-para-la-ampliacion-de-la-asignacion-universal\/","name":"La ANSES define acciones para la ampliaci\u00f3n de la Asignaci\u00f3n Universal - Noticias Radio Reflejos","isPartOf":{"@id":"https:\/\/www.noticiasradioreflejos.com.ar\/2021\/#website"},"datePublished":"2020-11-20T15:48:58+00:00","author":{"@id":"https:\/\/www.noticiasradioreflejos.com.ar\/2021\/#\/schema\/person\/ad82545263dcc5ec0996818884fd5fb1"},"breadcrumb":{"@id":"https:\/\/www.noticiasradioreflejos.com.ar\/2021\/la-ansesdefine-acciones-para-la-ampliacion-de-la-asignacion-universal\/#breadcrumb"},"inLanguage":"es","potentialAction":[{"@type":"ReadAction","target":["https:\/\/www.noticiasradioreflejos.com.ar\/2021\/la-ansesdefine-acciones-para-la-ampliacion-de-la-asignacion-universal\/"]}]},{"@type":"BreadcrumbList","@id":"https:\/\/www.noticiasradioreflejos.com.ar\/2021\/la-ansesdefine-acciones-para-la-ampliacion-de-la-asignacion-universal\/#breadcrumb","itemListElement":[{"@type":"ListItem","position":1,"name":"Portada","item":"https:\/\/www.noticiasradioreflejos.com.ar\/2021\/"},{"@type":"ListItem","position":2,"name":"La ANSES define acciones para la ampliaci\u00f3n de la Asignaci\u00f3n Universal"}]},{"@type":"WebSite","@id":"https:\/\/www.noticiasradioreflejos.com.ar\/2021\/#website","url":"https:\/\/www.noticiasradioreflejos.com.ar\/2021\/","name":"Noticias Radio Reflejos","description":"Las noticias de mi comarca","potentialAction":[{"@type":"SearchAction","target":{"@type":"EntryPoint","urlTemplate":"https:\/\/www.noticiasradioreflejos.com.ar\/2021\/?s={search_term_string}"},"query-input":{"@type":"PropertyValueSpecification","valueRequired":true,"valueName":"search_term_string"}}],"inLanguage":"es"},{"@type":"Person","@id":"https:\/\/www.noticiasradioreflejos.com.ar\/2021\/#\/schema\/person\/ad82545263dcc5ec0996818884fd5fb1","name":"Arnaldo Botto","image":{"@type":"ImageObject","inLanguage":"es","@id":"https:\/\/www.noticiasradioreflejos.com.ar\/2021\/#\/schema\/person\/image\/","url":"https:\/\/secure.gravatar.com\/avatar\/55cb5e37c1efa326397366e6974cb338056df65cb50e7d64d1cf314e87504837?s=96&d=mm&r=g","contentUrl":"https:\/\/secure.gravatar.com\/avatar\/55cb5e37c1efa326397366e6974cb338056df65cb50e7d64d1cf314e87504837?s=96&d=mm&r=g","caption":"Arnaldo Botto"},"url":"https:\/\/www.noticiasradioreflejos.com.ar\/2021\/author\/arnaldo\/"}]}},"_links":{"self":[{"href":"https:\/\/www.noticiasradioreflejos.com.ar\/2021\/wp-json\/wp\/v2\/posts\/49472","targetHints":{"allow":["GET"]}}],"collection":[{"href":"https:\/\/www.noticiasradioreflejos.com.ar\/2021\/wp-json\/wp\/v2\/posts"}],"about":[{"href":"https:\/\/www.noticiasradioreflejos.com.ar\/2021\/wp-json\/wp\/v2\/types\/post"}],"author":[{"embeddable":true,"href":"https:\/\/www.noticiasradioreflejos.com.ar\/2021\/wp-json\/wp\/v2\/users\/3"}],"replies":[{"embeddable":true,"href":"https:\/\/www.noticiasradioreflejos.com.ar\/2021\/wp-json\/wp\/v2\/comments?post=49472"}],"version-history":[{"count":0,"href":"https:\/\/www.noticiasradioreflejos.com.ar\/2021\/wp-json\/wp\/v2\/posts\/49472\/revisions"}],"wp:attachment":[{"href":"https:\/\/www.noticiasradioreflejos.com.ar\/2021\/wp-json\/wp\/v2\/media?parent=49472"}],"wp:term":[{"taxonomy":"category","embeddable":true,"href":"https:\/\/www.noticiasradioreflejos.com.ar\/2021\/wp-json\/wp\/v2\/categories?post=49472"},{"taxonomy":"post_tag","embeddable":true,"href":"https:\/\/www.noticiasradioreflejos.com.ar\/2021\/wp-json\/wp\/v2\/tags?post=49472"}],"curies":[{"name":"wp","href":"https:\/\/api.w.org\/{rel}","templated":true}]}}