{"id":49466,"date":"2020-11-20T12:25:39","date_gmt":"2020-11-20T15:25:39","guid":{"rendered":"http:\/\/www.noticiasradioreflejos.com.ar\/noticias\/?p=49466"},"modified":"2020-11-20T12:25:39","modified_gmt":"2020-11-20T15:25:39","slug":"175o-anos-del-combate-de-la-vuelta-de-obligado","status":"publish","type":"post","link":"https:\/\/www.noticiasradioreflejos.com.ar\/2021\/175o-anos-del-combate-de-la-vuelta-de-obligado\/","title":{"rendered":"175\u00ba a\u00f1os del Combate de la Vuelta de Obligado"},"content":{"rendered":"<p>Hoy, 20 de noviembre, se cumplen 175 a\u00f1os de la Batalla de la Vuelta de Obligado, una de las acciones defensivas m\u00e1s importantes de la historia nacional. El combate tuvo un resultado negativo para las fuerza argentinas, sin embargo, producto del hero\u00edsmo con que se defendi\u00f3 el territorio, este d\u00eda fue declarado como el D\u00eda de la Soberan\u00eda Nacional.<!--more--><\/p>\n<p>En 1845 el Estado nacional argentino estaba en construcci\u00f3n. Juan Manuel de Rosas era gobernador de Buenos Aires y encargado de las relaciones exteriores de la entonces Confederaci\u00f3n Argentina. La lucha interna entre unitarios y federales sobre c\u00f3mo organizar el pa\u00eds estaba candente, sobre todo entre correntinos, entrerrianos y santafecinos. Gran Breta\u00f1a y Francia quer\u00edan establecer relaciones comerciales directas con esas provincias sin pasar por Buenos Aires ni reconocer la autoridad de Juan Manuel de Rosas.<\/p>\n<p>En marzo de 1845, cuando Justo Jos\u00e9 de Urquiza (gobernador de Entre R\u00edos) derrota al oriental Fructuoso Rivera, en India Muerta, el triunfo federal parece definitivo, por lo cual las grandes potencias deciden intervenir: bloquean el puerto de Buenos Aires e ingresan por el R\u00edo Paran\u00e1, violando la soberan\u00eda nacional.<\/p>\n<p>Francia, Inglaterra y Buenos Aires ten\u00edan constantes conflictos diplom\u00e1ticos. Las potencias presionaban a Juan Manuel de Rosas para que pusiera fin a la guerra con la Banda Oriental y quitara las trabas al libre comercio y sus medidas aduaneras que proteg\u00edan los productos nacionales. Obteniendo la libre navegaci\u00f3n de los r\u00edos, los europeos podr\u00edan recorrer sin problemas por el r\u00edo Paran\u00e1 y apoyar a Corrientes, provincia opositora al gobierno de Rosas. Esto permitir\u00eda que la acorralada Montevideo pudiera comerciar tanto con Paraguay como con las provincias del Litoral.<\/p>\n<p>Las fuerzas invasoras buscaban ingresar por el Paran\u00e1 pero las tropas nacionales, al mando del General Lucio Mansilla, se anticiparon en un estrecho recodo de ese r\u00edo: la Vuelta de Obligado, en el distrito bonaerense de San Pedro.<\/p>\n<p class=\"has-medium-font-size\"><b><strong>20 de noviembre de 1845<\/strong><\/b><\/p>\n<p>En esa curva donde el r\u00edo se angosta, las tropas comandadas por Mansilla, encargado de la defensa del territorio nacional, tendieron tres gruesas cadenas, de costa a costa, sostenidas sobre 24 barcazas para cerrar el paso.<\/p>\n<figure class=\"wp-block-gallery columns-1 is-cropped\">\n<ul class=\"blocks-gallery-grid\">\n<li class=\"blocks-gallery-item\">\n<figure><a title=\"\" href=\"https:\/\/gacetamarinera.com.ar\/wp-content\/uploads\/2018\/11\/Am-0003-a-Combate-de-la-vuelta-de-Obligado.jpg\" data-rel=\"lightbox-gallery-0\" data-rl_title=\"\" data-rl_caption=\"\"><img loading=\"lazy\" decoding=\"async\" class=\"wp-image-55183\" src=\"https:\/\/gacetamarinera.com.ar\/wp-content\/uploads\/2018\/11\/Am-0003-a-Combate-de-la-vuelta-de-Obligado.jpg\" sizes=\"auto, (max-width: 1187px) 100vw, 1187px\" srcset=\"https:\/\/gacetamarinera.com.ar\/wp-content\/uploads\/2018\/11\/Am-0003-a-Combate-de-la-vuelta-de-Obligado.jpg 1187w, https:\/\/gacetamarinera.com.ar\/wp-content\/uploads\/2018\/11\/Am-0003-a-Combate-de-la-vuelta-de-Obligado-300x183.jpg 300w, https:\/\/gacetamarinera.com.ar\/wp-content\/uploads\/2018\/11\/Am-0003-a-Combate-de-la-vuelta-de-Obligado-768x469.jpg 768w, https:\/\/gacetamarinera.com.ar\/wp-content\/uploads\/2018\/11\/Am-0003-a-Combate-de-la-vuelta-de-Obligado-1024x625.jpg 1024w\" alt=\"\" width=\"1187\" height=\"725\" data-id=\"55183\" data-full-url=\"https:\/\/gacetamarinera.com.ar\/wp-content\/uploads\/2018\/11\/Am-0003-a-Combate-de-la-vuelta-de-Obligado.jpg\" data-link=\"https:\/\/gacetamarinera.com.ar\/especiales\/173o-anos-del-combate-de-la-vuelta-de-obligado\/am-0003-a-combate-de-la-vuelta-de-obligado\/\" \/><\/a><\/figure>\n<\/li>\n<\/ul>\n<\/figure>\n<p>El General Mansilla dividi\u00f3 su artiller\u00eda en 4 bater\u00edas de sur a norte. La primera nombrada Restaurador Rosas, compuesta por seis ca\u00f1ones, al mando del Sargento Mayor de Marina \u00c1lvaro Alzogaray. La segunda fue bautizada General Brown, la compon\u00edan cinco ca\u00f1ones y la comandaba el Teniente Eduardo Brown (hijo menor del Almirante). La tercera bater\u00eda, llamada General Mansilla fue dispuesta sobre el nivel del r\u00edo y contaba con tres ca\u00f1ones: la conduc\u00eda el Teniente de Artiller\u00eda Felipe Palacios. La \u00faltima, denominada Manuelita, contaba con siete ca\u00f1ones navales y la conduc\u00eda el Teniente<\/p>\n<p>Coronel de Marina Juan Bautista Thorne. Junto a esta bater\u00eda de costa un ancla afirmaba las tres gruesas cadenas que atravesaban el r\u00edo, sujetadas en la margen opuesta por el bergant\u00edn \u201cRepublicano\u201d.<\/p>\n<p>Sabiendo que era casi imposible combatir a los invasores debido a la superioridad b\u00e9lica y tecnol\u00f3gica, la estrategia se fund\u00f3 en provocarles la mayor cantidad de da\u00f1os posibles en sus barcos de guerra y en los mercantes, y provocar bajas en soldados y marineros, durante el tiempo en que tardaran en cortar las cadenas.<\/p>\n<figure class=\"wp-block-gallery columns-1 is-cropped\">\n<ul class=\"blocks-gallery-grid\">\n<li class=\"blocks-gallery-item\">\n<figure><a title=\"\" href=\"https:\/\/gacetamarinera.com.ar\/wp-content\/uploads\/2018\/11\/Am-0003-d-Combate-de-la-Vuelta-de-Obligado.jpg\" data-rel=\"lightbox-gallery-0\" data-rl_title=\"\" data-rl_caption=\"\"><img loading=\"lazy\" decoding=\"async\" class=\"wp-image-55186\" src=\"https:\/\/gacetamarinera.com.ar\/wp-content\/uploads\/2018\/11\/Am-0003-d-Combate-de-la-Vuelta-de-Obligado.jpg\" sizes=\"auto, (max-width: 1776px) 100vw, 1776px\" srcset=\"https:\/\/gacetamarinera.com.ar\/wp-content\/uploads\/2018\/11\/Am-0003-d-Combate-de-la-Vuelta-de-Obligado.jpg 1776w, https:\/\/gacetamarinera.com.ar\/wp-content\/uploads\/2018\/11\/Am-0003-d-Combate-de-la-Vuelta-de-Obligado-300x102.jpg 300w, https:\/\/gacetamarinera.com.ar\/wp-content\/uploads\/2018\/11\/Am-0003-d-Combate-de-la-Vuelta-de-Obligado-768x262.jpg 768w, https:\/\/gacetamarinera.com.ar\/wp-content\/uploads\/2018\/11\/Am-0003-d-Combate-de-la-Vuelta-de-Obligado-1024x349.jpg 1024w\" alt=\"\" width=\"1776\" height=\"606\" data-id=\"55186\" data-full-url=\"https:\/\/gacetamarinera.com.ar\/wp-content\/uploads\/2018\/11\/Am-0003-d-Combate-de-la-Vuelta-de-Obligado.jpg\" data-link=\"https:\/\/gacetamarinera.com.ar\/especiales\/173o-anos-del-combate-de-la-vuelta-de-obligado\/am-0003-d-combate-de-la-vuelta-de-obligado\/\" \/><\/a><\/figure>\n<\/li>\n<\/ul>\n<\/figure>\n<p>Los agresores, creyeron queno iban a tener inconvenientes al pasar, finalmente lograron avanzar, dejando un n\u00famero de bajas en las tropas nacionales diez veces mayor. Si bien lograron cortar las cadenas, se encontraron con nuevos ataques en San Lorenzo y Tonelero, que si bien no les generaron da\u00f1os significativos, les obligaron a vivenciar la hostilidad de la defensa nacional.<\/p>\n<p>Tras la derrota en Vuelta de Obligado, la expectativa comercial para Francia y Gran Breta\u00f1a no fue lo que esperaban y regresaron sin cumplir el objetivo mercantil. Los ingleses levantaron el bloqueo en 1847, mientras que los franceses lo hicieron al a\u00f1o siguiente.Los tratados de paz reci\u00e9n se alcanzar\u00edan en 1849 y 1850.<\/p>\n<figure class=\"wp-block-gallery columns-2 is-cropped\">\n<ul class=\"blocks-gallery-grid\">\n<li class=\"blocks-gallery-item\">\n<figure><a title=\"\" href=\"https:\/\/gacetamarinera.com.ar\/wp-content\/uploads\/2018\/11\/Am-0003-c-Combate-de-la-vuelta-de-Obligado.jpg\" data-rel=\"lightbox-gallery-0\" data-rl_title=\"\" data-rl_caption=\"\"><img loading=\"lazy\" decoding=\"async\" class=\"wp-image-55185\" src=\"https:\/\/gacetamarinera.com.ar\/wp-content\/uploads\/2018\/11\/Am-0003-c-Combate-de-la-vuelta-de-Obligado.jpg\" sizes=\"auto, (max-width: 1332px) 100vw, 1332px\" srcset=\"https:\/\/gacetamarinera.com.ar\/wp-content\/uploads\/2018\/11\/Am-0003-c-Combate-de-la-vuelta-de-Obligado.jpg 1332w, https:\/\/gacetamarinera.com.ar\/wp-content\/uploads\/2018\/11\/Am-0003-c-Combate-de-la-vuelta-de-Obligado-300x163.jpg 300w, https:\/\/gacetamarinera.com.ar\/wp-content\/uploads\/2018\/11\/Am-0003-c-Combate-de-la-vuelta-de-Obligado-768x418.jpg 768w, https:\/\/gacetamarinera.com.ar\/wp-content\/uploads\/2018\/11\/Am-0003-c-Combate-de-la-vuelta-de-Obligado-1024x557.jpg 1024w\" alt=\"\" width=\"1332\" height=\"725\" data-id=\"55185\" data-full-url=\"https:\/\/gacetamarinera.com.ar\/wp-content\/uploads\/2018\/11\/Am-0003-c-Combate-de-la-vuelta-de-Obligado.jpg\" data-link=\"https:\/\/gacetamarinera.com.ar\/especiales\/173o-anos-del-combate-de-la-vuelta-de-obligado\/am-0003-c-combate-de-la-vuelta-de-obligado\/\" \/><\/a><\/figure>\n<\/li>\n<li class=\"blocks-gallery-item\">\n<figure><a title=\"\" href=\"https:\/\/gacetamarinera.com.ar\/wp-content\/uploads\/2018\/11\/Am-0003-e-Combate-de-la-vuelta-de-Obligado.jpg\" data-rel=\"lightbox-gallery-0\" data-rl_title=\"\" data-rl_caption=\"\"><img loading=\"lazy\" decoding=\"async\" class=\"wp-image-55187\" src=\"https:\/\/gacetamarinera.com.ar\/wp-content\/uploads\/2018\/11\/Am-0003-e-Combate-de-la-vuelta-de-Obligado.jpg\" sizes=\"auto, (max-width: 1262px) 100vw, 1262px\" srcset=\"https:\/\/gacetamarinera.com.ar\/wp-content\/uploads\/2018\/11\/Am-0003-e-Combate-de-la-vuelta-de-Obligado.jpg 1262w, https:\/\/gacetamarinera.com.ar\/wp-content\/uploads\/2018\/11\/Am-0003-e-Combate-de-la-vuelta-de-Obligado-300x195.jpg 300w, https:\/\/gacetamarinera.com.ar\/wp-content\/uploads\/2018\/11\/Am-0003-e-Combate-de-la-vuelta-de-Obligado-768x499.jpg 768w, https:\/\/gacetamarinera.com.ar\/wp-content\/uploads\/2018\/11\/Am-0003-e-Combate-de-la-vuelta-de-Obligado-1024x665.jpg 1024w\" alt=\"\" width=\"1262\" height=\"820\" data-id=\"55187\" data-full-url=\"https:\/\/gacetamarinera.com.ar\/wp-content\/uploads\/2018\/11\/Am-0003-e-Combate-de-la-vuelta-de-Obligado.jpg\" data-link=\"https:\/\/gacetamarinera.com.ar\/especiales\/173o-anos-del-combate-de-la-vuelta-de-obligado\/am-0003-e-combate-de-la-vuelta-de-obligado\/\" \/><\/a><\/figure>\n<\/li>\n<\/ul>\n<\/figure>\n<p>Ese d\u00eda, soldados argentinos repelieron la invasi\u00f3n del ej\u00e9rcito anglo-franc\u00e9s, que pretend\u00eda colonizar los territorios de nuestro pa\u00eds. Pero el Gobierno de Juan Manuel de Rosas, respaldado desde el exilio por el general Jos\u00e9 de San Mart\u00edn, prepar\u00f3 una resistencia y lo impidi\u00f3.<\/p>\n<p>El n\u00famero de fuerzas enemigas superaba ampliamente en cantidad y modernidad de su armamento a las argentinas, que sin embargo no se amedrentaron y pelearon durante siete horas. De este modo, lograron que las tropas adversarias no pudieran ocupar las costas, objetivo necesario para poder adentrarse en el territorio argentino.<\/p>\n<p>La resistencia a la invasi\u00f3n extranjera logr\u00f3 la defensa del pa\u00eds en t\u00e9rminos de fronteras y comerciales. El acontecimiento sirvi\u00f3 para ratificar y garantizar la soberan\u00eda nacional, implic\u00f3 la firma de un tratado de paz entre Argentina, Francia y Gran Breta\u00f1a, y qued\u00f3 grabado en la historia como un s\u00edmbolo de independencia, libertad y unidad nacional.<\/p>\n<p class=\"has-medium-font-size\"><b><strong>D\u00eda de la Soberan\u00eda Nacional<\/strong><\/b><\/p>\n<p>En 1974, los restos mortales de Juan Manuel de Rosas fueron repatriados, por lo que el historiador Jos\u00e9 Mar\u00eda Rosa propuso al Congreso de la Naci\u00f3n Argentina sancionar el d\u00eda nacional en su conmemoraci\u00f3n. As\u00ed se instaur\u00f3 por medio de la sanci\u00f3n de la Ley N\u00ba 20.770, el 20 de noviembre como D\u00eda de la Soberan\u00eda Nacional, en conmemoraci\u00f3n de la Batalla de la Vuelta de Obligado.<\/p>\n<figure class=\"wp-block-gallery columns-1 is-cropped\">\n<ul class=\"blocks-gallery-grid\">\n<li class=\"blocks-gallery-item\">\n<figure><a title=\"\" href=\"https:\/\/gacetamarinera.com.ar\/wp-content\/uploads\/2018\/11\/Am-0003-g-Combate-de-la-vuelta-de-Obligado.jpg\" data-rel=\"lightbox-gallery-0\" data-rl_title=\"\" data-rl_caption=\"\"><img loading=\"lazy\" decoding=\"async\" class=\"wp-image-55189\" src=\"https:\/\/gacetamarinera.com.ar\/wp-content\/uploads\/2018\/11\/Am-0003-g-Combate-de-la-vuelta-de-Obligado.jpg\" sizes=\"auto, (max-width: 850px) 100vw, 850px\" srcset=\"https:\/\/gacetamarinera.com.ar\/wp-content\/uploads\/2018\/11\/Am-0003-g-Combate-de-la-vuelta-de-Obligado.jpg 850w, https:\/\/gacetamarinera.com.ar\/wp-content\/uploads\/2018\/11\/Am-0003-g-Combate-de-la-vuelta-de-Obligado-300x169.jpg 300w, https:\/\/gacetamarinera.com.ar\/wp-content\/uploads\/2018\/11\/Am-0003-g-Combate-de-la-vuelta-de-Obligado-768x434.jpg 768w\" alt=\"\" width=\"850\" height=\"480\" data-id=\"55189\" data-full-url=\"https:\/\/gacetamarinera.com.ar\/wp-content\/uploads\/2018\/11\/Am-0003-g-Combate-de-la-vuelta-de-Obligado.jpg\" data-link=\"https:\/\/gacetamarinera.com.ar\/am-0003-g-combate-de-la-vuelta-de-obligado\/\" \/><\/a><\/figure>\n<\/li>\n<\/ul>\n<\/figure>\n<p>En noviembre de 2010, a\u00f1o del Bicentenario de Argentina, la fecha fue promovida a feriado nacional mediante un Decreto promulgado por la entonces Presidente, doctora Cristina Fern\u00e1ndez de Kirchner.<\/p>\n<p>Por las condiciones en que se dio ese enfrentamiento, por la valent\u00eda de los argentinos que participaron en \u00e9l y por sus consecuencias, es reconocida como modelo y ejemplo de sacrificio en pos de la soberan\u00eda de la Naci\u00f3n.<\/p>\n<p><span style=\"color: #0000ff;\"><strong>Fuente Gaceta Marinera<\/strong><\/span><\/p>\n","protected":false},"excerpt":{"rendered":"<p>Hoy, 20 de noviembre, se cumplen 175 a\u00f1os de la Batalla de la Vuelta de Obligado, una de las acciones defensivas m\u00e1s importantes de la historia nacional. El combate tuvo un resultado negativo para las fuerza argentinas, sin embargo, producto del hero\u00edsmo con que se defendi\u00f3 el territorio, este d\u00eda fue declarado como el D\u00eda [&hellip;]<\/p>\n","protected":false},"author":3,"featured_media":0,"comment_status":"closed","ping_status":"open","sticky":false,"template":"","format":"standard","meta":{"footnotes":""},"categories":[34,26],"tags":[],"class_list":["post-49466","post","type-post","status-publish","format-standard","hentry","category-educacion","category-sociedad"],"yoast_head":"<!-- This site is optimized with the Yoast SEO plugin v25.9 - https:\/\/yoast.com\/wordpress\/plugins\/seo\/ -->\n<title>175\u00ba a\u00f1os del Combate de la Vuelta de Obligado - Noticias Radio Reflejos<\/title>\n<meta name=\"robots\" content=\"index, follow, max-snippet:-1, max-image-preview:large, max-video-preview:-1\" \/>\n<link rel=\"canonical\" href=\"https:\/\/www.noticiasradioreflejos.com.ar\/2021\/175o-anos-del-combate-de-la-vuelta-de-obligado\/\" \/>\n<meta property=\"og:locale\" content=\"es_ES\" \/>\n<meta property=\"og:type\" content=\"article\" \/>\n<meta property=\"og:title\" content=\"175\u00ba a\u00f1os del Combate de la Vuelta de Obligado - Noticias Radio Reflejos\" \/>\n<meta property=\"og:description\" content=\"Hoy, 20 de noviembre, se cumplen 175 a\u00f1os de la Batalla de la Vuelta de Obligado, una de las acciones defensivas m\u00e1s importantes de la historia nacional. El combate tuvo un resultado negativo para las fuerza argentinas, sin embargo, producto del hero\u00edsmo con que se defendi\u00f3 el territorio, este d\u00eda fue declarado como el D\u00eda [&hellip;]\" \/>\n<meta property=\"og:url\" content=\"https:\/\/www.noticiasradioreflejos.com.ar\/2021\/175o-anos-del-combate-de-la-vuelta-de-obligado\/\" \/>\n<meta property=\"og:site_name\" content=\"Noticias Radio Reflejos\" \/>\n<meta property=\"article:published_time\" content=\"2020-11-20T15:25:39+00:00\" \/>\n<meta property=\"og:image\" content=\"https:\/\/www.noticiasradioreflejos.com.ar\/2021\/wp-content\/uploads\/2021\/07\/logosol300x200.png\" \/>\n\t<meta property=\"og:image:width\" content=\"300\" \/>\n\t<meta property=\"og:image:height\" content=\"200\" \/>\n\t<meta property=\"og:image:type\" content=\"image\/png\" \/>\n<meta name=\"author\" content=\"Arnaldo Botto\" \/>\n<meta name=\"twitter:card\" content=\"summary_large_image\" \/>\n<script type=\"application\/ld+json\" class=\"yoast-schema-graph\">{\"@context\":\"https:\/\/schema.org\",\"@graph\":[{\"@type\":\"WebPage\",\"@id\":\"https:\/\/www.noticiasradioreflejos.com.ar\/2021\/175o-anos-del-combate-de-la-vuelta-de-obligado\/\",\"url\":\"https:\/\/www.noticiasradioreflejos.com.ar\/2021\/175o-anos-del-combate-de-la-vuelta-de-obligado\/\",\"name\":\"175\u00ba a\u00f1os del Combate de la Vuelta de Obligado - Noticias Radio Reflejos\",\"isPartOf\":{\"@id\":\"https:\/\/www.noticiasradioreflejos.com.ar\/2021\/#website\"},\"primaryImageOfPage\":{\"@id\":\"https:\/\/www.noticiasradioreflejos.com.ar\/2021\/175o-anos-del-combate-de-la-vuelta-de-obligado\/#primaryimage\"},\"image\":{\"@id\":\"https:\/\/www.noticiasradioreflejos.com.ar\/2021\/175o-anos-del-combate-de-la-vuelta-de-obligado\/#primaryimage\"},\"thumbnailUrl\":\"https:\/\/gacetamarinera.com.ar\/wp-content\/uploads\/2018\/11\/Am-0003-a-Combate-de-la-vuelta-de-Obligado.jpg\",\"datePublished\":\"2020-11-20T15:25:39+00:00\",\"author\":{\"@id\":\"https:\/\/www.noticiasradioreflejos.com.ar\/2021\/#\/schema\/person\/ad82545263dcc5ec0996818884fd5fb1\"},\"breadcrumb\":{\"@id\":\"https:\/\/www.noticiasradioreflejos.com.ar\/2021\/175o-anos-del-combate-de-la-vuelta-de-obligado\/#breadcrumb\"},\"inLanguage\":\"es\",\"potentialAction\":[{\"@type\":\"ReadAction\",\"target\":[\"https:\/\/www.noticiasradioreflejos.com.ar\/2021\/175o-anos-del-combate-de-la-vuelta-de-obligado\/\"]}]},{\"@type\":\"ImageObject\",\"inLanguage\":\"es\",\"@id\":\"https:\/\/www.noticiasradioreflejos.com.ar\/2021\/175o-anos-del-combate-de-la-vuelta-de-obligado\/#primaryimage\",\"url\":\"https:\/\/gacetamarinera.com.ar\/wp-content\/uploads\/2018\/11\/Am-0003-a-Combate-de-la-vuelta-de-Obligado.jpg\",\"contentUrl\":\"https:\/\/gacetamarinera.com.ar\/wp-content\/uploads\/2018\/11\/Am-0003-a-Combate-de-la-vuelta-de-Obligado.jpg\"},{\"@type\":\"BreadcrumbList\",\"@id\":\"https:\/\/www.noticiasradioreflejos.com.ar\/2021\/175o-anos-del-combate-de-la-vuelta-de-obligado\/#breadcrumb\",\"itemListElement\":[{\"@type\":\"ListItem\",\"position\":1,\"name\":\"Portada\",\"item\":\"https:\/\/www.noticiasradioreflejos.com.ar\/2021\/\"},{\"@type\":\"ListItem\",\"position\":2,\"name\":\"175\u00ba a\u00f1os del Combate de la Vuelta de Obligado\"}]},{\"@type\":\"WebSite\",\"@id\":\"https:\/\/www.noticiasradioreflejos.com.ar\/2021\/#website\",\"url\":\"https:\/\/www.noticiasradioreflejos.com.ar\/2021\/\",\"name\":\"Noticias Radio Reflejos\",\"description\":\"Las noticias de mi comarca\",\"potentialAction\":[{\"@type\":\"SearchAction\",\"target\":{\"@type\":\"EntryPoint\",\"urlTemplate\":\"https:\/\/www.noticiasradioreflejos.com.ar\/2021\/?s={search_term_string}\"},\"query-input\":{\"@type\":\"PropertyValueSpecification\",\"valueRequired\":true,\"valueName\":\"search_term_string\"}}],\"inLanguage\":\"es\"},{\"@type\":\"Person\",\"@id\":\"https:\/\/www.noticiasradioreflejos.com.ar\/2021\/#\/schema\/person\/ad82545263dcc5ec0996818884fd5fb1\",\"name\":\"Arnaldo Botto\",\"image\":{\"@type\":\"ImageObject\",\"inLanguage\":\"es\",\"@id\":\"https:\/\/www.noticiasradioreflejos.com.ar\/2021\/#\/schema\/person\/image\/\",\"url\":\"https:\/\/secure.gravatar.com\/avatar\/55cb5e37c1efa326397366e6974cb338056df65cb50e7d64d1cf314e87504837?s=96&d=mm&r=g\",\"contentUrl\":\"https:\/\/secure.gravatar.com\/avatar\/55cb5e37c1efa326397366e6974cb338056df65cb50e7d64d1cf314e87504837?s=96&d=mm&r=g\",\"caption\":\"Arnaldo Botto\"},\"url\":\"https:\/\/www.noticiasradioreflejos.com.ar\/2021\/author\/arnaldo\/\"}]}<\/script>\n<!-- \/ Yoast SEO plugin. -->","yoast_head_json":{"title":"175\u00ba a\u00f1os del Combate de la Vuelta de Obligado - Noticias Radio Reflejos","robots":{"index":"index","follow":"follow","max-snippet":"max-snippet:-1","max-image-preview":"max-image-preview:large","max-video-preview":"max-video-preview:-1"},"canonical":"https:\/\/www.noticiasradioreflejos.com.ar\/2021\/175o-anos-del-combate-de-la-vuelta-de-obligado\/","og_locale":"es_ES","og_type":"article","og_title":"175\u00ba a\u00f1os del Combate de la Vuelta de Obligado - Noticias Radio Reflejos","og_description":"Hoy, 20 de noviembre, se cumplen 175 a\u00f1os de la Batalla de la Vuelta de Obligado, una de las acciones defensivas m\u00e1s importantes de la historia nacional. El combate tuvo un resultado negativo para las fuerza argentinas, sin embargo, producto del hero\u00edsmo con que se defendi\u00f3 el territorio, este d\u00eda fue declarado como el D\u00eda [&hellip;]","og_url":"https:\/\/www.noticiasradioreflejos.com.ar\/2021\/175o-anos-del-combate-de-la-vuelta-de-obligado\/","og_site_name":"Noticias Radio Reflejos","article_published_time":"2020-11-20T15:25:39+00:00","og_image":[{"width":300,"height":200,"url":"https:\/\/www.noticiasradioreflejos.com.ar\/2021\/wp-content\/uploads\/2021\/07\/logosol300x200.png","type":"image\/png"}],"author":"Arnaldo Botto","twitter_card":"summary_large_image","schema":{"@context":"https:\/\/schema.org","@graph":[{"@type":"WebPage","@id":"https:\/\/www.noticiasradioreflejos.com.ar\/2021\/175o-anos-del-combate-de-la-vuelta-de-obligado\/","url":"https:\/\/www.noticiasradioreflejos.com.ar\/2021\/175o-anos-del-combate-de-la-vuelta-de-obligado\/","name":"175\u00ba a\u00f1os del Combate de la Vuelta de Obligado - Noticias Radio Reflejos","isPartOf":{"@id":"https:\/\/www.noticiasradioreflejos.com.ar\/2021\/#website"},"primaryImageOfPage":{"@id":"https:\/\/www.noticiasradioreflejos.com.ar\/2021\/175o-anos-del-combate-de-la-vuelta-de-obligado\/#primaryimage"},"image":{"@id":"https:\/\/www.noticiasradioreflejos.com.ar\/2021\/175o-anos-del-combate-de-la-vuelta-de-obligado\/#primaryimage"},"thumbnailUrl":"https:\/\/gacetamarinera.com.ar\/wp-content\/uploads\/2018\/11\/Am-0003-a-Combate-de-la-vuelta-de-Obligado.jpg","datePublished":"2020-11-20T15:25:39+00:00","author":{"@id":"https:\/\/www.noticiasradioreflejos.com.ar\/2021\/#\/schema\/person\/ad82545263dcc5ec0996818884fd5fb1"},"breadcrumb":{"@id":"https:\/\/www.noticiasradioreflejos.com.ar\/2021\/175o-anos-del-combate-de-la-vuelta-de-obligado\/#breadcrumb"},"inLanguage":"es","potentialAction":[{"@type":"ReadAction","target":["https:\/\/www.noticiasradioreflejos.com.ar\/2021\/175o-anos-del-combate-de-la-vuelta-de-obligado\/"]}]},{"@type":"ImageObject","inLanguage":"es","@id":"https:\/\/www.noticiasradioreflejos.com.ar\/2021\/175o-anos-del-combate-de-la-vuelta-de-obligado\/#primaryimage","url":"https:\/\/gacetamarinera.com.ar\/wp-content\/uploads\/2018\/11\/Am-0003-a-Combate-de-la-vuelta-de-Obligado.jpg","contentUrl":"https:\/\/gacetamarinera.com.ar\/wp-content\/uploads\/2018\/11\/Am-0003-a-Combate-de-la-vuelta-de-Obligado.jpg"},{"@type":"BreadcrumbList","@id":"https:\/\/www.noticiasradioreflejos.com.ar\/2021\/175o-anos-del-combate-de-la-vuelta-de-obligado\/#breadcrumb","itemListElement":[{"@type":"ListItem","position":1,"name":"Portada","item":"https:\/\/www.noticiasradioreflejos.com.ar\/2021\/"},{"@type":"ListItem","position":2,"name":"175\u00ba a\u00f1os del Combate de la Vuelta de Obligado"}]},{"@type":"WebSite","@id":"https:\/\/www.noticiasradioreflejos.com.ar\/2021\/#website","url":"https:\/\/www.noticiasradioreflejos.com.ar\/2021\/","name":"Noticias Radio Reflejos","description":"Las noticias de mi comarca","potentialAction":[{"@type":"SearchAction","target":{"@type":"EntryPoint","urlTemplate":"https:\/\/www.noticiasradioreflejos.com.ar\/2021\/?s={search_term_string}"},"query-input":{"@type":"PropertyValueSpecification","valueRequired":true,"valueName":"search_term_string"}}],"inLanguage":"es"},{"@type":"Person","@id":"https:\/\/www.noticiasradioreflejos.com.ar\/2021\/#\/schema\/person\/ad82545263dcc5ec0996818884fd5fb1","name":"Arnaldo Botto","image":{"@type":"ImageObject","inLanguage":"es","@id":"https:\/\/www.noticiasradioreflejos.com.ar\/2021\/#\/schema\/person\/image\/","url":"https:\/\/secure.gravatar.com\/avatar\/55cb5e37c1efa326397366e6974cb338056df65cb50e7d64d1cf314e87504837?s=96&d=mm&r=g","contentUrl":"https:\/\/secure.gravatar.com\/avatar\/55cb5e37c1efa326397366e6974cb338056df65cb50e7d64d1cf314e87504837?s=96&d=mm&r=g","caption":"Arnaldo Botto"},"url":"https:\/\/www.noticiasradioreflejos.com.ar\/2021\/author\/arnaldo\/"}]}},"_links":{"self":[{"href":"https:\/\/www.noticiasradioreflejos.com.ar\/2021\/wp-json\/wp\/v2\/posts\/49466","targetHints":{"allow":["GET"]}}],"collection":[{"href":"https:\/\/www.noticiasradioreflejos.com.ar\/2021\/wp-json\/wp\/v2\/posts"}],"about":[{"href":"https:\/\/www.noticiasradioreflejos.com.ar\/2021\/wp-json\/wp\/v2\/types\/post"}],"author":[{"embeddable":true,"href":"https:\/\/www.noticiasradioreflejos.com.ar\/2021\/wp-json\/wp\/v2\/users\/3"}],"replies":[{"embeddable":true,"href":"https:\/\/www.noticiasradioreflejos.com.ar\/2021\/wp-json\/wp\/v2\/comments?post=49466"}],"version-history":[{"count":0,"href":"https:\/\/www.noticiasradioreflejos.com.ar\/2021\/wp-json\/wp\/v2\/posts\/49466\/revisions"}],"wp:attachment":[{"href":"https:\/\/www.noticiasradioreflejos.com.ar\/2021\/wp-json\/wp\/v2\/media?parent=49466"}],"wp:term":[{"taxonomy":"category","embeddable":true,"href":"https:\/\/www.noticiasradioreflejos.com.ar\/2021\/wp-json\/wp\/v2\/categories?post=49466"},{"taxonomy":"post_tag","embeddable":true,"href":"https:\/\/www.noticiasradioreflejos.com.ar\/2021\/wp-json\/wp\/v2\/tags?post=49466"}],"curies":[{"name":"wp","href":"https:\/\/api.w.org\/{rel}","templated":true}]}}