{"id":49439,"date":"2020-11-19T12:46:04","date_gmt":"2020-11-19T15:46:04","guid":{"rendered":"http:\/\/www.noticiasradioreflejos.com.ar\/noticias\/?p=49439"},"modified":"2020-11-19T12:46:04","modified_gmt":"2020-11-19T15:46:04","slug":"licencias-de-conducir-vuelven-a-habilitarse-los-turnos-web","status":"publish","type":"post","link":"https:\/\/www.noticiasradioreflejos.com.ar\/2021\/licencias-de-conducir-vuelven-a-habilitarse-los-turnos-web\/","title":{"rendered":"Licencias de conducir: Vuelven a habilitarse los turnos web"},"content":{"rendered":"<p>Tornquist Municipio informa que a partir del martes 24 de noviembre, quedar\u00e1n habilitados nuevamente los turnos web para la solicitud de obtenci\u00f3n y renovaci\u00f3n de las licencias de conducir.<!--more--><\/p>\n<p>Los turnos se requieren en el sitio oficial del municipio, ingresando a <a href=\"http:\/\/tornquist.gob.ar\/turnos-para-licencia-de-conducir\/\" target=\"_blank\" rel=\"noopener\">http:\/\/tornquist.gob.ar\/turnos-para-licencia-de-conducir\/ <\/a><br \/>\nLa atenci\u00f3n se realiza en la Direcci\u00f3n de Tr\u00e1nsito, ubicada en Valent\u00edn Vergara N\u00ba 28 de Tornquist, de lunes a viernes de 7 a 14 hs; mientras que la revisaci\u00f3n m\u00e9dica tiene lugar en el consultorio del Dr. Mauricio Dos Santos (Espa\u00f1a 56), los d\u00edas antes mencionados de 8 a 12 hs.<br \/>\nVale recalcar que se mantiene suspendida la renovaci\u00f3n para personas de 70 a\u00f1os en adelante y que, mediante la Disposici\u00f3n provincial 24\/20, se prorrog\u00f3 por 365 d\u00edas corridos el vencimiento de aquellas licencias cuya fecha de caducidad est\u00e9 comprendida entre el 15 de febrero y el 31 de diciembre de 2020.<\/p>\n","protected":false},"excerpt":{"rendered":"<p>Tornquist Municipio informa que a partir del martes 24 de noviembre, quedar\u00e1n habilitados nuevamente los turnos web para la solicitud de obtenci\u00f3n y renovaci\u00f3n de las licencias de conducir.<\/p>\n","protected":false},"author":3,"featured_media":37510,"comment_status":"closed","ping_status":"open","sticky":false,"template":"","format":"standard","meta":{"footnotes":""},"categories":[28],"tags":[],"class_list":["post-49439","post","type-post","status-publish","format-standard","has-post-thumbnail","hentry","category-municipales"],"yoast_head":"<!-- This site is optimized with the Yoast SEO plugin v25.9 - https:\/\/yoast.com\/wordpress\/plugins\/seo\/ -->\n<title>Licencias de conducir: Vuelven a habilitarse los turnos web - Noticias Radio Reflejos<\/title>\n<meta name=\"robots\" content=\"index, follow, max-snippet:-1, max-image-preview:large, max-video-preview:-1\" \/>\n<link rel=\"canonical\" href=\"https:\/\/www.noticiasradioreflejos.com.ar\/2021\/licencias-de-conducir-vuelven-a-habilitarse-los-turnos-web\/\" \/>\n<meta property=\"og:locale\" content=\"es_ES\" \/>\n<meta property=\"og:type\" content=\"article\" \/>\n<meta property=\"og:title\" content=\"Licencias de conducir: Vuelven a habilitarse los turnos web - Noticias Radio Reflejos\" \/>\n<meta property=\"og:description\" content=\"Tornquist Municipio informa que a partir del martes 24 de noviembre, quedar\u00e1n habilitados nuevamente los turnos web para la solicitud de obtenci\u00f3n y renovaci\u00f3n de las licencias de conducir.\" \/>\n<meta property=\"og:url\" content=\"https:\/\/www.noticiasradioreflejos.com.ar\/2021\/licencias-de-conducir-vuelven-a-habilitarse-los-turnos-web\/\" \/>\n<meta property=\"og:site_name\" content=\"Noticias Radio Reflejos\" \/>\n<meta property=\"article:published_time\" content=\"2020-11-19T15:46:04+00:00\" \/>\n<meta property=\"og:image\" content=\"https:\/\/www.noticiasradioreflejos.com.ar\/2021\/wp-content\/uploads\/2021\/07\/logosol300x200.png\" \/>\n\t<meta property=\"og:image:width\" content=\"300\" \/>\n\t<meta property=\"og:image:height\" content=\"200\" \/>\n\t<meta property=\"og:image:type\" content=\"image\/png\" \/>\n<meta name=\"author\" content=\"Arnaldo Botto\" \/>\n<meta name=\"twitter:card\" content=\"summary_large_image\" \/>\n<script type=\"application\/ld+json\" class=\"yoast-schema-graph\">{\"@context\":\"https:\/\/schema.org\",\"@graph\":[{\"@type\":\"WebPage\",\"@id\":\"https:\/\/www.noticiasradioreflejos.com.ar\/2021\/licencias-de-conducir-vuelven-a-habilitarse-los-turnos-web\/\",\"url\":\"https:\/\/www.noticiasradioreflejos.com.ar\/2021\/licencias-de-conducir-vuelven-a-habilitarse-los-turnos-web\/\",\"name\":\"Licencias de conducir: Vuelven a habilitarse los turnos web - Noticias Radio Reflejos\",\"isPartOf\":{\"@id\":\"https:\/\/www.noticiasradioreflejos.com.ar\/2021\/#website\"},\"primaryImageOfPage\":{\"@id\":\"https:\/\/www.noticiasradioreflejos.com.ar\/2021\/licencias-de-conducir-vuelven-a-habilitarse-los-turnos-web\/#primaryimage\"},\"image\":{\"@id\":\"https:\/\/www.noticiasradioreflejos.com.ar\/2021\/licencias-de-conducir-vuelven-a-habilitarse-los-turnos-web\/#primaryimage\"},\"thumbnailUrl\":\"\",\"datePublished\":\"2020-11-19T15:46:04+00:00\",\"author\":{\"@id\":\"https:\/\/www.noticiasradioreflejos.com.ar\/2021\/#\/schema\/person\/ad82545263dcc5ec0996818884fd5fb1\"},\"breadcrumb\":{\"@id\":\"https:\/\/www.noticiasradioreflejos.com.ar\/2021\/licencias-de-conducir-vuelven-a-habilitarse-los-turnos-web\/#breadcrumb\"},\"inLanguage\":\"es\",\"potentialAction\":[{\"@type\":\"ReadAction\",\"target\":[\"https:\/\/www.noticiasradioreflejos.com.ar\/2021\/licencias-de-conducir-vuelven-a-habilitarse-los-turnos-web\/\"]}]},{\"@type\":\"ImageObject\",\"inLanguage\":\"es\",\"@id\":\"https:\/\/www.noticiasradioreflejos.com.ar\/2021\/licencias-de-conducir-vuelven-a-habilitarse-los-turnos-web\/#primaryimage\",\"url\":\"\",\"contentUrl\":\"\"},{\"@type\":\"BreadcrumbList\",\"@id\":\"https:\/\/www.noticiasradioreflejos.com.ar\/2021\/licencias-de-conducir-vuelven-a-habilitarse-los-turnos-web\/#breadcrumb\",\"itemListElement\":[{\"@type\":\"ListItem\",\"position\":1,\"name\":\"Portada\",\"item\":\"https:\/\/www.noticiasradioreflejos.com.ar\/2021\/\"},{\"@type\":\"ListItem\",\"position\":2,\"name\":\"Licencias de conducir: Vuelven a habilitarse los turnos web\"}]},{\"@type\":\"WebSite\",\"@id\":\"https:\/\/www.noticiasradioreflejos.com.ar\/2021\/#website\",\"url\":\"https:\/\/www.noticiasradioreflejos.com.ar\/2021\/\",\"name\":\"Noticias Radio Reflejos\",\"description\":\"Las noticias de mi comarca\",\"potentialAction\":[{\"@type\":\"SearchAction\",\"target\":{\"@type\":\"EntryPoint\",\"urlTemplate\":\"https:\/\/www.noticiasradioreflejos.com.ar\/2021\/?s={search_term_string}\"},\"query-input\":{\"@type\":\"PropertyValueSpecification\",\"valueRequired\":true,\"valueName\":\"search_term_string\"}}],\"inLanguage\":\"es\"},{\"@type\":\"Person\",\"@id\":\"https:\/\/www.noticiasradioreflejos.com.ar\/2021\/#\/schema\/person\/ad82545263dcc5ec0996818884fd5fb1\",\"name\":\"Arnaldo Botto\",\"image\":{\"@type\":\"ImageObject\",\"inLanguage\":\"es\",\"@id\":\"https:\/\/www.noticiasradioreflejos.com.ar\/2021\/#\/schema\/person\/image\/\",\"url\":\"https:\/\/secure.gravatar.com\/avatar\/55cb5e37c1efa326397366e6974cb338056df65cb50e7d64d1cf314e87504837?s=96&d=mm&r=g\",\"contentUrl\":\"https:\/\/secure.gravatar.com\/avatar\/55cb5e37c1efa326397366e6974cb338056df65cb50e7d64d1cf314e87504837?s=96&d=mm&r=g\",\"caption\":\"Arnaldo Botto\"},\"url\":\"https:\/\/www.noticiasradioreflejos.com.ar\/2021\/author\/arnaldo\/\"}]}<\/script>\n<!-- \/ Yoast SEO plugin. -->","yoast_head_json":{"title":"Licencias de conducir: Vuelven a habilitarse los turnos web - Noticias Radio Reflejos","robots":{"index":"index","follow":"follow","max-snippet":"max-snippet:-1","max-image-preview":"max-image-preview:large","max-video-preview":"max-video-preview:-1"},"canonical":"https:\/\/www.noticiasradioreflejos.com.ar\/2021\/licencias-de-conducir-vuelven-a-habilitarse-los-turnos-web\/","og_locale":"es_ES","og_type":"article","og_title":"Licencias de conducir: Vuelven a habilitarse los turnos web - Noticias Radio Reflejos","og_description":"Tornquist Municipio informa que a partir del martes 24 de noviembre, quedar\u00e1n habilitados nuevamente los turnos web para la solicitud de obtenci\u00f3n y renovaci\u00f3n de las licencias de conducir.","og_url":"https:\/\/www.noticiasradioreflejos.com.ar\/2021\/licencias-de-conducir-vuelven-a-habilitarse-los-turnos-web\/","og_site_name":"Noticias Radio Reflejos","article_published_time":"2020-11-19T15:46:04+00:00","og_image":[{"width":300,"height":200,"url":"https:\/\/www.noticiasradioreflejos.com.ar\/2021\/wp-content\/uploads\/2021\/07\/logosol300x200.png","type":"image\/png"}],"author":"Arnaldo Botto","twitter_card":"summary_large_image","schema":{"@context":"https:\/\/schema.org","@graph":[{"@type":"WebPage","@id":"https:\/\/www.noticiasradioreflejos.com.ar\/2021\/licencias-de-conducir-vuelven-a-habilitarse-los-turnos-web\/","url":"https:\/\/www.noticiasradioreflejos.com.ar\/2021\/licencias-de-conducir-vuelven-a-habilitarse-los-turnos-web\/","name":"Licencias de conducir: Vuelven a habilitarse los turnos web - Noticias Radio Reflejos","isPartOf":{"@id":"https:\/\/www.noticiasradioreflejos.com.ar\/2021\/#website"},"primaryImageOfPage":{"@id":"https:\/\/www.noticiasradioreflejos.com.ar\/2021\/licencias-de-conducir-vuelven-a-habilitarse-los-turnos-web\/#primaryimage"},"image":{"@id":"https:\/\/www.noticiasradioreflejos.com.ar\/2021\/licencias-de-conducir-vuelven-a-habilitarse-los-turnos-web\/#primaryimage"},"thumbnailUrl":"","datePublished":"2020-11-19T15:46:04+00:00","author":{"@id":"https:\/\/www.noticiasradioreflejos.com.ar\/2021\/#\/schema\/person\/ad82545263dcc5ec0996818884fd5fb1"},"breadcrumb":{"@id":"https:\/\/www.noticiasradioreflejos.com.ar\/2021\/licencias-de-conducir-vuelven-a-habilitarse-los-turnos-web\/#breadcrumb"},"inLanguage":"es","potentialAction":[{"@type":"ReadAction","target":["https:\/\/www.noticiasradioreflejos.com.ar\/2021\/licencias-de-conducir-vuelven-a-habilitarse-los-turnos-web\/"]}]},{"@type":"ImageObject","inLanguage":"es","@id":"https:\/\/www.noticiasradioreflejos.com.ar\/2021\/licencias-de-conducir-vuelven-a-habilitarse-los-turnos-web\/#primaryimage","url":"","contentUrl":""},{"@type":"BreadcrumbList","@id":"https:\/\/www.noticiasradioreflejos.com.ar\/2021\/licencias-de-conducir-vuelven-a-habilitarse-los-turnos-web\/#breadcrumb","itemListElement":[{"@type":"ListItem","position":1,"name":"Portada","item":"https:\/\/www.noticiasradioreflejos.com.ar\/2021\/"},{"@type":"ListItem","position":2,"name":"Licencias de conducir: Vuelven a habilitarse los turnos web"}]},{"@type":"WebSite","@id":"https:\/\/www.noticiasradioreflejos.com.ar\/2021\/#website","url":"https:\/\/www.noticiasradioreflejos.com.ar\/2021\/","name":"Noticias Radio Reflejos","description":"Las noticias de mi comarca","potentialAction":[{"@type":"SearchAction","target":{"@type":"EntryPoint","urlTemplate":"https:\/\/www.noticiasradioreflejos.com.ar\/2021\/?s={search_term_string}"},"query-input":{"@type":"PropertyValueSpecification","valueRequired":true,"valueName":"search_term_string"}}],"inLanguage":"es"},{"@type":"Person","@id":"https:\/\/www.noticiasradioreflejos.com.ar\/2021\/#\/schema\/person\/ad82545263dcc5ec0996818884fd5fb1","name":"Arnaldo Botto","image":{"@type":"ImageObject","inLanguage":"es","@id":"https:\/\/www.noticiasradioreflejos.com.ar\/2021\/#\/schema\/person\/image\/","url":"https:\/\/secure.gravatar.com\/avatar\/55cb5e37c1efa326397366e6974cb338056df65cb50e7d64d1cf314e87504837?s=96&d=mm&r=g","contentUrl":"https:\/\/secure.gravatar.com\/avatar\/55cb5e37c1efa326397366e6974cb338056df65cb50e7d64d1cf314e87504837?s=96&d=mm&r=g","caption":"Arnaldo Botto"},"url":"https:\/\/www.noticiasradioreflejos.com.ar\/2021\/author\/arnaldo\/"}]}},"_links":{"self":[{"href":"https:\/\/www.noticiasradioreflejos.com.ar\/2021\/wp-json\/wp\/v2\/posts\/49439","targetHints":{"allow":["GET"]}}],"collection":[{"href":"https:\/\/www.noticiasradioreflejos.com.ar\/2021\/wp-json\/wp\/v2\/posts"}],"about":[{"href":"https:\/\/www.noticiasradioreflejos.com.ar\/2021\/wp-json\/wp\/v2\/types\/post"}],"author":[{"embeddable":true,"href":"https:\/\/www.noticiasradioreflejos.com.ar\/2021\/wp-json\/wp\/v2\/users\/3"}],"replies":[{"embeddable":true,"href":"https:\/\/www.noticiasradioreflejos.com.ar\/2021\/wp-json\/wp\/v2\/comments?post=49439"}],"version-history":[{"count":0,"href":"https:\/\/www.noticiasradioreflejos.com.ar\/2021\/wp-json\/wp\/v2\/posts\/49439\/revisions"}],"wp:featuredmedia":[{"embeddable":true,"href":"https:\/\/www.noticiasradioreflejos.com.ar\/2021\/wp-json\/"}],"wp:attachment":[{"href":"https:\/\/www.noticiasradioreflejos.com.ar\/2021\/wp-json\/wp\/v2\/media?parent=49439"}],"wp:term":[{"taxonomy":"category","embeddable":true,"href":"https:\/\/www.noticiasradioreflejos.com.ar\/2021\/wp-json\/wp\/v2\/categories?post=49439"},{"taxonomy":"post_tag","embeddable":true,"href":"https:\/\/www.noticiasradioreflejos.com.ar\/2021\/wp-json\/wp\/v2\/tags?post=49439"}],"curies":[{"name":"wp","href":"https:\/\/api.w.org\/{rel}","templated":true}]}}