{"id":49429,"date":"2020-11-19T12:14:59","date_gmt":"2020-11-19T15:14:59","guid":{"rendered":"http:\/\/www.noticiasradioreflejos.com.ar\/noticias\/?p=49429"},"modified":"2020-11-19T12:14:59","modified_gmt":"2020-11-19T15:14:59","slug":"allanamientos-en-saldungaray-esclarecieron-hecho-de-violencia-callejera-hay-dos-imputados-por-las-agresiones","status":"publish","type":"post","link":"https:\/\/www.noticiasradioreflejos.com.ar\/2021\/allanamientos-en-saldungaray-esclarecieron-hecho-de-violencia-callejera-hay-dos-imputados-por-las-agresiones\/","title":{"rendered":"Allanamientos en Saldungaray esclarecieron hecho de violencia callejera. Hay dos imputados por las agresiones."},"content":{"rendered":"<p>El domingo 8 de de noviembre a las 8 hs se produjo una pelea\u00a0entre 4 hombres en la playa de la Estaci\u00f3n de Servicios de Sierra de la Ventana que termin\u00f3 con 2 personas de Tornquist internadas, una de las cuales perdi\u00f3 varios dientes por la agresi\u00f3n que recibi\u00f3 de parte de dos j\u00f3venes de Saldungaray. La ri\u00f1a qued\u00f3 grabada en las c\u00e1maras de seguridad y ayer se realizaron los allanamientos que resultaron positivos.<!--more--><\/p>\n<p><strong>PARTE DE PRENSA:<\/strong><br \/>\nEl d\u00eda 08 del corriente mes y a\u00f1o siendo las 08:00 hs se toma conocimiento por medio del personal de Unidad Sanitaria Sierra de la Ventana que dos ciudadanos identificados como NICOLAS CONSOLI (19) y VEROLO FRANCISCO JOEL (22) que los mismos hab\u00edan ingresado a dicho nosocomio presentando traumatismos m\u00faltiples, como as\u00ed tambi\u00e9n CONSOLI el faltante de 2 piezas dentarias, producto de haber sufrido una agresi\u00f3n sufrida mediante una ri\u00f1a en el play\u00f3n de los surtidores de la Estaci\u00f3n de Servicio YPF ubicada en Av. San Mart\u00edn y Sarmiento de este medio.<\/p>\n<p><a title=\"WhatsApp Image 2020-11-19 at 11.41.17 (1)\" href=\"http:\/\/live.staticflickr.com\/65535\/50621076157_a1ebb67bdd_s.jpg\" rel=\"\"><img loading=\"lazy\" decoding=\"async\" class=\"aligncenter\" title=\"WhatsApp Image 2020-11-19 at 11.41.17 (1)\" src=\"http:\/\/live.staticflickr.com\/65535\/50621076157_a1ebb67bdd_c.jpg\" alt=\"WhatsApp Image 2020-11-19 at 11.41.17 (1)\" width=\"450\" height=\"800\" \/><\/a><\/p>\n<p>Examinadas ambas victimas por el M\u00e9dico de Polic\u00eda Dr. Ducasa, el mismo dictamin\u00f3 que CONSOLI pose\u00eda Lesiones de car\u00e1cter Graves en tanto VEROLO Lesiones de car\u00e1cter Leves, aduciendo los mismos haber sido agredidos por 2 N.N. Masculinos. A ra\u00edz de esto se llevaron a cabo amplias tareas investigativas por parte del personal de la Subestaci\u00f3n de Polic\u00eda Comunal de Seguridad de Sierra de la Ventana, recepcionando las correspondientes declaraciones testimoniales de testigos presenciales, se examinaron material f\u00edlmico tanto del Centro de monitoreo municipal de Tornquist como as\u00ed tambi\u00e9n de c\u00e1maras privadas aportadas por vecinos, logr\u00e1ndose obtener en el d\u00eda de ayer y luego de un minucioso trabajo llevado a cabo por el personal de esta seccional policial junto con la Ayudant\u00eda Fiscal de Tornquist, las correspondientes \u00d3rdenes de Allanamientos para los domicilios de los imputados, las cuales fueron otorgadas por el Sr. Juez de Paz Dr. Francisco Frizza a cargo del Juzgado de Paz Tornquist, cumpliment\u00e1ndose en el d\u00eda de ayer, siendo las 15:00 hs, en los domicilios de calles Roca Nro. 746 Y Donado Nro.. 434 de la localidad de Saldungaray, donde residen los ciudadanos JENARO MANUEL MASTRANGELO y AMILCAR JOSE CAPPELLI respectivamente, procedi\u00e9ndose al secuestro en ambos domicilios de vestimentas utilizadas por los imputados al momento del hecho, elementos estos sumamente probatorios para la investigaci\u00f3n. Finalizado ambos allanamientos con resultado POSITIVO.-<\/p>\n<p><a title=\"WhatsApp Image 2020-11-19 at 11.41.17\" href=\"http:\/\/live.staticflickr.com\/65535\/50620971521_ebef04ca22_s.jpg\" rel=\"\"><img loading=\"lazy\" decoding=\"async\" class=\"aligncenter\" title=\"WhatsApp Image 2020-11-19 at 11.41.17\" src=\"http:\/\/live.staticflickr.com\/65535\/50620971521_ebef04ca22_c.jpg\" alt=\"WhatsApp Image 2020-11-19 at 11.41.17\" width=\"800\" height=\"600\" \/><\/a><\/p>\n<p>Quedando ambos imputados a disposici\u00f3n de la Ayudant\u00eda Fiscal de Tornquist quien hasta el momento no dispuso medidas privativas de libertad para ambos.-<\/p>\n<p><strong>Firmado: Secretar\u00eda de Seguridad de Municipalidad de Tornquist<\/strong><\/p>\n","protected":false},"excerpt":{"rendered":"<p>El domingo 8 de de noviembre a las 8 hs se produjo una pelea\u00a0entre 4 hombres en la playa de la Estaci\u00f3n de Servicios de Sierra de la Ventana que termin\u00f3 con 2 personas de Tornquist internadas, una de las cuales perdi\u00f3 varios dientes por la agresi\u00f3n que recibi\u00f3 de parte de dos j\u00f3venes de [&hellip;]<\/p>\n","protected":false},"author":3,"featured_media":0,"comment_status":"closed","ping_status":"open","sticky":false,"template":"","format":"standard","meta":{"footnotes":""},"categories":[29],"tags":[],"class_list":["post-49429","post","type-post","status-publish","format-standard","hentry","category-policiales"],"yoast_head":"<!-- This site is optimized with the Yoast SEO plugin v25.9 - https:\/\/yoast.com\/wordpress\/plugins\/seo\/ -->\n<title>Allanamientos en Saldungaray esclarecieron hecho de violencia callejera. Hay dos imputados por las agresiones. - Noticias Radio Reflejos<\/title>\n<meta name=\"robots\" content=\"index, follow, max-snippet:-1, max-image-preview:large, max-video-preview:-1\" \/>\n<link rel=\"canonical\" href=\"https:\/\/www.noticiasradioreflejos.com.ar\/2021\/allanamientos-en-saldungaray-esclarecieron-hecho-de-violencia-callejera-hay-dos-imputados-por-las-agresiones\/\" \/>\n<meta property=\"og:locale\" content=\"es_ES\" \/>\n<meta property=\"og:type\" content=\"article\" \/>\n<meta property=\"og:title\" content=\"Allanamientos en Saldungaray esclarecieron hecho de violencia callejera. Hay dos imputados por las agresiones. - Noticias Radio Reflejos\" \/>\n<meta property=\"og:description\" content=\"El domingo 8 de de noviembre a las 8 hs se produjo una pelea\u00a0entre 4 hombres en la playa de la Estaci\u00f3n de Servicios de Sierra de la Ventana que termin\u00f3 con 2 personas de Tornquist internadas, una de las cuales perdi\u00f3 varios dientes por la agresi\u00f3n que recibi\u00f3 de parte de dos j\u00f3venes de [&hellip;]\" \/>\n<meta property=\"og:url\" content=\"https:\/\/www.noticiasradioreflejos.com.ar\/2021\/allanamientos-en-saldungaray-esclarecieron-hecho-de-violencia-callejera-hay-dos-imputados-por-las-agresiones\/\" \/>\n<meta property=\"og:site_name\" content=\"Noticias Radio Reflejos\" \/>\n<meta property=\"article:published_time\" content=\"2020-11-19T15:14:59+00:00\" \/>\n<meta property=\"og:image\" content=\"http:\/\/live.staticflickr.com\/65535\/50621076157_a1ebb67bdd_c.jpg\" \/>\n<meta name=\"author\" content=\"Arnaldo Botto\" \/>\n<meta name=\"twitter:card\" content=\"summary_large_image\" \/>\n<script type=\"application\/ld+json\" class=\"yoast-schema-graph\">{\"@context\":\"https:\/\/schema.org\",\"@graph\":[{\"@type\":\"WebPage\",\"@id\":\"https:\/\/www.noticiasradioreflejos.com.ar\/2021\/allanamientos-en-saldungaray-esclarecieron-hecho-de-violencia-callejera-hay-dos-imputados-por-las-agresiones\/\",\"url\":\"https:\/\/www.noticiasradioreflejos.com.ar\/2021\/allanamientos-en-saldungaray-esclarecieron-hecho-de-violencia-callejera-hay-dos-imputados-por-las-agresiones\/\",\"name\":\"Allanamientos en Saldungaray esclarecieron hecho de violencia callejera. Hay dos imputados por las agresiones. - Noticias Radio Reflejos\",\"isPartOf\":{\"@id\":\"https:\/\/www.noticiasradioreflejos.com.ar\/2021\/#website\"},\"primaryImageOfPage\":{\"@id\":\"https:\/\/www.noticiasradioreflejos.com.ar\/2021\/allanamientos-en-saldungaray-esclarecieron-hecho-de-violencia-callejera-hay-dos-imputados-por-las-agresiones\/#primaryimage\"},\"image\":{\"@id\":\"https:\/\/www.noticiasradioreflejos.com.ar\/2021\/allanamientos-en-saldungaray-esclarecieron-hecho-de-violencia-callejera-hay-dos-imputados-por-las-agresiones\/#primaryimage\"},\"thumbnailUrl\":\"http:\/\/live.staticflickr.com\/65535\/50621076157_a1ebb67bdd_c.jpg\",\"datePublished\":\"2020-11-19T15:14:59+00:00\",\"author\":{\"@id\":\"https:\/\/www.noticiasradioreflejos.com.ar\/2021\/#\/schema\/person\/ad82545263dcc5ec0996818884fd5fb1\"},\"breadcrumb\":{\"@id\":\"https:\/\/www.noticiasradioreflejos.com.ar\/2021\/allanamientos-en-saldungaray-esclarecieron-hecho-de-violencia-callejera-hay-dos-imputados-por-las-agresiones\/#breadcrumb\"},\"inLanguage\":\"es\",\"potentialAction\":[{\"@type\":\"ReadAction\",\"target\":[\"https:\/\/www.noticiasradioreflejos.com.ar\/2021\/allanamientos-en-saldungaray-esclarecieron-hecho-de-violencia-callejera-hay-dos-imputados-por-las-agresiones\/\"]}]},{\"@type\":\"ImageObject\",\"inLanguage\":\"es\",\"@id\":\"https:\/\/www.noticiasradioreflejos.com.ar\/2021\/allanamientos-en-saldungaray-esclarecieron-hecho-de-violencia-callejera-hay-dos-imputados-por-las-agresiones\/#primaryimage\",\"url\":\"http:\/\/live.staticflickr.com\/65535\/50621076157_a1ebb67bdd_c.jpg\",\"contentUrl\":\"http:\/\/live.staticflickr.com\/65535\/50621076157_a1ebb67bdd_c.jpg\"},{\"@type\":\"BreadcrumbList\",\"@id\":\"https:\/\/www.noticiasradioreflejos.com.ar\/2021\/allanamientos-en-saldungaray-esclarecieron-hecho-de-violencia-callejera-hay-dos-imputados-por-las-agresiones\/#breadcrumb\",\"itemListElement\":[{\"@type\":\"ListItem\",\"position\":1,\"name\":\"Portada\",\"item\":\"https:\/\/www.noticiasradioreflejos.com.ar\/2021\/\"},{\"@type\":\"ListItem\",\"position\":2,\"name\":\"Allanamientos en Saldungaray esclarecieron hecho de violencia callejera. Hay dos imputados por las agresiones.\"}]},{\"@type\":\"WebSite\",\"@id\":\"https:\/\/www.noticiasradioreflejos.com.ar\/2021\/#website\",\"url\":\"https:\/\/www.noticiasradioreflejos.com.ar\/2021\/\",\"name\":\"Noticias Radio Reflejos\",\"description\":\"Las noticias de mi comarca\",\"potentialAction\":[{\"@type\":\"SearchAction\",\"target\":{\"@type\":\"EntryPoint\",\"urlTemplate\":\"https:\/\/www.noticiasradioreflejos.com.ar\/2021\/?s={search_term_string}\"},\"query-input\":{\"@type\":\"PropertyValueSpecification\",\"valueRequired\":true,\"valueName\":\"search_term_string\"}}],\"inLanguage\":\"es\"},{\"@type\":\"Person\",\"@id\":\"https:\/\/www.noticiasradioreflejos.com.ar\/2021\/#\/schema\/person\/ad82545263dcc5ec0996818884fd5fb1\",\"name\":\"Arnaldo Botto\",\"image\":{\"@type\":\"ImageObject\",\"inLanguage\":\"es\",\"@id\":\"https:\/\/www.noticiasradioreflejos.com.ar\/2021\/#\/schema\/person\/image\/\",\"url\":\"https:\/\/secure.gravatar.com\/avatar\/55cb5e37c1efa326397366e6974cb338056df65cb50e7d64d1cf314e87504837?s=96&d=mm&r=g\",\"contentUrl\":\"https:\/\/secure.gravatar.com\/avatar\/55cb5e37c1efa326397366e6974cb338056df65cb50e7d64d1cf314e87504837?s=96&d=mm&r=g\",\"caption\":\"Arnaldo Botto\"},\"url\":\"https:\/\/www.noticiasradioreflejos.com.ar\/2021\/author\/arnaldo\/\"}]}<\/script>\n<!-- \/ Yoast SEO plugin. -->","yoast_head_json":{"title":"Allanamientos en Saldungaray esclarecieron hecho de violencia callejera. Hay dos imputados por las agresiones. - Noticias Radio Reflejos","robots":{"index":"index","follow":"follow","max-snippet":"max-snippet:-1","max-image-preview":"max-image-preview:large","max-video-preview":"max-video-preview:-1"},"canonical":"https:\/\/www.noticiasradioreflejos.com.ar\/2021\/allanamientos-en-saldungaray-esclarecieron-hecho-de-violencia-callejera-hay-dos-imputados-por-las-agresiones\/","og_locale":"es_ES","og_type":"article","og_title":"Allanamientos en Saldungaray esclarecieron hecho de violencia callejera. Hay dos imputados por las agresiones. - Noticias Radio Reflejos","og_description":"El domingo 8 de de noviembre a las 8 hs se produjo una pelea\u00a0entre 4 hombres en la playa de la Estaci\u00f3n de Servicios de Sierra de la Ventana que termin\u00f3 con 2 personas de Tornquist internadas, una de las cuales perdi\u00f3 varios dientes por la agresi\u00f3n que recibi\u00f3 de parte de dos j\u00f3venes de [&hellip;]","og_url":"https:\/\/www.noticiasradioreflejos.com.ar\/2021\/allanamientos-en-saldungaray-esclarecieron-hecho-de-violencia-callejera-hay-dos-imputados-por-las-agresiones\/","og_site_name":"Noticias Radio Reflejos","article_published_time":"2020-11-19T15:14:59+00:00","og_image":[{"url":"http:\/\/live.staticflickr.com\/65535\/50621076157_a1ebb67bdd_c.jpg","type":"","width":"","height":""}],"author":"Arnaldo Botto","twitter_card":"summary_large_image","schema":{"@context":"https:\/\/schema.org","@graph":[{"@type":"WebPage","@id":"https:\/\/www.noticiasradioreflejos.com.ar\/2021\/allanamientos-en-saldungaray-esclarecieron-hecho-de-violencia-callejera-hay-dos-imputados-por-las-agresiones\/","url":"https:\/\/www.noticiasradioreflejos.com.ar\/2021\/allanamientos-en-saldungaray-esclarecieron-hecho-de-violencia-callejera-hay-dos-imputados-por-las-agresiones\/","name":"Allanamientos en Saldungaray esclarecieron hecho de violencia callejera. Hay dos imputados por las agresiones. - Noticias Radio Reflejos","isPartOf":{"@id":"https:\/\/www.noticiasradioreflejos.com.ar\/2021\/#website"},"primaryImageOfPage":{"@id":"https:\/\/www.noticiasradioreflejos.com.ar\/2021\/allanamientos-en-saldungaray-esclarecieron-hecho-de-violencia-callejera-hay-dos-imputados-por-las-agresiones\/#primaryimage"},"image":{"@id":"https:\/\/www.noticiasradioreflejos.com.ar\/2021\/allanamientos-en-saldungaray-esclarecieron-hecho-de-violencia-callejera-hay-dos-imputados-por-las-agresiones\/#primaryimage"},"thumbnailUrl":"http:\/\/live.staticflickr.com\/65535\/50621076157_a1ebb67bdd_c.jpg","datePublished":"2020-11-19T15:14:59+00:00","author":{"@id":"https:\/\/www.noticiasradioreflejos.com.ar\/2021\/#\/schema\/person\/ad82545263dcc5ec0996818884fd5fb1"},"breadcrumb":{"@id":"https:\/\/www.noticiasradioreflejos.com.ar\/2021\/allanamientos-en-saldungaray-esclarecieron-hecho-de-violencia-callejera-hay-dos-imputados-por-las-agresiones\/#breadcrumb"},"inLanguage":"es","potentialAction":[{"@type":"ReadAction","target":["https:\/\/www.noticiasradioreflejos.com.ar\/2021\/allanamientos-en-saldungaray-esclarecieron-hecho-de-violencia-callejera-hay-dos-imputados-por-las-agresiones\/"]}]},{"@type":"ImageObject","inLanguage":"es","@id":"https:\/\/www.noticiasradioreflejos.com.ar\/2021\/allanamientos-en-saldungaray-esclarecieron-hecho-de-violencia-callejera-hay-dos-imputados-por-las-agresiones\/#primaryimage","url":"http:\/\/live.staticflickr.com\/65535\/50621076157_a1ebb67bdd_c.jpg","contentUrl":"http:\/\/live.staticflickr.com\/65535\/50621076157_a1ebb67bdd_c.jpg"},{"@type":"BreadcrumbList","@id":"https:\/\/www.noticiasradioreflejos.com.ar\/2021\/allanamientos-en-saldungaray-esclarecieron-hecho-de-violencia-callejera-hay-dos-imputados-por-las-agresiones\/#breadcrumb","itemListElement":[{"@type":"ListItem","position":1,"name":"Portada","item":"https:\/\/www.noticiasradioreflejos.com.ar\/2021\/"},{"@type":"ListItem","position":2,"name":"Allanamientos en Saldungaray esclarecieron hecho de violencia callejera. Hay dos imputados por las agresiones."}]},{"@type":"WebSite","@id":"https:\/\/www.noticiasradioreflejos.com.ar\/2021\/#website","url":"https:\/\/www.noticiasradioreflejos.com.ar\/2021\/","name":"Noticias Radio Reflejos","description":"Las noticias de mi comarca","potentialAction":[{"@type":"SearchAction","target":{"@type":"EntryPoint","urlTemplate":"https:\/\/www.noticiasradioreflejos.com.ar\/2021\/?s={search_term_string}"},"query-input":{"@type":"PropertyValueSpecification","valueRequired":true,"valueName":"search_term_string"}}],"inLanguage":"es"},{"@type":"Person","@id":"https:\/\/www.noticiasradioreflejos.com.ar\/2021\/#\/schema\/person\/ad82545263dcc5ec0996818884fd5fb1","name":"Arnaldo Botto","image":{"@type":"ImageObject","inLanguage":"es","@id":"https:\/\/www.noticiasradioreflejos.com.ar\/2021\/#\/schema\/person\/image\/","url":"https:\/\/secure.gravatar.com\/avatar\/55cb5e37c1efa326397366e6974cb338056df65cb50e7d64d1cf314e87504837?s=96&d=mm&r=g","contentUrl":"https:\/\/secure.gravatar.com\/avatar\/55cb5e37c1efa326397366e6974cb338056df65cb50e7d64d1cf314e87504837?s=96&d=mm&r=g","caption":"Arnaldo Botto"},"url":"https:\/\/www.noticiasradioreflejos.com.ar\/2021\/author\/arnaldo\/"}]}},"_links":{"self":[{"href":"https:\/\/www.noticiasradioreflejos.com.ar\/2021\/wp-json\/wp\/v2\/posts\/49429","targetHints":{"allow":["GET"]}}],"collection":[{"href":"https:\/\/www.noticiasradioreflejos.com.ar\/2021\/wp-json\/wp\/v2\/posts"}],"about":[{"href":"https:\/\/www.noticiasradioreflejos.com.ar\/2021\/wp-json\/wp\/v2\/types\/post"}],"author":[{"embeddable":true,"href":"https:\/\/www.noticiasradioreflejos.com.ar\/2021\/wp-json\/wp\/v2\/users\/3"}],"replies":[{"embeddable":true,"href":"https:\/\/www.noticiasradioreflejos.com.ar\/2021\/wp-json\/wp\/v2\/comments?post=49429"}],"version-history":[{"count":0,"href":"https:\/\/www.noticiasradioreflejos.com.ar\/2021\/wp-json\/wp\/v2\/posts\/49429\/revisions"}],"wp:attachment":[{"href":"https:\/\/www.noticiasradioreflejos.com.ar\/2021\/wp-json\/wp\/v2\/media?parent=49429"}],"wp:term":[{"taxonomy":"category","embeddable":true,"href":"https:\/\/www.noticiasradioreflejos.com.ar\/2021\/wp-json\/wp\/v2\/categories?post=49429"},{"taxonomy":"post_tag","embeddable":true,"href":"https:\/\/www.noticiasradioreflejos.com.ar\/2021\/wp-json\/wp\/v2\/tags?post=49429"}],"curies":[{"name":"wp","href":"https:\/\/api.w.org\/{rel}","templated":true}]}}