{"id":49396,"date":"2020-11-18T15:12:58","date_gmt":"2020-11-18T18:12:58","guid":{"rendered":"http:\/\/www.noticiasradioreflejos.com.ar\/noticias\/?p=49396"},"modified":"2020-11-18T15:12:58","modified_gmt":"2020-11-18T18:12:58","slug":"el-campeonato-de-midget-tendra-como-protagonista-al-piloto-serrano-juampi-ferro-moreno","status":"publish","type":"post","link":"https:\/\/www.noticiasradioreflejos.com.ar\/2021\/el-campeonato-de-midget-tendra-como-protagonista-al-piloto-serrano-juampi-ferro-moreno\/","title":{"rendered":"El campeonato de midget tendr\u00e1 como protagonista al piloto serrano \u00abJuampi\u00bb Ferro Moreno"},"content":{"rendered":"<p><strong>Juan Pedro Ferro Moreno<\/strong>, piloto de midget, convers\u00f3 con nosotros durante el programa radial mientras hac\u00eda su concentraci\u00f3n para las clasificatorias al campeonato estival de Midgistas del Sur que comenzar\u00e1 en Diciembre. (Con video probando el veh\u00edculo)<!--more--><\/p>\n<p>\u00abA pesar de la pandemia, hubo mucha gente inscrita y ahora hay un mini campeonato para ver las personas que quedan corriendo\u00bb mencion\u00f3 Juampi la situaci\u00f3n actual de los midgistas en el campeonato de Bah\u00eda Blanca.<\/p>\n<p><a title=\"WhatsApp Image 2020-11-18 at 12.14.39\" href=\"http:\/\/live.staticflickr.com\/65535\/50617400456_e702074286_s.jpg\" rel=\"\"><img loading=\"lazy\" decoding=\"async\" class=\"aligncenter\" title=\"WhatsApp Image 2020-11-18 at 12.14.39\" src=\"http:\/\/live.staticflickr.com\/65535\/50617400456_e702074286_c.jpg\" alt=\"WhatsApp Image 2020-11-18 at 12.14.39\" width=\"800\" height=\"450\" \/><\/a><\/p>\n<p>Juan coment\u00f3 que volver a los fierros despu\u00e9s de la pandemia no es tarea f\u00e1cil. \u00abEs un proyecto que lleva mucho tiempo, estuvimos 2 meses trabajando mucho y reci\u00e9n pudimos probar el auto por primera vez este Domingo. Realmente me adapt\u00e9 muy r\u00e1pido al auto\u00bb explic\u00f3.<\/p>\n<p>\u00abMe lo ofrecieron en un almuerzo. El auto ya estaba andando pero lo acomodamos a mi gusto, a mi forma de manejo\u00bb cont\u00f3 Juampi c\u00f3mo fue que lo invitaron a manejar el midget y c\u00f3mo lo trabajaron para que \u00e9l pueda correrlo. \u00abTodo auto de carrera tiene un laburo extra porque cualquier cosa te puede dejar a pata o podes tener un accidente. Tuvimos que verificar el auto pero lo encontraron bastante bien\u00bb.<\/p>\n<p>\u00abEn estos veh\u00edculos juega mucho la cabeza\u00bb mencion\u00f3 Juampi al recordar su accidente que lo dej\u00f3 fuera de las pistas por mucho tiempo, lo que lo obliga a concentrarse para volver a correr. \u00abUna vuelta que te desconcentras y perdiste toda la carrera. Tenes muchas variantes para quedar afuera, y si quedas afuera perdes puntos. En este campeonato los puntos son esenciales\u00bb.<\/p>\n<p><a title=\"WhatsApp Image 2020-11-18 at 09.33.09\" href=\"http:\/\/live.staticflickr.com\/65535\/50617508642_70bcc74409_s.jpg\" rel=\"\"><img loading=\"lazy\" decoding=\"async\" class=\"aligncenter\" title=\"WhatsApp Image 2020-11-18 at 09.33.09\" src=\"http:\/\/live.staticflickr.com\/65535\/50617508642_70bcc74409_c.jpg\" alt=\"WhatsApp Image 2020-11-18 at 09.33.09\" width=\"720\" height=\"477\" \/><\/a><\/p>\n<p>Este Viernes ser\u00e1 la primer fecha de la clasificaci\u00f3n y el pr\u00f3ximo Viernes ser\u00e1 la segunda. Es un campeonato muy corto en el que 17 debutantes competir\u00e1n para clasificar al campeonato estival que comienza en Diciembre. S\u00f3lo clasificar\u00e1n 7 de los concursantes. \u00abLas series son de 6 vueltas de 15 segundos aproximadamente\u00bb explic\u00f3 el piloto.<\/p>\n<p>Finalmente, Juampi expres\u00f3 sus emociones con respecto a su vuelta a las pistas: \u00abMe siento emocionado porque me gustan los fierros y acelerar. Me subo a la pista y es un gran sue\u00f1o que siempre quise volver a tener y hoy tengo la oportunidad\u00bb.<\/p>\n<div class=\"jeg_video_container jeg_video_content\"><iframe loading=\"lazy\" title=\"Midget de Juan Pedro Ferro Moreno\" width=\"500\" height=\"281\" src=\"https:\/\/www.youtube.com\/embed\/5SVhWpDjLqs?feature=oembed\" frameborder=\"0\" allow=\"accelerometer; autoplay; clipboard-write; encrypted-media; gyroscope; picture-in-picture; web-share\" referrerpolicy=\"strict-origin-when-cross-origin\" allowfullscreen><\/iframe><\/div>\n<p><strong>Nota completa a continuaci\u00f3n:<\/strong><br \/>\n<iframe loading=\"lazy\" src=\"https:\/\/w.soundcloud.com\/player\/?url=https%3A\/\/api.soundcloud.com\/tracks\/931491337&amp;color=%23ff5500&amp;auto_play=false&amp;hide_related=false&amp;show_comments=true&amp;show_user=true&amp;show_reposts=false&amp;show_teaser=true\" width=\"100%\" height=\"166\" frameborder=\"no\" scrolling=\"no\"><\/iframe><\/p>\n<div style=\"font-size: 10px; color: #cccccc; line-break: anywhere; word-break: normal; overflow: hidden; white-space: nowrap; text-overflow: ellipsis; font-family: Interstate,Lucida Grande,Lucida Sans Unicode,Lucida Sans,Garuda,Verdana,Tahoma,sans-serif; font-weight: 100;\"><a style=\"color: #cccccc; text-decoration: none;\" title=\"fmreflejos 103.7\" href=\"https:\/\/soundcloud.com\/fmreflejos-103-7\" target=\"_blank\" rel=\"noopener\">fmreflejos 103.7<\/a> \u00b7 <a style=\"color: #cccccc; text-decoration: none;\" title=\"Nota Juan Pedro Ferro Moreno\" href=\"https:\/\/soundcloud.com\/fmreflejos-103-7\/nota-juan-ferro-moreno\" target=\"_blank\" rel=\"noopener\">Nota Juan Pedro Ferro Moreno<\/a><\/div>\n","protected":false},"excerpt":{"rendered":"<p>Juan Pedro Ferro Moreno, piloto de midget, convers\u00f3 con nosotros durante el programa radial mientras hac\u00eda su concentraci\u00f3n para las clasificatorias al campeonato estival de Midgistas del Sur que comenzar\u00e1 en Diciembre. (Con video probando el veh\u00edculo)<\/p>\n","protected":false},"author":3,"featured_media":0,"comment_status":"closed","ping_status":"open","sticky":false,"template":"","format":"standard","meta":{"footnotes":""},"categories":[27],"tags":[],"class_list":["post-49396","post","type-post","status-publish","format-standard","hentry","category-deportes"],"yoast_head":"<!-- This site is optimized with the Yoast SEO plugin v25.9 - https:\/\/yoast.com\/wordpress\/plugins\/seo\/ -->\n<title>El campeonato de midget tendr\u00e1 como protagonista al piloto serrano &quot;Juampi&quot; Ferro Moreno - Noticias Radio Reflejos<\/title>\n<meta name=\"robots\" content=\"index, follow, max-snippet:-1, max-image-preview:large, max-video-preview:-1\" \/>\n<link rel=\"canonical\" href=\"https:\/\/www.noticiasradioreflejos.com.ar\/2021\/el-campeonato-de-midget-tendra-como-protagonista-al-piloto-serrano-juampi-ferro-moreno\/\" \/>\n<meta property=\"og:locale\" content=\"es_ES\" \/>\n<meta property=\"og:type\" content=\"article\" \/>\n<meta property=\"og:title\" content=\"El campeonato de midget tendr\u00e1 como protagonista al piloto serrano &quot;Juampi&quot; Ferro Moreno - Noticias Radio Reflejos\" \/>\n<meta property=\"og:description\" content=\"Juan Pedro Ferro Moreno, piloto de midget, convers\u00f3 con nosotros durante el programa radial mientras hac\u00eda su concentraci\u00f3n para las clasificatorias al campeonato estival de Midgistas del Sur que comenzar\u00e1 en Diciembre. (Con video probando el veh\u00edculo)\" \/>\n<meta property=\"og:url\" content=\"https:\/\/www.noticiasradioreflejos.com.ar\/2021\/el-campeonato-de-midget-tendra-como-protagonista-al-piloto-serrano-juampi-ferro-moreno\/\" \/>\n<meta property=\"og:site_name\" content=\"Noticias Radio Reflejos\" \/>\n<meta property=\"article:published_time\" content=\"2020-11-18T18:12:58+00:00\" \/>\n<meta property=\"og:image\" content=\"http:\/\/live.staticflickr.com\/65535\/50617400456_e702074286_c.jpg\" \/>\n<meta name=\"author\" content=\"Arnaldo Botto\" \/>\n<meta name=\"twitter:card\" content=\"summary_large_image\" \/>\n<script type=\"application\/ld+json\" class=\"yoast-schema-graph\">{\"@context\":\"https:\/\/schema.org\",\"@graph\":[{\"@type\":\"WebPage\",\"@id\":\"https:\/\/www.noticiasradioreflejos.com.ar\/2021\/el-campeonato-de-midget-tendra-como-protagonista-al-piloto-serrano-juampi-ferro-moreno\/\",\"url\":\"https:\/\/www.noticiasradioreflejos.com.ar\/2021\/el-campeonato-de-midget-tendra-como-protagonista-al-piloto-serrano-juampi-ferro-moreno\/\",\"name\":\"El campeonato de midget tendr\u00e1 como protagonista al piloto serrano \\\"Juampi\\\" Ferro Moreno - Noticias Radio Reflejos\",\"isPartOf\":{\"@id\":\"https:\/\/www.noticiasradioreflejos.com.ar\/2021\/#website\"},\"primaryImageOfPage\":{\"@id\":\"https:\/\/www.noticiasradioreflejos.com.ar\/2021\/el-campeonato-de-midget-tendra-como-protagonista-al-piloto-serrano-juampi-ferro-moreno\/#primaryimage\"},\"image\":{\"@id\":\"https:\/\/www.noticiasradioreflejos.com.ar\/2021\/el-campeonato-de-midget-tendra-como-protagonista-al-piloto-serrano-juampi-ferro-moreno\/#primaryimage\"},\"thumbnailUrl\":\"http:\/\/live.staticflickr.com\/65535\/50617400456_e702074286_c.jpg\",\"datePublished\":\"2020-11-18T18:12:58+00:00\",\"author\":{\"@id\":\"https:\/\/www.noticiasradioreflejos.com.ar\/2021\/#\/schema\/person\/ad82545263dcc5ec0996818884fd5fb1\"},\"breadcrumb\":{\"@id\":\"https:\/\/www.noticiasradioreflejos.com.ar\/2021\/el-campeonato-de-midget-tendra-como-protagonista-al-piloto-serrano-juampi-ferro-moreno\/#breadcrumb\"},\"inLanguage\":\"es\",\"potentialAction\":[{\"@type\":\"ReadAction\",\"target\":[\"https:\/\/www.noticiasradioreflejos.com.ar\/2021\/el-campeonato-de-midget-tendra-como-protagonista-al-piloto-serrano-juampi-ferro-moreno\/\"]}]},{\"@type\":\"ImageObject\",\"inLanguage\":\"es\",\"@id\":\"https:\/\/www.noticiasradioreflejos.com.ar\/2021\/el-campeonato-de-midget-tendra-como-protagonista-al-piloto-serrano-juampi-ferro-moreno\/#primaryimage\",\"url\":\"http:\/\/live.staticflickr.com\/65535\/50617400456_e702074286_c.jpg\",\"contentUrl\":\"http:\/\/live.staticflickr.com\/65535\/50617400456_e702074286_c.jpg\"},{\"@type\":\"BreadcrumbList\",\"@id\":\"https:\/\/www.noticiasradioreflejos.com.ar\/2021\/el-campeonato-de-midget-tendra-como-protagonista-al-piloto-serrano-juampi-ferro-moreno\/#breadcrumb\",\"itemListElement\":[{\"@type\":\"ListItem\",\"position\":1,\"name\":\"Portada\",\"item\":\"https:\/\/www.noticiasradioreflejos.com.ar\/2021\/\"},{\"@type\":\"ListItem\",\"position\":2,\"name\":\"El campeonato de midget tendr\u00e1 como protagonista al piloto serrano \u00abJuampi\u00bb Ferro Moreno\"}]},{\"@type\":\"WebSite\",\"@id\":\"https:\/\/www.noticiasradioreflejos.com.ar\/2021\/#website\",\"url\":\"https:\/\/www.noticiasradioreflejos.com.ar\/2021\/\",\"name\":\"Noticias Radio Reflejos\",\"description\":\"Las noticias de mi comarca\",\"potentialAction\":[{\"@type\":\"SearchAction\",\"target\":{\"@type\":\"EntryPoint\",\"urlTemplate\":\"https:\/\/www.noticiasradioreflejos.com.ar\/2021\/?s={search_term_string}\"},\"query-input\":{\"@type\":\"PropertyValueSpecification\",\"valueRequired\":true,\"valueName\":\"search_term_string\"}}],\"inLanguage\":\"es\"},{\"@type\":\"Person\",\"@id\":\"https:\/\/www.noticiasradioreflejos.com.ar\/2021\/#\/schema\/person\/ad82545263dcc5ec0996818884fd5fb1\",\"name\":\"Arnaldo Botto\",\"image\":{\"@type\":\"ImageObject\",\"inLanguage\":\"es\",\"@id\":\"https:\/\/www.noticiasradioreflejos.com.ar\/2021\/#\/schema\/person\/image\/\",\"url\":\"https:\/\/secure.gravatar.com\/avatar\/55cb5e37c1efa326397366e6974cb338056df65cb50e7d64d1cf314e87504837?s=96&d=mm&r=g\",\"contentUrl\":\"https:\/\/secure.gravatar.com\/avatar\/55cb5e37c1efa326397366e6974cb338056df65cb50e7d64d1cf314e87504837?s=96&d=mm&r=g\",\"caption\":\"Arnaldo Botto\"},\"url\":\"https:\/\/www.noticiasradioreflejos.com.ar\/2021\/author\/arnaldo\/\"}]}<\/script>\n<!-- \/ Yoast SEO plugin. -->","yoast_head_json":{"title":"El campeonato de midget tendr\u00e1 como protagonista al piloto serrano \"Juampi\" Ferro Moreno - Noticias Radio Reflejos","robots":{"index":"index","follow":"follow","max-snippet":"max-snippet:-1","max-image-preview":"max-image-preview:large","max-video-preview":"max-video-preview:-1"},"canonical":"https:\/\/www.noticiasradioreflejos.com.ar\/2021\/el-campeonato-de-midget-tendra-como-protagonista-al-piloto-serrano-juampi-ferro-moreno\/","og_locale":"es_ES","og_type":"article","og_title":"El campeonato de midget tendr\u00e1 como protagonista al piloto serrano \"Juampi\" Ferro Moreno - Noticias Radio Reflejos","og_description":"Juan Pedro Ferro Moreno, piloto de midget, convers\u00f3 con nosotros durante el programa radial mientras hac\u00eda su concentraci\u00f3n para las clasificatorias al campeonato estival de Midgistas del Sur que comenzar\u00e1 en Diciembre. (Con video probando el veh\u00edculo)","og_url":"https:\/\/www.noticiasradioreflejos.com.ar\/2021\/el-campeonato-de-midget-tendra-como-protagonista-al-piloto-serrano-juampi-ferro-moreno\/","og_site_name":"Noticias Radio Reflejos","article_published_time":"2020-11-18T18:12:58+00:00","og_image":[{"url":"http:\/\/live.staticflickr.com\/65535\/50617400456_e702074286_c.jpg","type":"","width":"","height":""}],"author":"Arnaldo Botto","twitter_card":"summary_large_image","schema":{"@context":"https:\/\/schema.org","@graph":[{"@type":"WebPage","@id":"https:\/\/www.noticiasradioreflejos.com.ar\/2021\/el-campeonato-de-midget-tendra-como-protagonista-al-piloto-serrano-juampi-ferro-moreno\/","url":"https:\/\/www.noticiasradioreflejos.com.ar\/2021\/el-campeonato-de-midget-tendra-como-protagonista-al-piloto-serrano-juampi-ferro-moreno\/","name":"El campeonato de midget tendr\u00e1 como protagonista al piloto serrano \"Juampi\" Ferro Moreno - Noticias Radio Reflejos","isPartOf":{"@id":"https:\/\/www.noticiasradioreflejos.com.ar\/2021\/#website"},"primaryImageOfPage":{"@id":"https:\/\/www.noticiasradioreflejos.com.ar\/2021\/el-campeonato-de-midget-tendra-como-protagonista-al-piloto-serrano-juampi-ferro-moreno\/#primaryimage"},"image":{"@id":"https:\/\/www.noticiasradioreflejos.com.ar\/2021\/el-campeonato-de-midget-tendra-como-protagonista-al-piloto-serrano-juampi-ferro-moreno\/#primaryimage"},"thumbnailUrl":"http:\/\/live.staticflickr.com\/65535\/50617400456_e702074286_c.jpg","datePublished":"2020-11-18T18:12:58+00:00","author":{"@id":"https:\/\/www.noticiasradioreflejos.com.ar\/2021\/#\/schema\/person\/ad82545263dcc5ec0996818884fd5fb1"},"breadcrumb":{"@id":"https:\/\/www.noticiasradioreflejos.com.ar\/2021\/el-campeonato-de-midget-tendra-como-protagonista-al-piloto-serrano-juampi-ferro-moreno\/#breadcrumb"},"inLanguage":"es","potentialAction":[{"@type":"ReadAction","target":["https:\/\/www.noticiasradioreflejos.com.ar\/2021\/el-campeonato-de-midget-tendra-como-protagonista-al-piloto-serrano-juampi-ferro-moreno\/"]}]},{"@type":"ImageObject","inLanguage":"es","@id":"https:\/\/www.noticiasradioreflejos.com.ar\/2021\/el-campeonato-de-midget-tendra-como-protagonista-al-piloto-serrano-juampi-ferro-moreno\/#primaryimage","url":"http:\/\/live.staticflickr.com\/65535\/50617400456_e702074286_c.jpg","contentUrl":"http:\/\/live.staticflickr.com\/65535\/50617400456_e702074286_c.jpg"},{"@type":"BreadcrumbList","@id":"https:\/\/www.noticiasradioreflejos.com.ar\/2021\/el-campeonato-de-midget-tendra-como-protagonista-al-piloto-serrano-juampi-ferro-moreno\/#breadcrumb","itemListElement":[{"@type":"ListItem","position":1,"name":"Portada","item":"https:\/\/www.noticiasradioreflejos.com.ar\/2021\/"},{"@type":"ListItem","position":2,"name":"El campeonato de midget tendr\u00e1 como protagonista al piloto serrano \u00abJuampi\u00bb Ferro Moreno"}]},{"@type":"WebSite","@id":"https:\/\/www.noticiasradioreflejos.com.ar\/2021\/#website","url":"https:\/\/www.noticiasradioreflejos.com.ar\/2021\/","name":"Noticias Radio Reflejos","description":"Las noticias de mi comarca","potentialAction":[{"@type":"SearchAction","target":{"@type":"EntryPoint","urlTemplate":"https:\/\/www.noticiasradioreflejos.com.ar\/2021\/?s={search_term_string}"},"query-input":{"@type":"PropertyValueSpecification","valueRequired":true,"valueName":"search_term_string"}}],"inLanguage":"es"},{"@type":"Person","@id":"https:\/\/www.noticiasradioreflejos.com.ar\/2021\/#\/schema\/person\/ad82545263dcc5ec0996818884fd5fb1","name":"Arnaldo Botto","image":{"@type":"ImageObject","inLanguage":"es","@id":"https:\/\/www.noticiasradioreflejos.com.ar\/2021\/#\/schema\/person\/image\/","url":"https:\/\/secure.gravatar.com\/avatar\/55cb5e37c1efa326397366e6974cb338056df65cb50e7d64d1cf314e87504837?s=96&d=mm&r=g","contentUrl":"https:\/\/secure.gravatar.com\/avatar\/55cb5e37c1efa326397366e6974cb338056df65cb50e7d64d1cf314e87504837?s=96&d=mm&r=g","caption":"Arnaldo Botto"},"url":"https:\/\/www.noticiasradioreflejos.com.ar\/2021\/author\/arnaldo\/"}]}},"_links":{"self":[{"href":"https:\/\/www.noticiasradioreflejos.com.ar\/2021\/wp-json\/wp\/v2\/posts\/49396","targetHints":{"allow":["GET"]}}],"collection":[{"href":"https:\/\/www.noticiasradioreflejos.com.ar\/2021\/wp-json\/wp\/v2\/posts"}],"about":[{"href":"https:\/\/www.noticiasradioreflejos.com.ar\/2021\/wp-json\/wp\/v2\/types\/post"}],"author":[{"embeddable":true,"href":"https:\/\/www.noticiasradioreflejos.com.ar\/2021\/wp-json\/wp\/v2\/users\/3"}],"replies":[{"embeddable":true,"href":"https:\/\/www.noticiasradioreflejos.com.ar\/2021\/wp-json\/wp\/v2\/comments?post=49396"}],"version-history":[{"count":0,"href":"https:\/\/www.noticiasradioreflejos.com.ar\/2021\/wp-json\/wp\/v2\/posts\/49396\/revisions"}],"wp:attachment":[{"href":"https:\/\/www.noticiasradioreflejos.com.ar\/2021\/wp-json\/wp\/v2\/media?parent=49396"}],"wp:term":[{"taxonomy":"category","embeddable":true,"href":"https:\/\/www.noticiasradioreflejos.com.ar\/2021\/wp-json\/wp\/v2\/categories?post=49396"},{"taxonomy":"post_tag","embeddable":true,"href":"https:\/\/www.noticiasradioreflejos.com.ar\/2021\/wp-json\/wp\/v2\/tags?post=49396"}],"curies":[{"name":"wp","href":"https:\/\/api.w.org\/{rel}","templated":true}]}}