{"id":49388,"date":"2020-11-18T11:18:52","date_gmt":"2020-11-18T14:18:52","guid":{"rendered":"http:\/\/www.noticiasradioreflejos.com.ar\/noticias\/?p=49388"},"modified":"2020-11-18T11:18:52","modified_gmt":"2020-11-18T14:18:52","slug":"tecnicatura-universitaria-en-asuntos-municipales-licenciatura-en-politica-local-y-gestion-publica-2","status":"publish","type":"post","link":"https:\/\/www.noticiasradioreflejos.com.ar\/2021\/tecnicatura-universitaria-en-asuntos-municipales-licenciatura-en-politica-local-y-gestion-publica-2\/","title":{"rendered":"Tecnicatura universitaria en asuntos municipales- licenciatura en pol\u00edtica local y gesti\u00f3n p\u00fablica."},"content":{"rendered":"<p>La Universidad Provincial del Sudoeste informa que, a partir del 2021, se dictar\u00e1n la Tecnicatura Universitaria en Asuntos Municipales y la Licenciatura en Pol\u00edtica Local y Gesti\u00f3n P\u00fablica. <!--more--><br \/>\nEl egresado de la Tecnicatura tendr\u00e1 facultades para participar en equipos de planeamiento, ejecuci\u00f3n y evaluaci\u00f3n de programas de desarrollo municipal; colaborar en la formulaci\u00f3n, evaluaci\u00f3n y coordinaci\u00f3n de los planes de acci\u00f3n de las diferentes \u00e1reas que integran el Municipio y ejecutar las estrategias que demandan su implementaci\u00f3n.<\/p>\n<p>Por otra parte el Licenciado en Pol\u00edtica Local y Gesti\u00f3n P\u00fablica podr\u00e1 participar en la conformaci\u00f3n de equipos de planeamiento y evaluaci\u00f3n de programas de desarrollo en espacios multiactorales donde conviven los promotores de procesos de desarrollo estrat\u00e9gico; dise\u00f1ar e implementar proyectos asociados a pol\u00edticas p\u00fablicas que aportan al desarrollo territorial; llevar a cabo todas las acciones necesarias en la gesti\u00f3n p\u00fablica con aptitudes emprendedoras y de liderazgo<\/p>\n<p>Estas carreras, y las dem\u00e1s desarrolladas por la UPSO, son gratuitas y no exigen examen de ingreso.<\/p>\n<p>Para m\u00e1s informaci\u00f3n sobre \u00e9sta y otras ofertas educativas en la zona, acercarse a la sede de la universidad ubicada en Avenida Ernesto Tornquist N\u00ba 319 &#8211; Tel\u00e9fono: 0291 \u2013 4941150<br \/>\nMail:<a href=\"mailto:tornquist@upso.gba.gob.ar\"><strong> tornquist@upso.gba.gob.ar<\/strong><\/a><\/p>\n<p>&nbsp;<\/p>\n<p><a title=\"Tornquist 1\" href=\"http:\/\/live.staticflickr.com\/65535\/50616469153_8a3fe0c97b_s.jpg\" rel=\"\"><img loading=\"lazy\" decoding=\"async\" class=\"aligncenter\" title=\"Tornquist 1\" src=\"http:\/\/live.staticflickr.com\/65535\/50616469153_8a3fe0c97b_c.jpg\" alt=\"Tornquist 1\" width=\"566\" height=\"800\" \/><\/a><a title=\"Tornquist 2\" href=\"http:\/\/live.staticflickr.com\/65535\/50617315102_68525f5679_s.jpg\" rel=\"\"><img loading=\"lazy\" decoding=\"async\" class=\"aligncenter\" title=\"Tornquist 2\" src=\"http:\/\/live.staticflickr.com\/65535\/50617315102_68525f5679_c.jpg\" alt=\"Tornquist 2\" width=\"566\" height=\"800\" \/><\/a><\/p>\n","protected":false},"excerpt":{"rendered":"<p>La Universidad Provincial del Sudoeste informa que, a partir del 2021, se dictar\u00e1n la Tecnicatura Universitaria en Asuntos Municipales y la Licenciatura en Pol\u00edtica Local y Gesti\u00f3n P\u00fablica.<\/p>\n","protected":false},"author":3,"featured_media":0,"comment_status":"closed","ping_status":"open","sticky":false,"template":"","format":"standard","meta":{"footnotes":""},"categories":[34],"tags":[],"class_list":["post-49388","post","type-post","status-publish","format-standard","hentry","category-educacion"],"yoast_head":"<!-- This site is optimized with the Yoast SEO plugin v25.9 - https:\/\/yoast.com\/wordpress\/plugins\/seo\/ -->\n<title>Tecnicatura universitaria en asuntos municipales- licenciatura en pol\u00edtica local y gesti\u00f3n p\u00fablica. - Noticias Radio Reflejos<\/title>\n<meta name=\"robots\" content=\"index, follow, max-snippet:-1, max-image-preview:large, max-video-preview:-1\" \/>\n<link rel=\"canonical\" href=\"https:\/\/www.noticiasradioreflejos.com.ar\/2021\/tecnicatura-universitaria-en-asuntos-municipales-licenciatura-en-politica-local-y-gestion-publica-2\/\" \/>\n<meta property=\"og:locale\" content=\"es_ES\" \/>\n<meta property=\"og:type\" content=\"article\" \/>\n<meta property=\"og:title\" content=\"Tecnicatura universitaria en asuntos municipales- licenciatura en pol\u00edtica local y gesti\u00f3n p\u00fablica. - Noticias Radio Reflejos\" \/>\n<meta property=\"og:description\" content=\"La Universidad Provincial del Sudoeste informa que, a partir del 2021, se dictar\u00e1n la Tecnicatura Universitaria en Asuntos Municipales y la Licenciatura en Pol\u00edtica Local y Gesti\u00f3n P\u00fablica.\" \/>\n<meta property=\"og:url\" content=\"https:\/\/www.noticiasradioreflejos.com.ar\/2021\/tecnicatura-universitaria-en-asuntos-municipales-licenciatura-en-politica-local-y-gestion-publica-2\/\" \/>\n<meta property=\"og:site_name\" content=\"Noticias Radio Reflejos\" \/>\n<meta property=\"article:published_time\" content=\"2020-11-18T14:18:52+00:00\" \/>\n<meta property=\"og:image\" content=\"http:\/\/live.staticflickr.com\/65535\/50616469153_8a3fe0c97b_c.jpg\" \/>\n<meta name=\"author\" content=\"Arnaldo Botto\" \/>\n<meta name=\"twitter:card\" content=\"summary_large_image\" \/>\n<script type=\"application\/ld+json\" class=\"yoast-schema-graph\">{\"@context\":\"https:\/\/schema.org\",\"@graph\":[{\"@type\":\"WebPage\",\"@id\":\"https:\/\/www.noticiasradioreflejos.com.ar\/2021\/tecnicatura-universitaria-en-asuntos-municipales-licenciatura-en-politica-local-y-gestion-publica-2\/\",\"url\":\"https:\/\/www.noticiasradioreflejos.com.ar\/2021\/tecnicatura-universitaria-en-asuntos-municipales-licenciatura-en-politica-local-y-gestion-publica-2\/\",\"name\":\"Tecnicatura universitaria en asuntos municipales- licenciatura en pol\u00edtica local y gesti\u00f3n p\u00fablica. - Noticias Radio Reflejos\",\"isPartOf\":{\"@id\":\"https:\/\/www.noticiasradioreflejos.com.ar\/2021\/#website\"},\"primaryImageOfPage\":{\"@id\":\"https:\/\/www.noticiasradioreflejos.com.ar\/2021\/tecnicatura-universitaria-en-asuntos-municipales-licenciatura-en-politica-local-y-gestion-publica-2\/#primaryimage\"},\"image\":{\"@id\":\"https:\/\/www.noticiasradioreflejos.com.ar\/2021\/tecnicatura-universitaria-en-asuntos-municipales-licenciatura-en-politica-local-y-gestion-publica-2\/#primaryimage\"},\"thumbnailUrl\":\"http:\/\/live.staticflickr.com\/65535\/50616469153_8a3fe0c97b_c.jpg\",\"datePublished\":\"2020-11-18T14:18:52+00:00\",\"author\":{\"@id\":\"https:\/\/www.noticiasradioreflejos.com.ar\/2021\/#\/schema\/person\/ad82545263dcc5ec0996818884fd5fb1\"},\"breadcrumb\":{\"@id\":\"https:\/\/www.noticiasradioreflejos.com.ar\/2021\/tecnicatura-universitaria-en-asuntos-municipales-licenciatura-en-politica-local-y-gestion-publica-2\/#breadcrumb\"},\"inLanguage\":\"es\",\"potentialAction\":[{\"@type\":\"ReadAction\",\"target\":[\"https:\/\/www.noticiasradioreflejos.com.ar\/2021\/tecnicatura-universitaria-en-asuntos-municipales-licenciatura-en-politica-local-y-gestion-publica-2\/\"]}]},{\"@type\":\"ImageObject\",\"inLanguage\":\"es\",\"@id\":\"https:\/\/www.noticiasradioreflejos.com.ar\/2021\/tecnicatura-universitaria-en-asuntos-municipales-licenciatura-en-politica-local-y-gestion-publica-2\/#primaryimage\",\"url\":\"http:\/\/live.staticflickr.com\/65535\/50616469153_8a3fe0c97b_c.jpg\",\"contentUrl\":\"http:\/\/live.staticflickr.com\/65535\/50616469153_8a3fe0c97b_c.jpg\"},{\"@type\":\"BreadcrumbList\",\"@id\":\"https:\/\/www.noticiasradioreflejos.com.ar\/2021\/tecnicatura-universitaria-en-asuntos-municipales-licenciatura-en-politica-local-y-gestion-publica-2\/#breadcrumb\",\"itemListElement\":[{\"@type\":\"ListItem\",\"position\":1,\"name\":\"Portada\",\"item\":\"https:\/\/www.noticiasradioreflejos.com.ar\/2021\/\"},{\"@type\":\"ListItem\",\"position\":2,\"name\":\"Tecnicatura universitaria en asuntos municipales- licenciatura en pol\u00edtica local y gesti\u00f3n p\u00fablica.\"}]},{\"@type\":\"WebSite\",\"@id\":\"https:\/\/www.noticiasradioreflejos.com.ar\/2021\/#website\",\"url\":\"https:\/\/www.noticiasradioreflejos.com.ar\/2021\/\",\"name\":\"Noticias Radio Reflejos\",\"description\":\"Las noticias de mi comarca\",\"potentialAction\":[{\"@type\":\"SearchAction\",\"target\":{\"@type\":\"EntryPoint\",\"urlTemplate\":\"https:\/\/www.noticiasradioreflejos.com.ar\/2021\/?s={search_term_string}\"},\"query-input\":{\"@type\":\"PropertyValueSpecification\",\"valueRequired\":true,\"valueName\":\"search_term_string\"}}],\"inLanguage\":\"es\"},{\"@type\":\"Person\",\"@id\":\"https:\/\/www.noticiasradioreflejos.com.ar\/2021\/#\/schema\/person\/ad82545263dcc5ec0996818884fd5fb1\",\"name\":\"Arnaldo Botto\",\"image\":{\"@type\":\"ImageObject\",\"inLanguage\":\"es\",\"@id\":\"https:\/\/www.noticiasradioreflejos.com.ar\/2021\/#\/schema\/person\/image\/\",\"url\":\"https:\/\/secure.gravatar.com\/avatar\/55cb5e37c1efa326397366e6974cb338056df65cb50e7d64d1cf314e87504837?s=96&d=mm&r=g\",\"contentUrl\":\"https:\/\/secure.gravatar.com\/avatar\/55cb5e37c1efa326397366e6974cb338056df65cb50e7d64d1cf314e87504837?s=96&d=mm&r=g\",\"caption\":\"Arnaldo Botto\"},\"url\":\"https:\/\/www.noticiasradioreflejos.com.ar\/2021\/author\/arnaldo\/\"}]}<\/script>\n<!-- \/ Yoast SEO plugin. -->","yoast_head_json":{"title":"Tecnicatura universitaria en asuntos municipales- licenciatura en pol\u00edtica local y gesti\u00f3n p\u00fablica. - Noticias Radio Reflejos","robots":{"index":"index","follow":"follow","max-snippet":"max-snippet:-1","max-image-preview":"max-image-preview:large","max-video-preview":"max-video-preview:-1"},"canonical":"https:\/\/www.noticiasradioreflejos.com.ar\/2021\/tecnicatura-universitaria-en-asuntos-municipales-licenciatura-en-politica-local-y-gestion-publica-2\/","og_locale":"es_ES","og_type":"article","og_title":"Tecnicatura universitaria en asuntos municipales- licenciatura en pol\u00edtica local y gesti\u00f3n p\u00fablica. - Noticias Radio Reflejos","og_description":"La Universidad Provincial del Sudoeste informa que, a partir del 2021, se dictar\u00e1n la Tecnicatura Universitaria en Asuntos Municipales y la Licenciatura en Pol\u00edtica Local y Gesti\u00f3n P\u00fablica.","og_url":"https:\/\/www.noticiasradioreflejos.com.ar\/2021\/tecnicatura-universitaria-en-asuntos-municipales-licenciatura-en-politica-local-y-gestion-publica-2\/","og_site_name":"Noticias Radio Reflejos","article_published_time":"2020-11-18T14:18:52+00:00","og_image":[{"url":"http:\/\/live.staticflickr.com\/65535\/50616469153_8a3fe0c97b_c.jpg","type":"","width":"","height":""}],"author":"Arnaldo Botto","twitter_card":"summary_large_image","schema":{"@context":"https:\/\/schema.org","@graph":[{"@type":"WebPage","@id":"https:\/\/www.noticiasradioreflejos.com.ar\/2021\/tecnicatura-universitaria-en-asuntos-municipales-licenciatura-en-politica-local-y-gestion-publica-2\/","url":"https:\/\/www.noticiasradioreflejos.com.ar\/2021\/tecnicatura-universitaria-en-asuntos-municipales-licenciatura-en-politica-local-y-gestion-publica-2\/","name":"Tecnicatura universitaria en asuntos municipales- licenciatura en pol\u00edtica local y gesti\u00f3n p\u00fablica. - Noticias Radio Reflejos","isPartOf":{"@id":"https:\/\/www.noticiasradioreflejos.com.ar\/2021\/#website"},"primaryImageOfPage":{"@id":"https:\/\/www.noticiasradioreflejos.com.ar\/2021\/tecnicatura-universitaria-en-asuntos-municipales-licenciatura-en-politica-local-y-gestion-publica-2\/#primaryimage"},"image":{"@id":"https:\/\/www.noticiasradioreflejos.com.ar\/2021\/tecnicatura-universitaria-en-asuntos-municipales-licenciatura-en-politica-local-y-gestion-publica-2\/#primaryimage"},"thumbnailUrl":"http:\/\/live.staticflickr.com\/65535\/50616469153_8a3fe0c97b_c.jpg","datePublished":"2020-11-18T14:18:52+00:00","author":{"@id":"https:\/\/www.noticiasradioreflejos.com.ar\/2021\/#\/schema\/person\/ad82545263dcc5ec0996818884fd5fb1"},"breadcrumb":{"@id":"https:\/\/www.noticiasradioreflejos.com.ar\/2021\/tecnicatura-universitaria-en-asuntos-municipales-licenciatura-en-politica-local-y-gestion-publica-2\/#breadcrumb"},"inLanguage":"es","potentialAction":[{"@type":"ReadAction","target":["https:\/\/www.noticiasradioreflejos.com.ar\/2021\/tecnicatura-universitaria-en-asuntos-municipales-licenciatura-en-politica-local-y-gestion-publica-2\/"]}]},{"@type":"ImageObject","inLanguage":"es","@id":"https:\/\/www.noticiasradioreflejos.com.ar\/2021\/tecnicatura-universitaria-en-asuntos-municipales-licenciatura-en-politica-local-y-gestion-publica-2\/#primaryimage","url":"http:\/\/live.staticflickr.com\/65535\/50616469153_8a3fe0c97b_c.jpg","contentUrl":"http:\/\/live.staticflickr.com\/65535\/50616469153_8a3fe0c97b_c.jpg"},{"@type":"BreadcrumbList","@id":"https:\/\/www.noticiasradioreflejos.com.ar\/2021\/tecnicatura-universitaria-en-asuntos-municipales-licenciatura-en-politica-local-y-gestion-publica-2\/#breadcrumb","itemListElement":[{"@type":"ListItem","position":1,"name":"Portada","item":"https:\/\/www.noticiasradioreflejos.com.ar\/2021\/"},{"@type":"ListItem","position":2,"name":"Tecnicatura universitaria en asuntos municipales- licenciatura en pol\u00edtica local y gesti\u00f3n p\u00fablica."}]},{"@type":"WebSite","@id":"https:\/\/www.noticiasradioreflejos.com.ar\/2021\/#website","url":"https:\/\/www.noticiasradioreflejos.com.ar\/2021\/","name":"Noticias Radio Reflejos","description":"Las noticias de mi comarca","potentialAction":[{"@type":"SearchAction","target":{"@type":"EntryPoint","urlTemplate":"https:\/\/www.noticiasradioreflejos.com.ar\/2021\/?s={search_term_string}"},"query-input":{"@type":"PropertyValueSpecification","valueRequired":true,"valueName":"search_term_string"}}],"inLanguage":"es"},{"@type":"Person","@id":"https:\/\/www.noticiasradioreflejos.com.ar\/2021\/#\/schema\/person\/ad82545263dcc5ec0996818884fd5fb1","name":"Arnaldo Botto","image":{"@type":"ImageObject","inLanguage":"es","@id":"https:\/\/www.noticiasradioreflejos.com.ar\/2021\/#\/schema\/person\/image\/","url":"https:\/\/secure.gravatar.com\/avatar\/55cb5e37c1efa326397366e6974cb338056df65cb50e7d64d1cf314e87504837?s=96&d=mm&r=g","contentUrl":"https:\/\/secure.gravatar.com\/avatar\/55cb5e37c1efa326397366e6974cb338056df65cb50e7d64d1cf314e87504837?s=96&d=mm&r=g","caption":"Arnaldo Botto"},"url":"https:\/\/www.noticiasradioreflejos.com.ar\/2021\/author\/arnaldo\/"}]}},"_links":{"self":[{"href":"https:\/\/www.noticiasradioreflejos.com.ar\/2021\/wp-json\/wp\/v2\/posts\/49388","targetHints":{"allow":["GET"]}}],"collection":[{"href":"https:\/\/www.noticiasradioreflejos.com.ar\/2021\/wp-json\/wp\/v2\/posts"}],"about":[{"href":"https:\/\/www.noticiasradioreflejos.com.ar\/2021\/wp-json\/wp\/v2\/types\/post"}],"author":[{"embeddable":true,"href":"https:\/\/www.noticiasradioreflejos.com.ar\/2021\/wp-json\/wp\/v2\/users\/3"}],"replies":[{"embeddable":true,"href":"https:\/\/www.noticiasradioreflejos.com.ar\/2021\/wp-json\/wp\/v2\/comments?post=49388"}],"version-history":[{"count":0,"href":"https:\/\/www.noticiasradioreflejos.com.ar\/2021\/wp-json\/wp\/v2\/posts\/49388\/revisions"}],"wp:attachment":[{"href":"https:\/\/www.noticiasradioreflejos.com.ar\/2021\/wp-json\/wp\/v2\/media?parent=49388"}],"wp:term":[{"taxonomy":"category","embeddable":true,"href":"https:\/\/www.noticiasradioreflejos.com.ar\/2021\/wp-json\/wp\/v2\/categories?post=49388"},{"taxonomy":"post_tag","embeddable":true,"href":"https:\/\/www.noticiasradioreflejos.com.ar\/2021\/wp-json\/wp\/v2\/tags?post=49388"}],"curies":[{"name":"wp","href":"https:\/\/api.w.org\/{rel}","templated":true}]}}