{"id":49367,"date":"2020-11-18T07:50:24","date_gmt":"2020-11-18T10:50:24","guid":{"rendered":"http:\/\/www.noticiasradioreflejos.com.ar\/noticias\/?p=49367"},"modified":"2020-11-18T07:50:24","modified_gmt":"2020-11-18T10:50:24","slug":"la-ley-del-fuego-tuvo-media-sancion-en-diputados","status":"publish","type":"post","link":"https:\/\/www.noticiasradioreflejos.com.ar\/2021\/la-ley-del-fuego-tuvo-media-sancion-en-diputados\/","title":{"rendered":"La ley del fuego tuvo media sanci\u00f3n en Diputados"},"content":{"rendered":"<p>La iniciativa impide realizar actividad agr\u00edcola, emprendimientos inmobiliarios o cualquier otro tipo de actividad que sea distinta al uso y destino que la superficie ten\u00eda al momento de iniciarse el fuego.<!--more--><\/p>\n<div class=\"article-main-media-image\"><\/div>\n<div class=\"article-body diario\">\n<div class=\"article-text\">\n<p>El Frente de Todos, con el respaldo de los bloques minoritarios de la oposici\u00f3n, dio media sanci\u00f3n al proyecto de reforma de la ley de manejo del fuego impulsado por M\u00e1ximo Kirchner que busca terminar con los incendios intencionales impulsados por la especulaci\u00f3n inmobiliaria y financiera.\u00a0<b>El texto fue acompa\u00f1ado por 132 diputados, con el voto negativo de 96\u00a0<\/b><b>legisladores de Juntos por el Cambio.\u00a0<\/b><\/p>\n<div class=\"article-card top-border-black float-left\"><\/div>\n<div class=\"article-card top-border-black float-left\"><\/div>\n<p><b>La modificaci\u00f3n a la Ley 26.815 de manejo del fuego<\/b>\u00a0impide realizar actividad agr\u00edcola, emprendimientos inmobiliarios o cualquier otro tipo de actividad que sea distinta al uso y destino que la superficie ten\u00eda al momento de iniciarse el fuego.<\/p>\n<div id=\"talkFireEvent\">\u00a0La prohibici\u00f3n ser\u00e1 por el t\u00e9rmino de 30 a\u00f1os en el caso de zonas agr\u00edcolas, praderas, pastizales o matorrales, y por 60 a\u00f1os en el caso de bosques nativos o implantados, \u00e1reas naturales protegidas y humedales.<\/div>\n<p>Al respecto de la iniciativa, el diputado Leonardo Grosso, presidente de la Comisi\u00f3n de Recursos Naturales, explic\u00f3 que \u201cSe trata de una modificaci\u00f3n de la Ley 26.815 de Manejo del Fuego, que impide realizar actividad agr\u00edcola, emprendimientos inmobiliarios o cualquier otro tipo de actividad que sea distinta al uso y destino que la superficie ten\u00eda al momento de iniciarse el fuego\u201d, y agreg\u00f3: \u00abArgentina ardi\u00f3 en llamas, por eso tomamos la decisi\u00f3n pol\u00edtica de ponerle fin a los negocios y cuidar nuestro ambiente\u00bb.<\/p>\n<p>Por su parte, tanto Juntos por el Cambio como el Frente de Izquierda, como sucedi\u00f3 con al aporte solidario de las grandes fortunas, no acompa\u00f1aron la propuesta del oficialismo. Desde el principal bloque opositor asumieron como propias las posiciones de los sectores concentrados de la econom\u00eda que hicieron publico su rechazo al proyecto. En tanto, desde la izquierda s\u00f3lo atinaron a argumentar durante el debate en Comisi\u00f3n que \u201cel proyecto no resuelve nada\u201d.<\/p>\n<p>Para Graciela Cama\u00f1o, una de las diputadas que incorpor\u00f3 modificaciones a la norma, \u201cel principal problema, casi fundamental, del proyecto es el autor: M\u00e1ximo Kirchner. Prima un prejuicioso que se advierte en diferentes discursos\u201d. \u201cAcompa\u00f1amos a un autor tan disruptivo. A algunos les genera urticaria por el primero que firm\u00f3 y pens\u00f3 el proyecto\u201d, insisti\u00f3.<\/p>\n<div class=\"article-card top-border-black float-left\">\n<div class=\"card-section\">\n<h5 class=\"article-prefix\">\u201cBasta de priorizar planteos econ\u00f3micos, de propiedad privada. Es un intento de que no se haga nada con los problemas ambientales. No podemos permitir que aquello que se le venga en gana a los grandes emprendimientos inmobiliarios y agr\u00edcolas que agravan situaci\u00f3n del medio ambiente\u201d, afirm\u00f3 Jos\u00e9 Luis Ram\u00f3n, presidente del interbloque Federal para el Desarrollo.<\/h5>\n<\/div>\n<\/div>\n<p>El texto, que fue presentado en octubre en plena crisis por los incendios forestales reportados en m\u00e1s de una decena de provincias, lleg\u00f3 al recinto con las firmas de M\u00e1ximo Kirchner y de los jefes del interbloque Federal Eduardo Bucca, de Unidad y Equidad Federal Jos\u00e9 Luis Ram\u00f3n, de Graciela Cama\u00f1o, Ricardo Wellbach, Luis Di Giacomo, Leonardo Grosso, Daniela Vilar, entre otros. Lo presentaron a principios de octubre, en medio de la crisis por los incendios forestales reportados en toda la Argentina.<\/p>\n<\/div>\n<\/div>\n","protected":false},"excerpt":{"rendered":"<p>La iniciativa impide realizar actividad agr\u00edcola, emprendimientos inmobiliarios o cualquier otro tipo de actividad que sea distinta al uso y destino que la superficie ten\u00eda al momento de iniciarse el fuego.<\/p>\n","protected":false},"author":3,"featured_media":0,"comment_status":"closed","ping_status":"open","sticky":false,"template":"","format":"standard","meta":{"footnotes":""},"categories":[24],"tags":[],"class_list":["post-49367","post","type-post","status-publish","format-standard","hentry","category-politica"],"yoast_head":"<!-- This site is optimized with the Yoast SEO plugin v25.9 - https:\/\/yoast.com\/wordpress\/plugins\/seo\/ -->\n<title>La ley del fuego tuvo media sanci\u00f3n en Diputados - Noticias Radio Reflejos<\/title>\n<meta name=\"robots\" content=\"index, follow, max-snippet:-1, max-image-preview:large, max-video-preview:-1\" \/>\n<link rel=\"canonical\" href=\"https:\/\/www.noticiasradioreflejos.com.ar\/2021\/la-ley-del-fuego-tuvo-media-sancion-en-diputados\/\" \/>\n<meta property=\"og:locale\" content=\"es_ES\" \/>\n<meta property=\"og:type\" content=\"article\" \/>\n<meta property=\"og:title\" content=\"La ley del fuego tuvo media sanci\u00f3n en Diputados - Noticias Radio Reflejos\" \/>\n<meta property=\"og:description\" content=\"La iniciativa impide realizar actividad agr\u00edcola, emprendimientos inmobiliarios o cualquier otro tipo de actividad que sea distinta al uso y destino que la superficie ten\u00eda al momento de iniciarse el fuego.\" \/>\n<meta property=\"og:url\" content=\"https:\/\/www.noticiasradioreflejos.com.ar\/2021\/la-ley-del-fuego-tuvo-media-sancion-en-diputados\/\" \/>\n<meta property=\"og:site_name\" content=\"Noticias Radio Reflejos\" \/>\n<meta property=\"article:published_time\" content=\"2020-11-18T10:50:24+00:00\" \/>\n<meta property=\"og:image\" content=\"https:\/\/www.noticiasradioreflejos.com.ar\/2021\/wp-content\/uploads\/2021\/07\/logosol300x200.png\" \/>\n\t<meta property=\"og:image:width\" content=\"300\" \/>\n\t<meta property=\"og:image:height\" content=\"200\" \/>\n\t<meta property=\"og:image:type\" content=\"image\/png\" \/>\n<meta name=\"author\" content=\"Arnaldo Botto\" \/>\n<meta name=\"twitter:card\" content=\"summary_large_image\" \/>\n<script type=\"application\/ld+json\" class=\"yoast-schema-graph\">{\"@context\":\"https:\/\/schema.org\",\"@graph\":[{\"@type\":\"WebPage\",\"@id\":\"https:\/\/www.noticiasradioreflejos.com.ar\/2021\/la-ley-del-fuego-tuvo-media-sancion-en-diputados\/\",\"url\":\"https:\/\/www.noticiasradioreflejos.com.ar\/2021\/la-ley-del-fuego-tuvo-media-sancion-en-diputados\/\",\"name\":\"La ley del fuego tuvo media sanci\u00f3n en Diputados - Noticias Radio Reflejos\",\"isPartOf\":{\"@id\":\"https:\/\/www.noticiasradioreflejos.com.ar\/2021\/#website\"},\"datePublished\":\"2020-11-18T10:50:24+00:00\",\"author\":{\"@id\":\"https:\/\/www.noticiasradioreflejos.com.ar\/2021\/#\/schema\/person\/ad82545263dcc5ec0996818884fd5fb1\"},\"breadcrumb\":{\"@id\":\"https:\/\/www.noticiasradioreflejos.com.ar\/2021\/la-ley-del-fuego-tuvo-media-sancion-en-diputados\/#breadcrumb\"},\"inLanguage\":\"es\",\"potentialAction\":[{\"@type\":\"ReadAction\",\"target\":[\"https:\/\/www.noticiasradioreflejos.com.ar\/2021\/la-ley-del-fuego-tuvo-media-sancion-en-diputados\/\"]}]},{\"@type\":\"BreadcrumbList\",\"@id\":\"https:\/\/www.noticiasradioreflejos.com.ar\/2021\/la-ley-del-fuego-tuvo-media-sancion-en-diputados\/#breadcrumb\",\"itemListElement\":[{\"@type\":\"ListItem\",\"position\":1,\"name\":\"Portada\",\"item\":\"https:\/\/www.noticiasradioreflejos.com.ar\/2021\/\"},{\"@type\":\"ListItem\",\"position\":2,\"name\":\"La ley del fuego tuvo media sanci\u00f3n en Diputados\"}]},{\"@type\":\"WebSite\",\"@id\":\"https:\/\/www.noticiasradioreflejos.com.ar\/2021\/#website\",\"url\":\"https:\/\/www.noticiasradioreflejos.com.ar\/2021\/\",\"name\":\"Noticias Radio Reflejos\",\"description\":\"Las noticias de mi comarca\",\"potentialAction\":[{\"@type\":\"SearchAction\",\"target\":{\"@type\":\"EntryPoint\",\"urlTemplate\":\"https:\/\/www.noticiasradioreflejos.com.ar\/2021\/?s={search_term_string}\"},\"query-input\":{\"@type\":\"PropertyValueSpecification\",\"valueRequired\":true,\"valueName\":\"search_term_string\"}}],\"inLanguage\":\"es\"},{\"@type\":\"Person\",\"@id\":\"https:\/\/www.noticiasradioreflejos.com.ar\/2021\/#\/schema\/person\/ad82545263dcc5ec0996818884fd5fb1\",\"name\":\"Arnaldo Botto\",\"image\":{\"@type\":\"ImageObject\",\"inLanguage\":\"es\",\"@id\":\"https:\/\/www.noticiasradioreflejos.com.ar\/2021\/#\/schema\/person\/image\/\",\"url\":\"https:\/\/secure.gravatar.com\/avatar\/55cb5e37c1efa326397366e6974cb338056df65cb50e7d64d1cf314e87504837?s=96&d=mm&r=g\",\"contentUrl\":\"https:\/\/secure.gravatar.com\/avatar\/55cb5e37c1efa326397366e6974cb338056df65cb50e7d64d1cf314e87504837?s=96&d=mm&r=g\",\"caption\":\"Arnaldo Botto\"},\"url\":\"https:\/\/www.noticiasradioreflejos.com.ar\/2021\/author\/arnaldo\/\"}]}<\/script>\n<!-- \/ Yoast SEO plugin. -->","yoast_head_json":{"title":"La ley del fuego tuvo media sanci\u00f3n en Diputados - Noticias Radio Reflejos","robots":{"index":"index","follow":"follow","max-snippet":"max-snippet:-1","max-image-preview":"max-image-preview:large","max-video-preview":"max-video-preview:-1"},"canonical":"https:\/\/www.noticiasradioreflejos.com.ar\/2021\/la-ley-del-fuego-tuvo-media-sancion-en-diputados\/","og_locale":"es_ES","og_type":"article","og_title":"La ley del fuego tuvo media sanci\u00f3n en Diputados - Noticias Radio Reflejos","og_description":"La iniciativa impide realizar actividad agr\u00edcola, emprendimientos inmobiliarios o cualquier otro tipo de actividad que sea distinta al uso y destino que la superficie ten\u00eda al momento de iniciarse el fuego.","og_url":"https:\/\/www.noticiasradioreflejos.com.ar\/2021\/la-ley-del-fuego-tuvo-media-sancion-en-diputados\/","og_site_name":"Noticias Radio Reflejos","article_published_time":"2020-11-18T10:50:24+00:00","og_image":[{"width":300,"height":200,"url":"https:\/\/www.noticiasradioreflejos.com.ar\/2021\/wp-content\/uploads\/2021\/07\/logosol300x200.png","type":"image\/png"}],"author":"Arnaldo Botto","twitter_card":"summary_large_image","schema":{"@context":"https:\/\/schema.org","@graph":[{"@type":"WebPage","@id":"https:\/\/www.noticiasradioreflejos.com.ar\/2021\/la-ley-del-fuego-tuvo-media-sancion-en-diputados\/","url":"https:\/\/www.noticiasradioreflejos.com.ar\/2021\/la-ley-del-fuego-tuvo-media-sancion-en-diputados\/","name":"La ley del fuego tuvo media sanci\u00f3n en Diputados - Noticias Radio Reflejos","isPartOf":{"@id":"https:\/\/www.noticiasradioreflejos.com.ar\/2021\/#website"},"datePublished":"2020-11-18T10:50:24+00:00","author":{"@id":"https:\/\/www.noticiasradioreflejos.com.ar\/2021\/#\/schema\/person\/ad82545263dcc5ec0996818884fd5fb1"},"breadcrumb":{"@id":"https:\/\/www.noticiasradioreflejos.com.ar\/2021\/la-ley-del-fuego-tuvo-media-sancion-en-diputados\/#breadcrumb"},"inLanguage":"es","potentialAction":[{"@type":"ReadAction","target":["https:\/\/www.noticiasradioreflejos.com.ar\/2021\/la-ley-del-fuego-tuvo-media-sancion-en-diputados\/"]}]},{"@type":"BreadcrumbList","@id":"https:\/\/www.noticiasradioreflejos.com.ar\/2021\/la-ley-del-fuego-tuvo-media-sancion-en-diputados\/#breadcrumb","itemListElement":[{"@type":"ListItem","position":1,"name":"Portada","item":"https:\/\/www.noticiasradioreflejos.com.ar\/2021\/"},{"@type":"ListItem","position":2,"name":"La ley del fuego tuvo media sanci\u00f3n en Diputados"}]},{"@type":"WebSite","@id":"https:\/\/www.noticiasradioreflejos.com.ar\/2021\/#website","url":"https:\/\/www.noticiasradioreflejos.com.ar\/2021\/","name":"Noticias Radio Reflejos","description":"Las noticias de mi comarca","potentialAction":[{"@type":"SearchAction","target":{"@type":"EntryPoint","urlTemplate":"https:\/\/www.noticiasradioreflejos.com.ar\/2021\/?s={search_term_string}"},"query-input":{"@type":"PropertyValueSpecification","valueRequired":true,"valueName":"search_term_string"}}],"inLanguage":"es"},{"@type":"Person","@id":"https:\/\/www.noticiasradioreflejos.com.ar\/2021\/#\/schema\/person\/ad82545263dcc5ec0996818884fd5fb1","name":"Arnaldo Botto","image":{"@type":"ImageObject","inLanguage":"es","@id":"https:\/\/www.noticiasradioreflejos.com.ar\/2021\/#\/schema\/person\/image\/","url":"https:\/\/secure.gravatar.com\/avatar\/55cb5e37c1efa326397366e6974cb338056df65cb50e7d64d1cf314e87504837?s=96&d=mm&r=g","contentUrl":"https:\/\/secure.gravatar.com\/avatar\/55cb5e37c1efa326397366e6974cb338056df65cb50e7d64d1cf314e87504837?s=96&d=mm&r=g","caption":"Arnaldo Botto"},"url":"https:\/\/www.noticiasradioreflejos.com.ar\/2021\/author\/arnaldo\/"}]}},"_links":{"self":[{"href":"https:\/\/www.noticiasradioreflejos.com.ar\/2021\/wp-json\/wp\/v2\/posts\/49367","targetHints":{"allow":["GET"]}}],"collection":[{"href":"https:\/\/www.noticiasradioreflejos.com.ar\/2021\/wp-json\/wp\/v2\/posts"}],"about":[{"href":"https:\/\/www.noticiasradioreflejos.com.ar\/2021\/wp-json\/wp\/v2\/types\/post"}],"author":[{"embeddable":true,"href":"https:\/\/www.noticiasradioreflejos.com.ar\/2021\/wp-json\/wp\/v2\/users\/3"}],"replies":[{"embeddable":true,"href":"https:\/\/www.noticiasradioreflejos.com.ar\/2021\/wp-json\/wp\/v2\/comments?post=49367"}],"version-history":[{"count":0,"href":"https:\/\/www.noticiasradioreflejos.com.ar\/2021\/wp-json\/wp\/v2\/posts\/49367\/revisions"}],"wp:attachment":[{"href":"https:\/\/www.noticiasradioreflejos.com.ar\/2021\/wp-json\/wp\/v2\/media?parent=49367"}],"wp:term":[{"taxonomy":"category","embeddable":true,"href":"https:\/\/www.noticiasradioreflejos.com.ar\/2021\/wp-json\/wp\/v2\/categories?post=49367"},{"taxonomy":"post_tag","embeddable":true,"href":"https:\/\/www.noticiasradioreflejos.com.ar\/2021\/wp-json\/wp\/v2\/tags?post=49367"}],"curies":[{"name":"wp","href":"https:\/\/api.w.org\/{rel}","templated":true}]}}