{"id":49351,"date":"2020-11-17T17:39:49","date_gmt":"2020-11-17T20:39:49","guid":{"rendered":"http:\/\/www.noticiasradioreflejos.com.ar\/noticias\/?p=49351"},"modified":"2020-11-17T17:39:49","modified_gmt":"2020-11-17T20:39:49","slug":"el-sadop-repudio-dichos-de-acuna-sobre-docentes-y-la-califico-como-una-ignorante-supina","status":"publish","type":"post","link":"https:\/\/www.noticiasradioreflejos.com.ar\/2021\/el-sadop-repudio-dichos-de-acuna-sobre-docentes-y-la-califico-como-una-ignorante-supina\/","title":{"rendered":"El Sadop repudi\u00f3 dichos de Acu\u00f1a sobre docentes y la calific\u00f3 como \u00abuna ignorante supina\u00bb"},"content":{"rendered":"<p>El Sindicato Argentino de Docentes Privados (Sadop) repudi\u00f3 hoy las declaraciones de la ministra de Educaci\u00f3n porte\u00f1a, Soledad Acu\u00f1a, a quien calific\u00f3 de \u00abignorante supina\u00bb, luego de que la funcionaria dijera que los maestros son \u00abcada vez m\u00e1s grandes de edad\u00bb y eligen esa carrera como \u00abla tercera o cuarta opci\u00f3n luego de haber fracasado en otras\u00bb.<!--more--><br \/>\nEl titular del gremio, Jorge Kalinger, asever\u00f3 en un comunicado que adem\u00e1s de \u00abestigmatizar y generar una reprochable violencia simb\u00f3lica hacia un colectivo en especial empobrecido por la gesti\u00f3n que su partido (el PRO) realiz\u00f3 entre 2015\/19, al eliminar la Paritaria Federal, Acu\u00f1a denunci\u00f3 &#8216;adoctrinamiento'\u00bb.<\/p>\n<p>\u00abLa funcionaria denunci\u00f3 &#8216;adoctrinamiento&#8217; y culp\u00f3 a la participaci\u00f3n sindical de los docentes por esa situaci\u00f3n\u00bb, sostuvo Kalinger, quien denunci\u00f3 que las palabras de Acu\u00f1a \u00abdiscriminan a nivel social\u00bb a quienes realizan \u00abuna tarea marginada, en especial desde su administraci\u00f3n en la ciudad, y muchas veces golpeada por los avatares y crisis econ\u00f3micas de cada distrito\u00bb nacional.<\/p>\n<p>El dirigente, quien conduce un sindicato de m\u00e1s de 70 mil afiliados en todo el pa\u00eds, asegur\u00f3 que sin participaci\u00f3n sindical \u00abel avasallamiento de los intereses de pol\u00edticos y empresarios de la educaci\u00f3n ser\u00eda del todo inmanejable\u00bb.<\/p>\n<p>Tambi\u00e9n enfatiz\u00f3 que esa sindicalizaci\u00f3n precisamente detiene \u00abese flagelo\u00bb al luchar por mejores salarios y condiciones y medio ambiente de trabajo (Cymat).<\/p>\n<p>El sindicalista, quien integra la Corriente Federal de Trabajadores (CFT) en la CGT, puntualiz\u00f3 que los dichos de Acu\u00f1a constituyen \u00abuna provocaci\u00f3n a quienes ofrecieron su compromiso en la pandemia de coronavirus y permitieron la continuidad pedag\u00f3gica durante todo el a\u00f1o\u00bb, expres\u00f3 en el documento, donde se califica a la ministra como \u00abuna ignorante supina\u00bb.<\/p>\n<p>\u00abLos docentes ofrecieron sus casas, equipos, su tiempo y hasta expusieron a sus familias para que este a\u00f1o nadie pueda decir que no hubo clases. Existieron de una forma diferente, pero nunca se detuvo el proceso educativo. Porque esa es la \u00fanica manera de que la Argentina crezca\u00bb, concluy\u00f3 Kalinger.<\/p>\n","protected":false},"excerpt":{"rendered":"<p>El Sindicato Argentino de Docentes Privados (Sadop) repudi\u00f3 hoy las declaraciones de la ministra de Educaci\u00f3n porte\u00f1a, Soledad Acu\u00f1a, a quien calific\u00f3 de \u00abignorante supina\u00bb, luego de que la funcionaria dijera que los maestros son \u00abcada vez m\u00e1s grandes de edad\u00bb y eligen esa carrera como \u00abla tercera o cuarta opci\u00f3n luego de haber fracasado [&hellip;]<\/p>\n","protected":false},"author":3,"featured_media":0,"comment_status":"closed","ping_status":"open","sticky":false,"template":"","format":"standard","meta":{"footnotes":""},"categories":[34],"tags":[],"class_list":["post-49351","post","type-post","status-publish","format-standard","hentry","category-educacion"],"yoast_head":"<!-- This site is optimized with the Yoast SEO plugin v25.9 - https:\/\/yoast.com\/wordpress\/plugins\/seo\/ -->\n<title>El Sadop repudi\u00f3 dichos de Acu\u00f1a sobre docentes y la calific\u00f3 como &quot;una ignorante supina&quot; - Noticias Radio Reflejos<\/title>\n<meta name=\"robots\" content=\"index, follow, max-snippet:-1, max-image-preview:large, max-video-preview:-1\" \/>\n<link rel=\"canonical\" href=\"https:\/\/www.noticiasradioreflejos.com.ar\/2021\/el-sadop-repudio-dichos-de-acuna-sobre-docentes-y-la-califico-como-una-ignorante-supina\/\" \/>\n<meta property=\"og:locale\" content=\"es_ES\" \/>\n<meta property=\"og:type\" content=\"article\" \/>\n<meta property=\"og:title\" content=\"El Sadop repudi\u00f3 dichos de Acu\u00f1a sobre docentes y la calific\u00f3 como &quot;una ignorante supina&quot; - Noticias Radio Reflejos\" \/>\n<meta property=\"og:description\" content=\"El Sindicato Argentino de Docentes Privados (Sadop) repudi\u00f3 hoy las declaraciones de la ministra de Educaci\u00f3n porte\u00f1a, Soledad Acu\u00f1a, a quien calific\u00f3 de \u00abignorante supina\u00bb, luego de que la funcionaria dijera que los maestros son \u00abcada vez m\u00e1s grandes de edad\u00bb y eligen esa carrera como \u00abla tercera o cuarta opci\u00f3n luego de haber fracasado [&hellip;]\" \/>\n<meta property=\"og:url\" content=\"https:\/\/www.noticiasradioreflejos.com.ar\/2021\/el-sadop-repudio-dichos-de-acuna-sobre-docentes-y-la-califico-como-una-ignorante-supina\/\" \/>\n<meta property=\"og:site_name\" content=\"Noticias Radio Reflejos\" \/>\n<meta property=\"article:published_time\" content=\"2020-11-17T20:39:49+00:00\" \/>\n<meta property=\"og:image\" content=\"https:\/\/www.noticiasradioreflejos.com.ar\/2021\/wp-content\/uploads\/2021\/07\/logosol300x200.png\" \/>\n\t<meta property=\"og:image:width\" content=\"300\" \/>\n\t<meta property=\"og:image:height\" content=\"200\" \/>\n\t<meta property=\"og:image:type\" content=\"image\/png\" \/>\n<meta name=\"author\" content=\"Arnaldo Botto\" \/>\n<meta name=\"twitter:card\" content=\"summary_large_image\" \/>\n<script type=\"application\/ld+json\" class=\"yoast-schema-graph\">{\"@context\":\"https:\/\/schema.org\",\"@graph\":[{\"@type\":\"WebPage\",\"@id\":\"https:\/\/www.noticiasradioreflejos.com.ar\/2021\/el-sadop-repudio-dichos-de-acuna-sobre-docentes-y-la-califico-como-una-ignorante-supina\/\",\"url\":\"https:\/\/www.noticiasradioreflejos.com.ar\/2021\/el-sadop-repudio-dichos-de-acuna-sobre-docentes-y-la-califico-como-una-ignorante-supina\/\",\"name\":\"El Sadop repudi\u00f3 dichos de Acu\u00f1a sobre docentes y la calific\u00f3 como \\\"una ignorante supina\\\" - Noticias Radio Reflejos\",\"isPartOf\":{\"@id\":\"https:\/\/www.noticiasradioreflejos.com.ar\/2021\/#website\"},\"datePublished\":\"2020-11-17T20:39:49+00:00\",\"author\":{\"@id\":\"https:\/\/www.noticiasradioreflejos.com.ar\/2021\/#\/schema\/person\/ad82545263dcc5ec0996818884fd5fb1\"},\"breadcrumb\":{\"@id\":\"https:\/\/www.noticiasradioreflejos.com.ar\/2021\/el-sadop-repudio-dichos-de-acuna-sobre-docentes-y-la-califico-como-una-ignorante-supina\/#breadcrumb\"},\"inLanguage\":\"es\",\"potentialAction\":[{\"@type\":\"ReadAction\",\"target\":[\"https:\/\/www.noticiasradioreflejos.com.ar\/2021\/el-sadop-repudio-dichos-de-acuna-sobre-docentes-y-la-califico-como-una-ignorante-supina\/\"]}]},{\"@type\":\"BreadcrumbList\",\"@id\":\"https:\/\/www.noticiasradioreflejos.com.ar\/2021\/el-sadop-repudio-dichos-de-acuna-sobre-docentes-y-la-califico-como-una-ignorante-supina\/#breadcrumb\",\"itemListElement\":[{\"@type\":\"ListItem\",\"position\":1,\"name\":\"Portada\",\"item\":\"https:\/\/www.noticiasradioreflejos.com.ar\/2021\/\"},{\"@type\":\"ListItem\",\"position\":2,\"name\":\"El Sadop repudi\u00f3 dichos de Acu\u00f1a sobre docentes y la calific\u00f3 como \u00abuna ignorante supina\u00bb\"}]},{\"@type\":\"WebSite\",\"@id\":\"https:\/\/www.noticiasradioreflejos.com.ar\/2021\/#website\",\"url\":\"https:\/\/www.noticiasradioreflejos.com.ar\/2021\/\",\"name\":\"Noticias Radio Reflejos\",\"description\":\"Las noticias de mi comarca\",\"potentialAction\":[{\"@type\":\"SearchAction\",\"target\":{\"@type\":\"EntryPoint\",\"urlTemplate\":\"https:\/\/www.noticiasradioreflejos.com.ar\/2021\/?s={search_term_string}\"},\"query-input\":{\"@type\":\"PropertyValueSpecification\",\"valueRequired\":true,\"valueName\":\"search_term_string\"}}],\"inLanguage\":\"es\"},{\"@type\":\"Person\",\"@id\":\"https:\/\/www.noticiasradioreflejos.com.ar\/2021\/#\/schema\/person\/ad82545263dcc5ec0996818884fd5fb1\",\"name\":\"Arnaldo Botto\",\"image\":{\"@type\":\"ImageObject\",\"inLanguage\":\"es\",\"@id\":\"https:\/\/www.noticiasradioreflejos.com.ar\/2021\/#\/schema\/person\/image\/\",\"url\":\"https:\/\/secure.gravatar.com\/avatar\/55cb5e37c1efa326397366e6974cb338056df65cb50e7d64d1cf314e87504837?s=96&d=mm&r=g\",\"contentUrl\":\"https:\/\/secure.gravatar.com\/avatar\/55cb5e37c1efa326397366e6974cb338056df65cb50e7d64d1cf314e87504837?s=96&d=mm&r=g\",\"caption\":\"Arnaldo Botto\"},\"url\":\"https:\/\/www.noticiasradioreflejos.com.ar\/2021\/author\/arnaldo\/\"}]}<\/script>\n<!-- \/ Yoast SEO plugin. -->","yoast_head_json":{"title":"El Sadop repudi\u00f3 dichos de Acu\u00f1a sobre docentes y la calific\u00f3 como \"una ignorante supina\" - Noticias Radio Reflejos","robots":{"index":"index","follow":"follow","max-snippet":"max-snippet:-1","max-image-preview":"max-image-preview:large","max-video-preview":"max-video-preview:-1"},"canonical":"https:\/\/www.noticiasradioreflejos.com.ar\/2021\/el-sadop-repudio-dichos-de-acuna-sobre-docentes-y-la-califico-como-una-ignorante-supina\/","og_locale":"es_ES","og_type":"article","og_title":"El Sadop repudi\u00f3 dichos de Acu\u00f1a sobre docentes y la calific\u00f3 como \"una ignorante supina\" - Noticias Radio Reflejos","og_description":"El Sindicato Argentino de Docentes Privados (Sadop) repudi\u00f3 hoy las declaraciones de la ministra de Educaci\u00f3n porte\u00f1a, Soledad Acu\u00f1a, a quien calific\u00f3 de \u00abignorante supina\u00bb, luego de que la funcionaria dijera que los maestros son \u00abcada vez m\u00e1s grandes de edad\u00bb y eligen esa carrera como \u00abla tercera o cuarta opci\u00f3n luego de haber fracasado [&hellip;]","og_url":"https:\/\/www.noticiasradioreflejos.com.ar\/2021\/el-sadop-repudio-dichos-de-acuna-sobre-docentes-y-la-califico-como-una-ignorante-supina\/","og_site_name":"Noticias Radio Reflejos","article_published_time":"2020-11-17T20:39:49+00:00","og_image":[{"width":300,"height":200,"url":"https:\/\/www.noticiasradioreflejos.com.ar\/2021\/wp-content\/uploads\/2021\/07\/logosol300x200.png","type":"image\/png"}],"author":"Arnaldo Botto","twitter_card":"summary_large_image","schema":{"@context":"https:\/\/schema.org","@graph":[{"@type":"WebPage","@id":"https:\/\/www.noticiasradioreflejos.com.ar\/2021\/el-sadop-repudio-dichos-de-acuna-sobre-docentes-y-la-califico-como-una-ignorante-supina\/","url":"https:\/\/www.noticiasradioreflejos.com.ar\/2021\/el-sadop-repudio-dichos-de-acuna-sobre-docentes-y-la-califico-como-una-ignorante-supina\/","name":"El Sadop repudi\u00f3 dichos de Acu\u00f1a sobre docentes y la calific\u00f3 como \"una ignorante supina\" - Noticias Radio Reflejos","isPartOf":{"@id":"https:\/\/www.noticiasradioreflejos.com.ar\/2021\/#website"},"datePublished":"2020-11-17T20:39:49+00:00","author":{"@id":"https:\/\/www.noticiasradioreflejos.com.ar\/2021\/#\/schema\/person\/ad82545263dcc5ec0996818884fd5fb1"},"breadcrumb":{"@id":"https:\/\/www.noticiasradioreflejos.com.ar\/2021\/el-sadop-repudio-dichos-de-acuna-sobre-docentes-y-la-califico-como-una-ignorante-supina\/#breadcrumb"},"inLanguage":"es","potentialAction":[{"@type":"ReadAction","target":["https:\/\/www.noticiasradioreflejos.com.ar\/2021\/el-sadop-repudio-dichos-de-acuna-sobre-docentes-y-la-califico-como-una-ignorante-supina\/"]}]},{"@type":"BreadcrumbList","@id":"https:\/\/www.noticiasradioreflejos.com.ar\/2021\/el-sadop-repudio-dichos-de-acuna-sobre-docentes-y-la-califico-como-una-ignorante-supina\/#breadcrumb","itemListElement":[{"@type":"ListItem","position":1,"name":"Portada","item":"https:\/\/www.noticiasradioreflejos.com.ar\/2021\/"},{"@type":"ListItem","position":2,"name":"El Sadop repudi\u00f3 dichos de Acu\u00f1a sobre docentes y la calific\u00f3 como \u00abuna ignorante supina\u00bb"}]},{"@type":"WebSite","@id":"https:\/\/www.noticiasradioreflejos.com.ar\/2021\/#website","url":"https:\/\/www.noticiasradioreflejos.com.ar\/2021\/","name":"Noticias Radio Reflejos","description":"Las noticias de mi comarca","potentialAction":[{"@type":"SearchAction","target":{"@type":"EntryPoint","urlTemplate":"https:\/\/www.noticiasradioreflejos.com.ar\/2021\/?s={search_term_string}"},"query-input":{"@type":"PropertyValueSpecification","valueRequired":true,"valueName":"search_term_string"}}],"inLanguage":"es"},{"@type":"Person","@id":"https:\/\/www.noticiasradioreflejos.com.ar\/2021\/#\/schema\/person\/ad82545263dcc5ec0996818884fd5fb1","name":"Arnaldo Botto","image":{"@type":"ImageObject","inLanguage":"es","@id":"https:\/\/www.noticiasradioreflejos.com.ar\/2021\/#\/schema\/person\/image\/","url":"https:\/\/secure.gravatar.com\/avatar\/55cb5e37c1efa326397366e6974cb338056df65cb50e7d64d1cf314e87504837?s=96&d=mm&r=g","contentUrl":"https:\/\/secure.gravatar.com\/avatar\/55cb5e37c1efa326397366e6974cb338056df65cb50e7d64d1cf314e87504837?s=96&d=mm&r=g","caption":"Arnaldo Botto"},"url":"https:\/\/www.noticiasradioreflejos.com.ar\/2021\/author\/arnaldo\/"}]}},"_links":{"self":[{"href":"https:\/\/www.noticiasradioreflejos.com.ar\/2021\/wp-json\/wp\/v2\/posts\/49351","targetHints":{"allow":["GET"]}}],"collection":[{"href":"https:\/\/www.noticiasradioreflejos.com.ar\/2021\/wp-json\/wp\/v2\/posts"}],"about":[{"href":"https:\/\/www.noticiasradioreflejos.com.ar\/2021\/wp-json\/wp\/v2\/types\/post"}],"author":[{"embeddable":true,"href":"https:\/\/www.noticiasradioreflejos.com.ar\/2021\/wp-json\/wp\/v2\/users\/3"}],"replies":[{"embeddable":true,"href":"https:\/\/www.noticiasradioreflejos.com.ar\/2021\/wp-json\/wp\/v2\/comments?post=49351"}],"version-history":[{"count":0,"href":"https:\/\/www.noticiasradioreflejos.com.ar\/2021\/wp-json\/wp\/v2\/posts\/49351\/revisions"}],"wp:attachment":[{"href":"https:\/\/www.noticiasradioreflejos.com.ar\/2021\/wp-json\/wp\/v2\/media?parent=49351"}],"wp:term":[{"taxonomy":"category","embeddable":true,"href":"https:\/\/www.noticiasradioreflejos.com.ar\/2021\/wp-json\/wp\/v2\/categories?post=49351"},{"taxonomy":"post_tag","embeddable":true,"href":"https:\/\/www.noticiasradioreflejos.com.ar\/2021\/wp-json\/wp\/v2\/tags?post=49351"}],"curies":[{"name":"wp","href":"https:\/\/api.w.org\/{rel}","templated":true}]}}