{"id":49346,"date":"2020-11-17T17:23:28","date_gmt":"2020-11-17T20:23:28","guid":{"rendered":"http:\/\/www.noticiasradioreflejos.com.ar\/noticias\/?p=49346"},"modified":"2020-11-17T17:23:28","modified_gmt":"2020-11-17T20:23:28","slug":"se-realizaran-estrictos-controles-policiales-en-el-distrito","status":"publish","type":"post","link":"https:\/\/www.noticiasradioreflejos.com.ar\/2021\/se-realizaran-estrictos-controles-policiales-en-el-distrito\/","title":{"rendered":"Se realizar\u00e1n estrictos controles policiales en el distrito"},"content":{"rendered":"<p>La Secretar\u00eda de Seguridad informa a la comunidad, que se han recepcionado reiteradas denuncias y reclamos realizados por vecinos de la distintas localidades del Distrito de Tornquist, en referencia a situaciones acontecidas durante la noche y\/o madrugada, dentro de las que podemos mencionar: grandes grupos de personas en reuniones sociales en domicilios particulares registrando altos vol\u00famenes en equipos de audios tanto en veh\u00edculos como en los domicilios, o desarrollo de carreras (picadas) en los accesos y calles de la ciudad de Tornquist. <!--more--><br \/>\nEn este contexto, se comunica que se intensificar\u00e1n los controles nocturnos, tarea que llevar\u00e1n adelante de manera conjunta efectivos de la Polic\u00eda Comunal como as\u00ed tambi\u00e9n personal perteneciente al \u00e1rea de Inspecci\u00f3n de la Municipalidad de Tornquist. Los operativos que se montaran en diversos sectores de las distintas localidades y en sus accesos, tienen como objetivo cumplimentar la normativa vigente, evitando excesos de velocidad, conducci\u00f3n con niveles de alcohol en sangre superiores a los permitidos. Adem\u00e1s se realizar\u00e1n controles de comercios, para evitar la venta de alcohol despu\u00e9s del horario permitido. Es importante resaltar, que se labrar\u00e1n actas correspondientes y se dar\u00e1 curso al Juzgado de Faltas para la aplicaci\u00f3n de las multas correspondientes.<br \/>\nUna vez m\u00e1s, apelamos a la responsabilidad individual de cada uno de los vecinos,  en el cumplimiento de las normas para mantener el orden de la comunidad como as\u00ed tambi\u00e9n la situaci\u00f3n epidemiol\u00f3gica, que ha permitido dar apertura, de manera paulatina a las distintas actividades, sobre todo de aquellas econ\u00f3micas\/productivas que permiten el sustento del vecinos del distrito. <\/p>\n","protected":false},"excerpt":{"rendered":"<p>La Secretar\u00eda de Seguridad informa a la comunidad, que se han recepcionado reiteradas denuncias y reclamos realizados por vecinos de la distintas localidades del Distrito de Tornquist, en referencia a situaciones acontecidas durante la noche y\/o madrugada, dentro de las que podemos mencionar: grandes grupos de personas en reuniones sociales en domicilios particulares registrando altos [&hellip;]<\/p>\n","protected":false},"author":3,"featured_media":2614,"comment_status":"closed","ping_status":"open","sticky":false,"template":"","format":"standard","meta":{"footnotes":""},"categories":[29],"tags":[],"class_list":["post-49346","post","type-post","status-publish","format-standard","has-post-thumbnail","hentry","category-policiales"],"yoast_head":"<!-- This site is optimized with the Yoast SEO plugin v25.9 - https:\/\/yoast.com\/wordpress\/plugins\/seo\/ -->\n<title>Se realizar\u00e1n estrictos controles policiales en el distrito - Noticias Radio Reflejos<\/title>\n<meta name=\"robots\" content=\"index, follow, max-snippet:-1, max-image-preview:large, max-video-preview:-1\" \/>\n<link rel=\"canonical\" href=\"https:\/\/www.noticiasradioreflejos.com.ar\/2021\/se-realizaran-estrictos-controles-policiales-en-el-distrito\/\" \/>\n<meta property=\"og:locale\" content=\"es_ES\" \/>\n<meta property=\"og:type\" content=\"article\" \/>\n<meta property=\"og:title\" content=\"Se realizar\u00e1n estrictos controles policiales en el distrito - Noticias Radio Reflejos\" \/>\n<meta property=\"og:description\" content=\"La Secretar\u00eda de Seguridad informa a la comunidad, que se han recepcionado reiteradas denuncias y reclamos realizados por vecinos de la distintas localidades del Distrito de Tornquist, en referencia a situaciones acontecidas durante la noche y\/o madrugada, dentro de las que podemos mencionar: grandes grupos de personas en reuniones sociales en domicilios particulares registrando altos [&hellip;]\" \/>\n<meta property=\"og:url\" content=\"https:\/\/www.noticiasradioreflejos.com.ar\/2021\/se-realizaran-estrictos-controles-policiales-en-el-distrito\/\" \/>\n<meta property=\"og:site_name\" content=\"Noticias Radio Reflejos\" \/>\n<meta property=\"article:published_time\" content=\"2020-11-17T20:23:28+00:00\" \/>\n<meta property=\"og:image\" content=\"https:\/\/www.noticiasradioreflejos.com.ar\/2021\/wp-content\/uploads\/2016\/10\/policia-sierra-2.jpg\" \/>\n\t<meta property=\"og:image:width\" content=\"800\" \/>\n\t<meta property=\"og:image:height\" content=\"450\" \/>\n\t<meta property=\"og:image:type\" content=\"image\/jpeg\" \/>\n<meta name=\"author\" content=\"Arnaldo Botto\" \/>\n<meta name=\"twitter:card\" content=\"summary_large_image\" \/>\n<script type=\"application\/ld+json\" class=\"yoast-schema-graph\">{\"@context\":\"https:\/\/schema.org\",\"@graph\":[{\"@type\":\"WebPage\",\"@id\":\"https:\/\/www.noticiasradioreflejos.com.ar\/2021\/se-realizaran-estrictos-controles-policiales-en-el-distrito\/\",\"url\":\"https:\/\/www.noticiasradioreflejos.com.ar\/2021\/se-realizaran-estrictos-controles-policiales-en-el-distrito\/\",\"name\":\"Se realizar\u00e1n estrictos controles policiales en el distrito - Noticias Radio Reflejos\",\"isPartOf\":{\"@id\":\"https:\/\/www.noticiasradioreflejos.com.ar\/2021\/#website\"},\"primaryImageOfPage\":{\"@id\":\"https:\/\/www.noticiasradioreflejos.com.ar\/2021\/se-realizaran-estrictos-controles-policiales-en-el-distrito\/#primaryimage\"},\"image\":{\"@id\":\"https:\/\/www.noticiasradioreflejos.com.ar\/2021\/se-realizaran-estrictos-controles-policiales-en-el-distrito\/#primaryimage\"},\"thumbnailUrl\":\"https:\/\/www.noticiasradioreflejos.com.ar\/2021\/wp-content\/uploads\/2016\/10\/policia-sierra-2.jpg\",\"datePublished\":\"2020-11-17T20:23:28+00:00\",\"author\":{\"@id\":\"https:\/\/www.noticiasradioreflejos.com.ar\/2021\/#\/schema\/person\/ad82545263dcc5ec0996818884fd5fb1\"},\"breadcrumb\":{\"@id\":\"https:\/\/www.noticiasradioreflejos.com.ar\/2021\/se-realizaran-estrictos-controles-policiales-en-el-distrito\/#breadcrumb\"},\"inLanguage\":\"es\",\"potentialAction\":[{\"@type\":\"ReadAction\",\"target\":[\"https:\/\/www.noticiasradioreflejos.com.ar\/2021\/se-realizaran-estrictos-controles-policiales-en-el-distrito\/\"]}]},{\"@type\":\"ImageObject\",\"inLanguage\":\"es\",\"@id\":\"https:\/\/www.noticiasradioreflejos.com.ar\/2021\/se-realizaran-estrictos-controles-policiales-en-el-distrito\/#primaryimage\",\"url\":\"https:\/\/www.noticiasradioreflejos.com.ar\/2021\/wp-content\/uploads\/2016\/10\/policia-sierra-2.jpg\",\"contentUrl\":\"https:\/\/www.noticiasradioreflejos.com.ar\/2021\/wp-content\/uploads\/2016\/10\/policia-sierra-2.jpg\",\"width\":800,\"height\":450},{\"@type\":\"BreadcrumbList\",\"@id\":\"https:\/\/www.noticiasradioreflejos.com.ar\/2021\/se-realizaran-estrictos-controles-policiales-en-el-distrito\/#breadcrumb\",\"itemListElement\":[{\"@type\":\"ListItem\",\"position\":1,\"name\":\"Portada\",\"item\":\"https:\/\/www.noticiasradioreflejos.com.ar\/2021\/\"},{\"@type\":\"ListItem\",\"position\":2,\"name\":\"Se realizar\u00e1n estrictos controles policiales en el distrito\"}]},{\"@type\":\"WebSite\",\"@id\":\"https:\/\/www.noticiasradioreflejos.com.ar\/2021\/#website\",\"url\":\"https:\/\/www.noticiasradioreflejos.com.ar\/2021\/\",\"name\":\"Noticias Radio Reflejos\",\"description\":\"Las noticias de mi comarca\",\"potentialAction\":[{\"@type\":\"SearchAction\",\"target\":{\"@type\":\"EntryPoint\",\"urlTemplate\":\"https:\/\/www.noticiasradioreflejos.com.ar\/2021\/?s={search_term_string}\"},\"query-input\":{\"@type\":\"PropertyValueSpecification\",\"valueRequired\":true,\"valueName\":\"search_term_string\"}}],\"inLanguage\":\"es\"},{\"@type\":\"Person\",\"@id\":\"https:\/\/www.noticiasradioreflejos.com.ar\/2021\/#\/schema\/person\/ad82545263dcc5ec0996818884fd5fb1\",\"name\":\"Arnaldo Botto\",\"image\":{\"@type\":\"ImageObject\",\"inLanguage\":\"es\",\"@id\":\"https:\/\/www.noticiasradioreflejos.com.ar\/2021\/#\/schema\/person\/image\/\",\"url\":\"https:\/\/secure.gravatar.com\/avatar\/55cb5e37c1efa326397366e6974cb338056df65cb50e7d64d1cf314e87504837?s=96&d=mm&r=g\",\"contentUrl\":\"https:\/\/secure.gravatar.com\/avatar\/55cb5e37c1efa326397366e6974cb338056df65cb50e7d64d1cf314e87504837?s=96&d=mm&r=g\",\"caption\":\"Arnaldo Botto\"},\"url\":\"https:\/\/www.noticiasradioreflejos.com.ar\/2021\/author\/arnaldo\/\"}]}<\/script>\n<!-- \/ Yoast SEO plugin. -->","yoast_head_json":{"title":"Se realizar\u00e1n estrictos controles policiales en el distrito - Noticias Radio Reflejos","robots":{"index":"index","follow":"follow","max-snippet":"max-snippet:-1","max-image-preview":"max-image-preview:large","max-video-preview":"max-video-preview:-1"},"canonical":"https:\/\/www.noticiasradioreflejos.com.ar\/2021\/se-realizaran-estrictos-controles-policiales-en-el-distrito\/","og_locale":"es_ES","og_type":"article","og_title":"Se realizar\u00e1n estrictos controles policiales en el distrito - Noticias Radio Reflejos","og_description":"La Secretar\u00eda de Seguridad informa a la comunidad, que se han recepcionado reiteradas denuncias y reclamos realizados por vecinos de la distintas localidades del Distrito de Tornquist, en referencia a situaciones acontecidas durante la noche y\/o madrugada, dentro de las que podemos mencionar: grandes grupos de personas en reuniones sociales en domicilios particulares registrando altos [&hellip;]","og_url":"https:\/\/www.noticiasradioreflejos.com.ar\/2021\/se-realizaran-estrictos-controles-policiales-en-el-distrito\/","og_site_name":"Noticias Radio Reflejos","article_published_time":"2020-11-17T20:23:28+00:00","og_image":[{"width":800,"height":450,"url":"https:\/\/www.noticiasradioreflejos.com.ar\/2021\/wp-content\/uploads\/2016\/10\/policia-sierra-2.jpg","type":"image\/jpeg"}],"author":"Arnaldo Botto","twitter_card":"summary_large_image","schema":{"@context":"https:\/\/schema.org","@graph":[{"@type":"WebPage","@id":"https:\/\/www.noticiasradioreflejos.com.ar\/2021\/se-realizaran-estrictos-controles-policiales-en-el-distrito\/","url":"https:\/\/www.noticiasradioreflejos.com.ar\/2021\/se-realizaran-estrictos-controles-policiales-en-el-distrito\/","name":"Se realizar\u00e1n estrictos controles policiales en el distrito - Noticias Radio Reflejos","isPartOf":{"@id":"https:\/\/www.noticiasradioreflejos.com.ar\/2021\/#website"},"primaryImageOfPage":{"@id":"https:\/\/www.noticiasradioreflejos.com.ar\/2021\/se-realizaran-estrictos-controles-policiales-en-el-distrito\/#primaryimage"},"image":{"@id":"https:\/\/www.noticiasradioreflejos.com.ar\/2021\/se-realizaran-estrictos-controles-policiales-en-el-distrito\/#primaryimage"},"thumbnailUrl":"https:\/\/www.noticiasradioreflejos.com.ar\/2021\/wp-content\/uploads\/2016\/10\/policia-sierra-2.jpg","datePublished":"2020-11-17T20:23:28+00:00","author":{"@id":"https:\/\/www.noticiasradioreflejos.com.ar\/2021\/#\/schema\/person\/ad82545263dcc5ec0996818884fd5fb1"},"breadcrumb":{"@id":"https:\/\/www.noticiasradioreflejos.com.ar\/2021\/se-realizaran-estrictos-controles-policiales-en-el-distrito\/#breadcrumb"},"inLanguage":"es","potentialAction":[{"@type":"ReadAction","target":["https:\/\/www.noticiasradioreflejos.com.ar\/2021\/se-realizaran-estrictos-controles-policiales-en-el-distrito\/"]}]},{"@type":"ImageObject","inLanguage":"es","@id":"https:\/\/www.noticiasradioreflejos.com.ar\/2021\/se-realizaran-estrictos-controles-policiales-en-el-distrito\/#primaryimage","url":"https:\/\/www.noticiasradioreflejos.com.ar\/2021\/wp-content\/uploads\/2016\/10\/policia-sierra-2.jpg","contentUrl":"https:\/\/www.noticiasradioreflejos.com.ar\/2021\/wp-content\/uploads\/2016\/10\/policia-sierra-2.jpg","width":800,"height":450},{"@type":"BreadcrumbList","@id":"https:\/\/www.noticiasradioreflejos.com.ar\/2021\/se-realizaran-estrictos-controles-policiales-en-el-distrito\/#breadcrumb","itemListElement":[{"@type":"ListItem","position":1,"name":"Portada","item":"https:\/\/www.noticiasradioreflejos.com.ar\/2021\/"},{"@type":"ListItem","position":2,"name":"Se realizar\u00e1n estrictos controles policiales en el distrito"}]},{"@type":"WebSite","@id":"https:\/\/www.noticiasradioreflejos.com.ar\/2021\/#website","url":"https:\/\/www.noticiasradioreflejos.com.ar\/2021\/","name":"Noticias Radio Reflejos","description":"Las noticias de mi comarca","potentialAction":[{"@type":"SearchAction","target":{"@type":"EntryPoint","urlTemplate":"https:\/\/www.noticiasradioreflejos.com.ar\/2021\/?s={search_term_string}"},"query-input":{"@type":"PropertyValueSpecification","valueRequired":true,"valueName":"search_term_string"}}],"inLanguage":"es"},{"@type":"Person","@id":"https:\/\/www.noticiasradioreflejos.com.ar\/2021\/#\/schema\/person\/ad82545263dcc5ec0996818884fd5fb1","name":"Arnaldo Botto","image":{"@type":"ImageObject","inLanguage":"es","@id":"https:\/\/www.noticiasradioreflejos.com.ar\/2021\/#\/schema\/person\/image\/","url":"https:\/\/secure.gravatar.com\/avatar\/55cb5e37c1efa326397366e6974cb338056df65cb50e7d64d1cf314e87504837?s=96&d=mm&r=g","contentUrl":"https:\/\/secure.gravatar.com\/avatar\/55cb5e37c1efa326397366e6974cb338056df65cb50e7d64d1cf314e87504837?s=96&d=mm&r=g","caption":"Arnaldo Botto"},"url":"https:\/\/www.noticiasradioreflejos.com.ar\/2021\/author\/arnaldo\/"}]}},"_links":{"self":[{"href":"https:\/\/www.noticiasradioreflejos.com.ar\/2021\/wp-json\/wp\/v2\/posts\/49346","targetHints":{"allow":["GET"]}}],"collection":[{"href":"https:\/\/www.noticiasradioreflejos.com.ar\/2021\/wp-json\/wp\/v2\/posts"}],"about":[{"href":"https:\/\/www.noticiasradioreflejos.com.ar\/2021\/wp-json\/wp\/v2\/types\/post"}],"author":[{"embeddable":true,"href":"https:\/\/www.noticiasradioreflejos.com.ar\/2021\/wp-json\/wp\/v2\/users\/3"}],"replies":[{"embeddable":true,"href":"https:\/\/www.noticiasradioreflejos.com.ar\/2021\/wp-json\/wp\/v2\/comments?post=49346"}],"version-history":[{"count":0,"href":"https:\/\/www.noticiasradioreflejos.com.ar\/2021\/wp-json\/wp\/v2\/posts\/49346\/revisions"}],"wp:featuredmedia":[{"embeddable":true,"href":"https:\/\/www.noticiasradioreflejos.com.ar\/2021\/wp-json\/wp\/v2\/media\/2614"}],"wp:attachment":[{"href":"https:\/\/www.noticiasradioreflejos.com.ar\/2021\/wp-json\/wp\/v2\/media?parent=49346"}],"wp:term":[{"taxonomy":"category","embeddable":true,"href":"https:\/\/www.noticiasradioreflejos.com.ar\/2021\/wp-json\/wp\/v2\/categories?post=49346"},{"taxonomy":"post_tag","embeddable":true,"href":"https:\/\/www.noticiasradioreflejos.com.ar\/2021\/wp-json\/wp\/v2\/tags?post=49346"}],"curies":[{"name":"wp","href":"https:\/\/api.w.org\/{rel}","templated":true}]}}