{"id":49340,"date":"2020-11-17T14:39:51","date_gmt":"2020-11-17T17:39:51","guid":{"rendered":"http:\/\/www.noticiasradioreflejos.com.ar\/noticias\/?p=49340"},"modified":"2020-11-17T14:39:51","modified_gmt":"2020-11-17T17:39:51","slug":"otra-nueva-agresion-de-soledad-acuna-a-la-comunidad-educativa","status":"publish","type":"post","link":"https:\/\/www.noticiasradioreflejos.com.ar\/2021\/otra-nueva-agresion-de-soledad-acuna-a-la-comunidad-educativa\/","title":{"rendered":"Otra nueva agresi\u00f3n de Soledad Acu\u00f1a a la comunidad educativa"},"content":{"rendered":"<p><strong>Comunicado de CTERA y SUTEBA Tornquist.<\/strong><\/p>\n<p>La CTERA repudia las nuevas declaraciones de la Ministra de Educaci\u00f3n de la Ciudad, Soledad Acu\u00f1a, quien vuelve a mostrar su desprecio hacia la Educaci\u00f3n P\u00fablica y la Comunidad Educativa.<!--more--><\/p>\n<p>cu\u00f1a deja expl\u00edcito su menosprecio hacia las y los docentes porte\u00f1os con pronunciamientos que muestran a las claras la matriz del modelo educativo llevado adelante por el macrismo en los cuatro a\u00f1os que gobern\u00f3 la Naci\u00f3n y en los 13 a\u00f1os que esta funcionaria est\u00e1 al frente del Ministerio.<br \/>\nAcu\u00f1a responsabiliz\u00f3 a la docencia de la Ciudad por los problemas del sistema educativo e inst\u00f3 a las familias a denunciar a las y los docentes.<br \/>\nNo conforme con este ataque llam\u00f3 a las\/los docentes \u00abfracasados\u00bb y \u00abcarentes de capital cultural que nunca llegar\u00e1n a la universidad\u00bb, falt\u00e1ndole el respeto a miles de docentes que d\u00eda a d\u00eda, con su trabajo comprometido, sostienen el sistema educativo. Una falta de respeto.<br \/>\nEstas declaraciones dejan al desnudo el pensamiento profundo del Gobierno de la Ciudad que, emulando el Gobierno Nacional del macrismo &#8211; que gobern\u00f3 del 2015 al 2019 -, tiene en la mira a las y los trabajadores de la educaci\u00f3n y a sus organizaciones que resisten y luchan contra la desidia de una gesti\u00f3n que a\u00f1o a a\u00f1o desinvierte en educaci\u00f3n.<br \/>\nLa Ciudad m\u00e1s rica cuyos gobernante no proveyeron conectividad ni notebooks a 6500 ni\u00f1as y ni\u00f1os priv\u00e1ndolos de las herramientas necesarias para el proceso de ense\u00f1anza aprendizaje en estos tiempos de pandemia; la que unilateralmente quiere dar comienzo a las clases presenciales, sin tener en cuenta el Protocolo acordado en la Paritaria Nacional del 4 de junio pasado; muestra, una vez m\u00e1s, la soberbia y la falta de respeto a las y los docentes que en estos tiempos tan dif\u00edciles siguen dando clases y colaborando con la entrega de alimentos a las familias.<br \/>\nDesde CTERA repudiamos estas declaraciones de Soledad Acu\u00f1a y la instamos a que cese con estos vergonzosos ataques a quienes con su esfuerzo sostenido mantuvieron la Escuela P\u00fablica de pie.<br \/>\n<strong>Sonia Alesso<br \/>\nSecretaria General<br \/>\n<\/strong><\/p>\n<p><strong>Roberto Baradel<br \/>\nSecretario General Adjunto<\/strong><\/p>\n<p><strong><span style=\"color: #ff0000;\">\u00a1NO AGUANTAMOS M\u00c1S!<\/span><\/strong><br \/>\nDurante los cuatro a\u00f1os de la gesti\u00f3n Macri-Vidal la docencia de la Provincia de Buenos Aires sufri\u00f3 el ninguneo, la persecuci\u00f3n administrativa e ideol\u00f3gica, un mobbing laboral jam\u00e1s experimentado. Nos espiaron, nos sumariaron por usufructuar el derecho m\u00e1s constitucional que pueda tener un trabajador, el derecho a huelga. No pod\u00edamos reunirnos libremente en nuestro sindicato sin ser observados obscenamente. Un maltrato asfixiante.<br \/>\nLa Ministra de Educaci\u00f3n de la Ciudad, Soledad Acu\u00f1a (al igual que Alejandro Finocchiaro y Gabriel S\u00e1nchez Zinny) vuelve a mostrar desprecio absoluto hacia las y los docentes porte\u00f1os, lo que muestra a las claras una matriz de pensamiento que, en varias ocasiones, nosotros los docentes dijimos Nunca M\u00e1s. La se\u00f1ora, tan suelta de lengua, injuriosamente y en forma calumniante, trat\u00f3 a los docentes como en forma estigmatizante y denigratoria \u201cPOBRES, VIEJOS, ZURDOS Y FRACASADOS\u201d, y, vilmente mand\u00f3 denunciarnos.<br \/>\nPor estas brutales definiciones, no aguantamos m\u00e1s este menosprecio al ser humano. \u00a1No aguantamos m\u00e1s!<\/p>\n<p><strong>SUTEBA TORNQUIST<\/strong><\/p>\n","protected":false},"excerpt":{"rendered":"<p>Comunicado de CTERA y SUTEBA Tornquist. La CTERA repudia las nuevas declaraciones de la Ministra de Educaci\u00f3n de la Ciudad, Soledad Acu\u00f1a, quien vuelve a mostrar su desprecio hacia la Educaci\u00f3n P\u00fablica y la Comunidad Educativa.<\/p>\n","protected":false},"author":3,"featured_media":2623,"comment_status":"closed","ping_status":"open","sticky":false,"template":"","format":"standard","meta":{"footnotes":""},"categories":[34],"tags":[],"class_list":["post-49340","post","type-post","status-publish","format-standard","has-post-thumbnail","hentry","category-educacion"],"yoast_head":"<!-- This site is optimized with the Yoast SEO plugin v25.9 - https:\/\/yoast.com\/wordpress\/plugins\/seo\/ -->\n<title>Otra nueva agresi\u00f3n de Soledad Acu\u00f1a a la comunidad educativa - Noticias Radio Reflejos<\/title>\n<meta name=\"robots\" content=\"index, follow, max-snippet:-1, max-image-preview:large, max-video-preview:-1\" \/>\n<link rel=\"canonical\" href=\"https:\/\/www.noticiasradioreflejos.com.ar\/2021\/otra-nueva-agresion-de-soledad-acuna-a-la-comunidad-educativa\/\" \/>\n<meta property=\"og:locale\" content=\"es_ES\" \/>\n<meta property=\"og:type\" content=\"article\" \/>\n<meta property=\"og:title\" content=\"Otra nueva agresi\u00f3n de Soledad Acu\u00f1a a la comunidad educativa - Noticias Radio Reflejos\" \/>\n<meta property=\"og:description\" content=\"Comunicado de CTERA y SUTEBA Tornquist. La CTERA repudia las nuevas declaraciones de la Ministra de Educaci\u00f3n de la Ciudad, Soledad Acu\u00f1a, quien vuelve a mostrar su desprecio hacia la Educaci\u00f3n P\u00fablica y la Comunidad Educativa.\" \/>\n<meta property=\"og:url\" content=\"https:\/\/www.noticiasradioreflejos.com.ar\/2021\/otra-nueva-agresion-de-soledad-acuna-a-la-comunidad-educativa\/\" \/>\n<meta property=\"og:site_name\" content=\"Noticias Radio Reflejos\" \/>\n<meta property=\"article:published_time\" content=\"2020-11-17T17:39:51+00:00\" \/>\n<meta property=\"og:image\" content=\"https:\/\/www.noticiasradioreflejos.com.ar\/2021\/wp-content\/uploads\/2016\/10\/Suteba-logo-640x360-1.jpg\" \/>\n\t<meta property=\"og:image:width\" content=\"640\" \/>\n\t<meta property=\"og:image:height\" content=\"360\" \/>\n\t<meta property=\"og:image:type\" content=\"image\/jpeg\" \/>\n<meta name=\"author\" content=\"Arnaldo Botto\" \/>\n<meta name=\"twitter:card\" content=\"summary_large_image\" \/>\n<script type=\"application\/ld+json\" class=\"yoast-schema-graph\">{\"@context\":\"https:\/\/schema.org\",\"@graph\":[{\"@type\":\"WebPage\",\"@id\":\"https:\/\/www.noticiasradioreflejos.com.ar\/2021\/otra-nueva-agresion-de-soledad-acuna-a-la-comunidad-educativa\/\",\"url\":\"https:\/\/www.noticiasradioreflejos.com.ar\/2021\/otra-nueva-agresion-de-soledad-acuna-a-la-comunidad-educativa\/\",\"name\":\"Otra nueva agresi\u00f3n de Soledad Acu\u00f1a a la comunidad educativa - Noticias Radio Reflejos\",\"isPartOf\":{\"@id\":\"https:\/\/www.noticiasradioreflejos.com.ar\/2021\/#website\"},\"primaryImageOfPage\":{\"@id\":\"https:\/\/www.noticiasradioreflejos.com.ar\/2021\/otra-nueva-agresion-de-soledad-acuna-a-la-comunidad-educativa\/#primaryimage\"},\"image\":{\"@id\":\"https:\/\/www.noticiasradioreflejos.com.ar\/2021\/otra-nueva-agresion-de-soledad-acuna-a-la-comunidad-educativa\/#primaryimage\"},\"thumbnailUrl\":\"https:\/\/www.noticiasradioreflejos.com.ar\/2021\/wp-content\/uploads\/2016\/10\/Suteba-logo-640x360-1.jpg\",\"datePublished\":\"2020-11-17T17:39:51+00:00\",\"author\":{\"@id\":\"https:\/\/www.noticiasradioreflejos.com.ar\/2021\/#\/schema\/person\/ad82545263dcc5ec0996818884fd5fb1\"},\"breadcrumb\":{\"@id\":\"https:\/\/www.noticiasradioreflejos.com.ar\/2021\/otra-nueva-agresion-de-soledad-acuna-a-la-comunidad-educativa\/#breadcrumb\"},\"inLanguage\":\"es\",\"potentialAction\":[{\"@type\":\"ReadAction\",\"target\":[\"https:\/\/www.noticiasradioreflejos.com.ar\/2021\/otra-nueva-agresion-de-soledad-acuna-a-la-comunidad-educativa\/\"]}]},{\"@type\":\"ImageObject\",\"inLanguage\":\"es\",\"@id\":\"https:\/\/www.noticiasradioreflejos.com.ar\/2021\/otra-nueva-agresion-de-soledad-acuna-a-la-comunidad-educativa\/#primaryimage\",\"url\":\"https:\/\/www.noticiasradioreflejos.com.ar\/2021\/wp-content\/uploads\/2016\/10\/Suteba-logo-640x360-1.jpg\",\"contentUrl\":\"https:\/\/www.noticiasradioreflejos.com.ar\/2021\/wp-content\/uploads\/2016\/10\/Suteba-logo-640x360-1.jpg\",\"width\":640,\"height\":360},{\"@type\":\"BreadcrumbList\",\"@id\":\"https:\/\/www.noticiasradioreflejos.com.ar\/2021\/otra-nueva-agresion-de-soledad-acuna-a-la-comunidad-educativa\/#breadcrumb\",\"itemListElement\":[{\"@type\":\"ListItem\",\"position\":1,\"name\":\"Portada\",\"item\":\"https:\/\/www.noticiasradioreflejos.com.ar\/2021\/\"},{\"@type\":\"ListItem\",\"position\":2,\"name\":\"Otra nueva agresi\u00f3n de Soledad Acu\u00f1a a la comunidad educativa\"}]},{\"@type\":\"WebSite\",\"@id\":\"https:\/\/www.noticiasradioreflejos.com.ar\/2021\/#website\",\"url\":\"https:\/\/www.noticiasradioreflejos.com.ar\/2021\/\",\"name\":\"Noticias Radio Reflejos\",\"description\":\"Las noticias de mi comarca\",\"potentialAction\":[{\"@type\":\"SearchAction\",\"target\":{\"@type\":\"EntryPoint\",\"urlTemplate\":\"https:\/\/www.noticiasradioreflejos.com.ar\/2021\/?s={search_term_string}\"},\"query-input\":{\"@type\":\"PropertyValueSpecification\",\"valueRequired\":true,\"valueName\":\"search_term_string\"}}],\"inLanguage\":\"es\"},{\"@type\":\"Person\",\"@id\":\"https:\/\/www.noticiasradioreflejos.com.ar\/2021\/#\/schema\/person\/ad82545263dcc5ec0996818884fd5fb1\",\"name\":\"Arnaldo Botto\",\"image\":{\"@type\":\"ImageObject\",\"inLanguage\":\"es\",\"@id\":\"https:\/\/www.noticiasradioreflejos.com.ar\/2021\/#\/schema\/person\/image\/\",\"url\":\"https:\/\/secure.gravatar.com\/avatar\/55cb5e37c1efa326397366e6974cb338056df65cb50e7d64d1cf314e87504837?s=96&d=mm&r=g\",\"contentUrl\":\"https:\/\/secure.gravatar.com\/avatar\/55cb5e37c1efa326397366e6974cb338056df65cb50e7d64d1cf314e87504837?s=96&d=mm&r=g\",\"caption\":\"Arnaldo Botto\"},\"url\":\"https:\/\/www.noticiasradioreflejos.com.ar\/2021\/author\/arnaldo\/\"}]}<\/script>\n<!-- \/ Yoast SEO plugin. -->","yoast_head_json":{"title":"Otra nueva agresi\u00f3n de Soledad Acu\u00f1a a la comunidad educativa - Noticias Radio Reflejos","robots":{"index":"index","follow":"follow","max-snippet":"max-snippet:-1","max-image-preview":"max-image-preview:large","max-video-preview":"max-video-preview:-1"},"canonical":"https:\/\/www.noticiasradioreflejos.com.ar\/2021\/otra-nueva-agresion-de-soledad-acuna-a-la-comunidad-educativa\/","og_locale":"es_ES","og_type":"article","og_title":"Otra nueva agresi\u00f3n de Soledad Acu\u00f1a a la comunidad educativa - Noticias Radio Reflejos","og_description":"Comunicado de CTERA y SUTEBA Tornquist. La CTERA repudia las nuevas declaraciones de la Ministra de Educaci\u00f3n de la Ciudad, Soledad Acu\u00f1a, quien vuelve a mostrar su desprecio hacia la Educaci\u00f3n P\u00fablica y la Comunidad Educativa.","og_url":"https:\/\/www.noticiasradioreflejos.com.ar\/2021\/otra-nueva-agresion-de-soledad-acuna-a-la-comunidad-educativa\/","og_site_name":"Noticias Radio Reflejos","article_published_time":"2020-11-17T17:39:51+00:00","og_image":[{"width":640,"height":360,"url":"https:\/\/www.noticiasradioreflejos.com.ar\/2021\/wp-content\/uploads\/2016\/10\/Suteba-logo-640x360-1.jpg","type":"image\/jpeg"}],"author":"Arnaldo Botto","twitter_card":"summary_large_image","schema":{"@context":"https:\/\/schema.org","@graph":[{"@type":"WebPage","@id":"https:\/\/www.noticiasradioreflejos.com.ar\/2021\/otra-nueva-agresion-de-soledad-acuna-a-la-comunidad-educativa\/","url":"https:\/\/www.noticiasradioreflejos.com.ar\/2021\/otra-nueva-agresion-de-soledad-acuna-a-la-comunidad-educativa\/","name":"Otra nueva agresi\u00f3n de Soledad Acu\u00f1a a la comunidad educativa - Noticias Radio Reflejos","isPartOf":{"@id":"https:\/\/www.noticiasradioreflejos.com.ar\/2021\/#website"},"primaryImageOfPage":{"@id":"https:\/\/www.noticiasradioreflejos.com.ar\/2021\/otra-nueva-agresion-de-soledad-acuna-a-la-comunidad-educativa\/#primaryimage"},"image":{"@id":"https:\/\/www.noticiasradioreflejos.com.ar\/2021\/otra-nueva-agresion-de-soledad-acuna-a-la-comunidad-educativa\/#primaryimage"},"thumbnailUrl":"https:\/\/www.noticiasradioreflejos.com.ar\/2021\/wp-content\/uploads\/2016\/10\/Suteba-logo-640x360-1.jpg","datePublished":"2020-11-17T17:39:51+00:00","author":{"@id":"https:\/\/www.noticiasradioreflejos.com.ar\/2021\/#\/schema\/person\/ad82545263dcc5ec0996818884fd5fb1"},"breadcrumb":{"@id":"https:\/\/www.noticiasradioreflejos.com.ar\/2021\/otra-nueva-agresion-de-soledad-acuna-a-la-comunidad-educativa\/#breadcrumb"},"inLanguage":"es","potentialAction":[{"@type":"ReadAction","target":["https:\/\/www.noticiasradioreflejos.com.ar\/2021\/otra-nueva-agresion-de-soledad-acuna-a-la-comunidad-educativa\/"]}]},{"@type":"ImageObject","inLanguage":"es","@id":"https:\/\/www.noticiasradioreflejos.com.ar\/2021\/otra-nueva-agresion-de-soledad-acuna-a-la-comunidad-educativa\/#primaryimage","url":"https:\/\/www.noticiasradioreflejos.com.ar\/2021\/wp-content\/uploads\/2016\/10\/Suteba-logo-640x360-1.jpg","contentUrl":"https:\/\/www.noticiasradioreflejos.com.ar\/2021\/wp-content\/uploads\/2016\/10\/Suteba-logo-640x360-1.jpg","width":640,"height":360},{"@type":"BreadcrumbList","@id":"https:\/\/www.noticiasradioreflejos.com.ar\/2021\/otra-nueva-agresion-de-soledad-acuna-a-la-comunidad-educativa\/#breadcrumb","itemListElement":[{"@type":"ListItem","position":1,"name":"Portada","item":"https:\/\/www.noticiasradioreflejos.com.ar\/2021\/"},{"@type":"ListItem","position":2,"name":"Otra nueva agresi\u00f3n de Soledad Acu\u00f1a a la comunidad educativa"}]},{"@type":"WebSite","@id":"https:\/\/www.noticiasradioreflejos.com.ar\/2021\/#website","url":"https:\/\/www.noticiasradioreflejos.com.ar\/2021\/","name":"Noticias Radio Reflejos","description":"Las noticias de mi comarca","potentialAction":[{"@type":"SearchAction","target":{"@type":"EntryPoint","urlTemplate":"https:\/\/www.noticiasradioreflejos.com.ar\/2021\/?s={search_term_string}"},"query-input":{"@type":"PropertyValueSpecification","valueRequired":true,"valueName":"search_term_string"}}],"inLanguage":"es"},{"@type":"Person","@id":"https:\/\/www.noticiasradioreflejos.com.ar\/2021\/#\/schema\/person\/ad82545263dcc5ec0996818884fd5fb1","name":"Arnaldo Botto","image":{"@type":"ImageObject","inLanguage":"es","@id":"https:\/\/www.noticiasradioreflejos.com.ar\/2021\/#\/schema\/person\/image\/","url":"https:\/\/secure.gravatar.com\/avatar\/55cb5e37c1efa326397366e6974cb338056df65cb50e7d64d1cf314e87504837?s=96&d=mm&r=g","contentUrl":"https:\/\/secure.gravatar.com\/avatar\/55cb5e37c1efa326397366e6974cb338056df65cb50e7d64d1cf314e87504837?s=96&d=mm&r=g","caption":"Arnaldo Botto"},"url":"https:\/\/www.noticiasradioreflejos.com.ar\/2021\/author\/arnaldo\/"}]}},"_links":{"self":[{"href":"https:\/\/www.noticiasradioreflejos.com.ar\/2021\/wp-json\/wp\/v2\/posts\/49340","targetHints":{"allow":["GET"]}}],"collection":[{"href":"https:\/\/www.noticiasradioreflejos.com.ar\/2021\/wp-json\/wp\/v2\/posts"}],"about":[{"href":"https:\/\/www.noticiasradioreflejos.com.ar\/2021\/wp-json\/wp\/v2\/types\/post"}],"author":[{"embeddable":true,"href":"https:\/\/www.noticiasradioreflejos.com.ar\/2021\/wp-json\/wp\/v2\/users\/3"}],"replies":[{"embeddable":true,"href":"https:\/\/www.noticiasradioreflejos.com.ar\/2021\/wp-json\/wp\/v2\/comments?post=49340"}],"version-history":[{"count":0,"href":"https:\/\/www.noticiasradioreflejos.com.ar\/2021\/wp-json\/wp\/v2\/posts\/49340\/revisions"}],"wp:featuredmedia":[{"embeddable":true,"href":"https:\/\/www.noticiasradioreflejos.com.ar\/2021\/wp-json\/wp\/v2\/media\/2623"}],"wp:attachment":[{"href":"https:\/\/www.noticiasradioreflejos.com.ar\/2021\/wp-json\/wp\/v2\/media?parent=49340"}],"wp:term":[{"taxonomy":"category","embeddable":true,"href":"https:\/\/www.noticiasradioreflejos.com.ar\/2021\/wp-json\/wp\/v2\/categories?post=49340"},{"taxonomy":"post_tag","embeddable":true,"href":"https:\/\/www.noticiasradioreflejos.com.ar\/2021\/wp-json\/wp\/v2\/tags?post=49340"}],"curies":[{"name":"wp","href":"https:\/\/api.w.org\/{rel}","templated":true}]}}