{"id":49295,"date":"2020-11-16T18:11:43","date_gmt":"2020-11-16T21:11:43","guid":{"rendered":"http:\/\/www.noticiasradioreflejos.com.ar\/noticias\/?p=49295"},"modified":"2020-11-16T18:11:43","modified_gmt":"2020-11-16T21:11:43","slug":"cannabis-medicinal-creando-una-autorizacion-a-nivel-local-y-determinando-el-fin-legitimo-como-es-el-cuidado-de-la-salud-se-permite-el-cultivo-local-federico-labarthe","status":"publish","type":"post","link":"https:\/\/www.noticiasradioreflejos.com.ar\/2021\/cannabis-medicinal-creando-una-autorizacion-a-nivel-local-y-determinando-el-fin-legitimo-como-es-el-cuidado-de-la-salud-se-permite-el-cultivo-local-federico-labarthe\/","title":{"rendered":"Cannabis medicinal: \u00abCreando una autorizaci\u00f3n a nivel local y determinando el fin leg\u00edtimo, como es el cuidado de la salud, se permite el cultivo local\u00bb &#8211; Federico Labarthe"},"content":{"rendered":"<p>A partir de la despenalizaci\u00f3n del cultivo de cannabis para el uso medicinal y su venta en farmacias, esta ma\u00f1ana conversamos con <strong>Federico Labarthe<\/strong>, uno de los activistas de la causa en nuestro distrito.<!--more--><br \/>\n\u00abEstamos muy contentos porque la legislaci\u00f3n es a\u00fan m\u00e1s abarcativa de lo que ten\u00edamos conocimiento\u00bb mencion\u00f3 Federico al expresar su emoci\u00f3n cuando se enter\u00f3 de lo ocurrido. \u00abEsta reglamentaci\u00f3n es muy justa y creo que es un gran avance\u00bb.<\/p>\n<p>Federico nos cont\u00f3 que \u00e9l comenz\u00f3 a involucrarse en el autocultivo de cannabis porque su mujer tiene fibromialgia y artrosis. \u00abHemos hecho de todo tipo de tratamiento y sali\u00f3 este tema. En principio, me pareci\u00f3 una locura. Tengo una formaci\u00f3n y un preconcepto de todo esto que me imped\u00eda pensar que esto pod\u00eda ser una alternativa. Pero cuando sali\u00f3 la ley en 2017 me empec\u00e9 a interiorizar m\u00e1s en el tema\u00bb coment\u00f3.<\/p>\n<p>En sus comienzos, Federico se contact\u00f3 con la ONG Bahiense \u00abCannabis Medicinal Bah\u00eda Blanca\u00bb para organizar una reuni\u00f3n donde se invit\u00f3 a la gente de salud del pueblo, un m\u00e9dico y un encargado de farmacognosia. \u00abNos explicaron todo el tema legal y ah\u00ed organizamos la primer charla en el Teatro Municipal en Diciembre del 2017, que fue un exitazo\u00bb cont\u00f3.<\/p>\n<p>\u00abEl primer proyecto que mete Cristian Raitzing como concejal en 2018 fue el de la adhesi\u00f3n a la ley Nacional y que el Municipio haga acuerdos para poder investigar, estudiar y producir cannabis\u00bb. Federico confiesa que, a partir de ese momento, adem\u00e1s de empezar a cultivar algunas plantas, se encargaron de hacer cursos y talleres semi-clandestinos para ense\u00f1arle a la gente c\u00f3mo cultivar y c\u00f3mo producir cremas y aceites. \u00abLa cosa se fue agrandando hasta que a principio de este a\u00f1o se dio el boom con los allanamientos y dem\u00e1s\u00bb coment\u00f3 entre risas.<\/p>\n<p>\u00abSiempre supimos que toda legislaci\u00f3n siempre tuvo grises. Pero fuimos encontrando que los grises fueron tirando cada vez m\u00e1s al blanco. Lo que no estaba permitido es el uso y el cultivo sin autorizaci\u00f3n y sin fines leg\u00edtimos. Creando una autorizaci\u00f3n a nivel local y determinando el fin leg\u00edtimo como es el cuidado de la salud, se permite el cultivo local\u00bb explica Federico la parte legal. Aunque, esto no quiere decir que cualquier persona puede cultivar. Lo puede hacer todo el mundo que tenga una prescripci\u00f3n m\u00e9dica.<\/p>\n<p>Federico opina que \u00abhay algunos sectores que quieren enviar el negocio a un sector espec\u00edfico\u00bb, haciendo referencia a que, ante la despenalizaci\u00f3n del cultivo, quieren hacerle creer a la gente a que si los aceites y las cremas no se realizan en alg\u00fan laboratorio x, beneficiando a la industria farmac\u00e9utica, es peligroso para quien lo consuma. \u00abCon esto no quiero decir que lo puede hacer cualquiera, pero no es ning\u00fan cuco la producci\u00f3n\u00bb.<\/p>\n<p>Adem\u00e1s, Federico explica que es muy importante la regulaci\u00f3n de la producci\u00f3n y la venta ya que la gente, al no saber lo que est\u00e1n comprando, consumen cosas que no ayudan a mejorar su salud. \u00abEl s\u00e1bado analizamos en el hospital 3 aceites y uno no ten\u00eda nada de cannabinoides, y a la gente le venden eso\u00bb coment\u00f3.<\/p>\n<p>Por otra parte, Labarthe explica cu\u00e1l es su situaci\u00f3n penal luego de haber sido detenido por tenencia de cannabis. \u00abEl fiscal reconoci\u00f3 que los vecinos no ten\u00edan nada que ver pero nunca devolvi\u00f3 las cosas\u00bb cont\u00f3. El sobresimiento est\u00e1 basado en que est\u00e1 prohibido sin autorizaci\u00f3n y sin un fin de buena f\u00e9 la utilizaci\u00f3n y el cultivo de cannabis. Al haber un fin, se entender\u00eda que no deber\u00eda estar prohibido. \u00abLa m\u00eda ser\u00eda una situaci\u00f3n de ampliaci\u00f3n de derechos\u00bb explic\u00f3.<\/p>\n<p>La situaci\u00f3n de Federico en el INTA es la siguiente: \u00abHice un principio de demanda y el INTA me la revoc\u00f3. Luego, hice una ampliaci\u00f3n de esa requisitoria y el INTA tuvo que mandar a pedir ayuda a la asesor\u00eda legal. Sigo esperando a que se termine esta cuarentena porque las oficinas p\u00fablicas est\u00e1n sin trabajar\u00bb.<\/p>\n<p>Finalmente, Federico informa que el d\u00eda 21\/11 a las 18 hs habr\u00e1 una movilizaci\u00f3n en el pueblo a partir de la marcha nacional por el d\u00eda del cannabis. \u00abNos vamos a juntar en la plaza. Toda la gente que tenga dudas, se las vamos a tratar de contestar y , si se puede, vamos a tratar de entregarle alguna semilla a todos los que tengan alguna recomendaci\u00f3n m\u00e9dica\u00bb.<\/p>\n<p>Nota completa a continuaci\u00f3n:<br \/>\n<iframe loading=\"lazy\" src=\"https:\/\/w.soundcloud.com\/player\/?url=https%3A\/\/api.soundcloud.com\/tracks\/930255808&amp;color=%23ff5500&amp;auto_play=false&amp;hide_related=false&amp;show_comments=true&amp;show_user=true&amp;show_reposts=false&amp;show_teaser=true\" width=\"100%\" height=\"166\" frameborder=\"no\" scrolling=\"no\"><\/iframe><\/p>\n<div style=\"font-size: 10px; color: #cccccc; line-break: anywhere; word-break: normal; overflow: hidden; white-space: nowrap; text-overflow: ellipsis; font-family: Interstate,Lucida Grande,Lucida Sans Unicode,Lucida Sans,Garuda,Verdana,Tahoma,sans-serif; font-weight: 100;\"><a style=\"color: #cccccc; text-decoration: none;\" title=\"fmreflejos 103.7\" href=\"https:\/\/soundcloud.com\/fmreflejos-103-7\" target=\"_blank\" rel=\"noopener\">fmreflejos 103.7<\/a> \u00b7 <a style=\"color: #cccccc; text-decoration: none;\" title=\"Nota Federico Labarthe\" href=\"https:\/\/soundcloud.com\/fmreflejos-103-7\/nota-federico-labarthe-1\" target=\"_blank\" rel=\"noopener\">Nota Federico Labarthe<\/a><\/div>\n","protected":false},"excerpt":{"rendered":"<p>A partir de la despenalizaci\u00f3n del cultivo de cannabis para el uso medicinal y su venta en farmacias, esta ma\u00f1ana conversamos con Federico Labarthe, uno de los activistas de la causa en nuestro distrito.<\/p>\n","protected":false},"author":3,"featured_media":0,"comment_status":"closed","ping_status":"open","sticky":false,"template":"","format":"standard","meta":{"footnotes":""},"categories":[30,26],"tags":[],"class_list":["post-49295","post","type-post","status-publish","format-standard","hentry","category-salud","category-sociedad"],"yoast_head":"<!-- This site is optimized with the Yoast SEO plugin v25.9 - https:\/\/yoast.com\/wordpress\/plugins\/seo\/ -->\n<title>Cannabis medicinal: &quot;Creando una autorizaci\u00f3n a nivel local y determinando el fin leg\u00edtimo, como es el cuidado de la salud, se permite el cultivo local&quot; - Federico Labarthe - Noticias Radio Reflejos<\/title>\n<meta name=\"robots\" content=\"index, follow, max-snippet:-1, max-image-preview:large, max-video-preview:-1\" \/>\n<link rel=\"canonical\" href=\"https:\/\/www.noticiasradioreflejos.com.ar\/2021\/cannabis-medicinal-creando-una-autorizacion-a-nivel-local-y-determinando-el-fin-legitimo-como-es-el-cuidado-de-la-salud-se-permite-el-cultivo-local-federico-labarthe\/\" \/>\n<meta property=\"og:locale\" content=\"es_ES\" \/>\n<meta property=\"og:type\" content=\"article\" \/>\n<meta property=\"og:title\" content=\"Cannabis medicinal: &quot;Creando una autorizaci\u00f3n a nivel local y determinando el fin leg\u00edtimo, como es el cuidado de la salud, se permite el cultivo local&quot; - Federico Labarthe - Noticias Radio Reflejos\" \/>\n<meta property=\"og:description\" content=\"A partir de la despenalizaci\u00f3n del cultivo de cannabis para el uso medicinal y su venta en farmacias, esta ma\u00f1ana conversamos con Federico Labarthe, uno de los activistas de la causa en nuestro distrito.\" \/>\n<meta property=\"og:url\" content=\"https:\/\/www.noticiasradioreflejos.com.ar\/2021\/cannabis-medicinal-creando-una-autorizacion-a-nivel-local-y-determinando-el-fin-legitimo-como-es-el-cuidado-de-la-salud-se-permite-el-cultivo-local-federico-labarthe\/\" \/>\n<meta property=\"og:site_name\" content=\"Noticias Radio Reflejos\" \/>\n<meta property=\"article:published_time\" content=\"2020-11-16T21:11:43+00:00\" \/>\n<meta property=\"og:image\" content=\"https:\/\/www.noticiasradioreflejos.com.ar\/2021\/wp-content\/uploads\/2021\/07\/logosol300x200.png\" \/>\n\t<meta property=\"og:image:width\" content=\"300\" \/>\n\t<meta property=\"og:image:height\" content=\"200\" \/>\n\t<meta property=\"og:image:type\" content=\"image\/png\" \/>\n<meta name=\"author\" content=\"Arnaldo Botto\" \/>\n<meta name=\"twitter:card\" content=\"summary_large_image\" \/>\n<script type=\"application\/ld+json\" class=\"yoast-schema-graph\">{\"@context\":\"https:\/\/schema.org\",\"@graph\":[{\"@type\":\"WebPage\",\"@id\":\"https:\/\/www.noticiasradioreflejos.com.ar\/2021\/cannabis-medicinal-creando-una-autorizacion-a-nivel-local-y-determinando-el-fin-legitimo-como-es-el-cuidado-de-la-salud-se-permite-el-cultivo-local-federico-labarthe\/\",\"url\":\"https:\/\/www.noticiasradioreflejos.com.ar\/2021\/cannabis-medicinal-creando-una-autorizacion-a-nivel-local-y-determinando-el-fin-legitimo-como-es-el-cuidado-de-la-salud-se-permite-el-cultivo-local-federico-labarthe\/\",\"name\":\"Cannabis medicinal: \\\"Creando una autorizaci\u00f3n a nivel local y determinando el fin leg\u00edtimo, como es el cuidado de la salud, se permite el cultivo local\\\" - Federico Labarthe - Noticias Radio Reflejos\",\"isPartOf\":{\"@id\":\"https:\/\/www.noticiasradioreflejos.com.ar\/2021\/#website\"},\"datePublished\":\"2020-11-16T21:11:43+00:00\",\"author\":{\"@id\":\"https:\/\/www.noticiasradioreflejos.com.ar\/2021\/#\/schema\/person\/ad82545263dcc5ec0996818884fd5fb1\"},\"breadcrumb\":{\"@id\":\"https:\/\/www.noticiasradioreflejos.com.ar\/2021\/cannabis-medicinal-creando-una-autorizacion-a-nivel-local-y-determinando-el-fin-legitimo-como-es-el-cuidado-de-la-salud-se-permite-el-cultivo-local-federico-labarthe\/#breadcrumb\"},\"inLanguage\":\"es\",\"potentialAction\":[{\"@type\":\"ReadAction\",\"target\":[\"https:\/\/www.noticiasradioreflejos.com.ar\/2021\/cannabis-medicinal-creando-una-autorizacion-a-nivel-local-y-determinando-el-fin-legitimo-como-es-el-cuidado-de-la-salud-se-permite-el-cultivo-local-federico-labarthe\/\"]}]},{\"@type\":\"BreadcrumbList\",\"@id\":\"https:\/\/www.noticiasradioreflejos.com.ar\/2021\/cannabis-medicinal-creando-una-autorizacion-a-nivel-local-y-determinando-el-fin-legitimo-como-es-el-cuidado-de-la-salud-se-permite-el-cultivo-local-federico-labarthe\/#breadcrumb\",\"itemListElement\":[{\"@type\":\"ListItem\",\"position\":1,\"name\":\"Portada\",\"item\":\"https:\/\/www.noticiasradioreflejos.com.ar\/2021\/\"},{\"@type\":\"ListItem\",\"position\":2,\"name\":\"Cannabis medicinal: \u00abCreando una autorizaci\u00f3n a nivel local y determinando el fin leg\u00edtimo, como es el cuidado de la salud, se permite el cultivo local\u00bb &#8211; Federico Labarthe\"}]},{\"@type\":\"WebSite\",\"@id\":\"https:\/\/www.noticiasradioreflejos.com.ar\/2021\/#website\",\"url\":\"https:\/\/www.noticiasradioreflejos.com.ar\/2021\/\",\"name\":\"Noticias Radio Reflejos\",\"description\":\"Las noticias de mi comarca\",\"potentialAction\":[{\"@type\":\"SearchAction\",\"target\":{\"@type\":\"EntryPoint\",\"urlTemplate\":\"https:\/\/www.noticiasradioreflejos.com.ar\/2021\/?s={search_term_string}\"},\"query-input\":{\"@type\":\"PropertyValueSpecification\",\"valueRequired\":true,\"valueName\":\"search_term_string\"}}],\"inLanguage\":\"es\"},{\"@type\":\"Person\",\"@id\":\"https:\/\/www.noticiasradioreflejos.com.ar\/2021\/#\/schema\/person\/ad82545263dcc5ec0996818884fd5fb1\",\"name\":\"Arnaldo Botto\",\"image\":{\"@type\":\"ImageObject\",\"inLanguage\":\"es\",\"@id\":\"https:\/\/www.noticiasradioreflejos.com.ar\/2021\/#\/schema\/person\/image\/\",\"url\":\"https:\/\/secure.gravatar.com\/avatar\/55cb5e37c1efa326397366e6974cb338056df65cb50e7d64d1cf314e87504837?s=96&d=mm&r=g\",\"contentUrl\":\"https:\/\/secure.gravatar.com\/avatar\/55cb5e37c1efa326397366e6974cb338056df65cb50e7d64d1cf314e87504837?s=96&d=mm&r=g\",\"caption\":\"Arnaldo Botto\"},\"url\":\"https:\/\/www.noticiasradioreflejos.com.ar\/2021\/author\/arnaldo\/\"}]}<\/script>\n<!-- \/ Yoast SEO plugin. -->","yoast_head_json":{"title":"Cannabis medicinal: \"Creando una autorizaci\u00f3n a nivel local y determinando el fin leg\u00edtimo, como es el cuidado de la salud, se permite el cultivo local\" - Federico Labarthe - Noticias Radio Reflejos","robots":{"index":"index","follow":"follow","max-snippet":"max-snippet:-1","max-image-preview":"max-image-preview:large","max-video-preview":"max-video-preview:-1"},"canonical":"https:\/\/www.noticiasradioreflejos.com.ar\/2021\/cannabis-medicinal-creando-una-autorizacion-a-nivel-local-y-determinando-el-fin-legitimo-como-es-el-cuidado-de-la-salud-se-permite-el-cultivo-local-federico-labarthe\/","og_locale":"es_ES","og_type":"article","og_title":"Cannabis medicinal: \"Creando una autorizaci\u00f3n a nivel local y determinando el fin leg\u00edtimo, como es el cuidado de la salud, se permite el cultivo local\" - Federico Labarthe - Noticias Radio Reflejos","og_description":"A partir de la despenalizaci\u00f3n del cultivo de cannabis para el uso medicinal y su venta en farmacias, esta ma\u00f1ana conversamos con Federico Labarthe, uno de los activistas de la causa en nuestro distrito.","og_url":"https:\/\/www.noticiasradioreflejos.com.ar\/2021\/cannabis-medicinal-creando-una-autorizacion-a-nivel-local-y-determinando-el-fin-legitimo-como-es-el-cuidado-de-la-salud-se-permite-el-cultivo-local-federico-labarthe\/","og_site_name":"Noticias Radio Reflejos","article_published_time":"2020-11-16T21:11:43+00:00","og_image":[{"width":300,"height":200,"url":"https:\/\/www.noticiasradioreflejos.com.ar\/2021\/wp-content\/uploads\/2021\/07\/logosol300x200.png","type":"image\/png"}],"author":"Arnaldo Botto","twitter_card":"summary_large_image","schema":{"@context":"https:\/\/schema.org","@graph":[{"@type":"WebPage","@id":"https:\/\/www.noticiasradioreflejos.com.ar\/2021\/cannabis-medicinal-creando-una-autorizacion-a-nivel-local-y-determinando-el-fin-legitimo-como-es-el-cuidado-de-la-salud-se-permite-el-cultivo-local-federico-labarthe\/","url":"https:\/\/www.noticiasradioreflejos.com.ar\/2021\/cannabis-medicinal-creando-una-autorizacion-a-nivel-local-y-determinando-el-fin-legitimo-como-es-el-cuidado-de-la-salud-se-permite-el-cultivo-local-federico-labarthe\/","name":"Cannabis medicinal: \"Creando una autorizaci\u00f3n a nivel local y determinando el fin leg\u00edtimo, como es el cuidado de la salud, se permite el cultivo local\" - Federico Labarthe - Noticias Radio Reflejos","isPartOf":{"@id":"https:\/\/www.noticiasradioreflejos.com.ar\/2021\/#website"},"datePublished":"2020-11-16T21:11:43+00:00","author":{"@id":"https:\/\/www.noticiasradioreflejos.com.ar\/2021\/#\/schema\/person\/ad82545263dcc5ec0996818884fd5fb1"},"breadcrumb":{"@id":"https:\/\/www.noticiasradioreflejos.com.ar\/2021\/cannabis-medicinal-creando-una-autorizacion-a-nivel-local-y-determinando-el-fin-legitimo-como-es-el-cuidado-de-la-salud-se-permite-el-cultivo-local-federico-labarthe\/#breadcrumb"},"inLanguage":"es","potentialAction":[{"@type":"ReadAction","target":["https:\/\/www.noticiasradioreflejos.com.ar\/2021\/cannabis-medicinal-creando-una-autorizacion-a-nivel-local-y-determinando-el-fin-legitimo-como-es-el-cuidado-de-la-salud-se-permite-el-cultivo-local-federico-labarthe\/"]}]},{"@type":"BreadcrumbList","@id":"https:\/\/www.noticiasradioreflejos.com.ar\/2021\/cannabis-medicinal-creando-una-autorizacion-a-nivel-local-y-determinando-el-fin-legitimo-como-es-el-cuidado-de-la-salud-se-permite-el-cultivo-local-federico-labarthe\/#breadcrumb","itemListElement":[{"@type":"ListItem","position":1,"name":"Portada","item":"https:\/\/www.noticiasradioreflejos.com.ar\/2021\/"},{"@type":"ListItem","position":2,"name":"Cannabis medicinal: \u00abCreando una autorizaci\u00f3n a nivel local y determinando el fin leg\u00edtimo, como es el cuidado de la salud, se permite el cultivo local\u00bb &#8211; Federico Labarthe"}]},{"@type":"WebSite","@id":"https:\/\/www.noticiasradioreflejos.com.ar\/2021\/#website","url":"https:\/\/www.noticiasradioreflejos.com.ar\/2021\/","name":"Noticias Radio Reflejos","description":"Las noticias de mi comarca","potentialAction":[{"@type":"SearchAction","target":{"@type":"EntryPoint","urlTemplate":"https:\/\/www.noticiasradioreflejos.com.ar\/2021\/?s={search_term_string}"},"query-input":{"@type":"PropertyValueSpecification","valueRequired":true,"valueName":"search_term_string"}}],"inLanguage":"es"},{"@type":"Person","@id":"https:\/\/www.noticiasradioreflejos.com.ar\/2021\/#\/schema\/person\/ad82545263dcc5ec0996818884fd5fb1","name":"Arnaldo Botto","image":{"@type":"ImageObject","inLanguage":"es","@id":"https:\/\/www.noticiasradioreflejos.com.ar\/2021\/#\/schema\/person\/image\/","url":"https:\/\/secure.gravatar.com\/avatar\/55cb5e37c1efa326397366e6974cb338056df65cb50e7d64d1cf314e87504837?s=96&d=mm&r=g","contentUrl":"https:\/\/secure.gravatar.com\/avatar\/55cb5e37c1efa326397366e6974cb338056df65cb50e7d64d1cf314e87504837?s=96&d=mm&r=g","caption":"Arnaldo Botto"},"url":"https:\/\/www.noticiasradioreflejos.com.ar\/2021\/author\/arnaldo\/"}]}},"_links":{"self":[{"href":"https:\/\/www.noticiasradioreflejos.com.ar\/2021\/wp-json\/wp\/v2\/posts\/49295","targetHints":{"allow":["GET"]}}],"collection":[{"href":"https:\/\/www.noticiasradioreflejos.com.ar\/2021\/wp-json\/wp\/v2\/posts"}],"about":[{"href":"https:\/\/www.noticiasradioreflejos.com.ar\/2021\/wp-json\/wp\/v2\/types\/post"}],"author":[{"embeddable":true,"href":"https:\/\/www.noticiasradioreflejos.com.ar\/2021\/wp-json\/wp\/v2\/users\/3"}],"replies":[{"embeddable":true,"href":"https:\/\/www.noticiasradioreflejos.com.ar\/2021\/wp-json\/wp\/v2\/comments?post=49295"}],"version-history":[{"count":0,"href":"https:\/\/www.noticiasradioreflejos.com.ar\/2021\/wp-json\/wp\/v2\/posts\/49295\/revisions"}],"wp:attachment":[{"href":"https:\/\/www.noticiasradioreflejos.com.ar\/2021\/wp-json\/wp\/v2\/media?parent=49295"}],"wp:term":[{"taxonomy":"category","embeddable":true,"href":"https:\/\/www.noticiasradioreflejos.com.ar\/2021\/wp-json\/wp\/v2\/categories?post=49295"},{"taxonomy":"post_tag","embeddable":true,"href":"https:\/\/www.noticiasradioreflejos.com.ar\/2021\/wp-json\/wp\/v2\/tags?post=49295"}],"curies":[{"name":"wp","href":"https:\/\/api.w.org\/{rel}","templated":true}]}}