{"id":49292,"date":"2020-11-16T16:02:03","date_gmt":"2020-11-16T19:02:03","guid":{"rendered":"http:\/\/www.noticiasradioreflejos.com.ar\/noticias\/?p=49292"},"modified":"2020-11-16T16:02:03","modified_gmt":"2020-11-16T19:02:03","slug":"docentes-denuncian-que-no-pueden-acceder-a-credito-para-compra-de-computadoras-que-nacion-lanzo-para-el-sector","status":"publish","type":"post","link":"https:\/\/www.noticiasradioreflejos.com.ar\/2021\/docentes-denuncian-que-no-pueden-acceder-a-credito-para-compra-de-computadoras-que-nacion-lanzo-para-el-sector\/","title":{"rendered":"Docentes denuncian que no pueden acceder a cr\u00e9dito para compra de computadoras que Naci\u00f3n lanz\u00f3 para el sector"},"content":{"rendered":"<p><a title=\"Norberto Heyaca FAGDUT\" href=\"http:\/\/live.staticflickr.com\/65535\/50610840627_19466bf396_s.jpg\" rel=\"\"><img loading=\"lazy\" decoding=\"async\" class=\"alignleft\" style=\"float: left;\" title=\"Norberto Heyaca FAGDUT\" src=\"http:\/\/live.staticflickr.com\/65535\/50610840627_19466bf396.jpg\" alt=\"Norberto Heyaca FAGDUT\" width=\"500\" height=\"332\" \/><\/a>La federaci\u00f3n que nuclea a los docentes de las 32 sedes de la Universidad Tecnol\u00f3gica Nacional (FAGDUT) reclam\u00f3 hoy que una gran cantidad de profesores universitarios no pudieron acceder a los cr\u00e9ditos para compra de equipos inform\u00e1ticos que lanzaron el Banco Naci\u00f3n y el Ministerio de Educaci\u00f3n &#8211; programa acordado en la negociaci\u00f3n paritaria con los sindicatos universitarios &#8211; por razones de edad. Asimismo, desde el gremio dijeron que es \u201cins\u00f3lito que el empleador ponga condiciones et\u00e1reas en un cr\u00e9dito para comprar las propias herramientas de trabajo\u201d, y propusieron ser garantes de los afiliados que fueron rechazados.<!--more--><br \/>\nA principios del mes pasado, el Banco de la Naci\u00f3n Argentina y el Ministerio de Educaci\u00f3n nacional lanzaron una l\u00ednea de cr\u00e9dito espec\u00edfica para docentes de universidades p\u00fablicas destinada a la compra de computadoras de escritorio, notebooks y tablets &#8211; de las empresas que participan en el programa &#8211; con una tasa subsidiada del 12% nominal anual.<br \/>\n\u201cEl cr\u00e9dito viene a reemplazar justamente la no provisi\u00f3n por parte del empleador del equipamiento y las condiciones de acceso a este cr\u00e9dito deber\u00edan ser mucho m\u00e1s amplias\u201d, manifest\u00f3 el secretario General de FAGDUT, Ing. Norberto Heyaca, y agreg\u00f3: \u201cNosotros como gremio nos ofrecemos como garantes del cr\u00e9dito para los afiliados a los que no se les permite acceder al mismo por cuesti\u00f3n et\u00e1rea\u201d.<br \/>\nEl plazo \u00fanico para cancelar el cr\u00e9dito es de 36 meses en cuotas fijas. Y aqu\u00ed est\u00e1 el problema: porque implica que un docente con 62 a\u00f1os de edad cumplidos no puede acceder al cr\u00e9dito, ya que el Banco Naci\u00f3n consider\u00f3 como l\u00edmite etario la edad m\u00e1xima de 65 a\u00f1os. Pero se trata de un grave error, ya que la edad m\u00e1xima prevista para la jubilaci\u00f3n en el r\u00e9gimen de los docentes es de 70 a\u00f1os, con lo cual la edad m\u00e1xima para solicitar el cr\u00e9dito hubiese debido ser, en todo caso, fijada en 67 a\u00f1os.<br \/>\n\u201cUna iniciativa que buscaba tender un puente para facilitar que los docentes tengamos las herramientas necesarias para la modalidad de teletrabajo, termin\u00f3 siendo contraproducente, porque al final nos encontramos con una gran cantidad de compa\u00f1eros que no pudieron acceder al cr\u00e9dito\u201d, explic\u00f3 el titular de FAGDUT.<br \/>\nEstos cr\u00e9ditos para profesores universitarios tienen un monto m\u00e1ximo de hasta 150 mil pesos, en el caso de cobrar sus haberes en el Banco Naci\u00f3n, y de hasta 125 mil pesos para quienes lo hacen en otros bancos.<\/p>\n<p>\u201cEl programa contempla una oferta de equipos electr\u00f3nicos costosos que a los docentes se nos dificulta mucho comprar sino tuvi\u00e9semos el cr\u00e9dito\u201d, acot\u00f3 el dirigente gremial. Asimismo, desde la entidad sindical contaron que cuando empez\u00f3 el aislamiento se hizo un acompa\u00f1amiento \u201cmuy fuerte\u201d a los docentes afiliados \u201cdando cr\u00e9ditos sin ning\u00fan otro requisito que ser afiliado para sanear la necesidad de equipamiento\u201d y \u201ccapacitaciones de diversa \u00edndole para adecuarse a esta nueva modalidad de trabajo\u201d.<br \/>\n\u201cA base de mucho esfuerzo logramos suplir la presencialidad y consideramos que este accionar de la docencia es digno de reconocimiento, ya que adaptamos la ense\u00f1anza al contexto\u201d, indic\u00f3 el secretario General de FAGDUT, y sobre el cr\u00e9dito que lanz\u00f3 el Gobierno Nacional opin\u00f3: \u201cAnte una nueva muestra de colaboraci\u00f3n que estamos haciendo los docentes universitarios, encontramos una traba. Nadie nos consult\u00f3 sobre las condiciones del cr\u00e9dito antes que saliera\u201d.<br \/>\n\u201cPor m\u00e1s que el inter\u00e9s sea accesible \u2013 tasa 12% nominal anual &#8211; tambi\u00e9n podr\u00edamos discutir si corresponder\u00eda que el empleador nos cobre inter\u00e9s para equiparnos para hacer nuestro trabajo, sacando de lado de que como gremio creemos que se nos deber\u00eda proveer el equipamiento necesario para llevar adelante el teletrabajo\u201d, expres\u00f3 el ingeniero Heyaca, y ejemplific\u00f3: \u201cEs como que a un alba\u00f1il se le pida que compre su propia m\u00e1quina hormigonera para trabajar en la obra\u201d.<\/p>\n","protected":false},"excerpt":{"rendered":"<p>La federaci\u00f3n que nuclea a los docentes de las 32 sedes de la Universidad Tecnol\u00f3gica Nacional (FAGDUT) reclam\u00f3 hoy que una gran cantidad de profesores universitarios no pudieron acceder a los cr\u00e9ditos para compra de equipos inform\u00e1ticos que lanzaron el Banco Naci\u00f3n y el Ministerio de Educaci\u00f3n &#8211; programa acordado en la negociaci\u00f3n paritaria con [&hellip;]<\/p>\n","protected":false},"author":3,"featured_media":0,"comment_status":"closed","ping_status":"open","sticky":false,"template":"","format":"standard","meta":{"footnotes":""},"categories":[24],"tags":[],"class_list":["post-49292","post","type-post","status-publish","format-standard","hentry","category-politica"],"yoast_head":"<!-- This site is optimized with the Yoast SEO plugin v25.9 - https:\/\/yoast.com\/wordpress\/plugins\/seo\/ -->\n<title>Docentes denuncian que no pueden acceder a cr\u00e9dito para compra de computadoras que Naci\u00f3n lanz\u00f3 para el sector - Noticias Radio Reflejos<\/title>\n<meta name=\"robots\" content=\"index, follow, max-snippet:-1, max-image-preview:large, max-video-preview:-1\" \/>\n<link rel=\"canonical\" href=\"https:\/\/www.noticiasradioreflejos.com.ar\/2021\/docentes-denuncian-que-no-pueden-acceder-a-credito-para-compra-de-computadoras-que-nacion-lanzo-para-el-sector\/\" \/>\n<meta property=\"og:locale\" content=\"es_ES\" \/>\n<meta property=\"og:type\" content=\"article\" \/>\n<meta property=\"og:title\" content=\"Docentes denuncian que no pueden acceder a cr\u00e9dito para compra de computadoras que Naci\u00f3n lanz\u00f3 para el sector - Noticias Radio Reflejos\" \/>\n<meta property=\"og:description\" content=\"La federaci\u00f3n que nuclea a los docentes de las 32 sedes de la Universidad Tecnol\u00f3gica Nacional (FAGDUT) reclam\u00f3 hoy que una gran cantidad de profesores universitarios no pudieron acceder a los cr\u00e9ditos para compra de equipos inform\u00e1ticos que lanzaron el Banco Naci\u00f3n y el Ministerio de Educaci\u00f3n &#8211; programa acordado en la negociaci\u00f3n paritaria con [&hellip;]\" \/>\n<meta property=\"og:url\" content=\"https:\/\/www.noticiasradioreflejos.com.ar\/2021\/docentes-denuncian-que-no-pueden-acceder-a-credito-para-compra-de-computadoras-que-nacion-lanzo-para-el-sector\/\" \/>\n<meta property=\"og:site_name\" content=\"Noticias Radio Reflejos\" \/>\n<meta property=\"article:published_time\" content=\"2020-11-16T19:02:03+00:00\" \/>\n<meta property=\"og:image\" content=\"http:\/\/live.staticflickr.com\/65535\/50610840627_19466bf396.jpg\" \/>\n<meta name=\"author\" content=\"Arnaldo Botto\" \/>\n<meta name=\"twitter:card\" content=\"summary_large_image\" \/>\n<script type=\"application\/ld+json\" class=\"yoast-schema-graph\">{\"@context\":\"https:\/\/schema.org\",\"@graph\":[{\"@type\":\"WebPage\",\"@id\":\"https:\/\/www.noticiasradioreflejos.com.ar\/2021\/docentes-denuncian-que-no-pueden-acceder-a-credito-para-compra-de-computadoras-que-nacion-lanzo-para-el-sector\/\",\"url\":\"https:\/\/www.noticiasradioreflejos.com.ar\/2021\/docentes-denuncian-que-no-pueden-acceder-a-credito-para-compra-de-computadoras-que-nacion-lanzo-para-el-sector\/\",\"name\":\"Docentes denuncian que no pueden acceder a cr\u00e9dito para compra de computadoras que Naci\u00f3n lanz\u00f3 para el sector - Noticias Radio Reflejos\",\"isPartOf\":{\"@id\":\"https:\/\/www.noticiasradioreflejos.com.ar\/2021\/#website\"},\"primaryImageOfPage\":{\"@id\":\"https:\/\/www.noticiasradioreflejos.com.ar\/2021\/docentes-denuncian-que-no-pueden-acceder-a-credito-para-compra-de-computadoras-que-nacion-lanzo-para-el-sector\/#primaryimage\"},\"image\":{\"@id\":\"https:\/\/www.noticiasradioreflejos.com.ar\/2021\/docentes-denuncian-que-no-pueden-acceder-a-credito-para-compra-de-computadoras-que-nacion-lanzo-para-el-sector\/#primaryimage\"},\"thumbnailUrl\":\"http:\/\/live.staticflickr.com\/65535\/50610840627_19466bf396.jpg\",\"datePublished\":\"2020-11-16T19:02:03+00:00\",\"author\":{\"@id\":\"https:\/\/www.noticiasradioreflejos.com.ar\/2021\/#\/schema\/person\/ad82545263dcc5ec0996818884fd5fb1\"},\"breadcrumb\":{\"@id\":\"https:\/\/www.noticiasradioreflejos.com.ar\/2021\/docentes-denuncian-que-no-pueden-acceder-a-credito-para-compra-de-computadoras-que-nacion-lanzo-para-el-sector\/#breadcrumb\"},\"inLanguage\":\"es\",\"potentialAction\":[{\"@type\":\"ReadAction\",\"target\":[\"https:\/\/www.noticiasradioreflejos.com.ar\/2021\/docentes-denuncian-que-no-pueden-acceder-a-credito-para-compra-de-computadoras-que-nacion-lanzo-para-el-sector\/\"]}]},{\"@type\":\"ImageObject\",\"inLanguage\":\"es\",\"@id\":\"https:\/\/www.noticiasradioreflejos.com.ar\/2021\/docentes-denuncian-que-no-pueden-acceder-a-credito-para-compra-de-computadoras-que-nacion-lanzo-para-el-sector\/#primaryimage\",\"url\":\"http:\/\/live.staticflickr.com\/65535\/50610840627_19466bf396.jpg\",\"contentUrl\":\"http:\/\/live.staticflickr.com\/65535\/50610840627_19466bf396.jpg\"},{\"@type\":\"BreadcrumbList\",\"@id\":\"https:\/\/www.noticiasradioreflejos.com.ar\/2021\/docentes-denuncian-que-no-pueden-acceder-a-credito-para-compra-de-computadoras-que-nacion-lanzo-para-el-sector\/#breadcrumb\",\"itemListElement\":[{\"@type\":\"ListItem\",\"position\":1,\"name\":\"Portada\",\"item\":\"https:\/\/www.noticiasradioreflejos.com.ar\/2021\/\"},{\"@type\":\"ListItem\",\"position\":2,\"name\":\"Docentes denuncian que no pueden acceder a cr\u00e9dito para compra de computadoras que Naci\u00f3n lanz\u00f3 para el sector\"}]},{\"@type\":\"WebSite\",\"@id\":\"https:\/\/www.noticiasradioreflejos.com.ar\/2021\/#website\",\"url\":\"https:\/\/www.noticiasradioreflejos.com.ar\/2021\/\",\"name\":\"Noticias Radio Reflejos\",\"description\":\"Las noticias de mi comarca\",\"potentialAction\":[{\"@type\":\"SearchAction\",\"target\":{\"@type\":\"EntryPoint\",\"urlTemplate\":\"https:\/\/www.noticiasradioreflejos.com.ar\/2021\/?s={search_term_string}\"},\"query-input\":{\"@type\":\"PropertyValueSpecification\",\"valueRequired\":true,\"valueName\":\"search_term_string\"}}],\"inLanguage\":\"es\"},{\"@type\":\"Person\",\"@id\":\"https:\/\/www.noticiasradioreflejos.com.ar\/2021\/#\/schema\/person\/ad82545263dcc5ec0996818884fd5fb1\",\"name\":\"Arnaldo Botto\",\"image\":{\"@type\":\"ImageObject\",\"inLanguage\":\"es\",\"@id\":\"https:\/\/www.noticiasradioreflejos.com.ar\/2021\/#\/schema\/person\/image\/\",\"url\":\"https:\/\/secure.gravatar.com\/avatar\/55cb5e37c1efa326397366e6974cb338056df65cb50e7d64d1cf314e87504837?s=96&d=mm&r=g\",\"contentUrl\":\"https:\/\/secure.gravatar.com\/avatar\/55cb5e37c1efa326397366e6974cb338056df65cb50e7d64d1cf314e87504837?s=96&d=mm&r=g\",\"caption\":\"Arnaldo Botto\"},\"url\":\"https:\/\/www.noticiasradioreflejos.com.ar\/2021\/author\/arnaldo\/\"}]}<\/script>\n<!-- \/ Yoast SEO plugin. -->","yoast_head_json":{"title":"Docentes denuncian que no pueden acceder a cr\u00e9dito para compra de computadoras que Naci\u00f3n lanz\u00f3 para el sector - Noticias Radio Reflejos","robots":{"index":"index","follow":"follow","max-snippet":"max-snippet:-1","max-image-preview":"max-image-preview:large","max-video-preview":"max-video-preview:-1"},"canonical":"https:\/\/www.noticiasradioreflejos.com.ar\/2021\/docentes-denuncian-que-no-pueden-acceder-a-credito-para-compra-de-computadoras-que-nacion-lanzo-para-el-sector\/","og_locale":"es_ES","og_type":"article","og_title":"Docentes denuncian que no pueden acceder a cr\u00e9dito para compra de computadoras que Naci\u00f3n lanz\u00f3 para el sector - Noticias Radio Reflejos","og_description":"La federaci\u00f3n que nuclea a los docentes de las 32 sedes de la Universidad Tecnol\u00f3gica Nacional (FAGDUT) reclam\u00f3 hoy que una gran cantidad de profesores universitarios no pudieron acceder a los cr\u00e9ditos para compra de equipos inform\u00e1ticos que lanzaron el Banco Naci\u00f3n y el Ministerio de Educaci\u00f3n &#8211; programa acordado en la negociaci\u00f3n paritaria con [&hellip;]","og_url":"https:\/\/www.noticiasradioreflejos.com.ar\/2021\/docentes-denuncian-que-no-pueden-acceder-a-credito-para-compra-de-computadoras-que-nacion-lanzo-para-el-sector\/","og_site_name":"Noticias Radio Reflejos","article_published_time":"2020-11-16T19:02:03+00:00","og_image":[{"url":"http:\/\/live.staticflickr.com\/65535\/50610840627_19466bf396.jpg","type":"","width":"","height":""}],"author":"Arnaldo Botto","twitter_card":"summary_large_image","schema":{"@context":"https:\/\/schema.org","@graph":[{"@type":"WebPage","@id":"https:\/\/www.noticiasradioreflejos.com.ar\/2021\/docentes-denuncian-que-no-pueden-acceder-a-credito-para-compra-de-computadoras-que-nacion-lanzo-para-el-sector\/","url":"https:\/\/www.noticiasradioreflejos.com.ar\/2021\/docentes-denuncian-que-no-pueden-acceder-a-credito-para-compra-de-computadoras-que-nacion-lanzo-para-el-sector\/","name":"Docentes denuncian que no pueden acceder a cr\u00e9dito para compra de computadoras que Naci\u00f3n lanz\u00f3 para el sector - Noticias Radio Reflejos","isPartOf":{"@id":"https:\/\/www.noticiasradioreflejos.com.ar\/2021\/#website"},"primaryImageOfPage":{"@id":"https:\/\/www.noticiasradioreflejos.com.ar\/2021\/docentes-denuncian-que-no-pueden-acceder-a-credito-para-compra-de-computadoras-que-nacion-lanzo-para-el-sector\/#primaryimage"},"image":{"@id":"https:\/\/www.noticiasradioreflejos.com.ar\/2021\/docentes-denuncian-que-no-pueden-acceder-a-credito-para-compra-de-computadoras-que-nacion-lanzo-para-el-sector\/#primaryimage"},"thumbnailUrl":"http:\/\/live.staticflickr.com\/65535\/50610840627_19466bf396.jpg","datePublished":"2020-11-16T19:02:03+00:00","author":{"@id":"https:\/\/www.noticiasradioreflejos.com.ar\/2021\/#\/schema\/person\/ad82545263dcc5ec0996818884fd5fb1"},"breadcrumb":{"@id":"https:\/\/www.noticiasradioreflejos.com.ar\/2021\/docentes-denuncian-que-no-pueden-acceder-a-credito-para-compra-de-computadoras-que-nacion-lanzo-para-el-sector\/#breadcrumb"},"inLanguage":"es","potentialAction":[{"@type":"ReadAction","target":["https:\/\/www.noticiasradioreflejos.com.ar\/2021\/docentes-denuncian-que-no-pueden-acceder-a-credito-para-compra-de-computadoras-que-nacion-lanzo-para-el-sector\/"]}]},{"@type":"ImageObject","inLanguage":"es","@id":"https:\/\/www.noticiasradioreflejos.com.ar\/2021\/docentes-denuncian-que-no-pueden-acceder-a-credito-para-compra-de-computadoras-que-nacion-lanzo-para-el-sector\/#primaryimage","url":"http:\/\/live.staticflickr.com\/65535\/50610840627_19466bf396.jpg","contentUrl":"http:\/\/live.staticflickr.com\/65535\/50610840627_19466bf396.jpg"},{"@type":"BreadcrumbList","@id":"https:\/\/www.noticiasradioreflejos.com.ar\/2021\/docentes-denuncian-que-no-pueden-acceder-a-credito-para-compra-de-computadoras-que-nacion-lanzo-para-el-sector\/#breadcrumb","itemListElement":[{"@type":"ListItem","position":1,"name":"Portada","item":"https:\/\/www.noticiasradioreflejos.com.ar\/2021\/"},{"@type":"ListItem","position":2,"name":"Docentes denuncian que no pueden acceder a cr\u00e9dito para compra de computadoras que Naci\u00f3n lanz\u00f3 para el sector"}]},{"@type":"WebSite","@id":"https:\/\/www.noticiasradioreflejos.com.ar\/2021\/#website","url":"https:\/\/www.noticiasradioreflejos.com.ar\/2021\/","name":"Noticias Radio Reflejos","description":"Las noticias de mi comarca","potentialAction":[{"@type":"SearchAction","target":{"@type":"EntryPoint","urlTemplate":"https:\/\/www.noticiasradioreflejos.com.ar\/2021\/?s={search_term_string}"},"query-input":{"@type":"PropertyValueSpecification","valueRequired":true,"valueName":"search_term_string"}}],"inLanguage":"es"},{"@type":"Person","@id":"https:\/\/www.noticiasradioreflejos.com.ar\/2021\/#\/schema\/person\/ad82545263dcc5ec0996818884fd5fb1","name":"Arnaldo Botto","image":{"@type":"ImageObject","inLanguage":"es","@id":"https:\/\/www.noticiasradioreflejos.com.ar\/2021\/#\/schema\/person\/image\/","url":"https:\/\/secure.gravatar.com\/avatar\/55cb5e37c1efa326397366e6974cb338056df65cb50e7d64d1cf314e87504837?s=96&d=mm&r=g","contentUrl":"https:\/\/secure.gravatar.com\/avatar\/55cb5e37c1efa326397366e6974cb338056df65cb50e7d64d1cf314e87504837?s=96&d=mm&r=g","caption":"Arnaldo Botto"},"url":"https:\/\/www.noticiasradioreflejos.com.ar\/2021\/author\/arnaldo\/"}]}},"_links":{"self":[{"href":"https:\/\/www.noticiasradioreflejos.com.ar\/2021\/wp-json\/wp\/v2\/posts\/49292","targetHints":{"allow":["GET"]}}],"collection":[{"href":"https:\/\/www.noticiasradioreflejos.com.ar\/2021\/wp-json\/wp\/v2\/posts"}],"about":[{"href":"https:\/\/www.noticiasradioreflejos.com.ar\/2021\/wp-json\/wp\/v2\/types\/post"}],"author":[{"embeddable":true,"href":"https:\/\/www.noticiasradioreflejos.com.ar\/2021\/wp-json\/wp\/v2\/users\/3"}],"replies":[{"embeddable":true,"href":"https:\/\/www.noticiasradioreflejos.com.ar\/2021\/wp-json\/wp\/v2\/comments?post=49292"}],"version-history":[{"count":0,"href":"https:\/\/www.noticiasradioreflejos.com.ar\/2021\/wp-json\/wp\/v2\/posts\/49292\/revisions"}],"wp:attachment":[{"href":"https:\/\/www.noticiasradioreflejos.com.ar\/2021\/wp-json\/wp\/v2\/media?parent=49292"}],"wp:term":[{"taxonomy":"category","embeddable":true,"href":"https:\/\/www.noticiasradioreflejos.com.ar\/2021\/wp-json\/wp\/v2\/categories?post=49292"},{"taxonomy":"post_tag","embeddable":true,"href":"https:\/\/www.noticiasradioreflejos.com.ar\/2021\/wp-json\/wp\/v2\/tags?post=49292"}],"curies":[{"name":"wp","href":"https:\/\/api.w.org\/{rel}","templated":true}]}}