{"id":49282,"date":"2020-11-16T14:39:43","date_gmt":"2020-11-16T17:39:43","guid":{"rendered":"http:\/\/www.noticiasradioreflejos.com.ar\/noticias\/?p=49282"},"modified":"2020-11-16T14:39:43","modified_gmt":"2020-11-16T17:39:43","slug":"la-mitad-de-la-provincia-apoya-el-proyecto-de-ley-para-desregular-el-uso-medicinal-del-cannabis","status":"publish","type":"post","link":"https:\/\/www.noticiasradioreflejos.com.ar\/2021\/la-mitad-de-la-provincia-apoya-el-proyecto-de-ley-para-desregular-el-uso-medicinal-del-cannabis\/","title":{"rendered":"La mitad de la provincia apoya el Proyecto de ley para desregular el uso medicinal del cannabis"},"content":{"rendered":"<p>Alrededor de  setenta Concejos Deliberantes de toda la provincia, plantearon el apoyo a la iniciativa presentada por el diputado de Juntos por el Cambio Emiliano Balb\u00edn. El texto establece un marco regulatorio para el uso medicinal, terap\u00e9utico y\/o paliativo del dolor, de la planta de cannabis y sus derivados.<!--more--><\/p>\n<p>El proyecto de Ley, que se present\u00f3 el 21 de Julio de este a\u00f1o, y busca modificar la Ley 14924, de adhesi\u00f3n a la Ley Nacional Nacional 27.350 de \u201cUso Medicinal de la Planta de Cannabis y sus derivados\u201d, para crear un marco integral regulatorio del uso medicinal del cannabis en el \u00e1mbito de la Provincia de Buenos Aires, ha logrado el apoyo de muchos Concejos Deliberantes de la Provincia.<br \/>\nEn la sexta secci\u00f3n, secci\u00f3n a la que representa el diputado autor del proyecto, m\u00e1s de la mitad de los distritos, hasta el momento, han planteado adhesiones. Estos son Pu\u00e1n, Tornquist, Villarino, Patagones, Coronel Dorrego, Salliquel\u00f3, Guamin\u00ed, Adolfo Alsina, Coronel Su\u00e1rez, General La Madrid, Pellegrini, Tres Lomas, Benito Ju\u00e1rez.<br \/>\nBalb\u00edn agradeci\u00f3 los apoyos, y se\u00f1al\u00f3 que \u201csi bien estamos muy felices de que la ley nacional haya sido finalmente reglamentada, es indispensable y urgente ir a un debate serio que instale en la agenda p\u00fablica este tema. Debemos buscar este marco normativo provincial, a esta alternativa terap\u00e9utica, y regularla de la mejor manera posible\u201d.<br \/>\n\u201cLa lucha por el uso medicinal del cannabis surge de los dolores de una sociedad que quiere mejorar su calidad de vida\u201d, agreg\u00f3.<br \/>\nEl proyecto declara de Inter\u00e9s P\u00fablico Provincial las acciones tendientes a proteger, promover y mejorar la salud p\u00fablica de la poblaci\u00f3n mediante la investigaci\u00f3n y uso cient\u00edfico de la planta de Cannabis y sus derivados con fines medicinales, paliativos y\/o terap\u00e9uticos, como as\u00ed tambi\u00e9n con fines preventivos en materia de adicciones y consumos problem\u00e1ticos.<br \/>\nTambi\u00e9n incorpora al Sistema de Salud P\u00fablica de la Provincia de Buenos Aires los medicamentos a base de Cannabis medicinal y todas sus formas farmac\u00e9uticas derivadas, reconociendo la cobertura m\u00e9dico asistencial integral de todos los pacientes que necesiten de estos tratamientos.<br \/>\nPara ello, el Instituto de Obra M\u00e9dico Asistencial de la Provincia (IOMA), deber\u00e1 incorporar como prestaci\u00f3n obligatoria y brindar a sus afiliados o beneficiarios, la cobertura total e integral de los medicamentos a base de Cannabis medicinal y todas sus formas farmac\u00e9uticas.<br \/>\nLa iniciativa, adem\u00e1s, prev\u00e9 la creaci\u00f3n de un programa terap\u00e9utico especial para dar cumplimiento a la norma, al tiempo que regula el desarrollo y la producci\u00f3n p\u00fablica de medicamentos, el autocultivo, registro de cultivadores, y campa\u00f1as p\u00fablicas de concientizaci\u00f3n.<br \/>\nFinalmente, establece como autoridad de aplicaci\u00f3n, y en forma conjunta, a los ministerios de Salud y de Desarrollo Agrario de la Provincia.<\/p>\n","protected":false},"excerpt":{"rendered":"<p>Alrededor de setenta Concejos Deliberantes de toda la provincia, plantearon el apoyo a la iniciativa presentada por el diputado de Juntos por el Cambio Emiliano Balb\u00edn. El texto establece un marco regulatorio para el uso medicinal, terap\u00e9utico y\/o paliativo del dolor, de la planta de cannabis y sus derivados.<\/p>\n","protected":false},"author":3,"featured_media":0,"comment_status":"closed","ping_status":"open","sticky":false,"template":"","format":"standard","meta":{"footnotes":""},"categories":[24],"tags":[],"class_list":["post-49282","post","type-post","status-publish","format-standard","hentry","category-politica"],"yoast_head":"<!-- This site is optimized with the Yoast SEO plugin v25.9 - https:\/\/yoast.com\/wordpress\/plugins\/seo\/ -->\n<title>La mitad de la provincia apoya el Proyecto de ley para desregular el uso medicinal del cannabis - Noticias Radio Reflejos<\/title>\n<meta name=\"robots\" content=\"index, follow, max-snippet:-1, max-image-preview:large, max-video-preview:-1\" \/>\n<link rel=\"canonical\" href=\"https:\/\/www.noticiasradioreflejos.com.ar\/2021\/la-mitad-de-la-provincia-apoya-el-proyecto-de-ley-para-desregular-el-uso-medicinal-del-cannabis\/\" \/>\n<meta property=\"og:locale\" content=\"es_ES\" \/>\n<meta property=\"og:type\" content=\"article\" \/>\n<meta property=\"og:title\" content=\"La mitad de la provincia apoya el Proyecto de ley para desregular el uso medicinal del cannabis - Noticias Radio Reflejos\" \/>\n<meta property=\"og:description\" content=\"Alrededor de setenta Concejos Deliberantes de toda la provincia, plantearon el apoyo a la iniciativa presentada por el diputado de Juntos por el Cambio Emiliano Balb\u00edn. El texto establece un marco regulatorio para el uso medicinal, terap\u00e9utico y\/o paliativo del dolor, de la planta de cannabis y sus derivados.\" \/>\n<meta property=\"og:url\" content=\"https:\/\/www.noticiasradioreflejos.com.ar\/2021\/la-mitad-de-la-provincia-apoya-el-proyecto-de-ley-para-desregular-el-uso-medicinal-del-cannabis\/\" \/>\n<meta property=\"og:site_name\" content=\"Noticias Radio Reflejos\" \/>\n<meta property=\"article:published_time\" content=\"2020-11-16T17:39:43+00:00\" \/>\n<meta property=\"og:image\" content=\"https:\/\/www.noticiasradioreflejos.com.ar\/2021\/wp-content\/uploads\/2021\/07\/logosol300x200.png\" \/>\n\t<meta property=\"og:image:width\" content=\"300\" \/>\n\t<meta property=\"og:image:height\" content=\"200\" \/>\n\t<meta property=\"og:image:type\" content=\"image\/png\" \/>\n<meta name=\"author\" content=\"Arnaldo Botto\" \/>\n<meta name=\"twitter:card\" content=\"summary_large_image\" \/>\n<script type=\"application\/ld+json\" class=\"yoast-schema-graph\">{\"@context\":\"https:\/\/schema.org\",\"@graph\":[{\"@type\":\"WebPage\",\"@id\":\"https:\/\/www.noticiasradioreflejos.com.ar\/2021\/la-mitad-de-la-provincia-apoya-el-proyecto-de-ley-para-desregular-el-uso-medicinal-del-cannabis\/\",\"url\":\"https:\/\/www.noticiasradioreflejos.com.ar\/2021\/la-mitad-de-la-provincia-apoya-el-proyecto-de-ley-para-desregular-el-uso-medicinal-del-cannabis\/\",\"name\":\"La mitad de la provincia apoya el Proyecto de ley para desregular el uso medicinal del cannabis - Noticias Radio Reflejos\",\"isPartOf\":{\"@id\":\"https:\/\/www.noticiasradioreflejos.com.ar\/2021\/#website\"},\"datePublished\":\"2020-11-16T17:39:43+00:00\",\"author\":{\"@id\":\"https:\/\/www.noticiasradioreflejos.com.ar\/2021\/#\/schema\/person\/ad82545263dcc5ec0996818884fd5fb1\"},\"breadcrumb\":{\"@id\":\"https:\/\/www.noticiasradioreflejos.com.ar\/2021\/la-mitad-de-la-provincia-apoya-el-proyecto-de-ley-para-desregular-el-uso-medicinal-del-cannabis\/#breadcrumb\"},\"inLanguage\":\"es\",\"potentialAction\":[{\"@type\":\"ReadAction\",\"target\":[\"https:\/\/www.noticiasradioreflejos.com.ar\/2021\/la-mitad-de-la-provincia-apoya-el-proyecto-de-ley-para-desregular-el-uso-medicinal-del-cannabis\/\"]}]},{\"@type\":\"BreadcrumbList\",\"@id\":\"https:\/\/www.noticiasradioreflejos.com.ar\/2021\/la-mitad-de-la-provincia-apoya-el-proyecto-de-ley-para-desregular-el-uso-medicinal-del-cannabis\/#breadcrumb\",\"itemListElement\":[{\"@type\":\"ListItem\",\"position\":1,\"name\":\"Portada\",\"item\":\"https:\/\/www.noticiasradioreflejos.com.ar\/2021\/\"},{\"@type\":\"ListItem\",\"position\":2,\"name\":\"La mitad de la provincia apoya el Proyecto de ley para desregular el uso medicinal del cannabis\"}]},{\"@type\":\"WebSite\",\"@id\":\"https:\/\/www.noticiasradioreflejos.com.ar\/2021\/#website\",\"url\":\"https:\/\/www.noticiasradioreflejos.com.ar\/2021\/\",\"name\":\"Noticias Radio Reflejos\",\"description\":\"Las noticias de mi comarca\",\"potentialAction\":[{\"@type\":\"SearchAction\",\"target\":{\"@type\":\"EntryPoint\",\"urlTemplate\":\"https:\/\/www.noticiasradioreflejos.com.ar\/2021\/?s={search_term_string}\"},\"query-input\":{\"@type\":\"PropertyValueSpecification\",\"valueRequired\":true,\"valueName\":\"search_term_string\"}}],\"inLanguage\":\"es\"},{\"@type\":\"Person\",\"@id\":\"https:\/\/www.noticiasradioreflejos.com.ar\/2021\/#\/schema\/person\/ad82545263dcc5ec0996818884fd5fb1\",\"name\":\"Arnaldo Botto\",\"image\":{\"@type\":\"ImageObject\",\"inLanguage\":\"es\",\"@id\":\"https:\/\/www.noticiasradioreflejos.com.ar\/2021\/#\/schema\/person\/image\/\",\"url\":\"https:\/\/secure.gravatar.com\/avatar\/55cb5e37c1efa326397366e6974cb338056df65cb50e7d64d1cf314e87504837?s=96&d=mm&r=g\",\"contentUrl\":\"https:\/\/secure.gravatar.com\/avatar\/55cb5e37c1efa326397366e6974cb338056df65cb50e7d64d1cf314e87504837?s=96&d=mm&r=g\",\"caption\":\"Arnaldo Botto\"},\"url\":\"https:\/\/www.noticiasradioreflejos.com.ar\/2021\/author\/arnaldo\/\"}]}<\/script>\n<!-- \/ Yoast SEO plugin. -->","yoast_head_json":{"title":"La mitad de la provincia apoya el Proyecto de ley para desregular el uso medicinal del cannabis - Noticias Radio Reflejos","robots":{"index":"index","follow":"follow","max-snippet":"max-snippet:-1","max-image-preview":"max-image-preview:large","max-video-preview":"max-video-preview:-1"},"canonical":"https:\/\/www.noticiasradioreflejos.com.ar\/2021\/la-mitad-de-la-provincia-apoya-el-proyecto-de-ley-para-desregular-el-uso-medicinal-del-cannabis\/","og_locale":"es_ES","og_type":"article","og_title":"La mitad de la provincia apoya el Proyecto de ley para desregular el uso medicinal del cannabis - Noticias Radio Reflejos","og_description":"Alrededor de setenta Concejos Deliberantes de toda la provincia, plantearon el apoyo a la iniciativa presentada por el diputado de Juntos por el Cambio Emiliano Balb\u00edn. El texto establece un marco regulatorio para el uso medicinal, terap\u00e9utico y\/o paliativo del dolor, de la planta de cannabis y sus derivados.","og_url":"https:\/\/www.noticiasradioreflejos.com.ar\/2021\/la-mitad-de-la-provincia-apoya-el-proyecto-de-ley-para-desregular-el-uso-medicinal-del-cannabis\/","og_site_name":"Noticias Radio Reflejos","article_published_time":"2020-11-16T17:39:43+00:00","og_image":[{"width":300,"height":200,"url":"https:\/\/www.noticiasradioreflejos.com.ar\/2021\/wp-content\/uploads\/2021\/07\/logosol300x200.png","type":"image\/png"}],"author":"Arnaldo Botto","twitter_card":"summary_large_image","schema":{"@context":"https:\/\/schema.org","@graph":[{"@type":"WebPage","@id":"https:\/\/www.noticiasradioreflejos.com.ar\/2021\/la-mitad-de-la-provincia-apoya-el-proyecto-de-ley-para-desregular-el-uso-medicinal-del-cannabis\/","url":"https:\/\/www.noticiasradioreflejos.com.ar\/2021\/la-mitad-de-la-provincia-apoya-el-proyecto-de-ley-para-desregular-el-uso-medicinal-del-cannabis\/","name":"La mitad de la provincia apoya el Proyecto de ley para desregular el uso medicinal del cannabis - Noticias Radio Reflejos","isPartOf":{"@id":"https:\/\/www.noticiasradioreflejos.com.ar\/2021\/#website"},"datePublished":"2020-11-16T17:39:43+00:00","author":{"@id":"https:\/\/www.noticiasradioreflejos.com.ar\/2021\/#\/schema\/person\/ad82545263dcc5ec0996818884fd5fb1"},"breadcrumb":{"@id":"https:\/\/www.noticiasradioreflejos.com.ar\/2021\/la-mitad-de-la-provincia-apoya-el-proyecto-de-ley-para-desregular-el-uso-medicinal-del-cannabis\/#breadcrumb"},"inLanguage":"es","potentialAction":[{"@type":"ReadAction","target":["https:\/\/www.noticiasradioreflejos.com.ar\/2021\/la-mitad-de-la-provincia-apoya-el-proyecto-de-ley-para-desregular-el-uso-medicinal-del-cannabis\/"]}]},{"@type":"BreadcrumbList","@id":"https:\/\/www.noticiasradioreflejos.com.ar\/2021\/la-mitad-de-la-provincia-apoya-el-proyecto-de-ley-para-desregular-el-uso-medicinal-del-cannabis\/#breadcrumb","itemListElement":[{"@type":"ListItem","position":1,"name":"Portada","item":"https:\/\/www.noticiasradioreflejos.com.ar\/2021\/"},{"@type":"ListItem","position":2,"name":"La mitad de la provincia apoya el Proyecto de ley para desregular el uso medicinal del cannabis"}]},{"@type":"WebSite","@id":"https:\/\/www.noticiasradioreflejos.com.ar\/2021\/#website","url":"https:\/\/www.noticiasradioreflejos.com.ar\/2021\/","name":"Noticias Radio Reflejos","description":"Las noticias de mi comarca","potentialAction":[{"@type":"SearchAction","target":{"@type":"EntryPoint","urlTemplate":"https:\/\/www.noticiasradioreflejos.com.ar\/2021\/?s={search_term_string}"},"query-input":{"@type":"PropertyValueSpecification","valueRequired":true,"valueName":"search_term_string"}}],"inLanguage":"es"},{"@type":"Person","@id":"https:\/\/www.noticiasradioreflejos.com.ar\/2021\/#\/schema\/person\/ad82545263dcc5ec0996818884fd5fb1","name":"Arnaldo Botto","image":{"@type":"ImageObject","inLanguage":"es","@id":"https:\/\/www.noticiasradioreflejos.com.ar\/2021\/#\/schema\/person\/image\/","url":"https:\/\/secure.gravatar.com\/avatar\/55cb5e37c1efa326397366e6974cb338056df65cb50e7d64d1cf314e87504837?s=96&d=mm&r=g","contentUrl":"https:\/\/secure.gravatar.com\/avatar\/55cb5e37c1efa326397366e6974cb338056df65cb50e7d64d1cf314e87504837?s=96&d=mm&r=g","caption":"Arnaldo Botto"},"url":"https:\/\/www.noticiasradioreflejos.com.ar\/2021\/author\/arnaldo\/"}]}},"_links":{"self":[{"href":"https:\/\/www.noticiasradioreflejos.com.ar\/2021\/wp-json\/wp\/v2\/posts\/49282","targetHints":{"allow":["GET"]}}],"collection":[{"href":"https:\/\/www.noticiasradioreflejos.com.ar\/2021\/wp-json\/wp\/v2\/posts"}],"about":[{"href":"https:\/\/www.noticiasradioreflejos.com.ar\/2021\/wp-json\/wp\/v2\/types\/post"}],"author":[{"embeddable":true,"href":"https:\/\/www.noticiasradioreflejos.com.ar\/2021\/wp-json\/wp\/v2\/users\/3"}],"replies":[{"embeddable":true,"href":"https:\/\/www.noticiasradioreflejos.com.ar\/2021\/wp-json\/wp\/v2\/comments?post=49282"}],"version-history":[{"count":0,"href":"https:\/\/www.noticiasradioreflejos.com.ar\/2021\/wp-json\/wp\/v2\/posts\/49282\/revisions"}],"wp:attachment":[{"href":"https:\/\/www.noticiasradioreflejos.com.ar\/2021\/wp-json\/wp\/v2\/media?parent=49282"}],"wp:term":[{"taxonomy":"category","embeddable":true,"href":"https:\/\/www.noticiasradioreflejos.com.ar\/2021\/wp-json\/wp\/v2\/categories?post=49282"},{"taxonomy":"post_tag","embeddable":true,"href":"https:\/\/www.noticiasradioreflejos.com.ar\/2021\/wp-json\/wp\/v2\/tags?post=49282"}],"curies":[{"name":"wp","href":"https:\/\/api.w.org\/{rel}","templated":true}]}}