{"id":49276,"date":"2020-11-16T14:28:01","date_gmt":"2020-11-16T17:28:01","guid":{"rendered":"http:\/\/www.noticiasradioreflejos.com.ar\/noticias\/?p=49276"},"modified":"2020-11-16T14:28:01","modified_gmt":"2020-11-16T17:28:01","slug":"comienza-un-ciclo-de-talleres-virtuales-para-personas-mayores","status":"publish","type":"post","link":"https:\/\/www.noticiasradioreflejos.com.ar\/2021\/comienza-un-ciclo-de-talleres-virtuales-para-personas-mayores\/","title":{"rendered":"Comienza un ciclo de talleres virtuales para Personas Mayores"},"content":{"rendered":"<p>En el marco del Programa Universidades por la Emergencia del Covid-19 (PUPLEC), este martes iniciar\u00e1 un ciclo de talleres virtuales gratuitos para Personas Mayores dictados la Universidad Provincial del Sudoeste (UPSO).<!--more--><\/p>\n<p>Los talleres, que se desarrollar\u00e1n con encuentros semanales, cuentan con la adhesi\u00f3n de Tornquist Municipio a trav\u00e9s de la Subdirecci\u00f3n de Discapacidad y Tercera Edad, son los siguientes:<\/p>\n<p>-Fundamentos de la comunicaci\u00f3n Emp\u00e1tica: martes 16 hs, comenzando el 17 de noviembre. Por Meet, link <a href=\"https:\/\/meet.google.com\/eau-pcnq-mxn\">https:\/\/meet.google.com\/eau-pcnq-mxn<\/a>;<\/p>\n<p>-Yoga y Movilidad para Personas Mayores: mi\u00e9rcoles 18 hs, comenzando el 18 de noviembre. Por Zoom: Link <a href=\"https:\/\/us04web.zoom.us\/j\/75262271719?pwd=WUg5enQreE11T2ZtMmFqdHkrMElIdz09\">https:\/\/us04web.zoom.us\/j\/75262271719?pwd=WUg5enQreE11T2ZtMmFqdHkrMElIdz09<\/a>, ID 752 6227 1719, Pass 0dTv7i;<\/p>\n<p>-Bienestar y Salud de las Personas Mayores: jueves 17 hs, comenzando el 19 de noviembre. Por Zoom: Link <a href=\"https:\/\/us05web.zoom.us\/j\/81160534743?pwd=OGg3elJkYnZLbEVKbVljNGloaUtLQT09#success\">https:\/\/us05web.zoom.us\/j\/81160534743?pwd=OGg3elJkYnZLbEVKbVljNGloaUtLQT09#success<\/a>, ID 811 6053 4743, Pass 6F4xSW.<\/p>\n<p>Las inscripciones se encuentran abiertas y se realizan en el siguiente link: <a href=\"https:\/\/docs.google.com\/forms\/d\/1O2ULGdy96rQleAZDwqdJ79qvM7TcMN5johYys3eTktY\/viewform?edit_requested=true\">https:\/\/docs.google.com\/forms\/d\/1O2ULGdy96rQleAZDwqdJ79qvM7TcMN5johYys3eTktY\/viewform?edit_requested=true<\/a>.<\/p>\n<p>&nbsp;<\/p>\n<p><a title=\"WhatsApp Image 2020-11-16 at 10.51.41\" href=\"http:\/\/live.staticflickr.com\/65535\/50609652053_ff057aa1c0_s.jpg\" rel=\"\"><img loading=\"lazy\" decoding=\"async\" class=\"aligncenter\" title=\"WhatsApp Image 2020-11-16 at 10.51.41\" src=\"http:\/\/live.staticflickr.com\/65535\/50609652053_ff057aa1c0_c.jpg\" alt=\"WhatsApp Image 2020-11-16 at 10.51.41\" width=\"565\" height=\"800\" \/><\/a><\/p>\n","protected":false},"excerpt":{"rendered":"<p>En el marco del Programa Universidades por la Emergencia del Covid-19 (PUPLEC), este martes iniciar\u00e1 un ciclo de talleres virtuales gratuitos para Personas Mayores dictados la Universidad Provincial del Sudoeste (UPSO).<\/p>\n","protected":false},"author":3,"featured_media":0,"comment_status":"closed","ping_status":"open","sticky":false,"template":"","format":"standard","meta":{"footnotes":""},"categories":[28],"tags":[],"class_list":["post-49276","post","type-post","status-publish","format-standard","hentry","category-municipales"],"yoast_head":"<!-- This site is optimized with the Yoast SEO plugin v25.9 - https:\/\/yoast.com\/wordpress\/plugins\/seo\/ -->\n<title>Comienza un ciclo de talleres virtuales para Personas Mayores - Noticias Radio Reflejos<\/title>\n<meta name=\"robots\" content=\"index, follow, max-snippet:-1, max-image-preview:large, max-video-preview:-1\" \/>\n<link rel=\"canonical\" href=\"https:\/\/www.noticiasradioreflejos.com.ar\/2021\/comienza-un-ciclo-de-talleres-virtuales-para-personas-mayores\/\" \/>\n<meta property=\"og:locale\" content=\"es_ES\" \/>\n<meta property=\"og:type\" content=\"article\" \/>\n<meta property=\"og:title\" content=\"Comienza un ciclo de talleres virtuales para Personas Mayores - Noticias Radio Reflejos\" \/>\n<meta property=\"og:description\" content=\"En el marco del Programa Universidades por la Emergencia del Covid-19 (PUPLEC), este martes iniciar\u00e1 un ciclo de talleres virtuales gratuitos para Personas Mayores dictados la Universidad Provincial del Sudoeste (UPSO).\" \/>\n<meta property=\"og:url\" content=\"https:\/\/www.noticiasradioreflejos.com.ar\/2021\/comienza-un-ciclo-de-talleres-virtuales-para-personas-mayores\/\" \/>\n<meta property=\"og:site_name\" content=\"Noticias Radio Reflejos\" \/>\n<meta property=\"article:published_time\" content=\"2020-11-16T17:28:01+00:00\" \/>\n<meta property=\"og:image\" content=\"http:\/\/live.staticflickr.com\/65535\/50609652053_ff057aa1c0_c.jpg\" \/>\n<meta name=\"author\" content=\"Arnaldo Botto\" \/>\n<meta name=\"twitter:card\" content=\"summary_large_image\" \/>\n<script type=\"application\/ld+json\" class=\"yoast-schema-graph\">{\"@context\":\"https:\/\/schema.org\",\"@graph\":[{\"@type\":\"WebPage\",\"@id\":\"https:\/\/www.noticiasradioreflejos.com.ar\/2021\/comienza-un-ciclo-de-talleres-virtuales-para-personas-mayores\/\",\"url\":\"https:\/\/www.noticiasradioreflejos.com.ar\/2021\/comienza-un-ciclo-de-talleres-virtuales-para-personas-mayores\/\",\"name\":\"Comienza un ciclo de talleres virtuales para Personas Mayores - Noticias Radio Reflejos\",\"isPartOf\":{\"@id\":\"https:\/\/www.noticiasradioreflejos.com.ar\/2021\/#website\"},\"primaryImageOfPage\":{\"@id\":\"https:\/\/www.noticiasradioreflejos.com.ar\/2021\/comienza-un-ciclo-de-talleres-virtuales-para-personas-mayores\/#primaryimage\"},\"image\":{\"@id\":\"https:\/\/www.noticiasradioreflejos.com.ar\/2021\/comienza-un-ciclo-de-talleres-virtuales-para-personas-mayores\/#primaryimage\"},\"thumbnailUrl\":\"http:\/\/live.staticflickr.com\/65535\/50609652053_ff057aa1c0_c.jpg\",\"datePublished\":\"2020-11-16T17:28:01+00:00\",\"author\":{\"@id\":\"https:\/\/www.noticiasradioreflejos.com.ar\/2021\/#\/schema\/person\/ad82545263dcc5ec0996818884fd5fb1\"},\"breadcrumb\":{\"@id\":\"https:\/\/www.noticiasradioreflejos.com.ar\/2021\/comienza-un-ciclo-de-talleres-virtuales-para-personas-mayores\/#breadcrumb\"},\"inLanguage\":\"es\",\"potentialAction\":[{\"@type\":\"ReadAction\",\"target\":[\"https:\/\/www.noticiasradioreflejos.com.ar\/2021\/comienza-un-ciclo-de-talleres-virtuales-para-personas-mayores\/\"]}]},{\"@type\":\"ImageObject\",\"inLanguage\":\"es\",\"@id\":\"https:\/\/www.noticiasradioreflejos.com.ar\/2021\/comienza-un-ciclo-de-talleres-virtuales-para-personas-mayores\/#primaryimage\",\"url\":\"http:\/\/live.staticflickr.com\/65535\/50609652053_ff057aa1c0_c.jpg\",\"contentUrl\":\"http:\/\/live.staticflickr.com\/65535\/50609652053_ff057aa1c0_c.jpg\"},{\"@type\":\"BreadcrumbList\",\"@id\":\"https:\/\/www.noticiasradioreflejos.com.ar\/2021\/comienza-un-ciclo-de-talleres-virtuales-para-personas-mayores\/#breadcrumb\",\"itemListElement\":[{\"@type\":\"ListItem\",\"position\":1,\"name\":\"Portada\",\"item\":\"https:\/\/www.noticiasradioreflejos.com.ar\/2021\/\"},{\"@type\":\"ListItem\",\"position\":2,\"name\":\"Comienza un ciclo de talleres virtuales para Personas Mayores\"}]},{\"@type\":\"WebSite\",\"@id\":\"https:\/\/www.noticiasradioreflejos.com.ar\/2021\/#website\",\"url\":\"https:\/\/www.noticiasradioreflejos.com.ar\/2021\/\",\"name\":\"Noticias Radio Reflejos\",\"description\":\"Las noticias de mi comarca\",\"potentialAction\":[{\"@type\":\"SearchAction\",\"target\":{\"@type\":\"EntryPoint\",\"urlTemplate\":\"https:\/\/www.noticiasradioreflejos.com.ar\/2021\/?s={search_term_string}\"},\"query-input\":{\"@type\":\"PropertyValueSpecification\",\"valueRequired\":true,\"valueName\":\"search_term_string\"}}],\"inLanguage\":\"es\"},{\"@type\":\"Person\",\"@id\":\"https:\/\/www.noticiasradioreflejos.com.ar\/2021\/#\/schema\/person\/ad82545263dcc5ec0996818884fd5fb1\",\"name\":\"Arnaldo Botto\",\"image\":{\"@type\":\"ImageObject\",\"inLanguage\":\"es\",\"@id\":\"https:\/\/www.noticiasradioreflejos.com.ar\/2021\/#\/schema\/person\/image\/\",\"url\":\"https:\/\/secure.gravatar.com\/avatar\/55cb5e37c1efa326397366e6974cb338056df65cb50e7d64d1cf314e87504837?s=96&d=mm&r=g\",\"contentUrl\":\"https:\/\/secure.gravatar.com\/avatar\/55cb5e37c1efa326397366e6974cb338056df65cb50e7d64d1cf314e87504837?s=96&d=mm&r=g\",\"caption\":\"Arnaldo Botto\"},\"url\":\"https:\/\/www.noticiasradioreflejos.com.ar\/2021\/author\/arnaldo\/\"}]}<\/script>\n<!-- \/ Yoast SEO plugin. -->","yoast_head_json":{"title":"Comienza un ciclo de talleres virtuales para Personas Mayores - Noticias Radio Reflejos","robots":{"index":"index","follow":"follow","max-snippet":"max-snippet:-1","max-image-preview":"max-image-preview:large","max-video-preview":"max-video-preview:-1"},"canonical":"https:\/\/www.noticiasradioreflejos.com.ar\/2021\/comienza-un-ciclo-de-talleres-virtuales-para-personas-mayores\/","og_locale":"es_ES","og_type":"article","og_title":"Comienza un ciclo de talleres virtuales para Personas Mayores - Noticias Radio Reflejos","og_description":"En el marco del Programa Universidades por la Emergencia del Covid-19 (PUPLEC), este martes iniciar\u00e1 un ciclo de talleres virtuales gratuitos para Personas Mayores dictados la Universidad Provincial del Sudoeste (UPSO).","og_url":"https:\/\/www.noticiasradioreflejos.com.ar\/2021\/comienza-un-ciclo-de-talleres-virtuales-para-personas-mayores\/","og_site_name":"Noticias Radio Reflejos","article_published_time":"2020-11-16T17:28:01+00:00","og_image":[{"url":"http:\/\/live.staticflickr.com\/65535\/50609652053_ff057aa1c0_c.jpg","type":"","width":"","height":""}],"author":"Arnaldo Botto","twitter_card":"summary_large_image","schema":{"@context":"https:\/\/schema.org","@graph":[{"@type":"WebPage","@id":"https:\/\/www.noticiasradioreflejos.com.ar\/2021\/comienza-un-ciclo-de-talleres-virtuales-para-personas-mayores\/","url":"https:\/\/www.noticiasradioreflejos.com.ar\/2021\/comienza-un-ciclo-de-talleres-virtuales-para-personas-mayores\/","name":"Comienza un ciclo de talleres virtuales para Personas Mayores - Noticias Radio Reflejos","isPartOf":{"@id":"https:\/\/www.noticiasradioreflejos.com.ar\/2021\/#website"},"primaryImageOfPage":{"@id":"https:\/\/www.noticiasradioreflejos.com.ar\/2021\/comienza-un-ciclo-de-talleres-virtuales-para-personas-mayores\/#primaryimage"},"image":{"@id":"https:\/\/www.noticiasradioreflejos.com.ar\/2021\/comienza-un-ciclo-de-talleres-virtuales-para-personas-mayores\/#primaryimage"},"thumbnailUrl":"http:\/\/live.staticflickr.com\/65535\/50609652053_ff057aa1c0_c.jpg","datePublished":"2020-11-16T17:28:01+00:00","author":{"@id":"https:\/\/www.noticiasradioreflejos.com.ar\/2021\/#\/schema\/person\/ad82545263dcc5ec0996818884fd5fb1"},"breadcrumb":{"@id":"https:\/\/www.noticiasradioreflejos.com.ar\/2021\/comienza-un-ciclo-de-talleres-virtuales-para-personas-mayores\/#breadcrumb"},"inLanguage":"es","potentialAction":[{"@type":"ReadAction","target":["https:\/\/www.noticiasradioreflejos.com.ar\/2021\/comienza-un-ciclo-de-talleres-virtuales-para-personas-mayores\/"]}]},{"@type":"ImageObject","inLanguage":"es","@id":"https:\/\/www.noticiasradioreflejos.com.ar\/2021\/comienza-un-ciclo-de-talleres-virtuales-para-personas-mayores\/#primaryimage","url":"http:\/\/live.staticflickr.com\/65535\/50609652053_ff057aa1c0_c.jpg","contentUrl":"http:\/\/live.staticflickr.com\/65535\/50609652053_ff057aa1c0_c.jpg"},{"@type":"BreadcrumbList","@id":"https:\/\/www.noticiasradioreflejos.com.ar\/2021\/comienza-un-ciclo-de-talleres-virtuales-para-personas-mayores\/#breadcrumb","itemListElement":[{"@type":"ListItem","position":1,"name":"Portada","item":"https:\/\/www.noticiasradioreflejos.com.ar\/2021\/"},{"@type":"ListItem","position":2,"name":"Comienza un ciclo de talleres virtuales para Personas Mayores"}]},{"@type":"WebSite","@id":"https:\/\/www.noticiasradioreflejos.com.ar\/2021\/#website","url":"https:\/\/www.noticiasradioreflejos.com.ar\/2021\/","name":"Noticias Radio Reflejos","description":"Las noticias de mi comarca","potentialAction":[{"@type":"SearchAction","target":{"@type":"EntryPoint","urlTemplate":"https:\/\/www.noticiasradioreflejos.com.ar\/2021\/?s={search_term_string}"},"query-input":{"@type":"PropertyValueSpecification","valueRequired":true,"valueName":"search_term_string"}}],"inLanguage":"es"},{"@type":"Person","@id":"https:\/\/www.noticiasradioreflejos.com.ar\/2021\/#\/schema\/person\/ad82545263dcc5ec0996818884fd5fb1","name":"Arnaldo Botto","image":{"@type":"ImageObject","inLanguage":"es","@id":"https:\/\/www.noticiasradioreflejos.com.ar\/2021\/#\/schema\/person\/image\/","url":"https:\/\/secure.gravatar.com\/avatar\/55cb5e37c1efa326397366e6974cb338056df65cb50e7d64d1cf314e87504837?s=96&d=mm&r=g","contentUrl":"https:\/\/secure.gravatar.com\/avatar\/55cb5e37c1efa326397366e6974cb338056df65cb50e7d64d1cf314e87504837?s=96&d=mm&r=g","caption":"Arnaldo Botto"},"url":"https:\/\/www.noticiasradioreflejos.com.ar\/2021\/author\/arnaldo\/"}]}},"_links":{"self":[{"href":"https:\/\/www.noticiasradioreflejos.com.ar\/2021\/wp-json\/wp\/v2\/posts\/49276","targetHints":{"allow":["GET"]}}],"collection":[{"href":"https:\/\/www.noticiasradioreflejos.com.ar\/2021\/wp-json\/wp\/v2\/posts"}],"about":[{"href":"https:\/\/www.noticiasradioreflejos.com.ar\/2021\/wp-json\/wp\/v2\/types\/post"}],"author":[{"embeddable":true,"href":"https:\/\/www.noticiasradioreflejos.com.ar\/2021\/wp-json\/wp\/v2\/users\/3"}],"replies":[{"embeddable":true,"href":"https:\/\/www.noticiasradioreflejos.com.ar\/2021\/wp-json\/wp\/v2\/comments?post=49276"}],"version-history":[{"count":0,"href":"https:\/\/www.noticiasradioreflejos.com.ar\/2021\/wp-json\/wp\/v2\/posts\/49276\/revisions"}],"wp:attachment":[{"href":"https:\/\/www.noticiasradioreflejos.com.ar\/2021\/wp-json\/wp\/v2\/media?parent=49276"}],"wp:term":[{"taxonomy":"category","embeddable":true,"href":"https:\/\/www.noticiasradioreflejos.com.ar\/2021\/wp-json\/wp\/v2\/categories?post=49276"},{"taxonomy":"post_tag","embeddable":true,"href":"https:\/\/www.noticiasradioreflejos.com.ar\/2021\/wp-json\/wp\/v2\/tags?post=49276"}],"curies":[{"name":"wp","href":"https:\/\/api.w.org\/{rel}","templated":true}]}}