{"id":49269,"date":"2020-11-16T11:26:26","date_gmt":"2020-11-16T14:26:26","guid":{"rendered":"http:\/\/www.noticiasradioreflejos.com.ar\/noticias\/?p=49269"},"modified":"2020-11-16T11:26:26","modified_gmt":"2020-11-16T14:26:26","slug":"por-la-pandemia-se-posterga-el-mantenimiento-de-los-vehiculos-particulares","status":"publish","type":"post","link":"https:\/\/www.noticiasradioreflejos.com.ar\/2021\/por-la-pandemia-se-posterga-el-mantenimiento-de-los-vehiculos-particulares\/","title":{"rendered":"Por la pandemia, se posterga el mantenimiento de los veh\u00edculos particulares"},"content":{"rendered":"<header id=\"mvp-post-head\" class=\"left relative\">Preocupaci\u00f3n por la merma en el trabajo de la VTV. La incertidumbre tur\u00edstica antes de la temporada de verano. La crisis econ\u00f3mica. Y la dificultad para conseguir repuestos. Un c\u00f3ctel explosivo que enciende las alarmas.El 2020 ser\u00e1 un a\u00f1o dif\u00edcil de olvidar. Razones sobran y ahondar en el particular ser\u00eda caer en saco roto. Las particularidades que rodean esta pandemia invitan a analizar cada una de las conductas de una sociedad que aprende sobre la marcha y toma decisiones sin contar con antecedentes que avalen el camino a recorrer.<!--more--><\/p>\n<p>Y si hablamos de caminos a recorrer, desde el punto de vista literal, para una familia tipo, el veh\u00edculo particular es una herramienta que permite acortar distancias entre el lugar de residencia y el punto seleccionado para disfrutar de una o varias jornadas del verano, siempre emparentadas con las vacaciones, en esta oportunidad atravesada por el contexto de los protocolos, distanciamiento social y uso de tapabocas.<\/p>\n<p>En este informe, la premisa de\u00a0<strong>La Br\u00fajula 24<\/strong>\u00a0ser\u00e1 no solo conocer de qu\u00e9 modo se materializ\u00f3 el mantenimiento de las unidades, rodeado de contingencias en especial en los primeros meses a partir de la llegada del coronavirus, sino tambi\u00e9n intentar teorizar qu\u00e9 se puede esperar para los meses de calor, donde sea realizar \u201cuna escapadita\u201d o un viaje m\u00e1s extenso para pasar un tiempo m\u00e1s prolongado lejos de casa ser\u00e1 toda una decisi\u00f3n, mucho m\u00e1s dif\u00edcil de tomar, aunque muchos lo definir\u00e1n sobre la marcha.<\/p>\n<div class=\"code-block code-block-1\"><\/div>\n<h4>La VTV, un tr\u00e1mite pendiente<\/h4>\n<figure class=\"wp-block-image size-large\"><img decoding=\"async\" class=\"wp-image-91052\" src=\"https:\/\/www.labrujula24.com\/wp-content\/uploads\/2020\/11\/vtv2.jpg\" sizes=\"(max-width: 1200px) 100vw, 1200px\" srcset=\"https:\/\/www.labrujula24.com\/wp-content\/uploads\/2020\/11\/vtv2.jpg 1200w, https:\/\/www.labrujula24.com\/wp-content\/uploads\/2020\/11\/vtv2-768x461.jpg 768w, https:\/\/www.labrujula24.com\/wp-content\/uploads\/2020\/11\/vtv2-1000x600.jpg 1000w, https:\/\/www.labrujula24.com\/wp-content\/uploads\/2020\/11\/vtv2-590x354.jpg 590w, https:\/\/www.labrujula24.com\/wp-content\/uploads\/2020\/11\/vtv2-400x240.jpg 400w\" alt=\"\" \/><\/figure>\n<p>Uno de los requisitos que los bahienses adquirieron antes de planificar un viaje est\u00e1 \u00edntimamente emparentado con tener la Verificaci\u00f3n T\u00e9cnica Vehicular al d\u00eda, como una condici\u00f3n casi innegociable. Claro que para sortear dicho tr\u00e1mite se necesita tener el auto o la camioneta en condiciones de salir a la ruta.<\/p>\n<p>Este a\u00f1o la planta bahiense permaneci\u00f3 cerrada hasta que se comenz\u00f3 a flexibilizar la atenci\u00f3n, m\u00e1s all\u00e1 de que para las unidades esenciales no dej\u00f3 de prestar servicio. El dato que surge asegura que en la comparaci\u00f3n interanual, en lo que va de noviembre hubo un 40% menos de rodados acudiendo al predio ubicado en Sesquicentenario.<\/p>\n<div class=\"wp-block-image\">\n<figure class=\"aligncenter size-large\"><img decoding=\"async\" class=\"wp-image-91051\" src=\"https:\/\/www.labrujula24.com\/wp-content\/uploads\/2020\/11\/vtv.jpg\" sizes=\"(max-width: 500px) 100vw, 500px\" srcset=\"https:\/\/www.labrujula24.com\/wp-content\/uploads\/2020\/11\/vtv.jpg 500w, https:\/\/www.labrujula24.com\/wp-content\/uploads\/2020\/11\/vtv-80x80.jpg 80w\" alt=\"\" \/><\/figure>\n<\/div>\n<p>Incluso, como pocas veces en la historia, la obtenci\u00f3n de un turno se puede tramitar de un d\u00eda para el otro, lo que evidentemente marca que el parque automotor lejos est\u00e1 de actualizar sus obleas en el parabrisas. Y ese aspecto ocasiona inquietud entre las autoridades porque, un auto sin verificar eleva el potencial riesgo en las rutas.<\/p>\n<p>Desde la VTV local son optimistas en funci\u00f3n de \u201cun aluvi\u00f3n\u201d que podr\u00eda registrarse en las \u00faltimas semanas, cuando varios automovilistas decidan sin demasiada planificaci\u00f3n emprender un paseo por alg\u00fan distrito de, por ejemplo, la Costa Atl\u00e1ntica. Adem\u00e1s, la pr\u00f3rroga en los vencimientos por lo que fueron los meses de cuarentena permiten cierta especulaci\u00f3n de los usuarios. Y los valores (ver recuadro), sumado a que para transitar en la ciudad no es requerida en los operativos, tambi\u00e9n relajaron la situaci\u00f3n.<\/p>\n<div class=\"code-block code-block-6\"><\/div>\n<figure class=\"wp-block-image size-large\"><img decoding=\"async\" class=\"wp-image-91053\" src=\"https:\/\/www.labrujula24.com\/wp-content\/uploads\/2020\/11\/vtv1.jpg\" sizes=\"(max-width: 900px) 100vw, 900px\" srcset=\"https:\/\/www.labrujula24.com\/wp-content\/uploads\/2020\/11\/vtv1.jpg 900w, https:\/\/www.labrujula24.com\/wp-content\/uploads\/2020\/11\/vtv1-768x275.jpg 768w\" alt=\"\" \/><\/figure>\n<p>Otro n\u00famero a evaluar es que casi un 75% de los veh\u00edculos salen airosos en la primera inspecci\u00f3n, sin necesidad de regresar. No obstante, fuentes consultadas por la redacci\u00f3n de este diario digital mencionaron que la falta m\u00e1s recurrente que se observa radica en el sistema de freno y en las luces de las unidades, infracci\u00f3n que impide retirarse con la VTV aprobada.<\/p>\n<h4>Compra online: viento de cola para la electricidad del automotor<\/h4>\n<figure class=\"wp-block-image size-large\"><img decoding=\"async\" class=\"wp-image-91054\" src=\"https:\/\/www.labrujula24.com\/wp-content\/uploads\/2020\/11\/electricidad-automotor.jpg\" alt=\"\" \/><\/figure>\n<p>En lo que respecta a electricidad del automotor, se logr\u00f3 sostener la actividad a ra\u00edz de que se acercaron clientes que ten\u00edan sus ahorros para gastarlos en determinada finalidad y, al verse impedidos de utilizar ese dinero en lo que hab\u00edan planificado a principios de a\u00f1o, invirtieron en reparaciones que ten\u00edan pensado postergar para m\u00e1s adelante.<\/p>\n<p>Un beneficio colateral para mi y algunos colegas fue el boom de la log\u00edstica, gracias a la irrupci\u00f3n de Mercado Libre o correos en cuarentena que sacaron a la calle sus camionetas de reparto. \u201cEmpec\u00e9 a notar que se acercaban a mi taller furgoncitos que estaban exceptuados por el decreto presidencial. La venta virtual gener\u00f3 un desgaste en las unidades que fue absorbido por los mec\u00e1nicos\u201d, explic\u00f3 Javier Moscoloni, due\u00f1o del taller ubicado en Falucho al 100.<\/p>\n<blockquote class=\"wp-block-quote\"><p><strong><em>\u201cLa reapartura de la VTV para no esenciales cuando se fue flexibilizando la cuarentena potenci\u00f3 a nuestro rubro\u201d<\/em><\/strong><\/p><\/blockquote>\n<p>\u201cTambi\u00e9n nos favoreci\u00f3, aunque en menor medida, el hecho de que los chicos no vayan a la escuela, que las familias no salgan a comer afuera o ni siquiera festejen un cumplea\u00f1os. Ese dinero ahorrado por un lado, se erog\u00f3 en poner a punto el auto\u201d, a\u00f1adi\u00f3 Moscoloni, quien logr\u00f3 salir airoso de los momentos m\u00e1s cr\u00edticos del a\u00f1o. \u201cLos pas\u00e9 sin pena ni gloria\u201d, resumi\u00f3.<\/p>\n<h4>Repuestos: sobran los presupuestos y falta el stock<\/h4>\n<figure class=\"wp-block-image size-large\"><img decoding=\"async\" class=\"wp-image-91055\" src=\"https:\/\/www.labrujula24.com\/wp-content\/uploads\/2020\/11\/repuestos.jpg\" sizes=\"(max-width: 960px) 100vw, 960px\" srcset=\"https:\/\/www.labrujula24.com\/wp-content\/uploads\/2020\/11\/repuestos.jpg 960w, https:\/\/www.labrujula24.com\/wp-content\/uploads\/2020\/11\/repuestos-768x306.jpg 768w\" alt=\"\" \/><\/figure>\n<p>Los repuestos suelen ser un engranaje indispensable al momento de pensar en el mantenimiento automotor. En este \u00edtem entran en juego m\u00faltiples variables, aunque en l\u00edneas generales, existe un cierto conformismo en el rubro a nivel local, teniendo en cuenta que lograron surfear la ola, independientemente de los vaivenes de la econom\u00eda.<\/p>\n<p>\u201cSi bien los primeros meses hubo algo de incertidumbre, con el correr de las semanas se fue normalizando la situaci\u00f3n y el rubro en particular ha sido privilegiado. M\u00e1s all\u00e1 de esto, ser\u00eda necio negar que abunden las consultas, porque la gente busca precios a sabiendas de la volatilidad del d\u00f3lar\u201d, explic\u00f3 Juan Pablo Urra, titular de un comercio del sector ubicado en Don Bosco al 1000.<\/p>\n<blockquote class=\"wp-block-quote has-text-align-center\"><p><strong><em>\u201cHoy, es indispensable ofrecer financiaci\u00f3n porque el bolsillo de los clientes est\u00e1 golpeado\u201d<\/em><\/strong><\/p><\/blockquote>\n<p>Y ahondando en ese concepto, Urra explic\u00f3 que \u201cla oscilaci\u00f3n en la cotizaci\u00f3n de la moneda estadounidense provoca miedo en quienes tienen que afrontar la compra de un repuesto y apunta a extender los plazos de pago, algo que no va de la mano con los intereses. Se hacen much\u00edsimos m\u00e1s presupuestos que el a\u00f1o pasado y el porcentaje de operaciones no es malo, tomando en cuenta este aspecto\u201d.<\/p>\n<p>\u201cActualmente, el principal problema surge con la falta de mercader\u00eda, donde hay marcas espec\u00edficas que no entregan stock. Los proveedores nos mencionan que hay f\u00e1bricas nacionales y brasileras que contin\u00faan cerradas y eso juega en contra. Hoy no es tan sencillo conseguir variedad de filtros, embragues y a eso hay que adosarle que la gente apela a adquirir un producto de menor calidad, acorde a las posibilidades del bolsillo\u201d, finaliz\u00f3.<\/p>\n<h4>\u00abEl panorama es por dem\u00e1s incierto\u00bb<\/h4>\n<figure class=\"wp-block-image size-large\"><img decoding=\"async\" class=\"wp-image-91056\" src=\"https:\/\/www.labrujula24.com\/wp-content\/uploads\/2020\/11\/alineacionbalanceo.jpg\" sizes=\"(max-width: 700px) 100vw, 700px\" srcset=\"https:\/\/www.labrujula24.com\/wp-content\/uploads\/2020\/11\/alineacionbalanceo.jpg 700w, https:\/\/www.labrujula24.com\/wp-content\/uploads\/2020\/11\/alineacionbalanceo-590x354.jpg 590w, https:\/\/www.labrujula24.com\/wp-content\/uploads\/2020\/11\/alineacionbalanceo-400x240.jpg 400w\" alt=\"\" \/><\/figure>\n<p>Por \u00faltimo, otra visita anual pr\u00e1cticamente inevitable para los due\u00f1os de veh\u00edculos es la ligada a la puesta a punto, a partir de la alineaci\u00f3n, balanceo y rotaci\u00f3n de cubiertas, una necesidad imperiosa para evitar sobresaltos (y accidentes) en ruta donde se desarrollan velocidades m\u00e1s elevadas que en la ciudad.<\/p>\n<p>Mauro Rapponi es uno de los encargados de la tradicional firma \u00c1lvarez Neum\u00e1ticos. En di\u00e1logo con este medio traz\u00f3 un panorama de lo que han sido estos ocho meses tan in\u00e9ditos como estresantes, donde fue imperioso agudizar el ingenio para generar las condiciones que, como objetivo de m\u00ednima, mantengan en un nivel aceptable la rentabilidad.<\/p>\n<p>\u201cLos primeros tres o cuatro meses nos sirvieron para prepararnos para una reactivaci\u00f3n que t\u00edmidamente comenz\u00f3 a darse a partir de mitad de a\u00f1o, con protocolos muy estrictos que garantizan la seguridad, no solo de nuestros clientes, sino tambi\u00e9n del personal\u201d, rompi\u00f3 el hielo Rapponi, poniendo el foco en la sanitizaci\u00f3n de los veh\u00edculos.<\/p>\n<p>Una de las inquietudes que se impon\u00eda era saber si hubo una ca\u00edda en relaci\u00f3n no solo con el service cada 10 mil kil\u00f3metros o la adquisici\u00f3n de cubiertas nueva para reemplazar a aquellas que ya no presentan el dibujo con nitidez: \u201cHay dos grupos de clientes, el primero compuesto por aquellas personas que no pueden encarar ning\u00fan trabajo espec\u00edfico y una brecha muy grande que te lleva directamente a quienes cuentan con un poder adquisitivo mediano o alto\u201d.<\/p>\n<p>\u201cPor un lado a\u00fan rige el impedimento para circular libremente por las provincias del pa\u00eds. Paralelamente, las restricciones para ahorrar en d\u00f3lares, nos dieron un gui\u00f1o porque ante la amenaza de la devaluaci\u00f3n del peso, se deshizo de ese dinero, invirtiendo en nuestros servicios\u201d, recalc\u00f3.<\/p>\n<blockquote class=\"wp-block-quote\"><p><strong><em>\u201cUna de las claves pas\u00f3 por hacerle entender a la gente que a la corta o a la larga iba a tener que destinar el dinero para mantener su veh\u00edculo\u201d<\/em><\/strong><\/p><\/blockquote>\n<p>Y cerr\u00f3 destacando que las ventas no estuvieron en los mismos vol\u00famenes de a\u00f1os anteriores: \u201cM\u00e1s all\u00e1 de eso, creemos que la demanda va a crecer moderadamente, independientemente de las dudas que le surgen a las familias al momento de decidir si salen o no de vacaciones. El panorama es por dem\u00e1s incierto\u201d.<\/p>\n<\/header>\n<p>&nbsp;<\/p>\n","protected":false},"excerpt":{"rendered":"<p>Preocupaci\u00f3n por la merma en el trabajo de la VTV. La incertidumbre tur\u00edstica antes de la temporada de verano. La crisis econ\u00f3mica. Y la dificultad para conseguir repuestos. Un c\u00f3ctel explosivo que enciende las alarmas.El 2020 ser\u00e1 un a\u00f1o dif\u00edcil de olvidar. Razones sobran y ahondar en el particular ser\u00eda caer en saco roto. Las [&hellip;]<\/p>\n","protected":false},"author":3,"featured_media":0,"comment_status":"closed","ping_status":"open","sticky":false,"template":"","format":"standard","meta":{"footnotes":""},"categories":[26],"tags":[],"class_list":["post-49269","post","type-post","status-publish","format-standard","hentry","category-sociedad"],"yoast_head":"<!-- This site is optimized with the Yoast SEO plugin v25.9 - https:\/\/yoast.com\/wordpress\/plugins\/seo\/ -->\n<title>Por la pandemia, se posterga el mantenimiento de los veh\u00edculos particulares - Noticias Radio Reflejos<\/title>\n<meta name=\"robots\" content=\"index, follow, max-snippet:-1, max-image-preview:large, max-video-preview:-1\" \/>\n<link rel=\"canonical\" href=\"https:\/\/www.noticiasradioreflejos.com.ar\/2021\/por-la-pandemia-se-posterga-el-mantenimiento-de-los-vehiculos-particulares\/\" \/>\n<meta property=\"og:locale\" content=\"es_ES\" \/>\n<meta property=\"og:type\" content=\"article\" \/>\n<meta property=\"og:title\" content=\"Por la pandemia, se posterga el mantenimiento de los veh\u00edculos particulares - Noticias Radio Reflejos\" \/>\n<meta property=\"og:description\" content=\"Preocupaci\u00f3n por la merma en el trabajo de la VTV. La incertidumbre tur\u00edstica antes de la temporada de verano. La crisis econ\u00f3mica. Y la dificultad para conseguir repuestos. Un c\u00f3ctel explosivo que enciende las alarmas.El 2020 ser\u00e1 un a\u00f1o dif\u00edcil de olvidar. Razones sobran y ahondar en el particular ser\u00eda caer en saco roto. Las [&hellip;]\" \/>\n<meta property=\"og:url\" content=\"https:\/\/www.noticiasradioreflejos.com.ar\/2021\/por-la-pandemia-se-posterga-el-mantenimiento-de-los-vehiculos-particulares\/\" \/>\n<meta property=\"og:site_name\" content=\"Noticias Radio Reflejos\" \/>\n<meta property=\"article:published_time\" content=\"2020-11-16T14:26:26+00:00\" \/>\n<meta property=\"og:image\" content=\"https:\/\/www.noticiasradioreflejos.com.ar\/2021\/wp-content\/uploads\/2021\/07\/logosol300x200.png\" \/>\n\t<meta property=\"og:image:width\" content=\"300\" \/>\n\t<meta property=\"og:image:height\" content=\"200\" \/>\n\t<meta property=\"og:image:type\" content=\"image\/png\" \/>\n<meta name=\"author\" content=\"Arnaldo Botto\" \/>\n<meta name=\"twitter:card\" content=\"summary_large_image\" \/>\n<script type=\"application\/ld+json\" class=\"yoast-schema-graph\">{\"@context\":\"https:\/\/schema.org\",\"@graph\":[{\"@type\":\"WebPage\",\"@id\":\"https:\/\/www.noticiasradioreflejos.com.ar\/2021\/por-la-pandemia-se-posterga-el-mantenimiento-de-los-vehiculos-particulares\/\",\"url\":\"https:\/\/www.noticiasradioreflejos.com.ar\/2021\/por-la-pandemia-se-posterga-el-mantenimiento-de-los-vehiculos-particulares\/\",\"name\":\"Por la pandemia, se posterga el mantenimiento de los veh\u00edculos particulares - Noticias Radio Reflejos\",\"isPartOf\":{\"@id\":\"https:\/\/www.noticiasradioreflejos.com.ar\/2021\/#website\"},\"primaryImageOfPage\":{\"@id\":\"https:\/\/www.noticiasradioreflejos.com.ar\/2021\/por-la-pandemia-se-posterga-el-mantenimiento-de-los-vehiculos-particulares\/#primaryimage\"},\"image\":{\"@id\":\"https:\/\/www.noticiasradioreflejos.com.ar\/2021\/por-la-pandemia-se-posterga-el-mantenimiento-de-los-vehiculos-particulares\/#primaryimage\"},\"thumbnailUrl\":\"https:\/\/www.labrujula24.com\/wp-content\/uploads\/2020\/11\/vtv2.jpg\",\"datePublished\":\"2020-11-16T14:26:26+00:00\",\"author\":{\"@id\":\"https:\/\/www.noticiasradioreflejos.com.ar\/2021\/#\/schema\/person\/ad82545263dcc5ec0996818884fd5fb1\"},\"breadcrumb\":{\"@id\":\"https:\/\/www.noticiasradioreflejos.com.ar\/2021\/por-la-pandemia-se-posterga-el-mantenimiento-de-los-vehiculos-particulares\/#breadcrumb\"},\"inLanguage\":\"es\",\"potentialAction\":[{\"@type\":\"ReadAction\",\"target\":[\"https:\/\/www.noticiasradioreflejos.com.ar\/2021\/por-la-pandemia-se-posterga-el-mantenimiento-de-los-vehiculos-particulares\/\"]}]},{\"@type\":\"ImageObject\",\"inLanguage\":\"es\",\"@id\":\"https:\/\/www.noticiasradioreflejos.com.ar\/2021\/por-la-pandemia-se-posterga-el-mantenimiento-de-los-vehiculos-particulares\/#primaryimage\",\"url\":\"https:\/\/www.labrujula24.com\/wp-content\/uploads\/2020\/11\/vtv2.jpg\",\"contentUrl\":\"https:\/\/www.labrujula24.com\/wp-content\/uploads\/2020\/11\/vtv2.jpg\"},{\"@type\":\"BreadcrumbList\",\"@id\":\"https:\/\/www.noticiasradioreflejos.com.ar\/2021\/por-la-pandemia-se-posterga-el-mantenimiento-de-los-vehiculos-particulares\/#breadcrumb\",\"itemListElement\":[{\"@type\":\"ListItem\",\"position\":1,\"name\":\"Portada\",\"item\":\"https:\/\/www.noticiasradioreflejos.com.ar\/2021\/\"},{\"@type\":\"ListItem\",\"position\":2,\"name\":\"Por la pandemia, se posterga el mantenimiento de los veh\u00edculos particulares\"}]},{\"@type\":\"WebSite\",\"@id\":\"https:\/\/www.noticiasradioreflejos.com.ar\/2021\/#website\",\"url\":\"https:\/\/www.noticiasradioreflejos.com.ar\/2021\/\",\"name\":\"Noticias Radio Reflejos\",\"description\":\"Las noticias de mi comarca\",\"potentialAction\":[{\"@type\":\"SearchAction\",\"target\":{\"@type\":\"EntryPoint\",\"urlTemplate\":\"https:\/\/www.noticiasradioreflejos.com.ar\/2021\/?s={search_term_string}\"},\"query-input\":{\"@type\":\"PropertyValueSpecification\",\"valueRequired\":true,\"valueName\":\"search_term_string\"}}],\"inLanguage\":\"es\"},{\"@type\":\"Person\",\"@id\":\"https:\/\/www.noticiasradioreflejos.com.ar\/2021\/#\/schema\/person\/ad82545263dcc5ec0996818884fd5fb1\",\"name\":\"Arnaldo Botto\",\"image\":{\"@type\":\"ImageObject\",\"inLanguage\":\"es\",\"@id\":\"https:\/\/www.noticiasradioreflejos.com.ar\/2021\/#\/schema\/person\/image\/\",\"url\":\"https:\/\/secure.gravatar.com\/avatar\/55cb5e37c1efa326397366e6974cb338056df65cb50e7d64d1cf314e87504837?s=96&d=mm&r=g\",\"contentUrl\":\"https:\/\/secure.gravatar.com\/avatar\/55cb5e37c1efa326397366e6974cb338056df65cb50e7d64d1cf314e87504837?s=96&d=mm&r=g\",\"caption\":\"Arnaldo Botto\"},\"url\":\"https:\/\/www.noticiasradioreflejos.com.ar\/2021\/author\/arnaldo\/\"}]}<\/script>\n<!-- \/ Yoast SEO plugin. -->","yoast_head_json":{"title":"Por la pandemia, se posterga el mantenimiento de los veh\u00edculos particulares - Noticias Radio Reflejos","robots":{"index":"index","follow":"follow","max-snippet":"max-snippet:-1","max-image-preview":"max-image-preview:large","max-video-preview":"max-video-preview:-1"},"canonical":"https:\/\/www.noticiasradioreflejos.com.ar\/2021\/por-la-pandemia-se-posterga-el-mantenimiento-de-los-vehiculos-particulares\/","og_locale":"es_ES","og_type":"article","og_title":"Por la pandemia, se posterga el mantenimiento de los veh\u00edculos particulares - Noticias Radio Reflejos","og_description":"Preocupaci\u00f3n por la merma en el trabajo de la VTV. La incertidumbre tur\u00edstica antes de la temporada de verano. La crisis econ\u00f3mica. Y la dificultad para conseguir repuestos. Un c\u00f3ctel explosivo que enciende las alarmas.El 2020 ser\u00e1 un a\u00f1o dif\u00edcil de olvidar. Razones sobran y ahondar en el particular ser\u00eda caer en saco roto. Las [&hellip;]","og_url":"https:\/\/www.noticiasradioreflejos.com.ar\/2021\/por-la-pandemia-se-posterga-el-mantenimiento-de-los-vehiculos-particulares\/","og_site_name":"Noticias Radio Reflejos","article_published_time":"2020-11-16T14:26:26+00:00","og_image":[{"width":300,"height":200,"url":"https:\/\/www.noticiasradioreflejos.com.ar\/2021\/wp-content\/uploads\/2021\/07\/logosol300x200.png","type":"image\/png"}],"author":"Arnaldo Botto","twitter_card":"summary_large_image","schema":{"@context":"https:\/\/schema.org","@graph":[{"@type":"WebPage","@id":"https:\/\/www.noticiasradioreflejos.com.ar\/2021\/por-la-pandemia-se-posterga-el-mantenimiento-de-los-vehiculos-particulares\/","url":"https:\/\/www.noticiasradioreflejos.com.ar\/2021\/por-la-pandemia-se-posterga-el-mantenimiento-de-los-vehiculos-particulares\/","name":"Por la pandemia, se posterga el mantenimiento de los veh\u00edculos particulares - Noticias Radio Reflejos","isPartOf":{"@id":"https:\/\/www.noticiasradioreflejos.com.ar\/2021\/#website"},"primaryImageOfPage":{"@id":"https:\/\/www.noticiasradioreflejos.com.ar\/2021\/por-la-pandemia-se-posterga-el-mantenimiento-de-los-vehiculos-particulares\/#primaryimage"},"image":{"@id":"https:\/\/www.noticiasradioreflejos.com.ar\/2021\/por-la-pandemia-se-posterga-el-mantenimiento-de-los-vehiculos-particulares\/#primaryimage"},"thumbnailUrl":"https:\/\/www.labrujula24.com\/wp-content\/uploads\/2020\/11\/vtv2.jpg","datePublished":"2020-11-16T14:26:26+00:00","author":{"@id":"https:\/\/www.noticiasradioreflejos.com.ar\/2021\/#\/schema\/person\/ad82545263dcc5ec0996818884fd5fb1"},"breadcrumb":{"@id":"https:\/\/www.noticiasradioreflejos.com.ar\/2021\/por-la-pandemia-se-posterga-el-mantenimiento-de-los-vehiculos-particulares\/#breadcrumb"},"inLanguage":"es","potentialAction":[{"@type":"ReadAction","target":["https:\/\/www.noticiasradioreflejos.com.ar\/2021\/por-la-pandemia-se-posterga-el-mantenimiento-de-los-vehiculos-particulares\/"]}]},{"@type":"ImageObject","inLanguage":"es","@id":"https:\/\/www.noticiasradioreflejos.com.ar\/2021\/por-la-pandemia-se-posterga-el-mantenimiento-de-los-vehiculos-particulares\/#primaryimage","url":"https:\/\/www.labrujula24.com\/wp-content\/uploads\/2020\/11\/vtv2.jpg","contentUrl":"https:\/\/www.labrujula24.com\/wp-content\/uploads\/2020\/11\/vtv2.jpg"},{"@type":"BreadcrumbList","@id":"https:\/\/www.noticiasradioreflejos.com.ar\/2021\/por-la-pandemia-se-posterga-el-mantenimiento-de-los-vehiculos-particulares\/#breadcrumb","itemListElement":[{"@type":"ListItem","position":1,"name":"Portada","item":"https:\/\/www.noticiasradioreflejos.com.ar\/2021\/"},{"@type":"ListItem","position":2,"name":"Por la pandemia, se posterga el mantenimiento de los veh\u00edculos particulares"}]},{"@type":"WebSite","@id":"https:\/\/www.noticiasradioreflejos.com.ar\/2021\/#website","url":"https:\/\/www.noticiasradioreflejos.com.ar\/2021\/","name":"Noticias Radio Reflejos","description":"Las noticias de mi comarca","potentialAction":[{"@type":"SearchAction","target":{"@type":"EntryPoint","urlTemplate":"https:\/\/www.noticiasradioreflejos.com.ar\/2021\/?s={search_term_string}"},"query-input":{"@type":"PropertyValueSpecification","valueRequired":true,"valueName":"search_term_string"}}],"inLanguage":"es"},{"@type":"Person","@id":"https:\/\/www.noticiasradioreflejos.com.ar\/2021\/#\/schema\/person\/ad82545263dcc5ec0996818884fd5fb1","name":"Arnaldo Botto","image":{"@type":"ImageObject","inLanguage":"es","@id":"https:\/\/www.noticiasradioreflejos.com.ar\/2021\/#\/schema\/person\/image\/","url":"https:\/\/secure.gravatar.com\/avatar\/55cb5e37c1efa326397366e6974cb338056df65cb50e7d64d1cf314e87504837?s=96&d=mm&r=g","contentUrl":"https:\/\/secure.gravatar.com\/avatar\/55cb5e37c1efa326397366e6974cb338056df65cb50e7d64d1cf314e87504837?s=96&d=mm&r=g","caption":"Arnaldo Botto"},"url":"https:\/\/www.noticiasradioreflejos.com.ar\/2021\/author\/arnaldo\/"}]}},"_links":{"self":[{"href":"https:\/\/www.noticiasradioreflejos.com.ar\/2021\/wp-json\/wp\/v2\/posts\/49269","targetHints":{"allow":["GET"]}}],"collection":[{"href":"https:\/\/www.noticiasradioreflejos.com.ar\/2021\/wp-json\/wp\/v2\/posts"}],"about":[{"href":"https:\/\/www.noticiasradioreflejos.com.ar\/2021\/wp-json\/wp\/v2\/types\/post"}],"author":[{"embeddable":true,"href":"https:\/\/www.noticiasradioreflejos.com.ar\/2021\/wp-json\/wp\/v2\/users\/3"}],"replies":[{"embeddable":true,"href":"https:\/\/www.noticiasradioreflejos.com.ar\/2021\/wp-json\/wp\/v2\/comments?post=49269"}],"version-history":[{"count":0,"href":"https:\/\/www.noticiasradioreflejos.com.ar\/2021\/wp-json\/wp\/v2\/posts\/49269\/revisions"}],"wp:attachment":[{"href":"https:\/\/www.noticiasradioreflejos.com.ar\/2021\/wp-json\/wp\/v2\/media?parent=49269"}],"wp:term":[{"taxonomy":"category","embeddable":true,"href":"https:\/\/www.noticiasradioreflejos.com.ar\/2021\/wp-json\/wp\/v2\/categories?post=49269"},{"taxonomy":"post_tag","embeddable":true,"href":"https:\/\/www.noticiasradioreflejos.com.ar\/2021\/wp-json\/wp\/v2\/tags?post=49269"}],"curies":[{"name":"wp","href":"https:\/\/api.w.org\/{rel}","templated":true}]}}